{"id":671,"date":"2020-10-11T15:27:37","date_gmt":"2020-10-11T13:27:37","guid":{"rendered":"http:\/\/www.looketmedecine.com\/?p=671"},"modified":"2024-10-04T23:51:58","modified_gmt":"2024-10-04T21:51:58","slug":"un-autre-regard-qualite-de-vie-bien-etre-et-esthetique","status":"publish","type":"post","link":"https:\/\/looketmedecine.fr\/en\/un-autre-regard-qualite-de-vie-bien-etre-et-esthetique\/","title":{"rendered":"LM N\u00b01\/2020. EDITORIAL Quality of life and well-being Dr Mich\u00e8le Verschoore"},"content":{"rendered":"\t\t<div data-elementor-type=\"wp-post\" data-elementor-id=\"671\" class=\"elementor elementor-671\" data-elementor-post-type=\"post\">\n\t\t\t\t\t\t<section class=\"elementor-section elementor-top-section elementor-element elementor-element-e2877fc elementor-section-boxed elementor-section-height-default elementor-section-height-default\" data-id=\"e2877fc\" data-element_type=\"section\" data-e-type=\"section\">\n\t\t\t\t\t\t<div class=\"elementor-container elementor-column-gap-default\">\n\t\t\t\t\t<div class=\"elementor-column elementor-col-100 elementor-top-column elementor-element elementor-element-15e9a94\" data-id=\"15e9a94\" data-element_type=\"column\" data-e-type=\"column\">\n\t\t\t<div class=\"elementor-widget-wrap elementor-element-populated\">\n\t\t\t\t\t\t<div class=\"elementor-element elementor-element-8e74d03 elementor-widget elementor-widget-text-editor\" data-id=\"8e74d03\" data-element_type=\"widget\" data-e-type=\"widget\" data-widget_type=\"text-editor.default\">\n\t\t\t\t<div class=\"elementor-widget-container\">\n\t\t\t\t\t\t\t\t\t<h1 style=\"text-align: center;\"><strong><span style=\"color: #d4b054;\">Qualit\u00e9 de vie, Bien-\u00eatre et Esth\u00e9tique <\/span><\/strong><\/h1><h2 style=\"text-align: center;\"><strong><span style=\"color: #000000;\">Dr Mich\u00e8le Verschoore<\/span><\/strong><\/h2><h6 style=\"text-align: center;\"><span style=\"color: #000000;\"><em>Dermatologue, Centre Sabouraud Paris, <\/em><\/span><\/h6><h6 style=\"text-align: center;\"><span style=\"color: #000000;\"><em>Directeur m\u00e9dical L\u2019Or\u00e9al Recherche et Innovation.<\/em><\/span><\/h6><h3 style=\"text-align: center;\"><span style=\"color: #993366;\">Clara Gicquel<\/span><\/h3><h6 style=\"text-align: center;\"><span style=\"color: #000000;\"><em>Sci. Master, L\u2019Or\u00e9al Recherche et Innovation.<\/em><\/span><\/h6>\t\t\t\t\t\t\t\t<\/div>\n\t\t\t\t<\/div>\n\t\t\t\t\t<\/div>\n\t\t<\/div>\n\t\t\t\t\t<\/div>\n\t\t<\/section>\n\t\t\t\t<section class=\"elementor-section elementor-top-section elementor-element elementor-element-6623121 elementor-section-boxed elementor-section-height-default elementor-section-height-default\" data-id=\"6623121\" data-element_type=\"section\" data-e-type=\"section\">\n\t\t\t\t\t\t<div class=\"elementor-container elementor-column-gap-default\">\n\t\t\t\t\t<div class=\"elementor-column elementor-col-100 elementor-top-column elementor-element elementor-element-9c54aa5\" data-id=\"9c54aa5\" data-element_type=\"column\" data-e-type=\"column\">\n\t\t\t<div class=\"elementor-widget-wrap elementor-element-populated\">\n\t\t\t\t\t\t<div class=\"elementor-element elementor-element-7272686 elementor-widget elementor-widget-text-editor\" data-id=\"7272686\" data-element_type=\"widget\" data-e-type=\"widget\" data-widget_type=\"text-editor.default\">\n\t\t\t\t<div class=\"elementor-widget-container\">\n\t\t\t\t\t\t\t\t\t<h4 style=\"text-align: center;\"><span style=\"color: #d4b054;\"><strong>\u00a0<\/strong><\/span><\/h4><h4 style=\"text-align: center;\"><span style=\"color: #d4b054;\"><strong>R\u00c9SUM\u00c9<\/strong><\/span><\/h4><h4><span style=\"color: #000000;\"><span style=\"font-weight: normal;\">Quelle que soit la r\u00e9gion du monde, et de tous temps, les pratiques esth\u00e9tiques ont \u00e9t\u00e9 une constante pour l\u2019humanit\u00e9. <\/span><\/span><\/h4><h4><span style=\"color: #000000;\"><span style=\"font-weight: normal;\">Ce ph\u00e9nom\u00e8ne concerne en g\u00e9n\u00e9ral davantage les femmes, mais les hommes aussi, selon les p\u00e9riodes et les cultures.<\/span><\/span><\/h4><h4><span style=\"color: #000000;\">On entend par <span style=\"color: #0000ff;\"><strong><span style=\"color: #000000;\">\u00ab pratiques esth\u00e9tiques \u00bb<\/span><\/strong><\/span><strong> les soins cosm\u00e9tiques, les actes de m\u00e9decine esth\u00e9tique, de dermatologie esth\u00e9tique, de <\/strong><span style=\"color: #0000ff;\"><strong><span style=\"color: #000000;\">chirurgie plastique et esth\u00e9tique<\/span><\/strong>,<\/span> visant \u00e0 corriger, \u00e0 camoufler un d\u00e9sordre d\u2019apparence, une disgr\u00e2ce.\u00a0<\/span><\/h4><ul><li><h4><span style=\"color: #000000;\"><span style=\"font-weight: normal;\">Ces actes permettent \u00e0 chacun de se sentir esth\u00e9tiquement plus agr\u00e9able et socialement bien accept\u00e9. On constate que ces pratiques existent dans toutes les soci\u00e9t\u00e9s et cela quel que soit le niveau social.<\/span><\/span><\/h4><\/li><li><h4><strong><span style=\"color: #000000;\">La prise en charge de l\u2019apparence contribue au bien-\u00eatre et \u00e0 l\u2019estime de soi.<\/span><\/strong><\/h4><\/li><li><h4><strong><span style=\"color: #000000;\">Ces derni\u00e8res ann\u00e9es, la mise au point d\u2019\u00e9chelles valid\u00e9es a permis de quantifier ces b\u00e9n\u00e9fices gr\u00e2ce \u00e0 des \u00e9tudes fond\u00e9es sur des preuves. <\/span><\/strong><\/h4><\/li><li><h4><span style=\"font-size: 1.25rem; color: #000000;\">On d\u00e9montre ainsi que bonne apparence, beaut\u00e9 et sant\u00e9 se rejoignent, on appr\u00e9hende aussi plus finement les variations selon des crit\u00e8res culturels et soci\u00e9taux.<\/span><\/h4><\/li><\/ul><h4><span style=\"color: #000000;\"><strong><em>Mots cl\u00e9s\u00a0:<\/em><\/strong> <em><span style=\"font-weight: normal;\">pratiques esth\u00e9tiques, soins cosm\u00e9tiques, m\u00e9decine esth\u00e9tique, dermatologie esth\u00e9tique, chirurgie plastique,<\/span><\/em><em><span style=\"font-weight: normal;\"> acide hyaluronique, toxine botulique, peeling, mammoplastie, rhinoplastie<\/span><\/em><em><span style=\"font-weight: normal;\">, laser, abdominoplastie,<\/span><\/em> <em><span style=\"font-weight: normal;\">lifting, liposuccion,<\/span><\/em><em><span style=\"font-weight: normal;\"> dermatoses, m\u00e9lasma, vitiligo,<\/span><\/em><em><span style=\"font-weight: normal;\"> cancer, <\/span><\/em><em><span style=\"font-weight: normal;\">\u00e9chelles de mesure, bien \u00eatre esth\u00e9tique, qualit\u00e9 de vie,<\/span><\/em> <em><span style=\"font-weight: normal;\">estime de soi.<\/span><\/em><\/span><\/h4>\t\t\t\t\t\t\t\t<\/div>\n\t\t\t\t<\/div>\n\t\t\t\t\t<\/div>\n\t\t<\/div>\n\t\t\t\t\t<\/div>\n\t\t<\/section>\n\t\t\t\t<section class=\"elementor-section elementor-top-section elementor-element elementor-element-0535de7 elementor-section-boxed elementor-section-height-default elementor-section-height-default\" data-id=\"0535de7\" data-element_type=\"section\" data-e-type=\"section\">\n\t\t\t\t\t\t<div class=\"elementor-container elementor-column-gap-default\">\n\t\t\t\t\t<div class=\"elementor-column elementor-col-100 elementor-top-column elementor-element elementor-element-1cb8674\" data-id=\"1cb8674\" data-element_type=\"column\" data-e-type=\"column\">\n\t\t\t<div class=\"elementor-widget-wrap elementor-element-populated\">\n\t\t\t\t\t\t<div class=\"elementor-element elementor-element-d11e3c8 elementor-widget elementor-widget-text-editor\" data-id=\"d11e3c8\" data-element_type=\"widget\" data-e-type=\"widget\" data-widget_type=\"text-editor.default\">\n\t\t\t\t<div class=\"elementor-widget-container\">\n\t\t\t\t\t\t\t\t\t<h4 style=\"text-align: center;\"><strong><span style=\"color: #d4b054;\">L\u2019ESTH\u00c9TIQUE ET LE BIEN-\u00caTRE SONT ASSOCI\u00c9S \u00c0 LA BONNE SANT\u00c9<\/span><\/strong><\/h4><h4><span style=\"color: #000000;\"><span style=\"font-weight: normal;\"><strong><span style=\"color: #000000;\">L\u2019importance des soins de la peau ne date pas d\u2019aujourd\u2019hui :<\/span><\/strong> les femmes et les hommes ont toujours accord\u00e9 une importance particuli\u00e8re \u00e0 leur beaut\u00e9 pour magnifier voire transformer leur apparence. <\/span><\/span><span style=\"color: #000000;\"><span style=\"font-weight: normal;\">Ce ph\u00e9nom\u00e8ne se retrouve tout au long de l\u2019histoire des civilisations.<\/span><\/span><\/h4><h4><span style=\"color: #000000;\"><strong><em>Pendant la p\u00e9riode de l\u2019\u00c9gypte ancienne<\/em><\/strong><span style=\"font-weight: normal;\"><span style=\"color: #000000;\"><strong>,<\/strong><\/span> l\u2019id\u00e9al de la beaut\u00e9 pour les femmes \u00e9tait d\u00e9j\u00e0 une peau claire, lisse, sans imperfections, sans poils et douce au toucher.<\/span><\/span><\/h4>\t\t\t\t\t\t\t\t<\/div>\n\t\t\t\t<\/div>\n\t\t\t\t\t<\/div>\n\t\t<\/div>\n\t\t\t\t\t<\/div>\n\t\t<\/section>\n\t\t\t\t<section class=\"elementor-section elementor-top-section elementor-element elementor-element-8aa5123 elementor-section-boxed elementor-section-height-default elementor-section-height-default\" data-id=\"8aa5123\" data-element_type=\"section\" data-e-type=\"section\">\n\t\t\t\t\t\t<div class=\"elementor-container elementor-column-gap-default\">\n\t\t\t\t\t<div class=\"elementor-column elementor-col-100 elementor-top-column elementor-element elementor-element-c5e313c\" data-id=\"c5e313c\" data-element_type=\"column\" data-e-type=\"column\">\n\t\t\t<div class=\"elementor-widget-wrap elementor-element-populated\">\n\t\t\t\t\t\t<div class=\"elementor-element elementor-element-9806621 elementor-widget-divider--view-line elementor-widget elementor-widget-divider\" data-id=\"9806621\" data-element_type=\"widget\" data-e-type=\"widget\" data-widget_type=\"divider.default\">\n\t\t\t\t<div class=\"elementor-widget-container\">\n\t\t\t\t\t\t\t<div class=\"elementor-divider\">\n\t\t\t<span class=\"elementor-divider-separator\">\n\t\t\t\t\t\t<\/span>\n\t\t<\/div>\n\t\t\t\t\t\t<\/div>\n\t\t\t\t<\/div>\n\t\t\t\t\t<\/div>\n\t\t<\/div>\n\t\t\t\t\t<\/div>\n\t\t<\/section>\n\t\t\t\t<section class=\"elementor-section elementor-top-section elementor-element elementor-element-bfa3d66 elementor-section-boxed elementor-section-height-default elementor-section-height-default\" data-id=\"bfa3d66\" data-element_type=\"section\" data-e-type=\"section\">\n\t\t\t\t\t\t<div class=\"elementor-container elementor-column-gap-default\">\n\t\t\t\t\t<div class=\"elementor-column elementor-col-100 elementor-top-column elementor-element elementor-element-197fb92\" data-id=\"197fb92\" data-element_type=\"column\" data-e-type=\"column\">\n\t\t\t<div class=\"elementor-widget-wrap elementor-element-populated\">\n\t\t\t\t\t\t<div class=\"elementor-element elementor-element-a9634cc elementor-widget elementor-widget-image\" data-id=\"a9634cc\" data-element_type=\"widget\" data-e-type=\"widget\" data-widget_type=\"image.default\">\n\t\t\t\t<div class=\"elementor-widget-container\">\n\t\t\t\t\t\t\t\t\t\t\t\t\t\t\t<img fetchpriority=\"high\" decoding=\"async\" width=\"547\" height=\"650\" src=\"https:\/\/looketmedecine.fr\/wp-content\/uploads\/2020\/10\/home_img14.png\" class=\"attachment-medium_large size-medium_large wp-image-1878\" alt=\"\" srcset=\"https:\/\/looketmedecine.fr\/wp-content\/uploads\/2020\/10\/home_img14.png 547w, https:\/\/looketmedecine.fr\/wp-content\/uploads\/2020\/10\/home_img14-252x300.png 252w\" sizes=\"(max-width: 547px) 100vw, 547px\" \/>\t\t\t\t\t\t\t\t\t\t\t\t\t\t\t<\/div>\n\t\t\t\t<\/div>\n\t\t\t\t\t<\/div>\n\t\t<\/div>\n\t\t\t\t\t<\/div>\n\t\t<\/section>\n\t\t\t\t<section class=\"elementor-section elementor-top-section elementor-element elementor-element-112bb98 elementor-section-boxed elementor-section-height-default elementor-section-height-default\" data-id=\"112bb98\" data-element_type=\"section\" data-e-type=\"section\">\n\t\t\t\t\t\t<div class=\"elementor-container elementor-column-gap-default\">\n\t\t\t\t\t<div class=\"elementor-column elementor-col-100 elementor-top-column elementor-element elementor-element-4d52742\" data-id=\"4d52742\" data-element_type=\"column\" data-e-type=\"column\">\n\t\t\t<div class=\"elementor-widget-wrap elementor-element-populated\">\n\t\t\t\t\t\t<div class=\"elementor-element elementor-element-361a0c8 elementor-widget elementor-widget-text-editor\" data-id=\"361a0c8\" data-element_type=\"widget\" data-e-type=\"widget\" data-widget_type=\"text-editor.default\">\n\t\t\t\t<div class=\"elementor-widget-container\">\n\t\t\t\t\t\t\t\t\t<h4><span style=\"text-decoration: underline; color: #000000;\"><strong><em>Plus tard, lors de la Gr\u00e8ce antique,<\/em><\/strong><\/span><span style=\"color: #000000;\"> on assiste \u00e0 l\u2019\u00e9mergence des soins de la peau, pour les femmes mais surtout pour les hommes qui pratiquaient des bains d\u2019eau froide puis chaude, suivis de massages, de gommages et d\u2019applications de parfums aromatiques sur tout le corps.<\/span><\/h4>\t\t\t\t\t\t\t\t<\/div>\n\t\t\t\t<\/div>\n\t\t\t\t<div class=\"elementor-element elementor-element-bb1c5ad elementor-widget elementor-widget-image\" data-id=\"bb1c5ad\" data-element_type=\"widget\" data-e-type=\"widget\" data-widget_type=\"image.default\">\n\t\t\t\t<div class=\"elementor-widget-container\">\n\t\t\t\t\t\t\t\t\t\t\t\t\t\t\t<img decoding=\"async\" width=\"652\" height=\"434\" src=\"https:\/\/looketmedecine.fr\/wp-content\/uploads\/2020\/10\/Capture-d\u2019e\u0301cran-2020-10-11-a\u0300-15.25.50.png\" class=\"attachment-large size-large wp-image-674\" alt=\"\" srcset=\"https:\/\/looketmedecine.fr\/wp-content\/uploads\/2020\/10\/Capture-d\u2019e\u0301cran-2020-10-11-a\u0300-15.25.50.png 652w, https:\/\/looketmedecine.fr\/wp-content\/uploads\/2020\/10\/Capture-d\u2019e\u0301cran-2020-10-11-a\u0300-15.25.50-300x200.png 300w\" sizes=\"(max-width: 652px) 100vw, 652px\" \/>\t\t\t\t\t\t\t\t\t\t\t\t\t\t\t<\/div>\n\t\t\t\t<\/div>\n\t\t\t\t<div class=\"elementor-element elementor-element-73e3ffb elementor-widget elementor-widget-text-editor\" data-id=\"73e3ffb\" data-element_type=\"widget\" data-e-type=\"widget\" data-widget_type=\"text-editor.default\">\n\t\t\t\t<div class=\"elementor-widget-container\">\n\t\t\t\t\t\t\t\t\t<h4><span style=\"color: #000000;\"><strong><em>Ce rituel fut l\u2019inspiration des premiers thermes qui vont se d\u00e9velopper intens\u00e9ment \u00e0 la p\u00e9riode romaine<\/em> <\/strong><strong>;<\/strong> ces centres de relaxation publiques associent discussion philosophique, plaisir, sant\u00e9 et hygi\u00e8ne corporelle. <\/span><span style=\"color: #000000;\">On y observe ce lien entre sant\u00e9 de la peau et bien-\u00eatre.<\/span><\/h4><h4><span style=\"color: #000000;\"><strong><em>Au Ier si\u00e8cle apr\u00e8s J\u00e9sus-Christ, Criton, m\u00e9decin grec consid\u00e9r\u00e9 comme le p\u00e8re de la m\u00e9decine cosm\u00e9tique<\/em><\/strong> a \u00e9t\u00e9 un des premiers \u00e0 int\u00e9grer la notion d\u2019esth\u00e9tique dans l\u2019enseignement de la m\u00e9decine.<\/span><\/h4><h4><span style=\"color: #000000;\"><strong><em>Un si\u00e8cle plus tard, Galien<\/em><\/strong> poursuivra ces travaux, int\u00e9grant la qualit\u00e9 des formules, le plaisir de la gal\u00e9nique de soins topiques dans un but th\u00e9rapeutique.<\/span><\/h4>\t\t\t\t\t\t\t\t<\/div>\n\t\t\t\t<\/div>\n\t\t\t\t\t<\/div>\n\t\t<\/div>\n\t\t\t\t\t<\/div>\n\t\t<\/section>\n\t\t\t\t<section class=\"elementor-section elementor-top-section elementor-element elementor-element-813c52d elementor-section-boxed elementor-section-height-default elementor-section-height-default\" data-id=\"813c52d\" data-element_type=\"section\" data-e-type=\"section\">\n\t\t\t\t\t\t<div class=\"elementor-container elementor-column-gap-default\">\n\t\t\t\t\t<div class=\"elementor-column elementor-col-100 elementor-top-column elementor-element elementor-element-b3dbe41\" data-id=\"b3dbe41\" data-element_type=\"column\" data-e-type=\"column\">\n\t\t\t<div class=\"elementor-widget-wrap elementor-element-populated\">\n\t\t\t\t\t\t<div class=\"elementor-element elementor-element-df489dc elementor-widget elementor-widget-image\" data-id=\"df489dc\" data-element_type=\"widget\" data-e-type=\"widget\" data-widget_type=\"image.default\">\n\t\t\t\t<div class=\"elementor-widget-container\">\n\t\t\t\t\t\t\t\t\t\t\t\t\t\t\t<img decoding=\"async\" width=\"653\" height=\"406\" src=\"https:\/\/looketmedecine.fr\/wp-content\/uploads\/2020\/10\/Capture-d\u2019e\u0301cran-2020-10-11-a\u0300-15.26.00.png\" class=\"attachment-medium_large size-medium_large wp-image-675\" alt=\"\" srcset=\"https:\/\/looketmedecine.fr\/wp-content\/uploads\/2020\/10\/Capture-d\u2019e\u0301cran-2020-10-11-a\u0300-15.26.00.png 653w, https:\/\/looketmedecine.fr\/wp-content\/uploads\/2020\/10\/Capture-d\u2019e\u0301cran-2020-10-11-a\u0300-15.26.00-300x187.png 300w\" sizes=\"(max-width: 653px) 100vw, 653px\" \/>\t\t\t\t\t\t\t\t\t\t\t\t\t\t\t<\/div>\n\t\t\t\t<\/div>\n\t\t\t\t\t<\/div>\n\t\t<\/div>\n\t\t\t\t\t<\/div>\n\t\t<\/section>\n\t\t\t\t<section class=\"elementor-section elementor-top-section elementor-element elementor-element-3cb2bc3 elementor-section-boxed elementor-section-height-default elementor-section-height-default\" data-id=\"3cb2bc3\" data-element_type=\"section\" data-e-type=\"section\">\n\t\t\t\t\t\t<div class=\"elementor-container elementor-column-gap-default\">\n\t\t\t\t\t<div class=\"elementor-column elementor-col-100 elementor-top-column elementor-element elementor-element-855e4e3\" data-id=\"855e4e3\" data-element_type=\"column\" data-e-type=\"column\">\n\t\t\t<div class=\"elementor-widget-wrap elementor-element-populated\">\n\t\t\t\t\t\t<div class=\"elementor-element elementor-element-31d51cf elementor-widget elementor-widget-image\" data-id=\"31d51cf\" data-element_type=\"widget\" data-e-type=\"widget\" data-widget_type=\"image.default\">\n\t\t\t\t<div class=\"elementor-widget-container\">\n\t\t\t\t\t\t\t\t\t\t\t\t\t\t\t<img loading=\"lazy\" decoding=\"async\" width=\"647\" height=\"755\" src=\"https:\/\/looketmedecine.fr\/wp-content\/uploads\/2020\/10\/Capture-d\u2019e\u0301cran-2020-10-11-a\u0300-15.26.09.png\" class=\"attachment-medium_large size-medium_large wp-image-676\" alt=\"\" srcset=\"https:\/\/looketmedecine.fr\/wp-content\/uploads\/2020\/10\/Capture-d\u2019e\u0301cran-2020-10-11-a\u0300-15.26.09.png 647w, https:\/\/looketmedecine.fr\/wp-content\/uploads\/2020\/10\/Capture-d\u2019e\u0301cran-2020-10-11-a\u0300-15.26.09-257x300.png 257w\" sizes=\"(max-width: 647px) 100vw, 647px\" \/>\t\t\t\t\t\t\t\t\t\t\t\t\t\t\t<\/div>\n\t\t\t\t<\/div>\n\t\t\t\t\t<\/div>\n\t\t<\/div>\n\t\t\t\t\t<\/div>\n\t\t<\/section>\n\t\t\t\t<section class=\"elementor-section elementor-top-section elementor-element elementor-element-d2eaba3 elementor-section-boxed elementor-section-height-default elementor-section-height-default\" data-id=\"d2eaba3\" data-element_type=\"section\" data-e-type=\"section\">\n\t\t\t\t\t\t<div class=\"elementor-container elementor-column-gap-default\">\n\t\t\t\t\t<div class=\"elementor-column elementor-col-100 elementor-top-column elementor-element elementor-element-9371aaa\" data-id=\"9371aaa\" data-element_type=\"column\" data-e-type=\"column\">\n\t\t\t<div class=\"elementor-widget-wrap elementor-element-populated\">\n\t\t\t\t\t\t<div class=\"elementor-element elementor-element-9a6c94b elementor-widget elementor-widget-text-editor\" data-id=\"9a6c94b\" data-element_type=\"widget\" data-e-type=\"widget\" data-widget_type=\"text-editor.default\">\n\t\t\t\t<div class=\"elementor-widget-container\">\n\t\t\t\t\t\t\t\t\t<h4><strong><span style=\"color: #000000;\">\u00a0<\/span><\/strong><span style=\"color: #000000;\">Ce sont ces aspects, \u00e9clair\u00e9s par des travaux modernes, qui ont conduit <span style=\"color: #d4b054;\"><em>l\u2019Organisation Mondiale de la sant\u00e9 (OMS)<\/em> <\/span>\u00e0 modifier<strong> <em>la d\u00e9finition de la bonne sant\u00e9 comme \u00ab un \u00e9tat de complet bien-\u00eatre physique, mental et social, qui ne consiste pas seulement en une absence de maladie ou d\u2019infirmit\u00e9 \u00bb. <\/em><\/strong><\/span><\/h4><h4><span style=\"color: #000000;\"><strong><em>Cette d\u00e9finition confirme la notion de bien-\u00eatre en sant\u00e9 humaine<\/em> <\/strong>et dans ce cadre on comprend mieux le r\u00f4le des produits cosm\u00e9tiques sur le bien-\u00eatre ainsi que celui des proc\u00e9dures esth\u00e9tiques et des actes de chirurgie plastique.<\/span><\/h4><div><span style=\"color: #000000;\">\u00a0<\/span><\/div>\t\t\t\t\t\t\t\t<\/div>\n\t\t\t\t<\/div>\n\t\t\t\t\t<\/div>\n\t\t<\/div>\n\t\t\t\t\t<\/div>\n\t\t<\/section>\n\t\t\t\t<section class=\"elementor-section elementor-top-section elementor-element elementor-element-ccdf7d2 elementor-section-boxed elementor-section-height-default elementor-section-height-default\" data-id=\"ccdf7d2\" data-element_type=\"section\" data-e-type=\"section\">\n\t\t\t\t\t\t<div class=\"elementor-container elementor-column-gap-default\">\n\t\t\t\t\t<div class=\"elementor-column elementor-col-100 elementor-top-column elementor-element elementor-element-9c48155\" data-id=\"9c48155\" data-element_type=\"column\" data-e-type=\"column\">\n\t\t\t<div class=\"elementor-widget-wrap elementor-element-populated\">\n\t\t\t\t\t\t<div class=\"elementor-element elementor-element-67e9c3f elementor-widget elementor-widget-text-editor\" data-id=\"67e9c3f\" data-element_type=\"widget\" data-e-type=\"widget\" data-widget_type=\"text-editor.default\">\n\t\t\t\t<div class=\"elementor-widget-container\">\n\t\t\t\t\t\t\t\t\t<h4 style=\"text-align: center;\"><span style=\"color: #d4b054;\">\u00a0<\/span><\/h4><h4 style=\"text-align: center;\"><strong><span style=\"color: #d4b054;\">LES DERMATOSES : B\u00c9NIGNES MAIS CHRONIQUES<\/span><\/strong><\/h4><div><span style=\"color: #d4b054;\">\u00a0<\/span><\/div><h4 style=\"text-align: center;\"><span style=\"text-decoration: underline;\"><span style=\"color: #000000;\"><em><strong>LEUR IMPACT SUR LE BIEN-\u00caTRE ET LA QUALIT\u00c9 DE VIE<\/strong><\/em><\/span><\/span><\/h4><h4><span style=\"color: #000000;\">Les maladies de peau mettent rarement en jeu le pronostic vital mais elles sont visibles, par soi et aussi par les autres. <\/span><span style=\"color: #000000;\">C\u2019est cette <strong>particularit\u00e9 affichante et leur chronicit\u00e9 fr\u00e9quente qui alt\u00e8rent la qualit\u00e9 de vie, et rend leur prise en charge indispensable.<\/strong><\/span><\/h4><h4><span style=\"color: #000000;\"><strong>Les pathologies de la couleur de la peau, \u00e0 type d\u2019hyper ou d\u2019hypopigmentation<\/strong> en sont deux exemples fr\u00e9quents, elles sont mal v\u00e9cues par la majorit\u00e9 des patients.<\/span><\/h4>\t\t\t\t\t\t\t\t<\/div>\n\t\t\t\t<\/div>\n\t\t\t\t\t<\/div>\n\t\t<\/div>\n\t\t\t\t\t<\/div>\n\t\t<\/section>\n\t\t\t\t<section class=\"elementor-section elementor-top-section elementor-element elementor-element-bd1cbf6 elementor-section-boxed elementor-section-height-default elementor-section-height-default\" data-id=\"bd1cbf6\" data-element_type=\"section\" data-e-type=\"section\">\n\t\t\t\t\t\t<div class=\"elementor-container elementor-column-gap-default\">\n\t\t\t\t\t<div class=\"elementor-column elementor-col-100 elementor-top-column elementor-element elementor-element-f815066\" data-id=\"f815066\" data-element_type=\"column\" data-e-type=\"column\">\n\t\t\t<div class=\"elementor-widget-wrap elementor-element-populated\">\n\t\t\t\t\t\t<div class=\"elementor-element elementor-element-79a8825 elementor-widget elementor-widget-text-editor\" data-id=\"79a8825\" data-element_type=\"widget\" data-e-type=\"widget\" data-widget_type=\"text-editor.default\">\n\t\t\t\t<div class=\"elementor-widget-container\">\n\t\t\t\t\t\t\t\t\t<h4 style=\"text-align: center;\"><span style=\"color: #d4b054;\">\u00a0<\/span><\/h4><h4 style=\"text-align: center;\"><strong><span style=\"color: #d4b054;\">LE VITILIGO<\/span><\/strong><\/h4><h4><span style=\"color: #000000;\">Cette maladie fr\u00e9quente de la pigmentation cutan\u00e9e se manifeste par des taches blanches pouvant atteindre tout le corps, et concerne environ 1% de la population, les femmes et les hommes. <\/span><\/h4><h4><span style=\"color: #000000;\">L&rsquo;impact sur la qualit\u00e9 de vie des patients, avec perte de confiance en soi, isolement social ainsi que sentiment de honte \u00e0 exposer sa peau sont fr\u00e9quemment retrouv\u00e9s.\u00a0<\/span><\/h4><ul><li><div><h4 style=\"text-align: left;\"><span style=\"color: #0000ff;\"><strong><em>Le VitiQOL<\/em> <\/strong><\/span><span style=\"color: #000000;\">est une \u00e9chelle sp\u00e9cifique du vitiligo, valid\u00e9e par Lilly et al en 2013 pour \u00e9valuer sp\u00e9cifiquement l\u2019impact de cette dermatose sur la qualit\u00e9 de vie. <\/span><span style=\"color: #000000;\">Une \u00e9tude sur 198 patients atteints de vitiligo mesure l\u2019alt\u00e9ration significative de la qualit\u00e9 de vie selon la gravit\u00e9 de la maladie :\u00a0 plus l\u2019atteinte cutan\u00e9e est \u00e9tendue, plus alt\u00e9r\u00e9e est l\u2019estime de soi.<\/span><\/h4><\/div><\/li><\/ul><div><ul><li style=\"text-align: left;\"><h4><span style=\"color: #000000;\"><span style=\"color: #0000ff;\"><em>Le VitiQOL<\/em> <\/span>\u00e9value la stigmatisation, la g\u00eane sociale et les r\u00e9percussions de la maladie sur le comportement. Les femmes, les jeunes adultes et ceux dont l\u2019anciennet\u00e9 de la maladie est sup\u00e9rieure \u00e0 5-10 ans ont une alt\u00e9ration significative de la qualit\u00e9 de vie (p = 0.02).\u00a0<\/span><span style=\"color: #000000;\">On a ainsi pu d\u00e9montrer que ces atteintes de l\u2019estime de soi \u00e9taient un facteur aggravant sur le pronostic de la maladie et sont associ\u00e9es \u00e0 un plus grand risque de r\u00e9cidive.<\/span><\/h4><\/li><li style=\"text-align: left;\"><h4><span style=\"color: #000000;\"><strong><em>C\u2019est gr\u00e2ce \u00e0 ces \u00e9chelles standardis\u00e9es sp\u00e9cifiques<\/em>, que l\u2019on a pu pr\u00e9ciser le lien entre psychologie, relations sociales et maladies de peau. <\/strong><\/span><\/h4><\/li><li style=\"text-align: left;\"><h4><span style=\"color: #000000;\">La plus ancienne et la plus utilis\u00e9e car elle s\u2019applique \u00e0 toutes les dermatoses est <strong>l<span style=\"color: #0000ff;\">e <em>DLQI<\/em>, d\u00e9velopp\u00e9 et valid\u00e9 par <em>Finlay en 1994. <\/em><\/span><\/strong><\/span><\/h4><\/li><li style=\"text-align: left;\"><h4><span style=\"color: #000000;\"><span style=\"color: #0000ff;\"><strong><em>Ce Dermatology Life Quality Index (DLQI)<\/em><\/strong><\/span> consiste en dix questions facilement utilisables en pratique clinique. On peut non seulement mesurer l\u2019impact n\u00e9gatif d\u2019une dermatose mais aussi l\u2019am\u00e9lioration lorsque les l\u00e9sions cutan\u00e9es sont rendues moins visibles \u00e0 l\u2019aide des mesures cosm\u00e9tiques appropri\u00e9es. <\/span><span style=\"color: #000000;\">Dans une \u00e9tude, on a \u00e9valu\u00e9, non seulement la qualit\u00e9 de vie avec le DLQI mais aussi la d\u00e9tresse psychologique avec <em>l\u2019\u00e9chelle valid\u00e9e GHQ-28<\/em>, chez 300 patients atteints de vitiligo et 300 contr\u00f4les.<\/span><\/h4><\/li><li style=\"text-align: left;\"><h4><span style=\"color: #000000;\"><span style=\"color: #0000ff;\"><strong><em>Ce General Health Questionnaire-28<\/em><em>,<\/em><\/strong><\/span> contient 28 questions mesurant la d\u00e9pression s\u00e9v\u00e8re, l\u2019anxi\u00e9t\u00e9, le dysfonctionnement social et les sympt\u00f4mes somatiques. <\/span><span style=\"color: #000000;\">Les troubles psychiatriques concernaient plus souvent les femmes jeunes, non mari\u00e9es dont la dur\u00e9e de maladie est sup\u00e9rieure \u00e0 5 ans. <\/span><span style=\"color: #000000;\">Le score global moyen de DLQI \u00e9tait 6,71 signant un impact en moyenne de grade mod\u00e9r\u00e9 mais chez 65 patients (21,7 %) l\u2019alt\u00e9ration \u00e9tait grave. <\/span><span style=\"color: #000000;\">La qualit\u00e9 de vie \u00e9tait plus d\u00e9grad\u00e9e chez les c\u00e9libataires, jeunes, avec une anciennet\u00e9 de la maladie sup\u00e9rieure \u00e0 5 ans.<\/span><\/h4><\/li><\/ul><h4 style=\"text-align: left;\"><span style=\"color: #000000;\"><strong><em>Ces deux \u00e9chelles confirment le retentissement non seulement \u00e9motionnel et social mais aussi psychiatrique.<\/em><\/strong><\/span><\/h4><h4><span style=\"color: #000000;\"><strong><em>Gr\u00e2ce \u00e0 des techniques de maquillage adapt\u00e9, on couvre les l\u00e9sions de vitiligo<\/em> qui permettent une satisfaction imm\u00e9diate comme cela a \u00e9t\u00e9 d\u00e9montr\u00e9 dans de nombreuses \u00e9tudes. <\/strong><\/span><\/h4><h4><span style=\"color: #000000;\"><strong><em>Levy et al<\/em> ont collig\u00e9 ces \u00e9tudes en 2012 portant sur un total de 544 patients [7], d\u00e9montrant le r\u00f4le indispensable de ces techniques de camouflage, v\u00e9ritable arme th\u00e9rapeutique du vitiligo, et cela quel que soit le pays et la couleur de peau [8].<\/strong><\/span><\/h4><\/div>\t\t\t\t\t\t\t\t<\/div>\n\t\t\t\t<\/div>\n\t\t\t\t\t<\/div>\n\t\t<\/div>\n\t\t\t\t\t<\/div>\n\t\t<\/section>\n\t\t\t\t<section class=\"elementor-section elementor-top-section elementor-element elementor-element-2d127ce elementor-section-boxed elementor-section-height-default elementor-section-height-default\" data-id=\"2d127ce\" data-element_type=\"section\" data-e-type=\"section\">\n\t\t\t\t\t\t<div class=\"elementor-container elementor-column-gap-default\">\n\t\t\t\t\t<div class=\"elementor-column elementor-col-100 elementor-top-column elementor-element elementor-element-7385717\" data-id=\"7385717\" data-element_type=\"column\" data-e-type=\"column\">\n\t\t\t<div class=\"elementor-widget-wrap elementor-element-populated\">\n\t\t\t\t\t\t<div class=\"elementor-element elementor-element-b383d88 elementor-widget elementor-widget-image\" data-id=\"b383d88\" data-element_type=\"widget\" data-e-type=\"widget\" data-widget_type=\"image.default\">\n\t\t\t\t<div class=\"elementor-widget-container\">\n\t\t\t\t\t\t\t\t\t\t\t\t\t\t\t<img loading=\"lazy\" decoding=\"async\" width=\"454\" height=\"843\" src=\"https:\/\/looketmedecine.fr\/wp-content\/uploads\/2020\/10\/Capture-d\u2019e\u0301cran-2020-10-11-a\u0300-15.26.24.png\" class=\"attachment-medium_large size-medium_large wp-image-677\" alt=\"\" srcset=\"https:\/\/looketmedecine.fr\/wp-content\/uploads\/2020\/10\/Capture-d\u2019e\u0301cran-2020-10-11-a\u0300-15.26.24.png 454w, https:\/\/looketmedecine.fr\/wp-content\/uploads\/2020\/10\/Capture-d\u2019e\u0301cran-2020-10-11-a\u0300-15.26.24-162x300.png 162w\" sizes=\"(max-width: 454px) 100vw, 454px\" \/>\t\t\t\t\t\t\t\t\t\t\t\t\t\t\t<\/div>\n\t\t\t\t<\/div>\n\t\t\t\t\t<\/div>\n\t\t<\/div>\n\t\t\t\t\t<\/div>\n\t\t<\/section>\n\t\t\t\t<section class=\"elementor-section elementor-top-section elementor-element elementor-element-8ccfb50 elementor-section-boxed elementor-section-height-default elementor-section-height-default\" data-id=\"8ccfb50\" data-element_type=\"section\" data-e-type=\"section\">\n\t\t\t\t\t\t<div class=\"elementor-container elementor-column-gap-default\">\n\t\t\t\t\t<div class=\"elementor-column elementor-col-100 elementor-top-column elementor-element elementor-element-6842e99\" data-id=\"6842e99\" data-element_type=\"column\" data-e-type=\"column\">\n\t\t\t<div class=\"elementor-widget-wrap elementor-element-populated\">\n\t\t\t\t\t\t<div class=\"elementor-element elementor-element-27a0c58 elementor-widget elementor-widget-text-editor\" data-id=\"27a0c58\" data-element_type=\"widget\" data-e-type=\"widget\" data-widget_type=\"text-editor.default\">\n\t\t\t\t<div class=\"elementor-widget-container\">\n\t\t\t\t\t\t\t\t\t<h4 style=\"text-align: center;\"><span style=\"color: #ff0000;\">\u00a0<\/span><\/h4><h4 style=\"text-align: center;\"><strong><span style=\"color: #ff0000;\">\u00a0<\/span><span style=\"color: #d4b054;\">ET AUSSI LORS DU M\u00c9LASMA<\/span><\/strong><\/h4><h4><span style=\"color: #000000;\">Le m\u00e9lasma, est une dermatose fr\u00e9quente elle aussi, elle se caract\u00e9rise par des <em>ta<\/em><strong>ches hyper-pigment\u00e9es g\u00e9n\u00e9ralement sur les zones cutan\u00e9es photoexpos\u00e9es : le visage, le cou, le d\u00e9collet\u00e9 et parfois les bras. <\/strong><\/span><\/h4><h4><span style=\"color: #000000;\"><span style=\"font-weight: normal;\">Cette <strong><span style=\"color: #000000;\">pigmentation h\u00e9t\u00e9rog\u00e8ne<\/span><\/strong> est mal v\u00e9cue, avec une perception de peau sale, et affecte de fa\u00e7on constante le bien-\u00eatre et l\u2019estime de soi. En Inde le m\u00e9lasma est la premi\u00e8re cause de m\u00e9lanoses faciales. <\/span><\/span><\/h4><div><h4><span style=\"color: #000000;\"><span style=\"font-weight: normal;\">Une \u00e9tude portant sur 104 patients a d\u00e9montr\u00e9 la corr\u00e9lation entre la gravit\u00e9 du m\u00e9lasma et la r\u00e9percussion sur l\u2019estime de soi : une atteinte faible \u00e0 mod\u00e9r\u00e9e (0-8) est associ\u00e9e \u00e0 un faible score<span style=\"color: #ff0000;\"> DLQI <\/span>(9,34). <\/span><\/span><span style=\"color: #000000;\"><span style=\"font-weight: normal;\">Inversement, une extension importante du m\u00e9lasma (&gt; 16-24) est associ\u00e9e \u00e0 un score <span style=\"color: #ff0000;\">DLQI <\/span>\u00e9lev\u00e9 (15,33).<\/span><\/span><\/h4><h4><span style=\"color: #000000;\"><em><span style=\"color: #0000ff;\"><strong>Gr\u00e2ce \u00e0<\/strong><\/span><span style=\"color: #000000;\"><strong><span style=\"color: #0000ff;\"> une \u00e9chelle de gravit\u00e9 clinique du m\u00e9lasma, M-MASI (Modified Melasma Area and Severity Index)<\/span>,<\/strong><\/span><\/em><span style=\"font-weight: normal;\"> \u00a0on a conclu que les femmes (score 10,19) sont plus affect\u00e9es que les hommes (score 9,27), de m\u00eame que les jeunes (score 10,52) sont plus impact\u00e9s que les personnes \u00e2g\u00e9es (score 7,44). <\/span><\/span><span style=\"color: #000000;\"><span style=\"font-weight: normal;\">Mais ici, c\u2019est lorsque la maladie est r\u00e9cente que le <span style=\"color: #ff0000;\">DLQI <\/span>est le plus \u00e9lev\u00e9 (score 11). <\/span><\/span><span style=\"color: #000000;\"><span style=\"font-weight: normal;\">Chez les patients affect\u00e9s depuis plus cinq ann\u00e9es, une forme de tol\u00e9rance vis-\u00e0-vis de la g\u00eane semble s\u2019installer (score 7,71).<\/span><\/span><\/h4><h4><span style=\"color: #000000;\"><span style=\"font-weight: normal;\"><span style=\"color: #000000;\"><strong><em>Une mesure simple pour pr\u00e9venir et faire r\u00e9gresser le m\u00e9lasma<\/em><\/strong><\/span> consiste en l\u2019utilisation quotidienne d\u2019un <strong><span style=\"color: #000000;\">\u00e9cran solaire \u00e0 filtration \u00ab broad band \u00bb<\/span><\/strong> c\u2019est \u00e0 dire \u00e0 large spectre, filtrant efficacement dans les UVA, limitant ainsi la pigmentation UV induite.<\/span><\/span><\/h4><h4><span style=\"color: #000000;\"><span style=\"font-weight: normal;\">Dans une r\u00e9cente \u00e9tude r\u00e9alis\u00e9e en Inde [10], les 100 patients ont uniquement appliqu\u00e9 trois fois par jour une cr\u00e8me solaire \u00e0 large spectre (SPF 19, PA +++) sur les zones atteintes (Garnier White Complete R) pendant 12 semaines, <\/span><em><span style=\"font-weight: normal;\">leur <span style=\"color: #0000ff;\"><strong>MASI (Melasma Area Severity Score)<\/strong><\/span><\/span><\/em><strong> a diminu\u00e9 en moyenne de 12,38 \u00e0 9,15 et la qualit\u00e9 de vie (<em>Hi-MELASQoL, \u00e9chelle sp\u00e9cifique valid\u00e9e en Inde)<\/em><\/strong><span style=\"font-weight: normal;\"> est pass\u00e9e de 47,2 \u00e0 38,1. <\/span><\/span><span style=\"color: #000000;\"><span style=\"font-weight: normal;\">Ces r\u00e9sultats confirment le lien entre m\u00e9lasma et qualit\u00e9 de vie et d\u00e9montrent l\u2019impact positif sur la qualit\u00e9 de vie avec uniquement une photo-protection cosm\u00e9tique adapt\u00e9e.<\/span><\/span><\/h4><h4><span style=\"color: #000000;\"><strong><em>Avec une autre \u00e9chelle de qualit\u00e9 de vie sp\u00e9cifique des cosm\u00e9tiques,<\/em><em> le <span style=\"color: #0000ff;\">BeautyQoL<\/span>,<\/em><\/strong><span style=\"font-weight: normal;\"> une \u00e9tude a port\u00e9 sur 88 femmes, de phototype III et IV, ayant des imperfections esth\u00e9tiques du visage (cicatrices d\u2019acn\u00e9, de varicelle, m\u00e9lasma, etc.). <\/span><\/span><\/h4><h4><span style=\"color: #000000;\"><span style=\"font-weight: normal;\"><span style=\"color: #000000;\"><strong><em>Gr\u00e2ce \u00e0 l\u2019utilisation quotidienne d\u2019une cr\u00e8me couvrante et d\u2019une poudre libre camouflant les l\u00e9sions,<\/em> <\/strong><\/span>on a observ\u00e9 apr\u00e8s 3 semaines une am\u00e9lioration significative (p &lt; 0,05) de la qualit\u00e9 de vie, notamment de la dimension \u00ab confiance en soi \u00bb et cela d\u00e8s la premi\u00e8re semaine.<\/span><\/span><\/h4><h4><span style=\"color: #000000;\"><strong>Ces bienfaits induits par les cosm\u00e9tiques pourraient d\u00e9pendre de facteurs sociaux, culturels, g\u00e9ographiques, c\u2019est pourquoi il est int\u00e9ressant de citer la revue portant sur 18 \u00e9tudes, r\u00e9alis\u00e9es dans onze pays diff\u00e9rents : France, Taiwan, Australie, Japon, Belgique, Canada, etc\u2026 regroupant au total 912 patients atteints de vitiligo, m\u00e9lasma ou de cicatrices d\u2019acn\u00e9. <\/strong><\/span><\/h4><h4><span style=\"color: #000000;\"><strong>Pour sept de ces \u00e9tudes, le DLQI diminue significativement d\u00e8s la premi\u00e8re application. <\/strong><\/span><\/h4><h4><span style=\"color: #000000;\"><span style=\"font-weight: normal;\">Cette revue d\u00e9montre que, quel que soit le type de peau :\u00a0 claire, interm\u00e9diaire ou fonc\u00e9e, et quelle que soit la culture, on confirme l\u2019am\u00e9lioration de la qualit\u00e9 de vie gr\u00e2ce aux cosm\u00e9tiques qui diminuent significativement le caract\u00e8re affichant de ces dermatoses.<\/span><\/span><\/h4><\/div>\t\t\t\t\t\t\t\t<\/div>\n\t\t\t\t<\/div>\n\t\t\t\t\t<\/div>\n\t\t<\/div>\n\t\t\t\t\t<\/div>\n\t\t<\/section>\n\t\t\t\t<section class=\"elementor-section elementor-top-section elementor-element elementor-element-08d28d6 elementor-section-boxed elementor-section-height-default elementor-section-height-default\" data-id=\"08d28d6\" data-element_type=\"section\" data-e-type=\"section\">\n\t\t\t\t\t\t<div class=\"elementor-container elementor-column-gap-default\">\n\t\t\t\t\t<div class=\"elementor-column elementor-col-100 elementor-top-column elementor-element elementor-element-8ec744d\" data-id=\"8ec744d\" data-element_type=\"column\" data-e-type=\"column\">\n\t\t\t<div class=\"elementor-widget-wrap elementor-element-populated\">\n\t\t\t\t\t\t<div class=\"elementor-element elementor-element-bb09da9 elementor-widget elementor-widget-image\" data-id=\"bb09da9\" data-element_type=\"widget\" data-e-type=\"widget\" data-widget_type=\"image.default\">\n\t\t\t\t<div class=\"elementor-widget-container\">\n\t\t\t\t\t\t\t\t\t\t\t\t\t\t\t<img loading=\"lazy\" decoding=\"async\" width=\"454\" height=\"849\" src=\"https:\/\/looketmedecine.fr\/wp-content\/uploads\/2020\/10\/Capture-d\u2019e\u0301cran-2020-10-11-a\u0300-15.26.34.png\" class=\"attachment-medium_large size-medium_large wp-image-678\" alt=\"\" srcset=\"https:\/\/looketmedecine.fr\/wp-content\/uploads\/2020\/10\/Capture-d\u2019e\u0301cran-2020-10-11-a\u0300-15.26.34.png 454w, https:\/\/looketmedecine.fr\/wp-content\/uploads\/2020\/10\/Capture-d\u2019e\u0301cran-2020-10-11-a\u0300-15.26.34-160x300.png 160w\" sizes=\"(max-width: 454px) 100vw, 454px\" \/>\t\t\t\t\t\t\t\t\t\t\t\t\t\t\t<\/div>\n\t\t\t\t<\/div>\n\t\t\t\t\t<\/div>\n\t\t<\/div>\n\t\t\t\t\t<\/div>\n\t\t<\/section>\n\t\t\t\t<section class=\"elementor-section elementor-top-section elementor-element elementor-element-6f5f604 elementor-section-boxed elementor-section-height-default elementor-section-height-default\" data-id=\"6f5f604\" data-element_type=\"section\" data-e-type=\"section\">\n\t\t\t\t\t\t<div class=\"elementor-container elementor-column-gap-default\">\n\t\t\t\t\t<div class=\"elementor-column elementor-col-100 elementor-top-column elementor-element elementor-element-27652cc\" data-id=\"27652cc\" data-element_type=\"column\" data-e-type=\"column\">\n\t\t\t<div class=\"elementor-widget-wrap elementor-element-populated\">\n\t\t\t\t\t\t<div class=\"elementor-element elementor-element-9df47c8 elementor-widget elementor-widget-text-editor\" data-id=\"9df47c8\" data-element_type=\"widget\" data-e-type=\"widget\" data-widget_type=\"text-editor.default\">\n\t\t\t\t<div class=\"elementor-widget-container\">\n\t\t\t\t\t\t\t\t\t<h4>\u00a0<\/h4><h4 style=\"text-align: center;\"><span style=\"color: #d4b054;\"><strong>BEAUT\u00c9, BIEN-\u00caTRE ET CANCER<\/strong> <\/span><\/h4><h4 style=\"text-align: center;\"><span style=\"color: #000000;\"><strong><em>et prise en charge cosm\u00e9tique<\/em> <\/strong><\/span><\/h4><h4><span style=\"color: #000000;\"><span style=\"font-weight: normal;\">Lors de pathologies graves telles que le cancer, la qualit\u00e9 de vie est alt\u00e9r\u00e9e par la maladie elle-m\u00eame et ses sympt\u00f4mes mais aussi par les effets cutan\u00e9s des traitements anticanc\u00e9reux souvent s\u00e9v\u00e8res, entra\u00eenant des g\u00e8nes esth\u00e9tiques et fonctionnelles. <\/span><\/span><\/h4><h4><span style=\"font-weight: normal;\">Une \u00e9tude de 2014, sur 73 femmes atteintes de cancer du sein <\/span><span style=\"font-weight: normal;\">quantifie l\u2019impact de ces effets secondaires sur la Qualit\u00e9 de vie (<\/span><em style=\"color: #000000; font-size: 0.813rem;\">p = 0.005<\/em><span style=\"font-weight: normal;\">) [13]. <\/span><\/h4><h4><span style=\"font-weight: normal;\">Dans ce contexte particulier, l&rsquo;usage de cosm\u00e9tiques adapt\u00e9s est l&rsquo;essentiel.\u00a0<\/span><\/h4><div><h4><span style=\"color: #000000;\"><strong><em>Des \u00e9mollients de haute tol\u00e9rance<\/em><\/strong><span style=\"font-weight: normal;\"><span style=\"color: #000000;\"><strong><em> (Baume Lipikar AP\u00d2<\/em>)<\/strong> <\/span>ont permis apr\u00e8s 6 semaines d\u2019application biquotidienne, une am\u00e9lioration significative de la Qualit\u00e9 de Vie mesur\u00e9e par le DLQI (score 2 pour les soins standards et score 1,3 pour les soins cosm\u00e9tiques). <\/span><\/span><\/h4><h4><span style=\"color: #000000;\"><strong><em>Le domaine \u00ab sympt\u00f4mes et sentiments \u00bb\u00a0<\/em><\/strong><span style=\"font-weight: normal;\"><strong><span style=\"color: #000000;\">est significativement am\u00e9lior\u00e9 par les soins du visage <\/span><\/strong>d\u00e8s la quatri\u00e8me semaine par rapport aux soins standards (<\/span><em><span style=\"font-weight: normal;\">p = 0.006<\/span><\/em><span style=\"font-weight: normal;\">.)<\/span><\/span><\/h4><h4><span style=\"color: #000000;\"><strong><em>Cette prise en charge cosm\u00e9tique<\/em><\/strong><span style=\"font-weight: normal;\"> non seulement permet aux patients de retrouver du r\u00e9confort pendant leur traitement mais aussi une meilleure adh\u00e9sion aux traitements anticanc\u00e9reux en r\u00e9duisant la g\u00eane de leurs effets secondaires cutan\u00e9s. <\/span><\/span><\/h4><h4><span style=\"color: #000000;\"><strong>Prendre soin de sa peau, de son apparence permet aux femmes de retrouver confiance en elles et de mieux appr\u00e9hender la maladie et de maintenir un bien \u00eatre.<\/strong><\/span>\u00a0<\/h4><\/div>\t\t\t\t\t\t\t\t<\/div>\n\t\t\t\t<\/div>\n\t\t\t\t\t<\/div>\n\t\t<\/div>\n\t\t\t\t\t<\/div>\n\t\t<\/section>\n\t\t\t\t<section class=\"elementor-section elementor-top-section elementor-element elementor-element-9061381 elementor-section-boxed elementor-section-height-default elementor-section-height-default\" data-id=\"9061381\" data-element_type=\"section\" data-e-type=\"section\">\n\t\t\t\t\t\t<div class=\"elementor-container elementor-column-gap-default\">\n\t\t\t\t\t<div class=\"elementor-column elementor-col-100 elementor-top-column elementor-element elementor-element-18ced29\" data-id=\"18ced29\" data-element_type=\"column\" data-e-type=\"column\">\n\t\t\t<div class=\"elementor-widget-wrap elementor-element-populated\">\n\t\t\t\t\t\t<div class=\"elementor-element elementor-element-8d96711 elementor-widget elementor-widget-image\" data-id=\"8d96711\" data-element_type=\"widget\" data-e-type=\"widget\" data-widget_type=\"image.default\">\n\t\t\t\t<div class=\"elementor-widget-container\">\n\t\t\t\t\t\t\t\t\t\t\t\t\t\t\t<img loading=\"lazy\" decoding=\"async\" width=\"654\" height=\"586\" src=\"https:\/\/looketmedecine.fr\/wp-content\/uploads\/2020\/10\/Capture-d\u2019e\u0301cran-2020-10-11-a\u0300-15.26.44.png\" class=\"attachment-medium_large size-medium_large wp-image-679\" alt=\"\" srcset=\"https:\/\/looketmedecine.fr\/wp-content\/uploads\/2020\/10\/Capture-d\u2019e\u0301cran-2020-10-11-a\u0300-15.26.44.png 654w, https:\/\/looketmedecine.fr\/wp-content\/uploads\/2020\/10\/Capture-d\u2019e\u0301cran-2020-10-11-a\u0300-15.26.44-300x269.png 300w\" sizes=\"(max-width: 654px) 100vw, 654px\" \/>\t\t\t\t\t\t\t\t\t\t\t\t\t\t\t<\/div>\n\t\t\t\t<\/div>\n\t\t\t\t\t<\/div>\n\t\t<\/div>\n\t\t\t\t\t<\/div>\n\t\t<\/section>\n\t\t\t\t<section class=\"elementor-section elementor-top-section elementor-element elementor-element-1e96ae5 elementor-section-boxed elementor-section-height-default elementor-section-height-default\" data-id=\"1e96ae5\" data-element_type=\"section\" data-e-type=\"section\">\n\t\t\t\t\t\t<div class=\"elementor-container elementor-column-gap-default\">\n\t\t\t\t\t<div class=\"elementor-column elementor-col-100 elementor-top-column elementor-element elementor-element-ba3deab\" data-id=\"ba3deab\" data-element_type=\"column\" data-e-type=\"column\">\n\t\t\t<div class=\"elementor-widget-wrap elementor-element-populated\">\n\t\t\t\t\t\t<div class=\"elementor-element elementor-element-8d922d1 elementor-widget elementor-widget-text-editor\" data-id=\"8d922d1\" data-element_type=\"widget\" data-e-type=\"widget\" data-widget_type=\"text-editor.default\">\n\t\t\t\t<div class=\"elementor-widget-container\">\n\t\t\t\t\t\t\t\t\t<h4>\u00a0<\/h4><h4 style=\"text-align: center;\"><span style=\"color: #ff9900;\"><strong>LES PROC\u00c9DURES ESTH\u00c9TIQUES\u00a0<\/strong><\/span><\/h4><h4 style=\"text-align: center;\"><span style=\"color: #ff9900;\"><strong>POUR L&rsquo;AM\u00c9LIORATION DE L&rsquo;ESTIME DE SOI<\/strong><\/span><\/h4><h4><span style=\"color: #000000;\"><span style=\"font-weight: normal;\">Les proc\u00e9dures de rajeunissement telles <strong><span style=\"color: #000000;\">l\u2019acide hyaluronique, la toxine botulique ou encore les peelings<\/span><\/strong> sont tr\u00e8s fr\u00e9quemment pratiqu\u00e9s et ont un point commun : elles ont des effets imm\u00e9diats le bien-\u00eatre et la qualit\u00e9 de vie.<\/span><\/span><\/h4><h4><span style=\"color: #000000;\"><strong><em>Tout d\u2019abord la toxine botulique, utilis\u00e9e en m\u00e9decine esth\u00e9tique depuis 1997 en France, introduite plus tard en 2003 aux USA. <\/em><\/strong><\/span><\/h4><h4><span style=\"color: #000000;\"><span style=\"font-weight: normal;\">Cette toxine administr\u00e9e sous forme d\u2019injections r\u00e9duit les signes de vieillissement cutan\u00e9, notamment les rides du visage (rides du lion, patte d\u2019oie) et lisse le cou en rel\u00e2chant les contractions inesth\u00e9tiques des bandes platysmales<span style=\"color: #0000ff;\">.\u00a0<\/span><\/span><\/span><\/h4><h4><span style=\"color: #000000;\"><strong>Une \u00e9tude am\u00e9ricaine de 2010 montre que <em>la toxine botulique de type A<\/em><\/strong><span style=\"font-weight: normal;\"> am\u00e9liore la qualit\u00e9 de vie et l\u2019estime de soi chez 100 patients de 25 \u00e0 73 ans. <\/span><\/span><\/h4><h4><span style=\"color: #000000;\"><span style=\"font-weight: normal;\">Grace \u00e0 une m\u00e9thodologie <span style=\"color: #000000;\"><strong>randomis\u00e9e en double aveugle contre placebo<\/strong><\/span>, on d\u00e9montre une diff\u00e9rence significative entre le groupe trait\u00e9 et le groupe placebo. <\/span><\/span><\/h4><h4><strong><span style=\"color: #000000;\">Pour mesurer la qualit\u00e9 de vie et l\u2019estime de soi, <em>les deux questionnaires\u00a0suivants <\/em>ont \u00e9t\u00e9 utilis\u00e9s avant les injections, puis deux semaines, et trois mois apr\u00e8s la proc\u00e9dure\u00a0: <\/span><\/strong><\/h4><ol><li><h4><span style=\"color: #0000ff;\"><strong><em>\u00ab Quality of Life Enjoyment and Satisfaction Questionnaire &#8211; Short Form \u00bb. <\/em><em>(QLESQ-SF) <\/em><\/strong><\/span><\/h4><\/li><li><h4><span style=\"color: #0000ff;\"><strong><em>\u00a0\u00abHeatherton and Polivy State Self-Esteem \u00bb. <\/em><em>(HPSS)<\/em><\/strong><\/span><\/h4><\/li><\/ol><h4><span style=\"color: #000000;\"><span style=\"font-weight: normal;\">Le groupe trait\u00e9 par la toxine botulique A pr\u00e9sente une am\u00e9lioration significative (p &lt; 0.05) sur les crit\u00e8res : l\u2019estime de soi globale, l\u2019estime de soi li\u00e9e \u00e0 l\u2019apparence, l\u2019estime de soi li\u00e9 \u00e0 la vie sociale et \u00e0 la performance. <\/span><\/span><\/h4><h4><span style=\"color: #000000;\"><span style=\"font-weight: normal;\">Cette \u00e9tude d\u00e9montre de fa\u00e7on incontestable l\u2019impact positif sur la qualit\u00e9 de vie et le bien-\u00eatre des traitements des rides par injections de toxine botulique. <\/span><\/span><span style=\"color: #000000;\"><span style=\"font-weight: normal;\">Les patients y gagnent en apparence, vie sociale et performance notamment gr\u00e2ce \u00e0 l\u2019effacement des rides du visage notamment celles de la glabelle.<\/span><\/span><\/h4><h4><strong><span style=\"color: #000000;\">Les autres proc\u00e9dures anti-\u00e2ge tr\u00e8s fr\u00e9quemment utilis\u00e9es, dites de comblement, sont des injections le plus souvent \u00e0 base d\u2019acide hyaluronique. <\/span><\/strong><\/h4><h4><span style=\"color: #000000;\"><strong><em>Introduites en Europe au d\u00e9but des ann\u00e9es 2000,<\/em><\/strong><span style=\"font-weight: normal;\"> ces injections comblent les rides, corrigent les pertes de volume du visage, lissent la surface cutan\u00e9e et am\u00e9liorent l\u2019hydratation de la peau. <\/span><\/span><span style=\"color: #000000;\"><span style=\"font-weight: normal;\">De nombreuses publications rapportent non seulement <\/span><em><span style=\"font-weight: normal;\">l\u2019effet quantifiable imm\u00e9diat <\/span><\/em><span style=\"font-weight: normal;\">de ces injections sur l\u2019effacement des rides mais aussi les r\u00e9percussions sur la qualit\u00e9 de vie et le bien-\u00eatre des patients trait\u00e9s. <\/span><\/span><\/h4><ol><li><h4><span style=\"color: #000000;\"><span style=\"font-weight: normal;\">Dans une \u00e9tude men\u00e9e en 2020, on a \u00e9valu\u00e9 <\/span><em><span style=\"font-weight: normal;\">l\u2019impact positif d\u2019injections d\u2019acide hyaluronique<\/span><\/em><span style=\"font-weight: normal;\"> sur la perception subjective par les patients eux-m\u00eames, gr\u00e2ce <\/span><em><span style=\"font-weight: normal;\">au <span style=\"color: #000000;\"><strong>questionnaire \u00ab My Skin \u00bb<\/strong><\/span><\/span><\/em><span style=\"font-weight: normal;\"> d\u00e9velopp\u00e9 sp\u00e9cifiquement. <\/span><\/span><span style=\"color: #000000;\"><span style=\"font-weight: normal;\">Chez ces 57 femmes (\u00e2ge 35-55 ans), trait\u00e9es pour leurs rides du visage, l\u2019am\u00e9lioration cutan\u00e9e \u00e9tait positivement corr\u00e9l\u00e9e avec un <\/span><em><span style=\"font-weight: normal;\">meilleur sentiment d\u2019autonomie<\/span><\/em><span style=\"font-weight: normal;\"> (p = 0,028) e<\/span><em><span style=\"font-weight: normal;\">t de bien-\u00eatre<\/span><\/em><span style=\"font-weight: normal;\"> (p = 0,008). <\/span><\/span><span style=\"color: #000000;\"><span style=\"font-weight: normal;\">C\u2019est chez les femmes les plus \u00e2g\u00e9es, m\u00e9nopaus\u00e9es ou pas, que l\u2019on retrouve les am\u00e9liorations les plus significatives du bien-\u00eatre.<\/span><\/span><\/h4><\/li><li><h4>On doit aussi citer le travail prospectif tr\u00e8s int\u00e9ressant fait en Allemagne sur 145 patientes, d\u2019\u00e2ge moyen 50 ans, ayant re\u00e7u des injections de toxine botulique et\/ou d&rsquo;acide hyaluronique <span style=\"font-weight: normal;\">compar\u00e9s \u00e0 un groupe contr\u00f4le issu de base de donn\u00e9es (BGR 2013). <\/span>Dans le groupe de femmes qui se fait traiter ses rides on note une moindre surcharge pond\u00e9rale, ce sont plus souvent des c\u00e9libataires, elles ont un niveau d\u2019\u00e9ducation plus \u00e9lev\u00e9, et leur qualit\u00e9 de vie \u00e9valu\u00e9e par WhoQOLet BFI-10\u00a0<span style=\"font-weight: normal;\">est sup\u00e9rieure. <\/span>Ces femmes ne pr\u00e9sentent pas plus de signes de troubles dysmorphies que le groupe contr\u00f4le qui ne se fait pas traiter ses rides.<\/h4><\/li><\/ol><h4><span style=\"color: #000000;\"><span style=\"font-weight: normal;\">Dans d\u2019autres situations telles que <strong><span style=\"color: #000000;\"><em>les lipo-atrophies faciales<\/em> <em>des patients trait\u00e9s pour VIH,<\/em> <\/span><\/strong>la stigmatisation sociale peut \u00eatre extr\u00eame. <\/span><\/span><\/h4><h4><span style=\"color: #000000;\"><span style=\"font-weight: normal;\"><span style=\"color: #000000;\"><strong>Et l\u00e0 aussi corriger l\u2019apparence par des produits de comblement, acide hyaluronique ou greffe de graisse autologue,<\/strong><\/span> permet une am\u00e9lioration significative non seulement de l\u2019atrophie des joues, mais parall\u00e8lement aura un impact psychologique positif, bien d\u00e9montr\u00e9 dans de nombreuses \u00e9tudes, sur le bien-\u00eatre et la qualit\u00e9 de vie.<\/span><\/span><\/h4><h4><span style=\"color: #000000;\"><strong><em>Les traitements combin\u00e9s<\/em> ont aussi \u00e9t\u00e9 \u00e9valu\u00e9s et on a rapport\u00e9 l\u2019am\u00e9lioration de qualit\u00e9 de vie lors de traitements des rides <em>associant toxine botulique et acide hyaluronique. <\/em><\/strong><\/span><\/h4><h4><span style=\"color: #000000;\"><span style=\"font-weight: normal;\">Durant 6 mois les 60 patients (50 femmes, 10 hommes) \u00e2g\u00e9s de 18 \u00e0 64 ans (phototypes II \u00e0 V) ont eu une <\/span><strong><em>am\u00e9lioration de leur bien-\u00eatre<\/em> (World Health Organization -Five Well-Being Index, WHO-5) <em>et de leur estime de soi<\/em> (Heatherton &amp; Polivy State Self-Esteem Scale, HPSS).\u00a0 <\/strong><\/span><\/h4><h4><span style=\"color: #000000;\"><span style=\"font-weight: normal;\">Ces am\u00e9liorations du bien-\u00eatre sont significatives d\u00e8s la troisi\u00e8me semaine (p = 0.008) et persistent \u00e0 6 mois (p = 0.037). <\/span><\/span><span style=\"color: #000000;\"><span style=\"font-weight: normal;\">De m\u00eame, pour l\u2019estime de soi, l\u2019am\u00e9lioration est significative \u00e0 3 semaines (p &lt; .001), et persiste 4 mois apr\u00e8s (p = .002) ainsi qu\u2019\u00e0 6 mois (p = .006). <\/span><\/span><\/h4><h4><strong><span style=\"color: #000000;\"><em>Ces m\u00e9thodologies ont aussi \u00e9t\u00e9 utilis\u00e9es pour \u00e9valuer l\u2019impact sur le bien \u00eatre des peelings qui sont utilis\u00e9s depuis longtemps en esth\u00e9tique<\/em>. <\/span><\/strong><\/h4><h4><span style=\"color: #000000;\"><span style=\"font-weight: normal;\">Cette proc\u00e9dure de lissage de la surface cutan\u00e9e permet une exfoliation plus ou moins profonde de la peau gr\u00e2ce \u00e0 des actifs tels que TCA, AHA, souvent associ\u00e9s \u00e0 des complexes de Vitamines, de d\u00e9pigmentants, etc&#8230; <\/span><\/span><span style=\"color: #000000;\"><span style=\"font-weight: normal;\">Ils att\u00e9nuent les ridules superficielles, traitent les t\u00e2ches d\u2019hyperpigmentation, les cicatrices d\u2019acn\u00e9, et am\u00e9liorent l\u2019aspect de surface de la peau. <\/span><\/span><\/h4><h4><span style=\"color: #000000;\"><strong><em>Gr\u00e2ce \u00e0 ces multiples propri\u00e9t\u00e9s, les peelings ont des effets non n\u00e9gligeables sur la qualit\u00e9 de vie.\u00a0 <\/em><\/strong><\/span><\/h4><h4><span style=\"color: #000000;\"><span style=\"font-weight: normal;\">Une \u00e9tude r\u00e9alis\u00e9e aux USA a d\u00e9montr\u00e9 gr\u00e2ce au DLQI une am\u00e9lioration de la qualit\u00e9 de vie des patients trait\u00e9s par <\/span><em><span style=\"font-weight: normal;\">peeling \u00e0 base d\u2019acide salicylique<\/span><\/em><span style=\"font-weight: normal;\"> pour r\u00e9duire des l\u00e9sions d\u2019hyperpigmentation post-inflammatoire [20]. <\/span><\/span><\/h4><h4><span style=\"color: #000000;\"><span style=\"font-weight: normal;\">Chez ces patients au phototype fonc\u00e9 (IV-VI), sur le c\u00f4t\u00e9 du visage, le traitement des taches les a significativement r\u00e9duites et la qualit\u00e9 de vie mesur\u00e9e par DLQI a \u00e9t\u00e9 nettement am\u00e9lior\u00e9e (8,4 avant le peeling, 6,7 deux semaines apr\u00e8s traitement).<\/span><\/span><\/h4><h4><span style=\"color: #000000;\"><strong><em>Cette am\u00e9lioration de l\u2019estime de soi<\/em><\/strong><span style=\"font-weight: normal;\"> est aussi observ\u00e9e chez les adolescents, p\u00e9riode critique de la vie ou l\u2019image corporelle est tr\u00e8s charg\u00e9e \u00e9motionnellement, les l\u00e9sions d\u2019acn\u00e9 et leurs cicatrices aggravant nettement l\u2019estime de soi. <\/span><\/span><\/h4><h4><span style=\"color: #000000;\"><strong><em>Les peelings<\/em><\/strong><span style=\"font-weight: normal;\"><span style=\"color: #000000;\"><strong> utilis\u00e9s \u00e0 vis\u00e9e th\u00e9rapeutique chez 67 adolescents <\/strong><\/span>pour leur acn\u00e9, leurs cicatrices etc.\u2026 et chez 59 autres pour des motifs uniquement esth\u00e9tiques, clart\u00e9 du teint, imperfections, ont permis une am\u00e9lioration significative des scores de qualit\u00e9 de vie mesur\u00e9s par le <\/span><span style=\"color: #0000ff;\"><strong><em>RSES<\/em> <em>(Rosenberg Self-Esteem Scale)<\/em><\/strong><\/span><span style=\"font-weight: normal;\"> quel que soit le motif de demande des peelings.<\/span><\/span><\/h4><h4><span style=\"color: #000000;\"><strong>Gr\u00e2ce \u00e0 ces nombreuses \u00e9chelles valid\u00e9es, on confirme dans ces \u00e9tudes l\u2019influence b\u00e9n\u00e9fique sur le bien-\u00eatre des proc\u00e9dures par peeling, proc\u00e9dure certes utilis\u00e9e depuis longtemps, mais toujours d\u2019actualit\u00e9 tant la satisfaction des patients est bien d\u00e9montr\u00e9e.<\/strong><\/span><\/h4>\t\t\t\t\t\t\t\t<\/div>\n\t\t\t\t<\/div>\n\t\t\t\t\t<\/div>\n\t\t<\/div>\n\t\t\t\t\t<\/div>\n\t\t<\/section>\n\t\t\t\t<section class=\"elementor-section elementor-top-section elementor-element elementor-element-cdc7209 elementor-section-boxed elementor-section-height-default elementor-section-height-default\" data-id=\"cdc7209\" data-element_type=\"section\" data-e-type=\"section\">\n\t\t\t\t\t\t<div class=\"elementor-container elementor-column-gap-default\">\n\t\t\t\t\t<div class=\"elementor-column elementor-col-100 elementor-top-column elementor-element elementor-element-8fb1f40\" data-id=\"8fb1f40\" data-element_type=\"column\" data-e-type=\"column\">\n\t\t\t<div class=\"elementor-widget-wrap elementor-element-populated\">\n\t\t\t\t\t\t<div class=\"elementor-element elementor-element-0f2f49b elementor-widget elementor-widget-image\" data-id=\"0f2f49b\" data-element_type=\"widget\" data-e-type=\"widget\" data-widget_type=\"image.default\">\n\t\t\t\t<div class=\"elementor-widget-container\">\n\t\t\t\t\t\t\t\t\t\t\t\t\t\t\t<img loading=\"lazy\" decoding=\"async\" width=\"384\" height=\"842\" src=\"https:\/\/looketmedecine.fr\/wp-content\/uploads\/2020\/10\/Capture-d\u2019e\u0301cran-2020-10-11-a\u0300-15.26.56.png\" class=\"attachment-medium_large size-medium_large wp-image-680\" alt=\"\" srcset=\"https:\/\/looketmedecine.fr\/wp-content\/uploads\/2020\/10\/Capture-d\u2019e\u0301cran-2020-10-11-a\u0300-15.26.56.png 384w, https:\/\/looketmedecine.fr\/wp-content\/uploads\/2020\/10\/Capture-d\u2019e\u0301cran-2020-10-11-a\u0300-15.26.56-137x300.png 137w\" sizes=\"(max-width: 384px) 100vw, 384px\" \/>\t\t\t\t\t\t\t\t\t\t\t\t\t\t\t<\/div>\n\t\t\t\t<\/div>\n\t\t\t\t\t<\/div>\n\t\t<\/div>\n\t\t\t\t\t<\/div>\n\t\t<\/section>\n\t\t\t\t<section class=\"elementor-section elementor-top-section elementor-element elementor-element-1398b37 elementor-section-boxed elementor-section-height-default elementor-section-height-default\" data-id=\"1398b37\" data-element_type=\"section\" data-e-type=\"section\">\n\t\t\t\t\t\t<div class=\"elementor-container elementor-column-gap-default\">\n\t\t\t\t\t<div class=\"elementor-column elementor-col-100 elementor-top-column elementor-element elementor-element-884eff0\" data-id=\"884eff0\" data-element_type=\"column\" data-e-type=\"column\">\n\t\t\t<div class=\"elementor-widget-wrap elementor-element-populated\">\n\t\t\t\t\t\t<div class=\"elementor-element elementor-element-bb300e9 elementor-widget elementor-widget-text-editor\" data-id=\"bb300e9\" data-element_type=\"widget\" data-e-type=\"widget\" data-widget_type=\"text-editor.default\">\n\t\t\t\t<div class=\"elementor-widget-container\">\n\t\t\t\t\t\t\t\t\t<h4>\u00a0<\/h4><h4 style=\"text-align: center;\"><strong><span style=\"color: #d4b054;\">ET LA CHIRURGIE ESTH\u00c9TIQUE ?<\/span><\/strong><\/h4><h4 style=\"text-align: center;\"><span style=\"color: #ff9900;\"><strong><em>Pour la durabilit\u00e9 de la satisfaction<\/em> et <em>l\u2019effet long terme sur l\u2019image corporelle.<\/em><\/strong><\/span><\/h4><div><h4><span style=\"color: #000000;\"><span style=\"font-weight: normal;\">S\u2019il y a un domaine o\u00f9 la chirurgie du visage n\u2019est pas contestable, c\u2019est bien la reconstruction faciale post traumatique. <\/span><\/span><span style=\"color: #000000;\"><span style=\"font-weight: normal;\">En revanche, que n\u2019a-t-on pas entendu sur les motivations de la chirurgie esth\u00e9tique du visage et sur leurs protagonistes. <\/span><\/span><\/h4><h4><span style=\"color: #000000;\"><span style=\"font-weight: normal;\">Si effectivement, les caract\u00e9ristiques plus \u00e9motionnelles des femmes qui ont recours \u00e0 un lifting facial sont r\u00e9elles, les cons\u00e9quences b\u00e9n\u00e9fiques sur le bien-\u00eatre ne sont plus contestables et gr\u00e2ce aux \u00e9chelles de Qualit\u00e9 de Vie valid\u00e9es, la quantification de ces b\u00e9n\u00e9fices est aujourd\u2019hui largement d\u00e9montr\u00e9e.<\/span><\/span><\/h4><h4><span style=\"color: #000000;\"><span style=\"font-weight: normal;\"><strong><span style=\"color: #000000;\"><em>Dans une \u00e9tude indienne de 2014,<\/em> <\/span><\/strong>les auteurs ont prouv\u00e9 que la chirurgie esth\u00e9tique et reconstructive impactait la qualit\u00e9 de vie des patients.\u00a0 <\/span><\/span><\/h4><h4><span style=\"color: #000000;\"><span style=\"font-weight: normal;\">Dans cette \u00e9tude, 91 patients dont 43 ont eu une chirurgie pour raisons esth\u00e9tiques et 48 une chirurgie reconstructive. <\/span><\/span><span style=\"color: #000000;\"><span style=\"font-weight: normal;\">La qualit\u00e9 de vie avant puis 3 mois apr\u00e8s chirurgie a \u00e9t\u00e9 mesur\u00e9e par deux \u00e9chelles diff\u00e9rentes : <\/span><span style=\"color: #0000ff;\"><strong><em>Short Form (SF)-36 et BCS.<\/em><\/strong><\/span><\/span><span style=\"color: #0000ff;\"><strong>\u00a0<\/strong><\/span><\/h4><ol><li><h4><span style=\"color: #000000;\"><span style=\"color: #0000ff;\"><strong><em>Le SF-36<\/em><\/strong><\/span> <span style=\"font-weight: normal;\">est une \u00e9chelle d\u2019\u00e9valuation de la sant\u00e9 mentale, de la vitalit\u00e9 et du r\u00f4le social en g\u00e9n\u00e9ral, tandis que le <\/span><em><span style=\"font-weight: normal;\">BCS<\/span><\/em><em><span style=\"font-weight: normal;\">(Body Cathexis)<\/span><\/em><span style=\"font-weight: normal;\"> \u00e9value le niveau de satisfaction de l\u2019image corporelle.<\/span><\/span><\/h4><\/li><li><h4><span style=\"color: #0000ff;\"><strong>Le BCS<\/strong><\/span> montre que l\u2019image corporelle \u00e9tait moins bonne avant l\u2019intervention et que les alt\u00e9rations de perception d\u2019image corporelle \u00e9taient quasi constantes.<\/h4><\/li><\/ol><h4><span style=\"color: #000000;\"><span style=\"font-weight: normal;\">Au d\u00e9cours de la chirurgie, les scores ont \u00e9t\u00e9 nettement am\u00e9lior\u00e9s : 148,38 \u00e0 168,38 pour la chirurgie reconstructive et bien s\u00fbr d\u2019une moindre intensit\u00e9, 153,44 \u00e0 166,81, pour la chirurgie esth\u00e9tique. <\/span><\/span><\/h4><h4><span style=\"color: #000000;\"><span style=\"font-weight: normal;\">En ce qui concerne <strong><span style=\"color: #000000;\"><span style=\"color: #0000ff;\">l\u2019\u00e9chelle SF-36<\/span>,<\/span><\/strong> les scores moyens montrent qu\u2019avant chirurgie <\/span><em><span style=\"font-weight: normal;\">le bien-\u00eatre notamment sa dimension \u00e9motionnelle<\/span><\/em><span style=\"font-weight: normal;\"> est, comme attendu, beaucoup plus faible avant chirurgie reconstructive (11,81) qu\u2019avant chirurgie esth\u00e9tique (44,96). <\/span><\/span><\/h4><h4><span style=\"color: #000000;\"><span style=\"font-weight: normal;\">Apr\u00e8s l\u2019op\u00e9ration, les deux scores ont respectivement augment\u00e9 \u00e0 80,56 et 86,05. <\/span><\/span><\/h4><h4><span style=\"color: #000000;\"><span style=\"font-weight: normal;\">Le gain est spectaculaire apr\u00e8s chirurgie reconstructive. Il est int\u00e9ressant de constater qu\u2019apr\u00e8s l\u2019acte chirurgical, les niveaux de bien-\u00eatre sont similaires pour les deux groupes.<\/span><\/span><\/h4><h4><span style=\"color: #000000;\"><span style=\"font-weight: normal;\"><span style=\"color: #0000ff;\"><strong><span style=\"color: #000000;\">Une \u00e9tude a men\u00e9e pendant 3 ans, au Canada<\/span><\/strong>,<\/span> sur 93 patients dont 82 femmes, op\u00e9r\u00e9s pour une <\/span><em><span style=\"font-weight: normal;\">rhinoplastie<\/span><\/em><span style=\"font-weight: normal;\"> (49%) ou une <\/span><em><span style=\"font-weight: normal;\">chirurgie anti-\u00e2ge<\/span><\/em><span style=\"font-weight: normal;\"> (51%) a permis d\u2019\u00e9valuer la qualit\u00e9 de vie par <\/span><span style=\"color: #0000ff;\"><strong><span style=\"color: #000000;\"><em><span style=\"color: #0000ff;\">l\u2019\u00e9chelle<\/span> <span style=\"color: #0000ff;\">DAS-59 (59-item Derriford Appearance Scale) [<\/span><\/em><\/span><\/strong><span style=\"font-weight: normal;\"><strong>23]<\/strong>. <\/span><\/span><\/span><span style=\"color: #000000;\"><span style=\"font-weight: normal;\">Cette \u00e9chelle valid\u00e9e \u00e9value la d\u00e9tresse psychologique associ\u00e9e \u00e0 la confiance de soi, \u00e0 l\u2019apparence du visage.<\/span><\/span><span style=\"color: #0000ff;\"> \u00a0<\/span><\/h4><h4><span style=\"color: #000000;\"><strong><em>DAS-59<\/em><\/strong><span style=\"font-weight: normal;\"> regroupe 57 \u00e9l\u00e9ments d\u2019auto-\u00e9valuation qui sont divis\u00e9s en six domaines : <\/span><\/span><\/h4><ol><li><h6><span style=\"color: #000000;\">conscience g\u00e9n\u00e9rale de l\u2019apparence, <\/span><\/h6><\/li><li><h6>conscience sociale de l\u2019apparence,<\/h6><\/li><li><h6>conscience de soi de l\u2019apparence sexuelle et corporelle,<\/h6><\/li><li><h6>image de soi n\u00e9gative,<\/h6><\/li><li><h6>conscience de soi de l\u2019apparence faciale,<\/h6><\/li><li><h6>d\u00e9tresse physique et dysfonctionnement.<\/h6><\/li><\/ol><h4><span style=\"color: #000000;\"><span style=\"font-weight: normal;\"><span style=\"color: #000000;\"><strong>Apr\u00e8s rhinoplastie,<\/strong><\/span> les scores globaux de conscience g\u00e9n\u00e9rale de soi et de l\u2019image de soi n\u00e9gative ont \u00e9t\u00e9 significativement am\u00e9lior\u00e9s.<\/span><\/span><\/h4><h4><span style=\"color: #000000;\"><span style=\"font-weight: normal;\"><strong><span style=\"color: #000000;\">Pour la chirurgie anti-\u00e2ge,<\/span><\/strong> le DAS-59 a \u00e9t\u00e9 am\u00e9lior\u00e9 pour le domaine de satisfaction de l\u2019apparence faciale et corporelle. <\/span><\/span><\/h4><h4><span style=\"color: #000000;\"><strong><em>La chirurgie esth\u00e9tique a un effet positif sur la qualit\u00e9 de vie en enrichissant le bien-\u00eatre global, le sentiment de satisfaction et d\u2019assurance.<\/em> \u00a0<\/strong><\/span><\/h4><h4><span style=\"color: #000000;\"><strong>On voit ainsi que la chirurgie esth\u00e9tique n\u2019est pas qu\u2019un simple \u00ab d\u00e9sir \u00bb futile mais une prise en charge d\u2019une pr\u00e9occupation sociale, un renforcement de la confiance en soi.<\/strong><\/span><\/h4><h4><span style=\"color: #000000;\"><strong><em>Compte tenu du la multiplicit\u00e9 des \u00e9chelles d\u2019\u00e9valuation du bien-\u00eatre et de la qualit\u00e9 de vie, il \u00e9tait utile de rassembler toutes ces \u00e9tudes en m\u00e9ta-analyse.\u00a0 <\/em><\/strong><\/span><\/h4><h4><span style=\"color: #000000;\"><em><span style=\"font-weight: normal;\">En 2016, Dreher R et al. ont regroup\u00e9\u00a0 vingt \u00e9tudes qualitatives et\u00a0 seize \u00e9tudes quantitatives publi\u00e9es dans PUBMED ou LILACS.\u00a0 <\/span><\/em><\/span><\/h4><h4><span style=\"color: #000000;\"><span style=\"font-weight: normal;\">Ces \u00e9tudes qui portent sur un total de 1614 patients, ont montr\u00e9 et confirm\u00e9 que la chirurgie esth\u00e9tique am\u00e9liore la qualit\u00e9 de vie. <\/span><\/span><\/h4><h4><span style=\"color: #000000;\"><strong><em>C\u2019est la mammoplastie<\/em><\/strong><span style=\"font-weight: normal;\"> qui est l\u2019op\u00e9ration esth\u00e9tique la plus pratiqu\u00e9e (12 \u00e9tudes) et qui am\u00e9liore le plus intens\u00e9ment le bien-\u00eatre comparativement aux autres interventions esth\u00e9tiques.<\/span><\/span><\/h4><h4><strong><span style=\"color: #0000ff;\"><span style=\"color: #000000;\"><em>Le remodelage du corps appel\u00e9 aussi \u00ab Body Contouring \u00bb<\/em> fait appel \u00e0 des techniques chirurgicales.\u00a0<\/span> <\/span><\/strong><span style=\"color: #000000;\"><span style=\"font-weight: normal;\">Soit il s\u2019agit de patients \u00e0 poids normal, dits patients \u00ab esth\u00e9tiques \u00bb soit le plus souvent \u00e0 la suite d\u2019une perte massive de poids apr\u00e8s une chirurgie bariatrique, quand la perte de poids est d\u2019au moins 50% de l\u2019exc\u00e9dent par rapport \u00e0 un Indice de Masse Corporel (IMC) normal de 25kg\/m2. <\/span><\/span><\/h4><h4><span style=\"color: #000000;\"><span style=\"font-weight: normal;\">En effet chez ces patients qui retrouvent petit \u00e0 petit un poids dans des valeurs quasi normales, l\u2019insatisfaction d\u2019image corporelle persiste du fait d\u2019un exc\u00e9dent de peau disgracieux et souvent g\u00eanant fonctionnellement, notamment au niveau de la paroi abdominale. <\/span><\/span><\/h4><h4><strong><span style=\"color: #000000;\"><em>C\u2019est pr\u00e9cis\u00e9ment pour ces situations que <span style=\"color: #0000ff;\">le Body-QOL<\/span> a \u00e9t\u00e9 d\u00e9velopp\u00e9, il mesure diff\u00e9rents domaines : <\/em><\/span><\/strong><\/h4><ol><li><p><strong><span style=\"color: #000000;\"><em>satisfaction corporelle<\/em><\/span><\/strong><\/p><\/li><li><p><strong><span style=\"color: #000000;\"><em style=\"font-size: 0.813rem;\">estime de soi et performance sociale<\/em><\/span><\/strong><\/p><\/li><li><p><strong><span style=\"color: #000000;\"><em style=\"font-size: 0.813rem;\">vie sexuelle<\/em><\/span><\/strong><\/p><\/li><li><p><span style=\"color: #000000;\"><strong><em style=\"font-size: 0.813rem;\">sympt\u00f4mes physiques.<\/em><\/strong><\/span><\/p><\/li><\/ol><h4><span style=\"color: #000000;\"><span style=\"color: #0000ff;\"><strong><em>Le Body-QOL<\/em><\/strong><\/span><span style=\"font-weight: normal;\"> a \u00e9t\u00e9 utilis\u00e9 pour comparer les cons\u00e9quences de la chirurgie de remodelage du corps sur l\u2019estime de soi et bien \u00eatre chez des patients ayant eu une perte massive de poids ou des patients contr\u00f4les de chirurgie abdominale esth\u00e9tique en dehors de ce contexte de perte de poids massive (respectivement 20 et 92 patients). <\/span><\/span><\/h4><h4><strong><span style=\"color: #000000;\"><em>Les actes chirurgicaux pratiqu\u00e9s consistaient en\u00a0: <\/em><\/span><\/strong><\/h4><ol><li><p><strong><span style=\"color: #000000;\"><em>abdominoplastie<\/em><\/span><\/strong><\/p><\/li><li><p><strong><span style=\"color: #000000;\"><em style=\"font-size: 0.813rem;\">liposuccion<\/em><\/span><\/strong><\/p><\/li><li><p><strong><span style=\"color: #000000;\"><em style=\"font-size: 0.813rem;\">lipo-abdominoplastie,<\/em><\/span><\/strong><\/p><\/li><li><p><strong><span style=\"color: #000000;\"><em style=\"font-size: 0.813rem;\">et\/ou lifting du bas du corps.<\/em><\/span><\/strong><\/p><\/li><\/ol><h4><span style=\"color: #000000;\"><span style=\"font-weight: normal;\">Si en pr\u00e9op\u00e9ratoire,<span style=\"color: #0000ff;\"><strong> les scores du Body-QOL<\/strong> <\/span>\u00e9taient plus faibles pour la cohorte de perte de poids massive (33,9) que la cohorte de chirurgie esth\u00e9tique (46,1) ; en post-op\u00e9ratoire, les scores des deux cohortes ne sont pas significativement diff\u00e9rents (P = 0,223 \u00e0 9 mois et P = 0,1133 \u00e0 2,7 ans). <\/span><\/span><\/h4><h4><strong><span style=\"color: #000000;\">Il est int\u00e9ressant de noter un effet plateau \u00e0 3 mois et maintenu pendant toute la dur\u00e9e d\u2019observation, signifiant <em>la durabilit\u00e9 de la satisfaction<\/em> et <em>l\u2019effet long terme sur l\u2019image corporelle<\/em>, y compris pour les patients dits \u00abesth\u00e9tiques\u00bb.\u00a0<\/span><\/strong><\/h4><\/div>\t\t\t\t\t\t\t\t<\/div>\n\t\t\t\t<\/div>\n\t\t\t\t\t<\/div>\n\t\t<\/div>\n\t\t\t\t\t<\/div>\n\t\t<\/section>\n\t\t\t\t<section class=\"elementor-section elementor-top-section elementor-element elementor-element-b7a64bb elementor-section-boxed elementor-section-height-default elementor-section-height-default\" data-id=\"b7a64bb\" data-element_type=\"section\" data-e-type=\"section\">\n\t\t\t\t\t\t<div class=\"elementor-container elementor-column-gap-default\">\n\t\t\t\t\t<div class=\"elementor-column elementor-col-50 elementor-top-column elementor-element elementor-element-8e4a226\" data-id=\"8e4a226\" data-element_type=\"column\" data-e-type=\"column\">\n\t\t\t<div class=\"elementor-widget-wrap elementor-element-populated\">\n\t\t\t\t\t\t<div class=\"elementor-element elementor-element-737fa50 elementor-widget elementor-widget-image\" data-id=\"737fa50\" data-element_type=\"widget\" data-e-type=\"widget\" data-widget_type=\"image.default\">\n\t\t\t\t<div class=\"elementor-widget-container\">\n\t\t\t\t\t\t\t\t\t\t\t\t\t\t\t<img loading=\"lazy\" decoding=\"async\" width=\"656\" height=\"427\" src=\"https:\/\/looketmedecine.fr\/wp-content\/uploads\/2020\/10\/Capture-d\u2019e\u0301cran-2020-10-11-a\u0300-15.27.08.png\" class=\"attachment-large size-large wp-image-681\" alt=\"\" srcset=\"https:\/\/looketmedecine.fr\/wp-content\/uploads\/2020\/10\/Capture-d\u2019e\u0301cran-2020-10-11-a\u0300-15.27.08.png 656w, https:\/\/looketmedecine.fr\/wp-content\/uploads\/2020\/10\/Capture-d\u2019e\u0301cran-2020-10-11-a\u0300-15.27.08-300x195.png 300w\" sizes=\"(max-width: 656px) 100vw, 656px\" \/>\t\t\t\t\t\t\t\t\t\t\t\t\t\t\t<\/div>\n\t\t\t\t<\/div>\n\t\t\t\t\t<\/div>\n\t\t<\/div>\n\t\t\t\t<div class=\"elementor-column elementor-col-50 elementor-top-column elementor-element elementor-element-b7aa4a8\" data-id=\"b7aa4a8\" data-element_type=\"column\" data-e-type=\"column\">\n\t\t\t<div class=\"elementor-widget-wrap elementor-element-populated\">\n\t\t\t\t\t\t<div class=\"elementor-element elementor-element-7d562f9 elementor-widget elementor-widget-image\" data-id=\"7d562f9\" data-element_type=\"widget\" data-e-type=\"widget\" data-widget_type=\"image.default\">\n\t\t\t\t<div class=\"elementor-widget-container\">\n\t\t\t\t\t\t\t\t\t\t\t\t\t\t\t<img loading=\"lazy\" decoding=\"async\" width=\"643\" height=\"417\" src=\"https:\/\/looketmedecine.fr\/wp-content\/uploads\/2020\/10\/Capture-d\u2019e\u0301cran-2020-10-11-a\u0300-15.27.16.png\" class=\"attachment-large size-large wp-image-682\" alt=\"\" srcset=\"https:\/\/looketmedecine.fr\/wp-content\/uploads\/2020\/10\/Capture-d\u2019e\u0301cran-2020-10-11-a\u0300-15.27.16.png 643w, https:\/\/looketmedecine.fr\/wp-content\/uploads\/2020\/10\/Capture-d\u2019e\u0301cran-2020-10-11-a\u0300-15.27.16-300x195.png 300w\" sizes=\"(max-width: 643px) 100vw, 643px\" \/>\t\t\t\t\t\t\t\t\t\t\t\t\t\t\t<\/div>\n\t\t\t\t<\/div>\n\t\t\t\t\t<\/div>\n\t\t<\/div>\n\t\t\t\t\t<\/div>\n\t\t<\/section>\n\t\t\t\t<section class=\"elementor-section elementor-top-section elementor-element elementor-element-44d59ef elementor-section-boxed elementor-section-height-default elementor-section-height-default\" data-id=\"44d59ef\" data-element_type=\"section\" data-e-type=\"section\">\n\t\t\t\t\t\t<div class=\"elementor-container elementor-column-gap-default\">\n\t\t\t\t\t<div class=\"elementor-column elementor-col-100 elementor-top-column elementor-element elementor-element-e6dc16f\" data-id=\"e6dc16f\" data-element_type=\"column\" data-e-type=\"column\">\n\t\t\t<div class=\"elementor-widget-wrap elementor-element-populated\">\n\t\t\t\t\t\t<div class=\"elementor-element elementor-element-1b51299 elementor-widget elementor-widget-text-editor\" data-id=\"1b51299\" data-element_type=\"widget\" data-e-type=\"widget\" data-widget_type=\"text-editor.default\">\n\t\t\t\t<div class=\"elementor-widget-container\">\n\t\t\t\t\t\t\t\t\t<h2 style=\"text-align: center;\"><strong><span style=\"color: #d4b054;\"><em>LE FACE-Q<\/em><em>\u00a0<\/em><\/span><\/strong><\/h2><h3 style=\"text-align: center;\"><strong><span style=\"color: #000000;\"><em>Mise en avant pour la premi\u00e8re fois, <\/em><em>la satisfaction personnelle des patients\u00a0<\/em><\/span><\/strong><\/h3><h3 style=\"text-align: center;\"><strong><span style=\"color: #000000;\"><em>concernant le r\u00e9sultat clinique de la proc\u00e9dure esth\u00e9tique est une mesure essentielle.<\/em><\/span><\/strong><\/h3><h4><span style=\"color: #000000;\"><em>Leur qualit\u00e9 de vie a \u00e9t\u00e9 mesur\u00e9e en utilisant le FACE-Q dans une \u00e9tude portait sur 31 patients.\u00a0<\/em><\/span><\/h4><h4><span style=\"color: #0000ff;\"><strong>Le FACE-Q <\/strong><\/span>est une <span style=\"color: #000000;\"><span style=\"font-weight: normal;\">\u00a0\u00e9chelle valid\u00e9e qui prend en compte les r\u00e9sultats rapport\u00e9s par le patient sur leur satisfaction de l\u2019apparence de leur visage, de l\u2019aspect de leur peau et aussi leur \u00e9valuation de l\u2019am\u00e9lioration de leurs rides, <\/span><strong>apr\u00e8s un traitement par <em>laser, d\u2019injections de produit de comblement : acide hyaluronique ou\u00a0 toxine botulique.<\/em><\/strong><\/span><\/h4><h4><span style=\"color: #000000;\"><strong>Les r\u00e9sultats montrent une am\u00e9lioration des trois param\u00e8tres mesur\u00e9s\u00a0:<\/strong><\/span><\/h4><ol><li style=\"list-style-type: none;\"><ol><li style=\"list-style-type: none;\"><ol><li style=\"list-style-type: none;\"><ol><li><h4><span style=\"color: #000000;\"><span style=\"font-weight: normal;\">De 48,4 \u00e0 73,4 pour l\u2019apparence du visage<\/span><\/span><\/h4><\/li><li><h4><span style=\"color: #000000;\"><span style=\"font-weight: normal;\">De 43,7 \u00e0 66,9 pour l\u2019aspect de la peau,<\/span><\/span><\/h4><\/li><li><h4><span style=\"color: #000000;\"><span style=\"font-weight: normal;\">Et de 55,2 \u00e0 66,8 pour l\u2019\u00e9valuation des rides.<\/span><\/span><\/h4><\/li><\/ol><\/li><\/ol><\/li><\/ol><\/li><\/ol><h4><span style=\"color: #000000;\"><span style=\"font-weight: normal;\"><span style=\"color: #000000;\"><strong>Cette \u00e9tude utilisant l\u2019\u00e9chelle FACE-Q<\/strong> <\/span>montre bien l\u2019importance du point de vue des patients dans la r\u00e9ussite des interventions cosm\u00e9tiques et l\u2019impact positif des proc\u00e9dures cosm\u00e9tiques sur la qualit\u00e9 de vie.\u00a0 <\/span><\/span><\/h4><h4><strong><span style=\"color: #000000;\">Cette approche compl\u00e8te les nombreuses \u00e9tudes ayant prouv\u00e9 <em>l\u2019impact significatif<\/em> <em>des proc\u00e9dures et interventions esth\u00e9tiques sur la qualit\u00e9 de vie et l\u2019estime de soi<\/em>, <em>en le reliant \u00e0 la modification des signes cliniques observ\u00e9s par les patients. <\/em><\/span><\/strong><\/h4>\t\t\t\t\t\t\t\t<\/div>\n\t\t\t\t<\/div>\n\t\t\t\t\t<\/div>\n\t\t<\/div>\n\t\t\t\t\t<\/div>\n\t\t<\/section>\n\t\t\t\t<section class=\"elementor-section elementor-top-section elementor-element elementor-element-7960b12 elementor-section-boxed elementor-section-height-default elementor-section-height-default\" data-id=\"7960b12\" data-element_type=\"section\" data-e-type=\"section\">\n\t\t\t\t\t\t<div class=\"elementor-container elementor-column-gap-default\">\n\t\t\t\t\t<div class=\"elementor-column elementor-col-100 elementor-top-column elementor-element elementor-element-2b3bd305\" data-id=\"2b3bd305\" data-element_type=\"column\" data-e-type=\"column\">\n\t\t\t<div class=\"elementor-widget-wrap elementor-element-populated\">\n\t\t\t\t\t\t<div class=\"elementor-element elementor-element-57a2cc1 elementor-widget elementor-widget-text-editor\" data-id=\"57a2cc1\" data-element_type=\"widget\" data-e-type=\"widget\" data-widget_type=\"text-editor.default\">\n\t\t\t\t<div class=\"elementor-widget-container\">\n\t\t\t\t\t\t\t\t\t<h2 style=\"text-align: center;\"><strong><span style=\"color: #d4b054;\">R\u00c9F\u00c9RENCES<\/span><\/strong><\/h2><p><i><span style=\"color: #000000;\"><span style=\"font-weight: normal;\">[1] Battie C, Verschoore M. Dermatology, cosmetic and well being. Ann Dermatol Venerol. 2001;138:294-301.<\/span><\/span><\/i><\/p><p><i><span style=\"color: #000000;\"><span style=\"font-weight: normal;\">[2] Pr\u00e9ambule \u00e0 la constitution de l\u2019Organisation mondiale de la sant\u00e9, tel qu\u2019adopt\u00e9 par la conf\u00e9rence internationale sur la sant\u00e9, New York, 19-22 juin 1946. Actes officiels de l\u2019organisation mondiale de la Sant\u00e9, no2, p.100.<\/span><\/span><\/i><\/p><p><i><span style=\"color: #000000;\"><span style=\"font-weight: normal;\">[3] Lilly E, Lu PD, Borovicka JH, Victorson D, Kwasny MJ, West DP, et al. Development and validation of a vitiligo-specific quality-of-life instrument (VitiQoL). J Am Acad Dermatol. 2013;69(1):e1\u20138.<\/span><\/span><\/i><\/p><p><i><span style=\"color: #000000;\"><span style=\"font-weight: normal;\">[4] Karbakhsh, M., Ghiasi, M. et al. Quality of life in patients with vitiligo: a cross-sectional study based on Vitiligo Quality of Life index (VitiQoL). Health Qual Life Outcomes 14, 86 (2016).<\/span><\/span><\/i><\/p><p><i><span style=\"color: #000000;\"><span style=\"font-weight: normal;\">[5] Finlay AY, Khan GK. Dermatology Life Quality Index (DLQI)&#8211;a simple practical measure for routine clinical use. Clin Exp Dermatol. 1994;19(3):210\u2010216. doi:10.1111\/j.13652230. 1994.tb01167.x<\/span><\/span><\/i><\/p><p><i><span style=\"color: #000000;\"><span style=\"font-weight: normal;\">[6] Aradhya SS, Manjunath K, Kasturi, Somaiah S. Quality-of-life and psychosocial impact of vitiligo in Indian patients. Pigment Int 2015;2:28-33.<\/span><\/span><\/i><\/p><p><i><span style=\"color: #000000;\"><span style=\"font-weight: normal;\">[7] Levy LL, Emer JJ. Emotional benefit of cosmetic camouflage in the treatment of facial skin conditions: personal experience and review. Clin Cosmet Investig Dermatol 2012;5:173-82. 10.2147\/CCID.S33860<\/span><\/span><\/i><\/p><p><span style=\"color: #000000;\"><span style=\"font-weight: normal;\"><i>[8] Chen D, Tuan H, Zhou EY, Liu D, <\/i>Zhao Y. (2019). Quality of life of adult vitiligo patients using camouflage: A survey in a Chinese vitiligo community. PLoS ONE 14(1): e0210581.<\/span><\/span><\/p><p><span style=\"color: #000000;\"><span style=\"font-weight: normal;\">[9] Morgaonkar M, Gupta S, Vijay A, Jain SK. Sharma M, Agarwal S. Melasma: Its impact on quality of life. Pigment Int 2017; 4:39-44<\/span><\/span><\/p><p><span style=\"color: #000000;\"><span style=\"font-weight: normal;\">[10] Sarkar R, Ghunawat S, Narang I, Verma S, Garg VK, Dua R. Role of broad\u2010spectrum sunscreen alone in the improvement of melasma area severity index (MASI) and melasma quality of life index in melasma. J Cosmet Dermatol. 2019; 00:1\u20138<\/span><\/span><\/p><p><span style=\"color: #000000;\"><span style=\"font-weight: normal;\">[11] Beresniak A, Auray JP, Duru G, Krueger GG, Talarico S, et al. (2017) Impact on the Quality of Life of Two Cosmetic Camouflage Products for Facial Aesthetic Imperfections of Skin Phototypes III and IV: Interest of the Beautyqol Instrument. J Clinic Exper Cosme Derma 1: 001.<\/span><\/span><\/p><p><span style=\"color: #000000;\"><span style=\"font-weight: normal;\">[12] R. Kornhaber, D. Visentin, D.K. Thapa, S. West, A. Mckittrick, J. Haik, M. Cleary. Cosmetic camouflage improves quality of life among patients with skin disfigurement: a systematic review. Body Image 27 (2018) 98-108.<\/span><\/span><\/p><p><span style=\"color: #000000;\"><span style=\"font-weight: normal;\">[13] Wohlrab J, Bangemann N, Kleine-Tebbe A, et al. Barrier protective use of skin care to prevent chemotherapy-induced cutaneous symptoms and to maintain quality of life in patients with breast cancer. Breast Cancer (Dove Med Press). 2014;6:115-122. Published 2014 Aug 1. doi:10.2147\/BCTT.S61699<\/span><\/span><\/p><p><span style=\"color: #000000;\"><span style=\"font-weight: normal;\">[14] Guide beaut\u00e9 pour les patients en soins anti-cancer. Verschoore Mich\u00e8le. Rose Magazine. <\/span><a style=\"color: #000000;\" href=\"https:\/\/www.rose-up.fr\/rose-magazine\/#1\" target=\"_blank\" rel=\"noopener noreferrer nofollow\"><span style=\"font-weight: normal;\">https:\/\/www.rose-up.fr\/rose-magazine\/#1<\/span><\/a><\/span><\/p><p><span style=\"color: #000000;\"><span style=\"font-weight: normal;\">[15] Dayan SH, Arkins JP, Patel AB, Gal TJ. A double-blind, randomized, placebo-controlled health-outcomes survey of the effect of botulinum toxin type A injections on quality of life and self-esteem. Dermatol Surg. 2010;36. Suppl. 4:2088\u20102097. doi:10.1111\/j.1524-4725.2010. 01795.x<\/span><\/span><\/p><p><span style=\"color: #000000;\"><span style=\"font-weight: normal;\">[16] Matecka M, Lelonkiewicz M, Pieczy\u0144ska A, Pawlaczyk M. Subjective Evaluation of the Results of Injectable Hyaluronic Acid Fillers for the Face. Clin Interv Aging. 2020;15:39\u201045. Published 2020 Jan 13. doi:10.2147\/CIA.S233405<\/span><\/span><\/p><p><span style=\"color: #000000;\"><span style=\"font-weight: normal;\">[17] Scharschmidt D, Mirastschijski U, Preiss S, Br\u00e4hler E, Fischer T, Borkenhagen A. Body Image, Personality Traits, and Quality of Life in Botulinum Toxin A and Dermal Filler Patients. Aesthetic Plast Surg. 2018;42(4):1119\u20101125. doi:10.1007\/s00266-018-1165-3<\/span><\/span><\/p><p><span style=\"color: #000000;\"><span style=\"font-weight: normal;\">[18] Kraus CN, Chapman LW, Korta DZ, Zachary CB. Quality of life outcomes associated with treatment of human immunodeficiency virus (HIV) facial lipoatrophy. Int J Dermatol. 2016;55(12):1311\u20101320. doi:10.1111\/ijd.13374<\/span><\/span><\/p><p><span style=\"color: #000000;\"><span style=\"font-weight: normal;\">[19] Molina B, David M, Jain R, et al. Patient Satisfaction and Efficacy of Full-Facial Rejuvenation Using a Combination of Botulinum Toxin Type A and Hyaluronic Acid Filler. Dermatol Surg. 2015;41 Suppl 1: S325\u2010S332. doi:10.1097\/DSS.0000000000000548<\/span><\/span><\/p><p><span style=\"color: #000000;\"><span style=\"font-weight: normal;\">[20] Joshi SS, Boone SL, Alam M, et al. Effectiveness, safety, and effect on quality of life of topical salicylic acid peels for treatment of post-inflammatory hyperpigmentation in dark skin. Dermatol Surg. 2009;35(4):638\u2010644. doi:10.1111\/j.1524-4725.2009. 01103.x<\/span><\/span><\/p><p><span style=\"color: #000000;\"><span style=\"font-weight: normal;\">[21] Kouris Anargyros, Platsidaki Eftychia, Christodoulou Christos, Efstathiou Vasiliki, Markantoni Vasiliki, Armyra Kaliopi, Potouridou Irene, Rigopoulos Dimitrios &amp; Kontochristopoulos George (2017): Patients\u2019 self-esteem before and after chemical peeling procedure. Journal of Cosmetic and Laser Therapy. DOI: 10.1080\/14764172.2017.1400168.<\/span><\/span><\/p><p><span style=\"color: #000000;\"><span style=\"font-weight: normal;\">[22] Y\u0131ld\u0131z T, Selimen D. The Impact of Facial Aesthetic and Reconstructive Surgeries on Patients&rsquo; Quality of Life. Indian J Surg. 2015;77(Suppl 3):831-836. doi:10.1007\/s12262-013-1024-z<\/span><\/span><\/p><p><span style=\"color: #000000;\"><span style=\"font-weight: normal;\">[23] Litner JA, Rotenberg BW, Dennis M, Adamson PA. Impact of cosmetic facial surgery on satisfaction with appearance and quality of life. Archives of facial plastic surgery. 2008;10(2):79-83.<\/span><\/span><\/p><p><span style=\"color: #000000;\"><span style=\"font-weight: normal;\">[24] Dreher R, Blaya C, Ten\u00f3rio JL, Saltz R, Ely PB, Ferr\u00e3o YA. Quality of Life and Aesthetic Plastic Surgery: A Systematic Review and Meta-analysis. Plast Reconstr Surg Glob Open. 2016;4(9):e862. Published 2016 Sep 15.doi:10.1097\/GOX.0000000000000833<\/span><\/span><\/p><p><span style=\"color: #000000;\"><span style=\"font-weight: normal;\">[25] Suijker J, Troncoso E, Pizarro F, et al. Long-term quality-of-life outcomes after body contouring surgery: Phase IV results for the Body-QOL cohort. Aesthet Surg J. 2018;38:279-288.<\/span><\/span><\/p><p><span style=\"color: #000000;\"><span style=\"font-weight: normal;\">[26] Hibler B.P., Schwitzer J., Rossi A.M., Hible B.P. Assessing Improvement of Facial Appearance and Quality of Life after Minimally-Invasive Cosmetic Dermatology Procedures Using the FACE-Q Scales. J. Drugs Dermatol. 2016;15:62-6.<\/span><\/span><\/p>\t\t\t\t\t\t\t\t<\/div>\n\t\t\t\t<\/div>\n\t\t\t\t\t<\/div>\n\t\t<\/div>\n\t\t\t\t\t<\/div>\n\t\t<\/section>\n\t\t\t\t<section class=\"elementor-section elementor-top-section elementor-element elementor-element-f283fdd elementor-section-boxed elementor-section-height-default elementor-section-height-default\" data-id=\"f283fdd\" data-element_type=\"section\" data-e-type=\"section\">\n\t\t\t\t\t\t<div class=\"elementor-container elementor-column-gap-default\">\n\t\t\t\t\t<div class=\"elementor-column elementor-col-100 elementor-top-column elementor-element elementor-element-a4d9721\" data-id=\"a4d9721\" data-element_type=\"column\" data-e-type=\"column\">\n\t\t\t<div class=\"elementor-widget-wrap elementor-element-populated\">\n\t\t\t\t\t\t<div class=\"elementor-element elementor-element-8749846 elementor-widget-divider--view-line elementor-widget elementor-widget-divider\" data-id=\"8749846\" data-element_type=\"widget\" data-e-type=\"widget\" data-widget_type=\"divider.default\">\n\t\t\t\t<div class=\"elementor-widget-container\">\n\t\t\t\t\t\t\t<div class=\"elementor-divider\">\n\t\t\t<span class=\"elementor-divider-separator\">\n\t\t\t\t\t\t<\/span>\n\t\t<\/div>\n\t\t\t\t\t\t<\/div>\n\t\t\t\t<\/div>\n\t\t\t\t\t<\/div>\n\t\t<\/div>\n\t\t\t\t\t<\/div>\n\t\t<\/section>\n\t\t\t\t<section class=\"elementor-section elementor-top-section elementor-element elementor-element-ef41c19 elementor-section-boxed elementor-section-height-default elementor-section-height-default\" data-id=\"ef41c19\" data-element_type=\"section\" data-e-type=\"section\">\n\t\t\t\t\t\t<div class=\"elementor-container elementor-column-gap-default\">\n\t\t\t\t\t<div class=\"elementor-column elementor-col-100 elementor-top-column elementor-element elementor-element-d6a9c8d\" data-id=\"d6a9c8d\" data-element_type=\"column\" data-e-type=\"column\">\n\t\t\t<div class=\"elementor-widget-wrap elementor-element-populated\">\n\t\t\t\t\t\t<div class=\"elementor-element elementor-element-24416e3 elementor-widget elementor-widget-image\" data-id=\"24416e3\" data-element_type=\"widget\" data-e-type=\"widget\" data-widget_type=\"image.default\">\n\t\t\t\t<div class=\"elementor-widget-container\">\n\t\t\t\t\t\t\t\t\t\t\t\t\t\t\t<img loading=\"lazy\" decoding=\"async\" width=\"512\" height=\"640\" src=\"https:\/\/looketmedecine.fr\/wp-content\/uploads\/2020\/10\/Photo-MVerschoore-1.jpg\" class=\"attachment-large size-large wp-image-4513\" alt=\"Dr Mich\u00e8le Verschoore\" srcset=\"https:\/\/looketmedecine.fr\/wp-content\/uploads\/2020\/10\/Photo-MVerschoore-1.jpg 512w, https:\/\/looketmedecine.fr\/wp-content\/uploads\/2020\/10\/Photo-MVerschoore-1-240x300.jpg 240w\" sizes=\"(max-width: 512px) 100vw, 512px\" \/>\t\t\t\t\t\t\t\t\t\t\t\t\t\t\t<\/div>\n\t\t\t\t<\/div>\n\t\t\t\t\t<\/div>\n\t\t<\/div>\n\t\t\t\t\t<\/div>\n\t\t<\/section>\n\t\t\t\t<\/div>\n\t\t","protected":false},"excerpt":{"rendered":"<p>Qualit\u00e9 de vie, Bien-\u00eatre et Esth\u00e9tique Dr Mich\u00e8le Verschoore Dermatologue, Centre Sabouraud Paris, Directeur m\u00e9dical L\u2019Or\u00e9al Recherche et Innovation. Clara Gicquel Sci. Master, L\u2019Or\u00e9al Recherche et Innovation. \u00a0 R\u00c9SUM\u00c9 Quelle que soit la r\u00e9gion du monde, et de tous temps, les pratiques esth\u00e9tiques ont \u00e9t\u00e9 une constante pour l\u2019humanit\u00e9. Ce ph\u00e9nom\u00e8ne concerne en g\u00e9n\u00e9ral davantage [&hellip;]<\/p>\n","protected":false},"author":2,"featured_media":4513,"comment_status":"closed","ping_status":"closed","sticky":false,"template":"","format":"standard","meta":{"_acf_changed":false,"footnotes":""},"categories":[62],"tags":[223,202,307],"auteur":[395],"mots-cles":[],"class_list":["post-671","post","type-post","status-publish","format-standard","has-post-thumbnail","hentry","category-editoriaux","tag-lm1-accueil","tag-lm1-editorials","tag-replay-lm1-2023","auteur-michele-verschoore"],"acf":[],"yoast_head":"<!-- This site is optimized with the Yoast SEO plugin v27.5 - https:\/\/yoast.com\/product\/yoast-seo-wordpress\/ -->\n<title>LM N\u00b01\/2020. EDITORIAL Qualit\u00e9 de vie et bien \u00eatre Dr Mich\u00e8le Verschoore - Revue fran\u00e7aise N\u00b01 pour la recherche en sant\u00e9 esth\u00e9tique<\/title>\n<meta name=\"robots\" content=\"index, follow, max-snippet:-1, max-image-preview:large, max-video-preview:-1\" \/>\n<link rel=\"canonical\" href=\"https:\/\/looketmedecine.fr\/en\/wp-json\/wp\/v2\/posts\/671\" \/>\n<meta property=\"og:locale\" content=\"en_US\" \/>\n<meta property=\"og:type\" content=\"article\" \/>\n<meta property=\"og:title\" content=\"LM N\u00b01\/2020. EDITORIAL Qualit\u00e9 de vie et bien \u00eatre Dr Mich\u00e8le Verschoore - Revue fran\u00e7aise N\u00b01 pour la recherche en sant\u00e9 esth\u00e9tique\" \/>\n<meta property=\"og:description\" content=\"Qualit\u00e9 de vie, Bien-\u00eatre et Esth\u00e9tique Dr Mich\u00e8le Verschoore Dermatologue, Centre Sabouraud Paris, Directeur m\u00e9dical L\u2019Or\u00e9al Recherche et Innovation. Clara Gicquel Sci. Master, L\u2019Or\u00e9al Recherche et Innovation. \u00a0 R\u00c9SUM\u00c9 Quelle que soit la r\u00e9gion du monde, et de tous temps, les pratiques esth\u00e9tiques ont \u00e9t\u00e9 une constante pour l\u2019humanit\u00e9. Ce ph\u00e9nom\u00e8ne concerne en g\u00e9n\u00e9ral davantage [&hellip;]\" \/>\n<meta property=\"og:url\" content=\"https:\/\/looketmedecine.fr\/en\/un-autre-regard-qualite-de-vie-bien-etre-et-esthetique\/\" \/>\n<meta property=\"og:site_name\" content=\"Revue fran\u00e7aise N\u00b01 pour la recherche en sant\u00e9 esth\u00e9tique\" \/>\n<meta property=\"article:publisher\" content=\"https:\/\/www.facebook.com\/looketmedecine.magazine\/\" \/>\n<meta property=\"article:published_time\" content=\"2020-10-11T13:27:37+00:00\" \/>\n<meta property=\"article:modified_time\" content=\"2024-10-04T21:51:58+00:00\" \/>\n<meta property=\"og:image\" content=\"https:\/\/looketmedecine.fr\/wp-content\/uploads\/2020\/10\/Photo-MVerschoore-1.jpg\" \/>\n\t<meta property=\"og:image:width\" content=\"512\" \/>\n\t<meta property=\"og:image:height\" content=\"640\" \/>\n\t<meta property=\"og:image:type\" content=\"image\/jpeg\" \/>\n<meta name=\"author\" content=\"Albert-Claude Benhamou\" \/>\n<meta name=\"twitter:card\" content=\"summary_large_image\" \/>\n<meta name=\"twitter:label1\" content=\"Written by\" \/>\n\t<meta name=\"twitter:data1\" content=\"Albert-Claude Benhamou\" \/>\n\t<meta name=\"twitter:label2\" content=\"Est. reading time\" \/>\n\t<meta name=\"twitter:data2\" content=\"26 minutes\" \/>\n<script type=\"application\/ld+json\" class=\"yoast-schema-graph\">{\"@context\":\"https:\\\/\\\/schema.org\",\"@graph\":[{\"@type\":\"Article\",\"@id\":\"https:\\\/\\\/looketmedecine.fr\\\/en\\\/un-autre-regard-qualite-de-vie-bien-etre-et-esthetique\\\/#article\",\"isPartOf\":{\"@id\":\"https:\\\/\\\/looketmedecine.fr\\\/en\\\/un-autre-regard-qualite-de-vie-bien-etre-et-esthetique\\\/\"},\"author\":{\"name\":\"Albert-Claude Benhamou\",\"@id\":\"https:\\\/\\\/looketmedecine.fr\\\/#\\\/schema\\\/person\\\/d674c704426e829b385c4dd691b8e3cc\"},\"headline\":\"LM N\u00b01\\\/2020. EDITORIAL Qualit\u00e9 de vie et bien \u00eatre Dr Mich\u00e8le Verschoore\",\"datePublished\":\"2020-10-11T13:27:37+00:00\",\"dateModified\":\"2024-10-04T21:51:58+00:00\",\"mainEntityOfPage\":{\"@id\":\"https:\\\/\\\/looketmedecine.fr\\\/en\\\/un-autre-regard-qualite-de-vie-bien-etre-et-esthetique\\\/\"},\"wordCount\":5273,\"publisher\":{\"@id\":\"https:\\\/\\\/looketmedecine.fr\\\/#organization\"},\"image\":{\"@id\":\"https:\\\/\\\/looketmedecine.fr\\\/en\\\/un-autre-regard-qualite-de-vie-bien-etre-et-esthetique\\\/#primaryimage\"},\"thumbnailUrl\":\"https:\\\/\\\/looketmedecine.fr\\\/wp-content\\\/uploads\\\/2020\\\/10\\\/Photo-MVerschoore-1.jpg\",\"keywords\":[\"Lm1 accueil\",\"Lm1 Editorials\",\"Replay Lm1 2023\"],\"articleSection\":[\"\u00c9ditoriaux\"],\"inLanguage\":\"en-US\"},{\"@type\":\"WebPage\",\"@id\":\"https:\\\/\\\/looketmedecine.fr\\\/en\\\/un-autre-regard-qualite-de-vie-bien-etre-et-esthetique\\\/\",\"url\":\"https:\\\/\\\/looketmedecine.fr\\\/en\\\/un-autre-regard-qualite-de-vie-bien-etre-et-esthetique\\\/\",\"name\":\"LM N\u00b01\\\/2020. EDITORIAL Qualit\u00e9 de vie et bien \u00eatre Dr Mich\u00e8le Verschoore - Revue fran\u00e7aise N\u00b01 pour la recherche en sant\u00e9 esth\u00e9tique\",\"isPartOf\":{\"@id\":\"https:\\\/\\\/looketmedecine.fr\\\/#website\"},\"primaryImageOfPage\":{\"@id\":\"https:\\\/\\\/looketmedecine.fr\\\/en\\\/un-autre-regard-qualite-de-vie-bien-etre-et-esthetique\\\/#primaryimage\"},\"image\":{\"@id\":\"https:\\\/\\\/looketmedecine.fr\\\/en\\\/un-autre-regard-qualite-de-vie-bien-etre-et-esthetique\\\/#primaryimage\"},\"thumbnailUrl\":\"https:\\\/\\\/looketmedecine.fr\\\/wp-content\\\/uploads\\\/2020\\\/10\\\/Photo-MVerschoore-1.jpg\",\"datePublished\":\"2020-10-11T13:27:37+00:00\",\"dateModified\":\"2024-10-04T21:51:58+00:00\",\"breadcrumb\":{\"@id\":\"https:\\\/\\\/looketmedecine.fr\\\/en\\\/un-autre-regard-qualite-de-vie-bien-etre-et-esthetique\\\/#breadcrumb\"},\"inLanguage\":\"en-US\",\"potentialAction\":[{\"@type\":\"ReadAction\",\"target\":[\"https:\\\/\\\/looketmedecine.fr\\\/en\\\/un-autre-regard-qualite-de-vie-bien-etre-et-esthetique\\\/\"]}]},{\"@type\":\"ImageObject\",\"inLanguage\":\"en-US\",\"@id\":\"https:\\\/\\\/looketmedecine.fr\\\/en\\\/un-autre-regard-qualite-de-vie-bien-etre-et-esthetique\\\/#primaryimage\",\"url\":\"https:\\\/\\\/looketmedecine.fr\\\/wp-content\\\/uploads\\\/2020\\\/10\\\/Photo-MVerschoore-1.jpg\",\"contentUrl\":\"https:\\\/\\\/looketmedecine.fr\\\/wp-content\\\/uploads\\\/2020\\\/10\\\/Photo-MVerschoore-1.jpg\",\"width\":512,\"height\":640,\"caption\":\"Dr Mich\u00e8le Verschoore\"},{\"@type\":\"BreadcrumbList\",\"@id\":\"https:\\\/\\\/looketmedecine.fr\\\/en\\\/un-autre-regard-qualite-de-vie-bien-etre-et-esthetique\\\/#breadcrumb\",\"itemListElement\":[{\"@type\":\"ListItem\",\"position\":1,\"name\":\"Accueil\",\"item\":\"https:\\\/\\\/looketmedecine.fr\\\/\"},{\"@type\":\"ListItem\",\"position\":2,\"name\":\"LM N\u00b01\\\/2020. EDITORIAL Qualit\u00e9 de vie et bien \u00eatre Dr Mich\u00e8le Verschoore\"}]},{\"@type\":\"WebSite\",\"@id\":\"https:\\\/\\\/looketmedecine.fr\\\/#website\",\"url\":\"https:\\\/\\\/looketmedecine.fr\\\/\",\"name\":\"Revue fran\u00e7aise N\u00b01 pour la recherche en sant\u00e9 esth\u00e9tique\",\"description\":\"La sant\u00e9 esth\u00e9tique fond\u00e9e sur des preuves scientifiques\",\"publisher\":{\"@id\":\"https:\\\/\\\/looketmedecine.fr\\\/#organization\"},\"potentialAction\":[{\"@type\":\"SearchAction\",\"target\":{\"@type\":\"EntryPoint\",\"urlTemplate\":\"https:\\\/\\\/looketmedecine.fr\\\/?s={search_term_string}\"},\"query-input\":{\"@type\":\"PropertyValueSpecification\",\"valueRequired\":true,\"valueName\":\"search_term_string\"}}],\"inLanguage\":\"en-US\"},{\"@type\":\"Organization\",\"@id\":\"https:\\\/\\\/looketmedecine.fr\\\/#organization\",\"name\":\"Looketmedecine\",\"url\":\"https:\\\/\\\/looketmedecine.fr\\\/\",\"logo\":{\"@type\":\"ImageObject\",\"inLanguage\":\"en-US\",\"@id\":\"https:\\\/\\\/looketmedecine.fr\\\/#\\\/schema\\\/logo\\\/image\\\/\",\"url\":\"https:\\\/\\\/looketmedecine.fr\\\/wp-content\\\/uploads\\\/2020\\\/11\\\/cropped-LookMedecine_Logo_Textuel_Noir.png\",\"contentUrl\":\"https:\\\/\\\/looketmedecine.fr\\\/wp-content\\\/uploads\\\/2020\\\/11\\\/cropped-LookMedecine_Logo_Textuel_Noir.png\",\"width\":1500,\"height\":145,\"caption\":\"Looketmedecine\"},\"image\":{\"@id\":\"https:\\\/\\\/looketmedecine.fr\\\/#\\\/schema\\\/logo\\\/image\\\/\"},\"sameAs\":[\"https:\\\/\\\/www.facebook.com\\\/looketmedecine.magazine\\\/\",\"https:\\\/\\\/www.instagram.com\\\/looketmedecine\\\/?hl=fr\"]},{\"@type\":\"Person\",\"@id\":\"https:\\\/\\\/looketmedecine.fr\\\/#\\\/schema\\\/person\\\/d674c704426e829b385c4dd691b8e3cc\",\"name\":\"Albert-Claude Benhamou\",\"image\":{\"@type\":\"ImageObject\",\"inLanguage\":\"en-US\",\"@id\":\"https:\\\/\\\/secure.gravatar.com\\\/avatar\\\/f4c13b834cf55e3822893169175e3671a59788fb9e2d84d3a223c96e83a8f09e?s=96&d=mm&r=g\",\"url\":\"https:\\\/\\\/secure.gravatar.com\\\/avatar\\\/f4c13b834cf55e3822893169175e3671a59788fb9e2d84d3a223c96e83a8f09e?s=96&d=mm&r=g\",\"contentUrl\":\"https:\\\/\\\/secure.gravatar.com\\\/avatar\\\/f4c13b834cf55e3822893169175e3671a59788fb9e2d84d3a223c96e83a8f09e?s=96&d=mm&r=g\",\"caption\":\"Albert-Claude Benhamou\"},\"url\":\"https:\\\/\\\/looketmedecine.fr\\\/en\"}]}<\/script>\n<!-- \/ Yoast SEO plugin. -->","yoast_head_json":{"title":"LM N\u00b01\/2020. EDITORIAL Qualit\u00e9 de vie et bien \u00eatre Dr Mich\u00e8le Verschoore - Revue fran\u00e7aise N\u00b01 pour la recherche en sant\u00e9 esth\u00e9tique","robots":{"index":"index","follow":"follow","max-snippet":"max-snippet:-1","max-image-preview":"max-image-preview:large","max-video-preview":"max-video-preview:-1"},"canonical":"https:\/\/looketmedecine.fr\/en\/wp-json\/wp\/v2\/posts\/671","og_locale":"en_US","og_type":"article","og_title":"LM N\u00b01\/2020. EDITORIAL Qualit\u00e9 de vie et bien \u00eatre Dr Mich\u00e8le Verschoore - Revue fran\u00e7aise N\u00b01 pour la recherche en sant\u00e9 esth\u00e9tique","og_description":"Qualit\u00e9 de vie, Bien-\u00eatre et Esth\u00e9tique Dr Mich\u00e8le Verschoore Dermatologue, Centre Sabouraud Paris, Directeur m\u00e9dical L\u2019Or\u00e9al Recherche et Innovation. Clara Gicquel Sci. Master, L\u2019Or\u00e9al Recherche et Innovation. \u00a0 R\u00c9SUM\u00c9 Quelle que soit la r\u00e9gion du monde, et de tous temps, les pratiques esth\u00e9tiques ont \u00e9t\u00e9 une constante pour l\u2019humanit\u00e9. Ce ph\u00e9nom\u00e8ne concerne en g\u00e9n\u00e9ral davantage [&hellip;]","og_url":"https:\/\/looketmedecine.fr\/en\/un-autre-regard-qualite-de-vie-bien-etre-et-esthetique\/","og_site_name":"Revue fran\u00e7aise N\u00b01 pour la recherche en sant\u00e9 esth\u00e9tique","article_publisher":"https:\/\/www.facebook.com\/looketmedecine.magazine\/","article_published_time":"2020-10-11T13:27:37+00:00","article_modified_time":"2024-10-04T21:51:58+00:00","og_image":[{"width":512,"height":640,"url":"https:\/\/looketmedecine.fr\/wp-content\/uploads\/2020\/10\/Photo-MVerschoore-1.jpg","type":"image\/jpeg"}],"author":"Albert-Claude Benhamou","twitter_card":"summary_large_image","twitter_misc":{"Written by":"Albert-Claude Benhamou","Est. reading time":"26 minutes"},"schema":{"@context":"https:\/\/schema.org","@graph":[{"@type":"Article","@id":"https:\/\/looketmedecine.fr\/en\/un-autre-regard-qualite-de-vie-bien-etre-et-esthetique\/#article","isPartOf":{"@id":"https:\/\/looketmedecine.fr\/en\/un-autre-regard-qualite-de-vie-bien-etre-et-esthetique\/"},"author":{"name":"Albert-Claude Benhamou","@id":"https:\/\/looketmedecine.fr\/#\/schema\/person\/d674c704426e829b385c4dd691b8e3cc"},"headline":"LM N\u00b01\/2020. EDITORIAL Qualit\u00e9 de vie et bien \u00eatre Dr Mich\u00e8le Verschoore","datePublished":"2020-10-11T13:27:37+00:00","dateModified":"2024-10-04T21:51:58+00:00","mainEntityOfPage":{"@id":"https:\/\/looketmedecine.fr\/en\/un-autre-regard-qualite-de-vie-bien-etre-et-esthetique\/"},"wordCount":5273,"publisher":{"@id":"https:\/\/looketmedecine.fr\/#organization"},"image":{"@id":"https:\/\/looketmedecine.fr\/en\/un-autre-regard-qualite-de-vie-bien-etre-et-esthetique\/#primaryimage"},"thumbnailUrl":"https:\/\/looketmedecine.fr\/wp-content\/uploads\/2020\/10\/Photo-MVerschoore-1.jpg","keywords":["Lm1 accueil","Lm1 Editorials","Replay Lm1 2023"],"articleSection":["\u00c9ditoriaux"],"inLanguage":"en-US"},{"@type":"WebPage","@id":"https:\/\/looketmedecine.fr\/en\/un-autre-regard-qualite-de-vie-bien-etre-et-esthetique\/","url":"https:\/\/looketmedecine.fr\/en\/un-autre-regard-qualite-de-vie-bien-etre-et-esthetique\/","name":"LM N\u00b01\/2020. EDITORIAL Qualit\u00e9 de vie et bien \u00eatre Dr Mich\u00e8le Verschoore - Revue fran\u00e7aise N\u00b01 pour la recherche en sant\u00e9 esth\u00e9tique","isPartOf":{"@id":"https:\/\/looketmedecine.fr\/#website"},"primaryImageOfPage":{"@id":"https:\/\/looketmedecine.fr\/en\/un-autre-regard-qualite-de-vie-bien-etre-et-esthetique\/#primaryimage"},"image":{"@id":"https:\/\/looketmedecine.fr\/en\/un-autre-regard-qualite-de-vie-bien-etre-et-esthetique\/#primaryimage"},"thumbnailUrl":"https:\/\/looketmedecine.fr\/wp-content\/uploads\/2020\/10\/Photo-MVerschoore-1.jpg","datePublished":"2020-10-11T13:27:37+00:00","dateModified":"2024-10-04T21:51:58+00:00","breadcrumb":{"@id":"https:\/\/looketmedecine.fr\/en\/un-autre-regard-qualite-de-vie-bien-etre-et-esthetique\/#breadcrumb"},"inLanguage":"en-US","potentialAction":[{"@type":"ReadAction","target":["https:\/\/looketmedecine.fr\/en\/un-autre-regard-qualite-de-vie-bien-etre-et-esthetique\/"]}]},{"@type":"ImageObject","inLanguage":"en-US","@id":"https:\/\/looketmedecine.fr\/en\/un-autre-regard-qualite-de-vie-bien-etre-et-esthetique\/#primaryimage","url":"https:\/\/looketmedecine.fr\/wp-content\/uploads\/2020\/10\/Photo-MVerschoore-1.jpg","contentUrl":"https:\/\/looketmedecine.fr\/wp-content\/uploads\/2020\/10\/Photo-MVerschoore-1.jpg","width":512,"height":640,"caption":"Dr Mich\u00e8le Verschoore"},{"@type":"BreadcrumbList","@id":"https:\/\/looketmedecine.fr\/en\/un-autre-regard-qualite-de-vie-bien-etre-et-esthetique\/#breadcrumb","itemListElement":[{"@type":"ListItem","position":1,"name":"Accueil","item":"https:\/\/looketmedecine.fr\/"},{"@type":"ListItem","position":2,"name":"LM N\u00b01\/2020. EDITORIAL Qualit\u00e9 de vie et bien \u00eatre Dr Mich\u00e8le Verschoore"}]},{"@type":"WebSite","@id":"https:\/\/looketmedecine.fr\/#website","url":"https:\/\/looketmedecine.fr\/","name":"N\u00b01 French magazine for research in aesthetic health","description":"Aesthetic health based on scientific evidence","publisher":{"@id":"https:\/\/looketmedecine.fr\/#organization"},"potentialAction":[{"@type":"SearchAction","target":{"@type":"EntryPoint","urlTemplate":"https:\/\/looketmedecine.fr\/?s={search_term_string}"},"query-input":{"@type":"PropertyValueSpecification","valueRequired":true,"valueName":"search_term_string"}}],"inLanguage":"en-US"},{"@type":"Organization","@id":"https:\/\/looketmedecine.fr\/#organization","name":"Looketmedicine","url":"https:\/\/looketmedecine.fr\/","logo":{"@type":"ImageObject","inLanguage":"en-US","@id":"https:\/\/looketmedecine.fr\/#\/schema\/logo\/image\/","url":"https:\/\/looketmedecine.fr\/wp-content\/uploads\/2020\/11\/cropped-LookMedecine_Logo_Textuel_Noir.png","contentUrl":"https:\/\/looketmedecine.fr\/wp-content\/uploads\/2020\/11\/cropped-LookMedecine_Logo_Textuel_Noir.png","width":1500,"height":145,"caption":"Looketmedecine"},"image":{"@id":"https:\/\/looketmedecine.fr\/#\/schema\/logo\/image\/"},"sameAs":["https:\/\/www.facebook.com\/looketmedecine.magazine\/","https:\/\/www.instagram.com\/looketmedecine\/?hl=fr"]},{"@type":"Person","@id":"https:\/\/looketmedecine.fr\/#\/schema\/person\/d674c704426e829b385c4dd691b8e3cc","name":"Albert-Claude Benhamou","image":{"@type":"ImageObject","inLanguage":"en-US","@id":"https:\/\/secure.gravatar.com\/avatar\/f4c13b834cf55e3822893169175e3671a59788fb9e2d84d3a223c96e83a8f09e?s=96&d=mm&r=g","url":"https:\/\/secure.gravatar.com\/avatar\/f4c13b834cf55e3822893169175e3671a59788fb9e2d84d3a223c96e83a8f09e?s=96&d=mm&r=g","contentUrl":"https:\/\/secure.gravatar.com\/avatar\/f4c13b834cf55e3822893169175e3671a59788fb9e2d84d3a223c96e83a8f09e?s=96&d=mm&r=g","caption":"Albert-Claude Benhamou"},"url":"https:\/\/looketmedecine.fr\/en"}]}},"_links":{"self":[{"href":"https:\/\/looketmedecine.fr\/en\/wp-json\/wp\/v2\/posts\/671","targetHints":{"allow":["GET"]}}],"collection":[{"href":"https:\/\/looketmedecine.fr\/en\/wp-json\/wp\/v2\/posts"}],"about":[{"href":"https:\/\/looketmedecine.fr\/en\/wp-json\/wp\/v2\/types\/post"}],"author":[{"embeddable":true,"href":"https:\/\/looketmedecine.fr\/en\/wp-json\/wp\/v2\/users\/2"}],"replies":[{"embeddable":true,"href":"https:\/\/looketmedecine.fr\/en\/wp-json\/wp\/v2\/comments?post=671"}],"version-history":[{"count":90,"href":"https:\/\/looketmedecine.fr\/en\/wp-json\/wp\/v2\/posts\/671\/revisions"}],"predecessor-version":[{"id":23698,"href":"https:\/\/looketmedecine.fr\/en\/wp-json\/wp\/v2\/posts\/671\/revisions\/23698"}],"wp:featuredmedia":[{"embeddable":true,"href":"https:\/\/looketmedecine.fr\/en\/wp-json\/wp\/v2\/media\/4513"}],"wp:attachment":[{"href":"https:\/\/looketmedecine.fr\/en\/wp-json\/wp\/v2\/media?parent=671"}],"wp:term":[{"taxonomy":"category","embeddable":true,"href":"https:\/\/looketmedecine.fr\/en\/wp-json\/wp\/v2\/categories?post=671"},{"taxonomy":"post_tag","embeddable":true,"href":"https:\/\/looketmedecine.fr\/en\/wp-json\/wp\/v2\/tags?post=671"},{"taxonomy":"auteur","embeddable":true,"href":"https:\/\/looketmedecine.fr\/en\/wp-json\/wp\/v2\/auteur?post=671"},{"taxonomy":"mots-cles","embeddable":true,"href":"https:\/\/looketmedecine.fr\/en\/wp-json\/wp\/v2\/mots-cles?post=671"}],"curies":[{"name":"wp","href":"https:\/\/api.w.org\/{rel}","templated":true}]}}