{"id":5931,"date":"2021-11-19T17:05:07","date_gmt":"2021-11-19T16:05:07","guid":{"rendered":"https:\/\/www.looketmedecine.com\/?p=5931"},"modified":"2024-10-05T22:30:21","modified_gmt":"2024-10-05T20:30:21","slug":"enquete-lm-2","status":"publish","type":"post","link":"https:\/\/looketmedecine.fr\/en\/enquete-lm-2\/","title":{"rendered":"LM N\u00b0 2\/ 2021.  LES ENQU\u00caTES DE L&amp;M. What is the role of the doctor in medical cosmetology?Anne Laure KIRCH"},"content":{"rendered":"<div data-elementor-type=\"wp-post\" data-elementor-id=\"5931\" class=\"elementor elementor-5931\" data-elementor-post-type=\"post\">\n\t\t\t\t\t\t<section class=\"elementor-section elementor-top-section elementor-element elementor-element-b47711e elementor-section-boxed elementor-section-height-default elementor-section-height-default\" data-id=\"b47711e\" data-element_type=\"section\" data-e-type=\"section\">\n\t\t\t\t\t\t<div class=\"elementor-container elementor-column-gap-default\">\n\t\t\t\t\t<div class=\"elementor-column elementor-col-100 elementor-top-column elementor-element elementor-element-119c450\" data-id=\"119c450\" data-element_type=\"column\" data-e-type=\"column\">\n\t\t\t<div class=\"elementor-widget-wrap elementor-element-populated\">\n\t\t\t\t\t\t<div class=\"elementor-element elementor-element-2b893c0 elementor-widget elementor-widget-text-editor\" data-id=\"2b893c0\" data-element_type=\"widget\" data-e-type=\"widget\" data-widget_type=\"text-editor.default\">\n\t\t\t\t<div class=\"elementor-widget-container\">\n\t\t\t\t\t\t\t\t\t<p style=\"text-align: right;\"><span style=\"color: #ff6600;\"><strong>L&amp;M's investigations<\/strong><\/span><\/p><p style=\"text-align: center;\"><strong><span style=\"color: #800080;\">What is the role of the physician in medical cosmetology?<\/span><\/strong><\/p><p style=\"text-align: center;\"><strong><span style=\"color: #800080;\">Uses and customs, Consumption in medical cosmetology.<\/span><\/strong><\/p><p style=\"text-align: center;\"><strong><span style=\"color: #ff6600;\">Anne-Laure KIRCH,MD<\/span><\/strong><\/p><p style=\"text-align: center;\"><strong><span style=\"color: #ff6600;\">Henri Mondor University Hospital. Cr\u00e9teil.<\/span><\/strong><\/p>\t\t\t\t\t\t\t\t<\/div>\n\t\t\t\t<\/div>\n\t\t\t\t\t<\/div>\n\t\t<\/div>\n\t\t\t\t\t<\/div>\n\t\t<\/section>\n\t\t\t\t<section class=\"elementor-section elementor-top-section elementor-element elementor-element-4e14589 elementor-section-boxed elementor-section-height-default elementor-section-height-default\" data-id=\"4e14589\" data-element_type=\"section\" data-e-type=\"section\">\n\t\t\t\t\t\t<div class=\"elementor-container elementor-column-gap-default\">\n\t\t\t\t\t<div class=\"elementor-column elementor-col-100 elementor-top-column elementor-element elementor-element-e5399c3\" data-id=\"e5399c3\" data-element_type=\"column\" data-e-type=\"column\">\n\t\t\t<div class=\"elementor-widget-wrap elementor-element-populated\">\n\t\t\t\t\t\t<div class=\"elementor-element elementor-element-b2fe043 elementor-widget elementor-widget-text-editor\" data-id=\"b2fe043\" data-element_type=\"widget\" data-e-type=\"widget\" data-widget_type=\"text-editor.default\">\n\t\t\t\t<div class=\"elementor-widget-container\">\n\t\t\t\t\t\t\t\t\t<p style=\"text-align: left;\"><span style=\"color: #993366;\"><strong><em>\"The possibility of a personalized skin diagnosis, adapted advice and trust in the medical world are the arguments most frequently cited by the general public.<\/em><\/strong><\/span><\/p><p><span style=\"color: #993366;\"><strong>The definition of cosmetic products according to<\/strong> <strong>the article<\/strong> <strong>L5131-1<\/strong> <strong>from<\/strong> <strong>code<\/strong> <strong>from<\/strong> <strong>health<\/strong> <strong>public is very broad and open to many fields of application:<\/strong><\/span><\/p><p><span style=\"color: #800080;\"><em>O<\/em><em>n<\/em> <em>hears<\/em> <em>by<\/em> <em>product<\/em> <em>cosmetics<\/em> <em>t<\/em><em>orte<\/em> <em>substance<\/em> <em>or<\/em> <em>mix<\/em> <em>intended for<\/em> <em>\u00e0<\/em> <em>be<\/em> <em>put<\/em> <em>in<\/em> <em>contact<\/em>\u00a0with :<\/span><\/p><ul><li><span style=\"color: #800080;\"><em>the<\/em> <em>parties<\/em> <em>surface<\/em> <em>from<\/em> <em>body<\/em> <em>human :<\/em><\/span><\/li><li style=\"list-style-type: none;\"><ul><li><span style=\"color: #800080;\"><em>the epidermis,<\/em><\/span><\/li><li><span style=\"color: #800080;\"><em>the<\/em> <em>systems<\/em> <em>hairy<\/em> <em>and<\/em> <em>capillary,<\/em><\/span><\/li><li><span style=\"color: #800080;\"><em>the<\/em> <em>nails,<\/em><\/span><\/li><li><span style=\"color: #800080;\"><em>the<\/em> <em>lips<\/em><\/span><\/li><li><span style=\"color: #800080;\"><em>and<\/em> <em>the<\/em> <em>bodies<\/em> <em>genitals<\/em> <em>external<\/em><\/span><\/li><li><span style=\"color: #800080;\"><em>the<\/em> <em>teeth and<\/em> <em>the<\/em> <em>mucous membranes<\/em><\/span><\/li><\/ul><\/li><li><span style=\"color: #800080;\"><em>In<\/em> <em>view,<\/em> <em>exclusively<\/em> <em>or<\/em> <em>mainly :<\/em><\/span><ul><li style=\"list-style-type: none;\"><ul><li><span style=\"color: #800080;\"><em>from <\/em><em>the<\/em> <em>clean up,<\/em><\/span><\/li><li><span style=\"color: #800080;\"><em>of them<\/em> <em>perfume,<\/em><\/span><\/li><li><span style=\"color: #800080;\"><em>of<\/em> <em>edit<\/em> <em>appearance,<\/em><\/span><\/li><li><span style=\"color: #800080;\"><em>from<\/em> <em>the<\/em> <em>protect,<\/em><\/span><\/li><li><span style=\"color: #800080;\"><em>from<\/em> <em>the<\/em> <em>maintain<\/em> <em>in<\/em> <em>good<\/em> <em>state,<\/em><\/span><\/li><li><span style=\"color: #800080;\"><em>or<\/em> <em>from<\/em> <em>correct<\/em> <em>the<\/em> <em>odors<\/em> <em>\"<\/em><\/span><\/li><\/ul><\/li><\/ul><\/li><\/ul><p>\u00a0<\/p><p><span style=\"color: #993366;\"><strong>But<\/strong> <strong>behind<\/strong> <strong>this<\/strong> <strong>definition,<\/strong> <strong>what<\/strong> <strong>is<\/strong> <strong>our<\/strong> <strong>report<\/strong> <strong>with<\/strong> <strong>the<\/strong> <strong>cosmetology<\/strong> <strong>at<\/strong> <strong>daily<\/strong> <strong>?<\/strong><strong> \u00a0<\/strong><strong>Q<\/strong><strong>hat<\/strong> <strong>is<\/strong> <strong>the<\/strong> <strong>place<\/strong> <strong>from<\/strong> <strong>doctor<\/strong> <strong>in<\/strong> <strong>cosmetology<\/strong> <strong>medical<\/strong> <strong>? <\/strong><strong>Let's decipher<\/strong> <strong>this<\/strong> <strong>at<\/strong> <strong>t<\/strong><strong>ravers<\/strong> <strong>from<\/strong> <strong>t<\/strong><strong>emoignages according to a survey of 100 people.<\/strong><\/span><\/p><p><span style=\"color: #800080;\"><strong style=\"font-size: 1rem;\">1.So<\/strong> <strong style=\"font-size: 1rem;\">that<\/strong> <strong style=\"font-size: 1rem;\">the<\/strong> <strong style=\"font-size: 1rem;\">budget<\/strong> <strong style=\"font-size: 1rem;\">annual<\/strong> <strong style=\"font-size: 1rem;\">for<\/strong> <strong style=\"font-size: 1rem;\">the<\/strong> <strong style=\"font-size: 1rem;\">cosmetology<\/strong> <strong style=\"font-size: 1rem;\">varies<\/strong> <strong style=\"font-size: 1rem;\">from<\/strong> <strong style=\"font-size: 1rem;\">360<\/strong> <strong style=\"font-size: 1rem;\">euros<\/strong> <strong style=\"font-size: 1rem;\">\u00e0<\/strong> <strong style=\"font-size: 1rem;\">more<\/strong> <strong style=\"font-size: 1rem;\">from<\/strong> <strong style=\"font-size: 1rem;\">1000<\/strong> <strong style=\"font-size: 1rem;\">euros<\/strong> <strong style=\"font-size: 1rem;\">by<\/strong> <strong style=\"font-size: 1rem;\">an<\/strong> <strong style=\"font-size: 1rem;\">according to<\/strong> <strong style=\"font-size: 1rem;\">the<\/strong> <strong style=\"font-size: 1rem;\">people<\/strong> <strong style=\"font-size: 1rem;\">interviewed,<\/strong> <strong style=\"font-size: 1rem;\">this one<\/strong> <strong style=\"font-size: 1rem;\">depends<\/strong> <strong style=\"font-size: 1rem;\">widely<\/strong><\/span><\/p><ul><li style=\"list-style-type: none;\"><ul><li>of the products used,<\/li><li>of the services provided,<\/li><li>the frequency of use.<\/li><li>From the classic cream to the \"latest\" treatment in an institute, there is something for every taste and every budget.<\/li><\/ul><\/li><\/ul><p><span style=\"color: #800080;\"><strong>2. The two cosmetics that seem to be indispensable meet in the bathroom. <\/strong><\/span><\/p><ul><li><p><strong>The skin cleanser<\/strong> is the flagship product for more than 50% of witnesses, whether used in the morning and\/or evening, it is an integral part of the beauty routine.<\/p><\/li><li><p><strong>The moisturizing cream<\/strong> comes in second place, which more than 35 % could not do without on a daily basis.<\/p><\/li><\/ul><p><span style=\"color: #0000ff;\"><strong>3. The places where these cosmetic products can be found are numerous:<\/strong><\/span><\/p><ul><li><p>Whether in a perfumery, pharmacy, parapharmacy or beauty salon.<\/p><\/li><li><p>But medical and aesthetic offices are not left out to find the right treatment.<\/p><\/li><\/ul><p><span style=\"color: #800080;\"><strong>4. More than 80% of respondents appear to be open to meeting with a physician to perform a cosmetology consultation:<\/strong><\/span><\/p><p>The main argument is the knowledge of the anatomical bases and the cutaneous physiopathology. Whether they are :<\/p><ul><li><p>aesthetic doctors,<\/p><\/li><li><p>plastic surgeons<\/p><\/li><li><p>or dermatologists,<\/p><\/li><li><p>They seem to be privileged interlocutors for almost all of our witnesses.<\/p><\/li><\/ul><p><span style=\"color: #800080;\"><strong>The possibility of a personalized skin diagnosis, adapted advice and trust in the medical world are the most frequently cited arguments.<\/strong><\/span><\/p><ul><li><p>This medical cosmetology consultation would be all the more appreciated for people with skin disorders such as acne, couperose or eczema.<\/p><\/li><li><p>For more than 50% of people it is a privileged moment to discover the nature of their skin, to be directed towards adapted products and to create a personalized cosmetic routine.<\/p><\/li><li><p>Consulting a doctor for cosmetology seems to be an act that is more and more relaxed, certainly thanks to the democratization of the subject via social networks and the feminine press.<\/p><\/li><\/ul><p><span style=\"color: #800080;\"><strong>6. Another point that seems to stand out is the place of organic cosmetics. <\/strong><\/span><\/p><ul><li><p>For 25% of those surveyed, taking care of their skin involves organic or even vegan cosmetics.<\/p><\/li><\/ul><p><span style=\"color: #800080;\"><strong>In conclusion<\/strong><\/span><\/p><p><strong>Medical cosmetology with its personalized consultation, its oriented advice and the possibility of having products specifically adapted to each skin seems to take an important place in the daily beauty routine.<\/strong><\/p><p>*A survey conducted with a panel of 100 people from different socio-economic backgrounds.<\/p>\t\t\t\t\t\t\t\t<\/div>\n\t\t\t\t<\/div>\n\t\t\t\t\t<\/div>\n\t\t<\/div>\n\t\t\t\t\t<\/div>\n\t\t<\/section>\n\t\t\t\t<\/div>","protected":false},"excerpt":{"rendered":"<p>Les enqu\u00eates de L&amp;M Quelle est la place du m\u00e9decin en cosm\u00e9tologie m\u00e9dicale? Us et coutumes, Consommation en Cosm\u00e9tologie m\u00e9dicale. Anne-Laure KIRCH,MD CHU Henri Mondor. Cr\u00e9teil. \u00ab La possibilit\u00e9 d\u2019un diagnostic cutan\u00e9 personnalis\u00e9, de conseils adapt\u00e9s ainsi que la confiance envers le monde m\u00e9dical sont les arguments les plus fr\u00e9quemment cit\u00e9s par le grand public\u00bb. [&hellip;]<\/p>\n","protected":false},"author":2,"featured_media":5955,"comment_status":"closed","ping_status":"closed","sticky":false,"template":"","format":"standard","meta":{"_acf_changed":false,"footnotes":""},"categories":[154],"tags":[217],"auteur":[425],"mots-cles":[],"class_list":["post-5931","post","type-post","status-publish","format-standard","has-post-thumbnail","hentry","category-e-nquete","tag-lm2-theme-enquete","auteur-anne-laure-kirch"],"acf":[],"yoast_head":"<!-- This site is optimized with the Yoast SEO plugin v27.5 - https:\/\/yoast.com\/product\/yoast-seo-wordpress\/ -->\n<title>LM N\u00b0 2\/ 2021. LES ENQU\u00caTES DE L&amp;M. Quelle est la place du m\u00e9decin en cosm\u00e9tologie m\u00e9dicale?Anne Laure KIRCH - Revue fran\u00e7aise N\u00b01 pour la recherche en sant\u00e9 esth\u00e9tique<\/title>\n<meta name=\"robots\" content=\"index, follow, max-snippet:-1, max-image-preview:large, max-video-preview:-1\" \/>\n<link rel=\"canonical\" href=\"https:\/\/looketmedecine.fr\/en\/wp-json\/wp\/v2\/posts\/5931\" \/>\n<meta property=\"og:locale\" content=\"en_US\" \/>\n<meta property=\"og:type\" content=\"article\" \/>\n<meta property=\"og:title\" content=\"LM N\u00b0 2\/ 2021. LES ENQU\u00caTES DE L&amp;M. Quelle est la place du m\u00e9decin en cosm\u00e9tologie m\u00e9dicale?Anne Laure KIRCH - Revue fran\u00e7aise N\u00b01 pour la recherche en sant\u00e9 esth\u00e9tique\" \/>\n<meta property=\"og:description\" content=\"Les enqu\u00eates de L&amp;M Quelle est la place du m\u00e9decin en cosm\u00e9tologie m\u00e9dicale? Us et coutumes, Consommation en Cosm\u00e9tologie m\u00e9dicale. Anne-Laure KIRCH,MD CHU Henri Mondor. Cr\u00e9teil. \u00ab La possibilit\u00e9 d\u2019un diagnostic cutan\u00e9 personnalis\u00e9, de conseils adapt\u00e9s ainsi que la confiance envers le monde m\u00e9dical sont les arguments les plus fr\u00e9quemment cit\u00e9s par le grand public\u00bb. [&hellip;]\" \/>\n<meta property=\"og:url\" content=\"https:\/\/looketmedecine.fr\/en\/enquete-lm-2\/\" \/>\n<meta property=\"og:site_name\" content=\"Revue fran\u00e7aise N\u00b01 pour la recherche en sant\u00e9 esth\u00e9tique\" \/>\n<meta property=\"article:publisher\" content=\"https:\/\/www.facebook.com\/looketmedecine.magazine\/\" \/>\n<meta property=\"article:published_time\" content=\"2021-11-19T16:05:07+00:00\" \/>\n<meta property=\"article:modified_time\" content=\"2024-10-05T20:30:21+00:00\" \/>\n<meta property=\"og:image\" content=\"https:\/\/looketmedecine.fr\/wp-content\/uploads\/2021\/11\/KIRCH--scaled.jpg\" \/>\n\t<meta property=\"og:image:width\" content=\"2137\" \/>\n\t<meta property=\"og:image:height\" content=\"2560\" \/>\n\t<meta property=\"og:image:type\" content=\"image\/jpeg\" \/>\n<meta name=\"author\" content=\"Albert-Claude Benhamou\" \/>\n<meta name=\"twitter:card\" content=\"summary_large_image\" \/>\n<meta name=\"twitter:label1\" content=\"Written by\" \/>\n\t<meta name=\"twitter:data1\" content=\"Albert-Claude Benhamou\" \/>\n\t<meta name=\"twitter:label2\" content=\"Est. reading time\" \/>\n\t<meta name=\"twitter:data2\" content=\"4 minutes\" \/>\n<script type=\"application\/ld+json\" class=\"yoast-schema-graph\">{\"@context\":\"https:\\\/\\\/schema.org\",\"@graph\":[{\"@type\":\"Article\",\"@id\":\"https:\\\/\\\/looketmedecine.fr\\\/en\\\/enquete-lm-2\\\/#article\",\"isPartOf\":{\"@id\":\"https:\\\/\\\/looketmedecine.fr\\\/en\\\/enquete-lm-2\\\/\"},\"author\":{\"name\":\"Albert-Claude Benhamou\",\"@id\":\"https:\\\/\\\/looketmedecine.fr\\\/#\\\/schema\\\/person\\\/d674c704426e829b385c4dd691b8e3cc\"},\"headline\":\"LM N\u00b0 2\\\/ 2021. LES ENQU\u00caTES DE L&#038;M. Quelle est la place du m\u00e9decin en cosm\u00e9tologie m\u00e9dicale?Anne Laure KIRCH\",\"datePublished\":\"2021-11-19T16:05:07+00:00\",\"dateModified\":\"2024-10-05T20:30:21+00:00\",\"mainEntityOfPage\":{\"@id\":\"https:\\\/\\\/looketmedecine.fr\\\/en\\\/enquete-lm-2\\\/\"},\"wordCount\":718,\"publisher\":{\"@id\":\"https:\\\/\\\/looketmedecine.fr\\\/#organization\"},\"image\":{\"@id\":\"https:\\\/\\\/looketmedecine.fr\\\/en\\\/enquete-lm-2\\\/#primaryimage\"},\"thumbnailUrl\":\"https:\\\/\\\/looketmedecine.fr\\\/wp-content\\\/uploads\\\/2021\\\/11\\\/KIRCH--scaled.jpg\",\"keywords\":[\"Lm2 th\u00e8me enquete\"],\"articleSection\":[\"Les enqu\u00eates de L&amp;M\"],\"inLanguage\":\"en-US\"},{\"@type\":\"WebPage\",\"@id\":\"https:\\\/\\\/looketmedecine.fr\\\/en\\\/enquete-lm-2\\\/\",\"url\":\"https:\\\/\\\/looketmedecine.fr\\\/en\\\/enquete-lm-2\\\/\",\"name\":\"LM N\u00b0 2\\\/ 2021. LES ENQU\u00caTES DE L&M. Quelle est la place du m\u00e9decin en cosm\u00e9tologie m\u00e9dicale?Anne Laure KIRCH - Revue fran\u00e7aise N\u00b01 pour la recherche en sant\u00e9 esth\u00e9tique\",\"isPartOf\":{\"@id\":\"https:\\\/\\\/looketmedecine.fr\\\/#website\"},\"primaryImageOfPage\":{\"@id\":\"https:\\\/\\\/looketmedecine.fr\\\/en\\\/enquete-lm-2\\\/#primaryimage\"},\"image\":{\"@id\":\"https:\\\/\\\/looketmedecine.fr\\\/en\\\/enquete-lm-2\\\/#primaryimage\"},\"thumbnailUrl\":\"https:\\\/\\\/looketmedecine.fr\\\/wp-content\\\/uploads\\\/2021\\\/11\\\/KIRCH--scaled.jpg\",\"datePublished\":\"2021-11-19T16:05:07+00:00\",\"dateModified\":\"2024-10-05T20:30:21+00:00\",\"breadcrumb\":{\"@id\":\"https:\\\/\\\/looketmedecine.fr\\\/en\\\/enquete-lm-2\\\/#breadcrumb\"},\"inLanguage\":\"en-US\",\"potentialAction\":[{\"@type\":\"ReadAction\",\"target\":[\"https:\\\/\\\/looketmedecine.fr\\\/en\\\/enquete-lm-2\\\/\"]}]},{\"@type\":\"ImageObject\",\"inLanguage\":\"en-US\",\"@id\":\"https:\\\/\\\/looketmedecine.fr\\\/en\\\/enquete-lm-2\\\/#primaryimage\",\"url\":\"https:\\\/\\\/looketmedecine.fr\\\/wp-content\\\/uploads\\\/2021\\\/11\\\/KIRCH--scaled.jpg\",\"contentUrl\":\"https:\\\/\\\/looketmedecine.fr\\\/wp-content\\\/uploads\\\/2021\\\/11\\\/KIRCH--scaled.jpg\",\"width\":2137,\"height\":2560},{\"@type\":\"BreadcrumbList\",\"@id\":\"https:\\\/\\\/looketmedecine.fr\\\/en\\\/enquete-lm-2\\\/#breadcrumb\",\"itemListElement\":[{\"@type\":\"ListItem\",\"position\":1,\"name\":\"Accueil\",\"item\":\"https:\\\/\\\/looketmedecine.fr\\\/\"},{\"@type\":\"ListItem\",\"position\":2,\"name\":\"LM N\u00b0 2\\\/ 2021. LES ENQU\u00caTES DE L&#038;M. Quelle est la place du m\u00e9decin en cosm\u00e9tologie m\u00e9dicale?Anne Laure KIRCH\"}]},{\"@type\":\"WebSite\",\"@id\":\"https:\\\/\\\/looketmedecine.fr\\\/#website\",\"url\":\"https:\\\/\\\/looketmedecine.fr\\\/\",\"name\":\"Revue fran\u00e7aise N\u00b01 pour la recherche en sant\u00e9 esth\u00e9tique\",\"description\":\"La sant\u00e9 esth\u00e9tique fond\u00e9e sur des preuves scientifiques\",\"publisher\":{\"@id\":\"https:\\\/\\\/looketmedecine.fr\\\/#organization\"},\"potentialAction\":[{\"@type\":\"SearchAction\",\"target\":{\"@type\":\"EntryPoint\",\"urlTemplate\":\"https:\\\/\\\/looketmedecine.fr\\\/?s={search_term_string}\"},\"query-input\":{\"@type\":\"PropertyValueSpecification\",\"valueRequired\":true,\"valueName\":\"search_term_string\"}}],\"inLanguage\":\"en-US\"},{\"@type\":\"Organization\",\"@id\":\"https:\\\/\\\/looketmedecine.fr\\\/#organization\",\"name\":\"Looketmedecine\",\"url\":\"https:\\\/\\\/looketmedecine.fr\\\/\",\"logo\":{\"@type\":\"ImageObject\",\"inLanguage\":\"en-US\",\"@id\":\"https:\\\/\\\/looketmedecine.fr\\\/#\\\/schema\\\/logo\\\/image\\\/\",\"url\":\"https:\\\/\\\/looketmedecine.fr\\\/wp-content\\\/uploads\\\/2020\\\/11\\\/cropped-LookMedecine_Logo_Textuel_Noir.png\",\"contentUrl\":\"https:\\\/\\\/looketmedecine.fr\\\/wp-content\\\/uploads\\\/2020\\\/11\\\/cropped-LookMedecine_Logo_Textuel_Noir.png\",\"width\":1500,\"height\":145,\"caption\":\"Looketmedecine\"},\"image\":{\"@id\":\"https:\\\/\\\/looketmedecine.fr\\\/#\\\/schema\\\/logo\\\/image\\\/\"},\"sameAs\":[\"https:\\\/\\\/www.facebook.com\\\/looketmedecine.magazine\\\/\",\"https:\\\/\\\/www.instagram.com\\\/looketmedecine\\\/?hl=fr\"]},{\"@type\":\"Person\",\"@id\":\"https:\\\/\\\/looketmedecine.fr\\\/#\\\/schema\\\/person\\\/d674c704426e829b385c4dd691b8e3cc\",\"name\":\"Albert-Claude Benhamou\",\"image\":{\"@type\":\"ImageObject\",\"inLanguage\":\"en-US\",\"@id\":\"https:\\\/\\\/secure.gravatar.com\\\/avatar\\\/f4c13b834cf55e3822893169175e3671a59788fb9e2d84d3a223c96e83a8f09e?s=96&d=mm&r=g\",\"url\":\"https:\\\/\\\/secure.gravatar.com\\\/avatar\\\/f4c13b834cf55e3822893169175e3671a59788fb9e2d84d3a223c96e83a8f09e?s=96&d=mm&r=g\",\"contentUrl\":\"https:\\\/\\\/secure.gravatar.com\\\/avatar\\\/f4c13b834cf55e3822893169175e3671a59788fb9e2d84d3a223c96e83a8f09e?s=96&d=mm&r=g\",\"caption\":\"Albert-Claude Benhamou\"},\"url\":\"https:\\\/\\\/looketmedecine.fr\\\/en\"}]}<\/script>\n<!-- \/ Yoast SEO plugin. -->","yoast_head_json":{"title":"LM N\u00b0 2\/ 2021. LES ENQU\u00caTES DE L&M. Quelle est la place du m\u00e9decin en cosm\u00e9tologie m\u00e9dicale?Anne Laure KIRCH - Revue fran\u00e7aise N\u00b01 pour la recherche en sant\u00e9 esth\u00e9tique","robots":{"index":"index","follow":"follow","max-snippet":"max-snippet:-1","max-image-preview":"max-image-preview:large","max-video-preview":"max-video-preview:-1"},"canonical":"https:\/\/looketmedecine.fr\/en\/wp-json\/wp\/v2\/posts\/5931","og_locale":"en_US","og_type":"article","og_title":"LM N\u00b0 2\/ 2021. LES ENQU\u00caTES DE L&M. Quelle est la place du m\u00e9decin en cosm\u00e9tologie m\u00e9dicale?Anne Laure KIRCH - Revue fran\u00e7aise N\u00b01 pour la recherche en sant\u00e9 esth\u00e9tique","og_description":"Les enqu\u00eates de L&amp;M Quelle est la place du m\u00e9decin en cosm\u00e9tologie m\u00e9dicale? Us et coutumes, Consommation en Cosm\u00e9tologie m\u00e9dicale. Anne-Laure KIRCH,MD CHU Henri Mondor. Cr\u00e9teil. \u00ab La possibilit\u00e9 d\u2019un diagnostic cutan\u00e9 personnalis\u00e9, de conseils adapt\u00e9s ainsi que la confiance envers le monde m\u00e9dical sont les arguments les plus fr\u00e9quemment cit\u00e9s par le grand public\u00bb. [&hellip;]","og_url":"https:\/\/looketmedecine.fr\/en\/enquete-lm-2\/","og_site_name":"Revue fran\u00e7aise N\u00b01 pour la recherche en sant\u00e9 esth\u00e9tique","article_publisher":"https:\/\/www.facebook.com\/looketmedecine.magazine\/","article_published_time":"2021-11-19T16:05:07+00:00","article_modified_time":"2024-10-05T20:30:21+00:00","og_image":[{"width":2137,"height":2560,"url":"https:\/\/looketmedecine.fr\/wp-content\/uploads\/2021\/11\/KIRCH--scaled.jpg","type":"image\/jpeg"}],"author":"Albert-Claude Benhamou","twitter_card":"summary_large_image","twitter_misc":{"Written by":"Albert-Claude Benhamou","Est. reading time":"4 minutes"},"schema":{"@context":"https:\/\/schema.org","@graph":[{"@type":"Article","@id":"https:\/\/looketmedecine.fr\/en\/enquete-lm-2\/#article","isPartOf":{"@id":"https:\/\/looketmedecine.fr\/en\/enquete-lm-2\/"},"author":{"name":"Albert-Claude Benhamou","@id":"https:\/\/looketmedecine.fr\/#\/schema\/person\/d674c704426e829b385c4dd691b8e3cc"},"headline":"LM N\u00b0 2\/ 2021. LES ENQU\u00caTES DE L&#038;M. Quelle est la place du m\u00e9decin en cosm\u00e9tologie m\u00e9dicale?Anne Laure KIRCH","datePublished":"2021-11-19T16:05:07+00:00","dateModified":"2024-10-05T20:30:21+00:00","mainEntityOfPage":{"@id":"https:\/\/looketmedecine.fr\/en\/enquete-lm-2\/"},"wordCount":718,"publisher":{"@id":"https:\/\/looketmedecine.fr\/#organization"},"image":{"@id":"https:\/\/looketmedecine.fr\/en\/enquete-lm-2\/#primaryimage"},"thumbnailUrl":"https:\/\/looketmedecine.fr\/wp-content\/uploads\/2021\/11\/KIRCH--scaled.jpg","keywords":["Lm2 th\u00e8me enquete"],"articleSection":["Les enqu\u00eates de L&amp;M"],"inLanguage":"en-US"},{"@type":"WebPage","@id":"https:\/\/looketmedecine.fr\/en\/enquete-lm-2\/","url":"https:\/\/looketmedecine.fr\/en\/enquete-lm-2\/","name":"LM N\u00b0 2\/ 2021. LES ENQU\u00caTES DE L&M. Quelle est la place du m\u00e9decin en cosm\u00e9tologie m\u00e9dicale?Anne Laure KIRCH - Revue fran\u00e7aise N\u00b01 pour la recherche en sant\u00e9 esth\u00e9tique","isPartOf":{"@id":"https:\/\/looketmedecine.fr\/#website"},"primaryImageOfPage":{"@id":"https:\/\/looketmedecine.fr\/en\/enquete-lm-2\/#primaryimage"},"image":{"@id":"https:\/\/looketmedecine.fr\/en\/enquete-lm-2\/#primaryimage"},"thumbnailUrl":"https:\/\/looketmedecine.fr\/wp-content\/uploads\/2021\/11\/KIRCH--scaled.jpg","datePublished":"2021-11-19T16:05:07+00:00","dateModified":"2024-10-05T20:30:21+00:00","breadcrumb":{"@id":"https:\/\/looketmedecine.fr\/en\/enquete-lm-2\/#breadcrumb"},"inLanguage":"en-US","potentialAction":[{"@type":"ReadAction","target":["https:\/\/looketmedecine.fr\/en\/enquete-lm-2\/"]}]},{"@type":"ImageObject","inLanguage":"en-US","@id":"https:\/\/looketmedecine.fr\/en\/enquete-lm-2\/#primaryimage","url":"https:\/\/looketmedecine.fr\/wp-content\/uploads\/2021\/11\/KIRCH--scaled.jpg","contentUrl":"https:\/\/looketmedecine.fr\/wp-content\/uploads\/2021\/11\/KIRCH--scaled.jpg","width":2137,"height":2560},{"@type":"BreadcrumbList","@id":"https:\/\/looketmedecine.fr\/en\/enquete-lm-2\/#breadcrumb","itemListElement":[{"@type":"ListItem","position":1,"name":"Accueil","item":"https:\/\/looketmedecine.fr\/"},{"@type":"ListItem","position":2,"name":"LM N\u00b0 2\/ 2021. LES ENQU\u00caTES DE L&#038;M. Quelle est la place du m\u00e9decin en cosm\u00e9tologie m\u00e9dicale?Anne Laure KIRCH"}]},{"@type":"WebSite","@id":"https:\/\/looketmedecine.fr\/#website","url":"https:\/\/looketmedecine.fr\/","name":"N\u00b01 French magazine for research in aesthetic health","description":"Aesthetic health based on scientific evidence","publisher":{"@id":"https:\/\/looketmedecine.fr\/#organization"},"potentialAction":[{"@type":"SearchAction","target":{"@type":"EntryPoint","urlTemplate":"https:\/\/looketmedecine.fr\/?s={search_term_string}"},"query-input":{"@type":"PropertyValueSpecification","valueRequired":true,"valueName":"search_term_string"}}],"inLanguage":"en-US"},{"@type":"Organization","@id":"https:\/\/looketmedecine.fr\/#organization","name":"Looketmedicine","url":"https:\/\/looketmedecine.fr\/","logo":{"@type":"ImageObject","inLanguage":"en-US","@id":"https:\/\/looketmedecine.fr\/#\/schema\/logo\/image\/","url":"https:\/\/looketmedecine.fr\/wp-content\/uploads\/2020\/11\/cropped-LookMedecine_Logo_Textuel_Noir.png","contentUrl":"https:\/\/looketmedecine.fr\/wp-content\/uploads\/2020\/11\/cropped-LookMedecine_Logo_Textuel_Noir.png","width":1500,"height":145,"caption":"Looketmedecine"},"image":{"@id":"https:\/\/looketmedecine.fr\/#\/schema\/logo\/image\/"},"sameAs":["https:\/\/www.facebook.com\/looketmedecine.magazine\/","https:\/\/www.instagram.com\/looketmedecine\/?hl=fr"]},{"@type":"Person","@id":"https:\/\/looketmedecine.fr\/#\/schema\/person\/d674c704426e829b385c4dd691b8e3cc","name":"Albert-Claude Benhamou","image":{"@type":"ImageObject","inLanguage":"en-US","@id":"https:\/\/secure.gravatar.com\/avatar\/f4c13b834cf55e3822893169175e3671a59788fb9e2d84d3a223c96e83a8f09e?s=96&d=mm&r=g","url":"https:\/\/secure.gravatar.com\/avatar\/f4c13b834cf55e3822893169175e3671a59788fb9e2d84d3a223c96e83a8f09e?s=96&d=mm&r=g","contentUrl":"https:\/\/secure.gravatar.com\/avatar\/f4c13b834cf55e3822893169175e3671a59788fb9e2d84d3a223c96e83a8f09e?s=96&d=mm&r=g","caption":"Albert-Claude Benhamou"},"url":"https:\/\/looketmedecine.fr\/en"}]}},"_links":{"self":[{"href":"https:\/\/looketmedecine.fr\/en\/wp-json\/wp\/v2\/posts\/5931","targetHints":{"allow":["GET"]}}],"collection":[{"href":"https:\/\/looketmedecine.fr\/en\/wp-json\/wp\/v2\/posts"}],"about":[{"href":"https:\/\/looketmedecine.fr\/en\/wp-json\/wp\/v2\/types\/post"}],"author":[{"embeddable":true,"href":"https:\/\/looketmedecine.fr\/en\/wp-json\/wp\/v2\/users\/2"}],"replies":[{"embeddable":true,"href":"https:\/\/looketmedecine.fr\/en\/wp-json\/wp\/v2\/comments?post=5931"}],"version-history":[{"count":34,"href":"https:\/\/looketmedecine.fr\/en\/wp-json\/wp\/v2\/posts\/5931\/revisions"}],"predecessor-version":[{"id":23866,"href":"https:\/\/looketmedecine.fr\/en\/wp-json\/wp\/v2\/posts\/5931\/revisions\/23866"}],"wp:featuredmedia":[{"embeddable":true,"href":"https:\/\/looketmedecine.fr\/en\/wp-json\/wp\/v2\/media\/5955"}],"wp:attachment":[{"href":"https:\/\/looketmedecine.fr\/en\/wp-json\/wp\/v2\/media?parent=5931"}],"wp:term":[{"taxonomy":"category","embeddable":true,"href":"https:\/\/looketmedecine.fr\/en\/wp-json\/wp\/v2\/categories?post=5931"},{"taxonomy":"post_tag","embeddable":true,"href":"https:\/\/looketmedecine.fr\/en\/wp-json\/wp\/v2\/tags?post=5931"},{"taxonomy":"auteur","embeddable":true,"href":"https:\/\/looketmedecine.fr\/en\/wp-json\/wp\/v2\/auteur?post=5931"},{"taxonomy":"mots-cles","embeddable":true,"href":"https:\/\/looketmedecine.fr\/en\/wp-json\/wp\/v2\/mots-cles?post=5931"}],"curies":[{"name":"wp","href":"https:\/\/api.w.org\/{rel}","templated":true}]}}