{"id":387,"date":"2020-10-05T17:32:20","date_gmt":"2020-10-05T15:32:20","guid":{"rendered":"http:\/\/www.looketmedecine.com\/?p=387"},"modified":"2024-10-04T23:46:52","modified_gmt":"2024-10-04T21:46:52","slug":"considerations-generales-sur-la-chirurgie-et-la-medecine-esthetique","status":"publish","type":"post","link":"https:\/\/looketmedecine.fr\/en\/considerations-generales-sur-la-chirurgie-et-la-medecine-esthetique\/","title":{"rendered":"LM N\u00b01\/2020. Editorial. Questions about appearance. Professor Jean-Paul MENINGAUD"},"content":{"rendered":"\t\t<div data-elementor-type=\"wp-post\" data-elementor-id=\"387\" class=\"elementor elementor-387\" data-elementor-post-type=\"post\">\n\t\t\t\t\t\t<section class=\"elementor-section elementor-top-section elementor-element elementor-element-2564526 elementor-section-boxed elementor-section-height-default elementor-section-height-default\" data-id=\"2564526\" data-element_type=\"section\" data-e-type=\"section\">\n\t\t\t\t\t\t<div class=\"elementor-container elementor-column-gap-default\">\n\t\t\t\t\t<div class=\"elementor-column elementor-col-100 elementor-top-column elementor-element elementor-element-e5c417e\" data-id=\"e5c417e\" data-element_type=\"column\" data-e-type=\"column\">\n\t\t\t<div class=\"elementor-widget-wrap elementor-element-populated\">\n\t\t\t\t\t\t<div class=\"elementor-element elementor-element-6fb7d25 elementor-widget-divider--view-line elementor-widget elementor-widget-divider\" data-id=\"6fb7d25\" data-element_type=\"widget\" data-e-type=\"widget\" data-widget_type=\"divider.default\">\n\t\t\t\t<div class=\"elementor-widget-container\">\n\t\t\t\t\t\t\t<div class=\"elementor-divider\">\n\t\t\t<span class=\"elementor-divider-separator\">\n\t\t\t\t\t\t<\/span>\n\t\t<\/div>\n\t\t\t\t\t\t<\/div>\n\t\t\t\t<\/div>\n\t\t\t\t\t<\/div>\n\t\t<\/div>\n\t\t\t\t\t<\/div>\n\t\t<\/section>\n\t\t\t\t<section class=\"elementor-section elementor-top-section elementor-element elementor-element-5e8ddd0 elementor-section-boxed elementor-section-height-default elementor-section-height-default\" data-id=\"5e8ddd0\" data-element_type=\"section\" data-e-type=\"section\">\n\t\t\t\t\t\t<div class=\"elementor-container elementor-column-gap-default\">\n\t\t\t\t\t<div class=\"elementor-column elementor-col-100 elementor-top-column elementor-element elementor-element-82da31b\" data-id=\"82da31b\" data-element_type=\"column\" data-e-type=\"column\">\n\t\t\t<div class=\"elementor-widget-wrap elementor-element-populated\">\n\t\t\t\t\t\t<div class=\"elementor-element elementor-element-4cb91f2 elementor-arrows-position-inside elementor-pagination-position-outside elementor-widget elementor-widget-image-carousel\" data-id=\"4cb91f2\" data-element_type=\"widget\" data-e-type=\"widget\" data-settings=\"{&quot;navigation&quot;:&quot;both&quot;,&quot;autoplay&quot;:&quot;yes&quot;,&quot;pause_on_hover&quot;:&quot;yes&quot;,&quot;pause_on_interaction&quot;:&quot;yes&quot;,&quot;autoplay_speed&quot;:5000,&quot;infinite&quot;:&quot;yes&quot;,&quot;speed&quot;:500}\" data-widget_type=\"image-carousel.default\">\n\t\t\t\t<div class=\"elementor-widget-container\">\n\t\t\t\t\t\t\t<div class=\"elementor-image-carousel-wrapper swiper\" role=\"region\" aria-roledescription=\"carousel\" aria-label=\"Image Carousel\" dir=\"ltr\">\n\t\t\t<div class=\"elementor-image-carousel swiper-wrapper\" aria-live=\"off\">\n\t\t\t\t\t\t\t\t<div class=\"swiper-slide\" role=\"group\" aria-roledescription=\"slide\" aria-label=\"1 of 5\"><figure class=\"swiper-slide-inner\"><img decoding=\"async\" class=\"swiper-slide-image\" src=\"https:\/\/looketmedecine.fr\/wp-content\/uploads\/2020\/10\/Capture-de\u0301cran-2020-10-31-a\u0300-09.38.34-150x150.png\" alt=\"Capture d\u2019e\u0301cran 2020-10-31 a\u0300 09.38.34\" \/><\/figure><\/div><div class=\"swiper-slide\" role=\"group\" aria-roledescription=\"slide\" aria-label=\"2 of 5\"><figure class=\"swiper-slide-inner\"><img decoding=\"async\" class=\"swiper-slide-image\" src=\"https:\/\/looketmedecine.fr\/wp-content\/uploads\/2020\/10\/Capture-de\u0301cran-2020-10-31-a\u0300-09.37.23-150x150.png\" alt=\"Capture d\u2019e\u0301cran 2020-10-31 a\u0300 09.37.23\" \/><\/figure><\/div><div class=\"swiper-slide\" role=\"group\" aria-roledescription=\"slide\" aria-label=\"3 of 5\"><figure class=\"swiper-slide-inner\"><img decoding=\"async\" class=\"swiper-slide-image\" src=\"https:\/\/looketmedecine.fr\/wp-content\/uploads\/2020\/10\/Capture-de\u0301cran-2020-10-31-a\u0300-09.35.20-150x150.png\" alt=\"Capture d\u2019e\u0301cran 2020-10-31 a\u0300 09.35.20\" \/><\/figure><\/div><div class=\"swiper-slide\" role=\"group\" aria-roledescription=\"slide\" aria-label=\"4 of 5\"><figure class=\"swiper-slide-inner\"><img decoding=\"async\" class=\"swiper-slide-image\" src=\"https:\/\/looketmedecine.fr\/wp-content\/uploads\/2020\/10\/Capture-de\u0301cran-2020-10-31-a\u0300-09.37.41-150x150.png\" alt=\"Capture d\u2019e\u0301cran 2020-10-31 a\u0300 09.37.41\" \/><\/figure><\/div><div class=\"swiper-slide\" role=\"group\" aria-roledescription=\"slide\" aria-label=\"5 of 5\"><figure class=\"swiper-slide-inner\"><img decoding=\"async\" class=\"swiper-slide-image\" src=\"https:\/\/looketmedecine.fr\/wp-content\/uploads\/2020\/10\/Capture-de\u0301cran-2020-10-31-a\u0300-09.38.08-150x150.png\" alt=\"Capture d\u2019e\u0301cran 2020-10-31 a\u0300 09.38.08\" \/><\/figure><\/div>\t\t\t<\/div>\n\t\t\t\t\t\t\t\t\t\t\t\t<div class=\"elementor-swiper-button elementor-swiper-button-prev\" role=\"button\" tabindex=\"0\">\n\t\t\t\t\t\t<svg aria-hidden=\"true\" class=\"e-font-icon-svg e-eicon-chevron-left\" viewBox=\"0 0 1000 1000\" xmlns=\"http:\/\/www.w3.org\/2000\/svg\"><path d=\"M646 125C629 125 613 133 604 142L308 442C296 454 292 471 292 487 292 504 296 521 308 533L604 854C617 867 629 875 646 875 663 875 679 871 692 858 704 846 713 829 713 812 713 796 708 779 692 767L438 487 692 225C700 217 708 204 708 187 708 171 704 154 692 142 675 129 663 125 646 125Z\"><\/path><\/svg>\t\t\t\t\t<\/div>\n\t\t\t\t\t<div class=\"elementor-swiper-button elementor-swiper-button-next\" role=\"button\" tabindex=\"0\">\n\t\t\t\t\t\t<svg aria-hidden=\"true\" class=\"e-font-icon-svg e-eicon-chevron-right\" viewBox=\"0 0 1000 1000\" xmlns=\"http:\/\/www.w3.org\/2000\/svg\"><path d=\"M696 533C708 521 713 504 713 487 713 471 708 454 696 446L400 146C388 133 375 125 354 125 338 125 325 129 313 142 300 154 292 171 292 187 292 204 296 221 308 233L563 492 304 771C292 783 288 800 288 817 288 833 296 850 308 863 321 871 338 875 354 875 371 875 388 867 400 854L696 533Z\"><\/path><\/svg>\t\t\t\t\t<\/div>\n\t\t\t\t\n\t\t\t\t\t\t\t\t\t<div class=\"swiper-pagination\"><\/div>\n\t\t\t\t\t\t\t\t\t<\/div>\n\t\t\t\t\t\t<\/div>\n\t\t\t\t<\/div>\n\t\t\t\t\t<\/div>\n\t\t<\/div>\n\t\t\t\t\t<\/div>\n\t\t<\/section>\n\t\t\t\t<section class=\"elementor-section elementor-top-section elementor-element elementor-element-b4b1289 elementor-section-boxed elementor-section-height-default elementor-section-height-default\" data-id=\"b4b1289\" data-element_type=\"section\" data-e-type=\"section\">\n\t\t\t\t\t\t<div class=\"elementor-container elementor-column-gap-default\">\n\t\t\t\t\t<div class=\"elementor-column elementor-col-100 elementor-top-column elementor-element elementor-element-6e76c33\" data-id=\"6e76c33\" data-element_type=\"column\" data-e-type=\"column\">\n\t\t\t<div class=\"elementor-widget-wrap elementor-element-populated\">\n\t\t\t\t\t\t<div class=\"elementor-element elementor-element-824fc9d elementor-widget-divider--view-line elementor-widget elementor-widget-divider\" data-id=\"824fc9d\" data-element_type=\"widget\" data-e-type=\"widget\" data-widget_type=\"divider.default\">\n\t\t\t\t<div class=\"elementor-widget-container\">\n\t\t\t\t\t\t\t<div class=\"elementor-divider\">\n\t\t\t<span class=\"elementor-divider-separator\">\n\t\t\t\t\t\t<\/span>\n\t\t<\/div>\n\t\t\t\t\t\t<\/div>\n\t\t\t\t<\/div>\n\t\t\t\t\t<\/div>\n\t\t<\/div>\n\t\t\t\t\t<\/div>\n\t\t<\/section>\n\t\t\t\t<section class=\"elementor-section elementor-top-section elementor-element elementor-element-ca12c21 elementor-section-boxed elementor-section-height-default elementor-section-height-default\" data-id=\"ca12c21\" data-element_type=\"section\" data-e-type=\"section\">\n\t\t\t\t\t\t<div class=\"elementor-container elementor-column-gap-default\">\n\t\t\t\t\t<div class=\"elementor-column elementor-col-100 elementor-top-column elementor-element elementor-element-c794ad3\" data-id=\"c794ad3\" data-element_type=\"column\" data-e-type=\"column\">\n\t\t\t<div class=\"elementor-widget-wrap elementor-element-populated\">\n\t\t\t\t\t\t<div class=\"elementor-element elementor-element-0981e62 elementor-widget elementor-widget-text-editor\" data-id=\"0981e62\" data-element_type=\"widget\" data-e-type=\"widget\" data-widget_type=\"text-editor.default\">\n\t\t\t\t<div class=\"elementor-widget-container\">\n\t\t\t\t\t\t\t\t\t<h2 style=\"text-align: center;\"><span style=\"color: #ff0000;\">DES QUESTIONS SUR L&rsquo;APPARENCE : <\/span><\/h2><h2 style=\"text-align: center;\"><span style=\"color: #ff0000;\">Consid\u00e9rations g\u00e9n\u00e9rales sur la chirurgie et la m\u00e9decine esth\u00e9tique.<\/span><span style=\"font-weight: normal;\">\u00a0<\/span><\/h2><h4><span style=\"color: #000000;\"><img fetchpriority=\"high\" decoding=\"async\" class=\"size-medium wp-image-422 aligncenter\" src=\"https:\/\/looketmedecine.fr\/wp-content\/uploads\/2020\/10\/meningaud-1-1-225x300.png\" alt=\"\" width=\"225\" height=\"300\" srcset=\"https:\/\/looketmedecine.fr\/wp-content\/uploads\/2020\/10\/meningaud-1-1-225x300.png 225w, https:\/\/looketmedecine.fr\/wp-content\/uploads\/2020\/10\/meningaud-1-1.png 418w\" sizes=\"(max-width: 225px) 100vw, 225px\" \/><\/span><\/h4><h2 style=\"text-align: center;\"><em><span style=\"color: #000000;\">Jean-Paul Meningaud, MD, PhD<\/span><\/em><\/h2><p style=\"text-align: center;\"><span style=\"color: #000000;\"><em>\u00a0 \u00a0 \u00a0 \u00a0 \u00a0 \u00a0 \u00a0 \u00a0 \u00a0Professeur, chef du service de chirurgie plastique et maxillo-faciale. <\/em><em>Directeur du service de chirurgie ambulatoire de l&rsquo;h\u00f4pital Henri Mondor (H\u00f4pitaux de Paris)<\/em>.<\/span><\/p>\t\t\t\t\t\t\t\t<\/div>\n\t\t\t\t<\/div>\n\t\t\t\t\t<\/div>\n\t\t<\/div>\n\t\t\t\t\t<\/div>\n\t\t<\/section>\n\t\t\t\t<section class=\"elementor-section elementor-top-section elementor-element elementor-element-dcb8785 elementor-section-boxed elementor-section-height-default elementor-section-height-default\" data-id=\"dcb8785\" data-element_type=\"section\" data-e-type=\"section\">\n\t\t\t\t\t\t<div class=\"elementor-container elementor-column-gap-default\">\n\t\t\t\t\t<div class=\"elementor-column elementor-col-100 elementor-top-column elementor-element elementor-element-01d2ed0\" data-id=\"01d2ed0\" data-element_type=\"column\" data-e-type=\"column\">\n\t\t\t<div class=\"elementor-widget-wrap elementor-element-populated\">\n\t\t\t\t\t\t<div class=\"elementor-element elementor-element-ed8e44a elementor-widget-divider--view-line elementor-widget elementor-widget-divider\" data-id=\"ed8e44a\" data-element_type=\"widget\" data-e-type=\"widget\" data-widget_type=\"divider.default\">\n\t\t\t\t<div class=\"elementor-widget-container\">\n\t\t\t\t\t\t\t<div class=\"elementor-divider\">\n\t\t\t<span class=\"elementor-divider-separator\">\n\t\t\t\t\t\t<\/span>\n\t\t<\/div>\n\t\t\t\t\t\t<\/div>\n\t\t\t\t<\/div>\n\t\t\t\t\t<\/div>\n\t\t<\/div>\n\t\t\t\t\t<\/div>\n\t\t<\/section>\n\t\t\t\t<section class=\"elementor-section elementor-top-section elementor-element elementor-element-b7d9fbe elementor-section-boxed elementor-section-height-default elementor-section-height-default\" data-id=\"b7d9fbe\" data-element_type=\"section\" data-e-type=\"section\">\n\t\t\t\t\t\t<div class=\"elementor-container elementor-column-gap-default\">\n\t\t\t\t\t<div class=\"elementor-column elementor-col-100 elementor-top-column elementor-element elementor-element-bb51721\" data-id=\"bb51721\" data-element_type=\"column\" data-e-type=\"column\">\n\t\t\t<div class=\"elementor-widget-wrap elementor-element-populated\">\n\t\t\t\t\t\t<div class=\"elementor-element elementor-element-12e30ee elementor-widget elementor-widget-text-editor\" data-id=\"12e30ee\" data-element_type=\"widget\" data-e-type=\"widget\" data-widget_type=\"text-editor.default\">\n\t\t\t\t<div class=\"elementor-widget-container\">\n\t\t\t\t\t\t\t\t\t<h2 style=\"text-align: center;\"><span style=\"font-weight: normal;\"><span style=\"color: #0000ff;\">\u00a0 \u00a0 \u00a0 \u00a0 \u00a0 \u00a0 \u00a0 \u00a0 \u00a0 \u00a0 \u00a0 \u00a0 \u00a0 \u00a0 <strong><span style=\"color: #d4b054;\">Introduction<\/span><\/strong><\/span><span style=\"color: #0000ff;\"><strong><span style=\"color: #d4b054;\">\u00a0<\/span><\/strong> \u00a0 \u00a0 \u00a0<\/span><span style=\"color: #000000;\">\u00a0 \u00a0 \u00a0 \u00a0 \u00a0 \u00a0 \u00a0 \u00a0\u00a0<\/span><\/span><\/h2><ul><li><h4><span style=\"color: #000000;\">Au cours de mes enseignements en m\u00e9decine ou en chirurgie esth\u00e9tique, de nombreuses questions me sont pos\u00e9es au sujet de l\u2019apparence.<\/span><\/h4><\/li><li><h4>Elles sont toujours pertinentes.<\/h4><\/li><li><h4>Voici celles qui me reviennent en m\u00e9moire.<\/h4><\/li><\/ul>\t\t\t\t\t\t\t\t<\/div>\n\t\t\t\t<\/div>\n\t\t\t\t\t<\/div>\n\t\t<\/div>\n\t\t\t\t\t<\/div>\n\t\t<\/section>\n\t\t\t\t<section class=\"elementor-section elementor-top-section elementor-element elementor-element-d09ee4a elementor-section-boxed elementor-section-height-default elementor-section-height-default\" data-id=\"d09ee4a\" data-element_type=\"section\" data-e-type=\"section\">\n\t\t\t\t\t\t<div class=\"elementor-container elementor-column-gap-default\">\n\t\t\t\t\t<div class=\"elementor-column elementor-col-100 elementor-top-column elementor-element elementor-element-85b8a86\" data-id=\"85b8a86\" data-element_type=\"column\" data-e-type=\"column\">\n\t\t\t<div class=\"elementor-widget-wrap elementor-element-populated\">\n\t\t\t\t\t\t<div class=\"elementor-element elementor-element-58583c0 elementor-widget-divider--view-line elementor-widget elementor-widget-divider\" data-id=\"58583c0\" data-element_type=\"widget\" data-e-type=\"widget\" data-widget_type=\"divider.default\">\n\t\t\t\t<div class=\"elementor-widget-container\">\n\t\t\t\t\t\t\t<div class=\"elementor-divider\">\n\t\t\t<span class=\"elementor-divider-separator\">\n\t\t\t\t\t\t<\/span>\n\t\t<\/div>\n\t\t\t\t\t\t<\/div>\n\t\t\t\t<\/div>\n\t\t\t\t\t<\/div>\n\t\t<\/div>\n\t\t\t\t\t<\/div>\n\t\t<\/section>\n\t\t\t\t<section class=\"elementor-section elementor-top-section elementor-element elementor-element-03771a7 elementor-section-boxed elementor-section-height-default elementor-section-height-default\" data-id=\"03771a7\" data-element_type=\"section\" data-e-type=\"section\">\n\t\t\t\t\t\t<div class=\"elementor-container elementor-column-gap-default\">\n\t\t\t\t\t<div class=\"elementor-column elementor-col-100 elementor-top-column elementor-element elementor-element-6705520\" data-id=\"6705520\" data-element_type=\"column\" data-e-type=\"column\">\n\t\t\t<div class=\"elementor-widget-wrap elementor-element-populated\">\n\t\t\t\t\t\t<div class=\"elementor-element elementor-element-15fbc20 elementor-widget elementor-widget-text-editor\" data-id=\"15fbc20\" data-element_type=\"widget\" data-e-type=\"widget\" data-widget_type=\"text-editor.default\">\n\t\t\t\t<div class=\"elementor-widget-container\">\n\t\t\t\t\t\t\t\t\t<h2 style=\"text-align: center;\"><span style=\"color: #d4b054;\"><em>Quels rapports entre demande de rajeunissement <\/em><em>et d\u2019embellissement ?<\/em><\/span><\/h2><h4><em><span style=\"color: #000000;\">En chirurgie esth\u00e9tique, on distingue sch\u00e9matiquement :<\/span><\/em><\/h4><ul><li><h4><span style=\"color: #000000;\">la chirurgie de la silhouette,<\/span><\/h4><\/li><li><h4><span style=\"color: #000000;\">la chirurgie de la face,<\/span><\/h4><\/li><li><h4><span style=\"color: #000000;\">la chirurgie d\u2019embellissement<\/span><\/h4><\/li><li><h4><span style=\"color: #000000;\">la chirurgie de rajeunissement.<\/span><\/h4><\/li><\/ul><h4><span style=\"color: #000000;\"><em>Cette distinction permet de mettre en \u00e9vidence le but poursuivi, mais dans la pratique ces quatre cat\u00e9gories se recoupent.<\/em><\/span><\/h4><h4><strong><span style=\"color: #000000;\"><em>La chirurgie de la silhouette :<\/em><\/span><\/strong><\/h4><h4><strong><span style=\"color: #000000;\"><em>Elle comprend pour une tr\u00e8s grande part une chirurgie \u00ab en diminution \u00bb comme :<\/em><\/span><\/strong><\/h4><ul><li><h4><span style=\"color: #000000;\">Le traitement des s\u00e9quelles d\u2019amaigrissement\u00a0 <\/span><\/h4><\/li><li><h4>Le traitement de la culotte de cheval,\u00a0<\/h4><\/li><li><h4>De la pt\u00f4se et de l\u2019hypertrophie mammaire,\u00a0<\/h4><\/li><li><h4>Des s\u00e9quelles de grossesse.<\/h4><\/li><\/ul><h4><span style=\"color: #000000;\">Il va falloir retirer des tissus en exc\u00e8s et am\u00e9nager ceux restants pour recr\u00e9er la forme d\u00e9sir\u00e9e. Il s\u2019agit le plus souvent de patientes en surpoids ou ayant \u00e9t\u00e9 en surpoids. En r\u00e8gle g\u00e9n\u00e9rale, les sujets concern\u00e9s sont plut\u00f4t de bons vivants. Le but recherch\u00e9 est l\u2019embellissement, directement ou \u00e0 travers le v\u00eatement, mais dans la pratique une silhouette mince appara\u00eet toujours plus jeune.<\/span><\/h4><h4><span style=\"color: #0000ff;\"><em>\u00a0<\/em><strong><span style=\"color: #000000;\"><em>Il peut y avoir aussi des demandes \u00ab en augmentation \u00bb :<\/em><\/span><\/strong><\/span><\/h4><ul><li><h4><span style=\"color: #000000;\">Telles les proth\u00e8ses mammaires <\/span><\/h4><\/li><li><h4><span style=\"color: #000000;\">ou plus rarement les proth\u00e8ses de fesses ou de mollets.<\/span><\/h4><\/li><\/ul><h4><strong><span style=\"color: #000000;\"><em>La chirurgie de la face :<\/em><\/span><\/strong><\/h4><h4><span style=\"color: #000000;\">Elle pose des probl\u00e8mes tr\u00e8s diff\u00e9rents, car elle concerne l\u2019identit\u00e9 que la personne souhaite afficher. <\/span><span style=\"color: #000000;\">\u00c0 l\u2019\u00e9vidence, les \u00eatres humains se reconnaissent par le visage. <\/span><span style=\"color: #000000;\">Une personne demandeuse d\u2019une chirurgie esth\u00e9tique faciale poursuit le d\u00e9sir d\u2019afficher une attractivit\u00e9 accrue ou un \u00e2ge plus jeune. <\/span><span style=\"color: #000000;\">L\u2019attractivit\u00e9 peut \u00eatre augment\u00e9e par l\u2019am\u00e9lioration des proportions du visage. <\/span><span style=\"color: #000000;\">En pratique, le point clef de l\u2019attractivit\u00e9 r\u00e9side dans le tiers moyen de la face<\/span><\/h4><h4><em style=\"color: #000000; font-size: 0.813rem;\">Les interventions les plus classiques de la chirurgie esth\u00e9tique faciale sont :<\/em><\/h4><ul><li><h4><span style=\"color: #000000;\">\u00a0La rhinoplastie,<\/span><\/h4><\/li><li><h4><span style=\"color: #000000;\">La chirurgie des paupi\u00e8res ou bl\u00e9pharoplastie,<\/span><\/h4><\/li><li><h4><span style=\"color: #000000;\">Le lifting,<\/span><\/h4><\/li><li><h4><span style=\"color: #000000;\">Mais il existe aussi des interventions plus sophistiqu\u00e9es concernant :<\/span><span style=\"color: #000000;\">Les pommettes,<\/span><\/h4><ul><li><h4>Le menton,<\/h4><\/li><li><h4>La forme des yeux,<\/h4><\/li><li><h4>La forme des m\u00e2choires et notamment des angles.<\/h4><\/li><\/ul><\/li><\/ul>\t\t\t\t\t\t\t\t<\/div>\n\t\t\t\t<\/div>\n\t\t\t\t\t<\/div>\n\t\t<\/div>\n\t\t\t\t\t<\/div>\n\t\t<\/section>\n\t\t\t\t<section class=\"elementor-section elementor-top-section elementor-element elementor-element-d348443 elementor-section-boxed elementor-section-height-default elementor-section-height-default\" data-id=\"d348443\" data-element_type=\"section\" data-e-type=\"section\">\n\t\t\t\t\t\t<div class=\"elementor-container elementor-column-gap-default\">\n\t\t\t\t\t<div class=\"elementor-column elementor-col-100 elementor-top-column elementor-element elementor-element-cbe2d0e\" data-id=\"cbe2d0e\" data-element_type=\"column\" data-e-type=\"column\">\n\t\t\t<div class=\"elementor-widget-wrap elementor-element-populated\">\n\t\t\t\t\t\t<div class=\"elementor-element elementor-element-502bec5 elementor-widget-divider--view-line elementor-widget elementor-widget-divider\" data-id=\"502bec5\" data-element_type=\"widget\" data-e-type=\"widget\" data-widget_type=\"divider.default\">\n\t\t\t\t<div class=\"elementor-widget-container\">\n\t\t\t\t\t\t\t<div class=\"elementor-divider\">\n\t\t\t<span class=\"elementor-divider-separator\">\n\t\t\t\t\t\t<\/span>\n\t\t<\/div>\n\t\t\t\t\t\t<\/div>\n\t\t\t\t<\/div>\n\t\t\t\t\t<\/div>\n\t\t<\/div>\n\t\t\t\t\t<\/div>\n\t\t<\/section>\n\t\t\t\t<section class=\"elementor-section elementor-top-section elementor-element elementor-element-d56a844 elementor-section-boxed elementor-section-height-default elementor-section-height-default\" data-id=\"d56a844\" data-element_type=\"section\" data-e-type=\"section\">\n\t\t\t\t\t\t<div class=\"elementor-container elementor-column-gap-default\">\n\t\t\t\t\t<div class=\"elementor-column elementor-col-100 elementor-top-column elementor-element elementor-element-bcec6c7\" data-id=\"bcec6c7\" data-element_type=\"column\" data-e-type=\"column\">\n\t\t\t<div class=\"elementor-widget-wrap elementor-element-populated\">\n\t\t\t\t\t\t<div class=\"elementor-element elementor-element-c223a11 elementor-widget elementor-widget-text-editor\" data-id=\"c223a11\" data-element_type=\"widget\" data-e-type=\"widget\" data-widget_type=\"text-editor.default\">\n\t\t\t\t<div class=\"elementor-widget-container\">\n\t\t\t\t\t\t\t\t\t<h2 style=\"text-align: center;\"><span style=\"color: #d4b054;\">Y a-t-il des crit\u00e8res qui n\u2019\u00e9voluent pas ?<\/span><\/h2><ul><li><h4><span style=\"color: #000000;\">Il existe des crit\u00e8res g\u00e9n\u00e9raux de la beaut\u00e9 qui ne semblent pas avoir chang\u00e9 depuis l\u2019Antiquit\u00e9. Aristote (385-323 av. J.-C.) \u00e9voquait d\u00e9j\u00e0 la sym\u00e9trie, la pr\u00e9cision et l\u2019harmonie dans les proportions (dans diff\u00e9rents passages de la M\u00e9taphysique, mais aussi de la Po\u00e9tique).<\/span><\/h4><\/li><li><h4><span style=\"color: #000000;\">De nombreuses \u00e9tudes de psychologie exp\u00e9rimentale ont confirm\u00e9 la pertinence de ces crit\u00e8res [1]\u00a0 <em>Grammer K et al. Human (Homo sapiens) facial attractiveness and sexual selection: the role of symmetry and averageness.\u00a0J Comp Psychol. 1994;108(3):233-242.\u00a0<\/em><\/span><\/h4><\/li><li><h4><span style=\"color: #000000;\">Ainsi, si l\u2019on pr\u00e9sente \u00e0 un \u00e9chantillon de 100 personnes choisies au hasard, deux photos l\u2019une avec un visage grossi\u00e8rement sym\u00e9trique et l\u2019autre avec le m\u00eame visage ostensiblement asym\u00e9trique, l\u2019immense majorit\u00e9 consid\u00e9rera comme plus beau le visage sym\u00e9trique.<\/span><\/h4><\/li><\/ul>\t\t\t\t\t\t\t\t<\/div>\n\t\t\t\t<\/div>\n\t\t\t\t\t<\/div>\n\t\t<\/div>\n\t\t\t\t\t<\/div>\n\t\t<\/section>\n\t\t\t\t<section class=\"elementor-section elementor-top-section elementor-element elementor-element-b903f3a elementor-section-boxed elementor-section-height-default elementor-section-height-default\" data-id=\"b903f3a\" data-element_type=\"section\" data-e-type=\"section\">\n\t\t\t\t\t\t<div class=\"elementor-container elementor-column-gap-default\">\n\t\t\t\t\t<div class=\"elementor-column elementor-col-100 elementor-top-column elementor-element elementor-element-55b53e9\" data-id=\"55b53e9\" data-element_type=\"column\" data-e-type=\"column\">\n\t\t\t<div class=\"elementor-widget-wrap elementor-element-populated\">\n\t\t\t\t\t\t<div class=\"elementor-element elementor-element-6cc4bf6 elementor-widget-divider--view-line elementor-widget elementor-widget-divider\" data-id=\"6cc4bf6\" data-element_type=\"widget\" data-e-type=\"widget\" data-widget_type=\"divider.default\">\n\t\t\t\t<div class=\"elementor-widget-container\">\n\t\t\t\t\t\t\t<div class=\"elementor-divider\">\n\t\t\t<span class=\"elementor-divider-separator\">\n\t\t\t\t\t\t<\/span>\n\t\t<\/div>\n\t\t\t\t\t\t<\/div>\n\t\t\t\t<\/div>\n\t\t\t\t\t<\/div>\n\t\t<\/div>\n\t\t\t\t\t<\/div>\n\t\t<\/section>\n\t\t\t\t<section class=\"elementor-section elementor-top-section elementor-element elementor-element-01430e4 elementor-section-boxed elementor-section-height-default elementor-section-height-default\" data-id=\"01430e4\" data-element_type=\"section\" data-e-type=\"section\">\n\t\t\t\t\t\t<div class=\"elementor-container elementor-column-gap-default\">\n\t\t\t\t\t<div class=\"elementor-column elementor-col-100 elementor-top-column elementor-element elementor-element-6276352\" data-id=\"6276352\" data-element_type=\"column\" data-e-type=\"column\">\n\t\t\t<div class=\"elementor-widget-wrap elementor-element-populated\">\n\t\t\t\t\t\t<div class=\"elementor-element elementor-element-78bb231 elementor-widget elementor-widget-text-editor\" data-id=\"78bb231\" data-element_type=\"widget\" data-e-type=\"widget\" data-widget_type=\"text-editor.default\">\n\t\t\t\t<div class=\"elementor-widget-container\">\n\t\t\t\t\t\t\t\t\t<h2 style=\"text-align: center;\"><span style=\"color: #d4b054;\">Peut-on chiffrer la beaut\u00e9 ?<\/span><\/h2><ul><li><h4><span style=\"color: #000000;\">Il y a eu dans l\u2019histoire des tentations, historiquement avec le nombre d\u2019or. [2] <em>Prokopakis EP, Vlastos IM, Picavet VA, et al. The golden ratio in facial symmetry. Rhinology. 2013;51(1):18-21<\/em>. <\/span><\/h4><\/li><li><h4><span style=\"color: #000000;\">Plus r\u00e9cemment avec les \u00e9tudes dites c\u00e9phalom\u00e9triques. [3] <em>Gorbanyjavadpour F, Rakhshan V. Factors associated with the beauty of soft-tissue profile. Am J Orthod Dentofacial Orthop. 2019;155(6):832-843.<\/em><\/span><\/h4><\/li><li><h4><span style=\"color: #000000;\">En fait, ces crit\u00e8res lorsqu\u2019ils sont appliqu\u00e9s de fa\u00e7on syst\u00e9matique aboutissent \u00e0 des aberrations (voir plus bas). Aristote dans sa grande sagesse n\u2019envisageait pas la question des proportions en termes rigides, mais simplement comme le fait que le beau ne pouvait se situer aux extr\u00eames.<\/span><\/h4><\/li><\/ul>\t\t\t\t\t\t\t\t<\/div>\n\t\t\t\t<\/div>\n\t\t\t\t\t<\/div>\n\t\t<\/div>\n\t\t\t\t\t<\/div>\n\t\t<\/section>\n\t\t\t\t<section class=\"elementor-section elementor-top-section elementor-element elementor-element-e61426b elementor-section-boxed elementor-section-height-default elementor-section-height-default\" data-id=\"e61426b\" data-element_type=\"section\" data-e-type=\"section\">\n\t\t\t\t\t\t<div class=\"elementor-container elementor-column-gap-default\">\n\t\t\t\t\t<div class=\"elementor-column elementor-col-100 elementor-top-column elementor-element elementor-element-b2cc52b\" data-id=\"b2cc52b\" data-element_type=\"column\" data-e-type=\"column\">\n\t\t\t<div class=\"elementor-widget-wrap elementor-element-populated\">\n\t\t\t\t\t\t<div class=\"elementor-element elementor-element-6f60a8c elementor-widget-divider--view-line elementor-widget elementor-widget-divider\" data-id=\"6f60a8c\" data-element_type=\"widget\" data-e-type=\"widget\" data-widget_type=\"divider.default\">\n\t\t\t\t<div class=\"elementor-widget-container\">\n\t\t\t\t\t\t\t<div class=\"elementor-divider\">\n\t\t\t<span class=\"elementor-divider-separator\">\n\t\t\t\t\t\t<\/span>\n\t\t<\/div>\n\t\t\t\t\t\t<\/div>\n\t\t\t\t<\/div>\n\t\t\t\t\t<\/div>\n\t\t<\/div>\n\t\t\t\t\t<\/div>\n\t\t<\/section>\n\t\t\t\t<section class=\"elementor-section elementor-top-section elementor-element elementor-element-6e4feba elementor-section-boxed elementor-section-height-default elementor-section-height-default\" data-id=\"6e4feba\" data-element_type=\"section\" data-e-type=\"section\">\n\t\t\t\t\t\t<div class=\"elementor-container elementor-column-gap-default\">\n\t\t\t\t\t<div class=\"elementor-column elementor-col-100 elementor-top-column elementor-element elementor-element-4898d97\" data-id=\"4898d97\" data-element_type=\"column\" data-e-type=\"column\">\n\t\t\t<div class=\"elementor-widget-wrap elementor-element-populated\">\n\t\t\t\t\t\t<div class=\"elementor-element elementor-element-a3eb581 elementor-widget elementor-widget-text-editor\" data-id=\"a3eb581\" data-element_type=\"widget\" data-e-type=\"widget\" data-widget_type=\"text-editor.default\">\n\t\t\t\t<div class=\"elementor-widget-container\">\n\t\t\t\t\t\t\t\t\t<h2 style=\"text-align: center;\"><span style=\"color: #d4b054;\">Qu\u2019est-ce que le nombre d\u2019or ?<\/span><\/h2><ul><li><h4><span style=\"color: #000000;\">Vers la fin du XVe si\u00e8cle, Lucas Pacioli, un moine math\u00e9maticien italien, soutient la th\u00e8se d\u2019une proportion id\u00e9ale fond\u00e9e sur un nombre tr\u00e8s particulier auquel on donnera plus tard le nom de nombre d\u2019or ou de section dor\u00e9e. En fait, ce nombre \u00e9tait connu depuis l\u2019Antiquit\u00e9, mais uniquement pour certaines de ses propri\u00e9t\u00e9s math\u00e9matiques (d\u00e9crites par Euclide). Il a \u00e9t\u00e9 soutenu que des artistes tel L\u00e9onard de Vinci avaient fond\u00e9 leurs canons de beaut\u00e9 sur le nombre d\u2019or.<\/span><\/h4><\/li><li><h4><span style=\"color: #000000;\">Pourtant contrairement \u00e0 ce qui a pu \u00eatre \u00e9crit ici ou l\u00e0, le c\u00e9l\u00e8bre Homme de Vitruve s\u2019inspire des proportions explicit\u00e9es par Vitruve lui-m\u00eame, l\u2019architecte romain qui v\u00e9cut au 1er si\u00e8cle av. J.-C., mais ne fait pas intervenir le nombre d\u2019or. Vitruve d\u00e9crit les proportions id\u00e9ales d\u2019un temple qui devaient se rapprocher des proportions humaines. <em>[4] Vitruve, De architectura, livre 3, chap. 1.<\/em><\/span><\/h4><\/li><li><h4><span style=\"color: #000000;\">Vinci fait le chemin en sens inverse pour dessiner un homme. La confusion sur le nombre d\u2019or vient du fait que Vinci et Pacioli \u00e9taient amis et que Vinci avait illustr\u00e9 un livre de Pacioli intitul\u00e9 De la divine proportion. En fait, pour ses \u0153uvres, Vinci se fiait bien plus \u00e0 ses propres observations anatomiques qu\u2019\u00e0 un syst\u00e8me math\u00e9matique.<\/span><\/h4><\/li><\/ul>\t\t\t\t\t\t\t\t<\/div>\n\t\t\t\t<\/div>\n\t\t\t\t\t<\/div>\n\t\t<\/div>\n\t\t\t\t\t<\/div>\n\t\t<\/section>\n\t\t\t\t<section class=\"elementor-section elementor-top-section elementor-element elementor-element-4f13a31 elementor-section-boxed elementor-section-height-default elementor-section-height-default\" data-id=\"4f13a31\" data-element_type=\"section\" data-e-type=\"section\">\n\t\t\t\t\t\t<div class=\"elementor-container elementor-column-gap-default\">\n\t\t\t\t\t<div class=\"elementor-column elementor-col-100 elementor-top-column elementor-element elementor-element-a1769aa\" data-id=\"a1769aa\" data-element_type=\"column\" data-e-type=\"column\">\n\t\t\t<div class=\"elementor-widget-wrap elementor-element-populated\">\n\t\t\t\t\t\t<div class=\"elementor-element elementor-element-dcf4ecf elementor-widget-divider--view-line elementor-widget elementor-widget-divider\" data-id=\"dcf4ecf\" data-element_type=\"widget\" data-e-type=\"widget\" data-widget_type=\"divider.default\">\n\t\t\t\t<div class=\"elementor-widget-container\">\n\t\t\t\t\t\t\t<div class=\"elementor-divider\">\n\t\t\t<span class=\"elementor-divider-separator\">\n\t\t\t\t\t\t<\/span>\n\t\t<\/div>\n\t\t\t\t\t\t<\/div>\n\t\t\t\t<\/div>\n\t\t\t\t\t<\/div>\n\t\t<\/div>\n\t\t\t\t\t<\/div>\n\t\t<\/section>\n\t\t\t\t<section class=\"elementor-section elementor-top-section elementor-element elementor-element-88b6e04 elementor-section-boxed elementor-section-height-default elementor-section-height-default\" data-id=\"88b6e04\" data-element_type=\"section\" data-e-type=\"section\">\n\t\t\t\t\t\t<div class=\"elementor-container elementor-column-gap-default\">\n\t\t\t\t\t<div class=\"elementor-column elementor-col-100 elementor-top-column elementor-element elementor-element-6509d00\" data-id=\"6509d00\" data-element_type=\"column\" data-e-type=\"column\">\n\t\t\t<div class=\"elementor-widget-wrap elementor-element-populated\">\n\t\t\t\t\t\t<div class=\"elementor-element elementor-element-36baad4 elementor-widget elementor-widget-text-editor\" data-id=\"36baad4\" data-element_type=\"widget\" data-e-type=\"widget\" data-widget_type=\"text-editor.default\">\n\t\t\t\t<div class=\"elementor-widget-container\">\n\t\t\t\t\t\t\t\t\t<h2 style=\"text-align: center;\"><span style=\"color: #d4b054;\">\u00a0Les statistiques permettent-elles <\/span><\/h2><h2 style=\"text-align: center;\"><span style=\"color: #d4b054;\">de d\u00e9finir des proportions id\u00e9ales ?<\/span><\/h2><ul><li><h4><span style=\"color: #000000;\">Le beau se situerait dans une zone plus ou moins large autour de mensurations moyennes. C\u2019est dans le domaine de l\u2019\u00e9tude de la face que cette m\u00e9thode biom\u00e9trique, la c\u00e9phalom\u00e9trie, a trouv\u00e9 son plus grand domaine d\u2019application. Elle n\u00e9cessite la r\u00e9alisation d\u2019une radiographie particuli\u00e8re que l\u2019on appelle la t\u00e9l\u00e9radiographie.<\/span><\/h4><h4><span style=\"color: #000000;\">Des points anatomiques pr\u00e9cis sont rep\u00e9r\u00e9s gr\u00e2ce auxquels des angles sont mesur\u00e9s. Bien que sous-tendue par une tr\u00e8s grande rigueur scientifique, l\u2019analyse c\u00e9phalom\u00e9trique souffre de quelques limites. La plus importante est li\u00e9e \u00e0 l\u2019\u00e9talonnage.<\/span><\/h4><\/li><li><h4><span style=\"color: #000000;\">Chaque type d\u2019analyse calcule ses moyennes sur une population de r\u00e9f\u00e9rence qui au fil du temps peut devenir contestable. Par exemple, celle de Tweed se fonde sur une population de jeunes am\u00e9ricains des ann\u00e9es 50, tr\u00e8s majoritairement blancs. Les r\u00e9sultats sont-ils extrapolables \u00e0 l\u2019\u00e9tude du visage d\u2019une patiente Africaine quinquag\u00e9naire d\u2019aujourd\u2019hui? <em>[5] Ou\u00e9draogo Y et al. Cephalometric norms of a Burkina Faso population. Int Orthod. 2019;17(1):136-142.<\/em><\/span><\/h4><\/li><\/ul>\t\t\t\t\t\t\t\t<\/div>\n\t\t\t\t<\/div>\n\t\t\t\t\t<\/div>\n\t\t<\/div>\n\t\t\t\t\t<\/div>\n\t\t<\/section>\n\t\t\t\t<section class=\"elementor-section elementor-top-section elementor-element elementor-element-7aaa28b elementor-section-boxed elementor-section-height-default elementor-section-height-default\" data-id=\"7aaa28b\" data-element_type=\"section\" data-e-type=\"section\">\n\t\t\t\t\t\t<div class=\"elementor-container elementor-column-gap-default\">\n\t\t\t\t\t<div class=\"elementor-column elementor-col-100 elementor-top-column elementor-element elementor-element-eac699b\" data-id=\"eac699b\" data-element_type=\"column\" data-e-type=\"column\">\n\t\t\t<div class=\"elementor-widget-wrap elementor-element-populated\">\n\t\t\t\t\t\t<div class=\"elementor-element elementor-element-1825d30 elementor-widget-divider--view-line elementor-widget elementor-widget-divider\" data-id=\"1825d30\" data-element_type=\"widget\" data-e-type=\"widget\" data-widget_type=\"divider.default\">\n\t\t\t\t<div class=\"elementor-widget-container\">\n\t\t\t\t\t\t\t<div class=\"elementor-divider\">\n\t\t\t<span class=\"elementor-divider-separator\">\n\t\t\t\t\t\t<\/span>\n\t\t<\/div>\n\t\t\t\t\t\t<\/div>\n\t\t\t\t<\/div>\n\t\t\t\t\t<\/div>\n\t\t<\/div>\n\t\t\t\t\t<\/div>\n\t\t<\/section>\n\t\t\t\t<section class=\"elementor-section elementor-top-section elementor-element elementor-element-0ddf951 elementor-section-boxed elementor-section-height-default elementor-section-height-default\" data-id=\"0ddf951\" data-element_type=\"section\" data-e-type=\"section\">\n\t\t\t\t\t\t<div class=\"elementor-container elementor-column-gap-default\">\n\t\t\t\t\t<div class=\"elementor-column elementor-col-100 elementor-top-column elementor-element elementor-element-ac2bfbd\" data-id=\"ac2bfbd\" data-element_type=\"column\" data-e-type=\"column\">\n\t\t\t<div class=\"elementor-widget-wrap elementor-element-populated\">\n\t\t\t\t\t\t<div class=\"elementor-element elementor-element-ec34927 elementor-widget elementor-widget-text-editor\" data-id=\"ec34927\" data-element_type=\"widget\" data-e-type=\"widget\" data-widget_type=\"text-editor.default\">\n\t\t\t\t<div class=\"elementor-widget-container\">\n\t\t\t\t\t\t\t\t\t<h2 style=\"text-align: center;\"><span style=\"color: #d4b054;\">Quel est le meilleur crit\u00e8re de beaut\u00e9 ?<\/span><\/h2><ul><li><h4><span style=\"color: #000000;\">Charles Auguste Baud, un chirurgien suisse, dans son ouvrage \u00ab\u00a0<em>Harmonie du visage\u00a0\u00bb <\/em>publi\u00e9 en 1967, d\u00e9crivait la fonction comme un crit\u00e8re intrins\u00e8que de la beaut\u00e9.<\/span><\/h4><\/li><li><h4><span style=\"color: #000000;\">Un visage beau implique un engr\u00e8nement correct des dents, une bonne respiration, des paupi\u00e8res qui fonctionnent correctement, des muscles du sourire non paralys\u00e9s, etc.<\/span><\/h4><h4><span style=\"color: #000000;\">&#8211; Il est certain qu\u2019un groupe de personnes pr\u00e9sentant un prognathisme important au point de ne pas avoir de contact entre ses incisives appara\u00eetra statistiquement moins beau qu\u2019un groupe pr\u00e9sentant des contacts fonctionnels entre les arcades dentaires. Or, l\u2019absence de contacts entre les arcades, diminue singuli\u00e8rement les stimulations au niveau de l\u2019os qui soutient les racines dentaires et se traduit sur du long terme par des d\u00e9chaussements.<\/span><\/h4><h4><span style=\"color: #000000;\">&#8211; De m\u00eame, on imagine facilement qu\u2019un trouble respiratoire li\u00e9 \u00e0 une d\u00e9viation de la cloison nasale puisse se traduire par une d\u00e9formation du nez. En fait, la cons\u00e9quence esth\u00e9tique la plus fr\u00e9quente de ce type de trouble respiratoire est la pr\u00e9sence pr\u00e9coce de poches sous les yeux. Ces patients nous consultent le plus souvent pour une bl\u00e9pharoplastie (chirurgie des paupi\u00e8res).<\/span><\/h4><\/li><li><h4><span style=\"color: #000000;\">L\u2019examen clinique de cette demande doit \u00e9liminer un probl\u00e8me respiratoire. Une r\u00e9tromandibulie (mandibule en arri\u00e8re), peut favoriser des ronflements ou pire un syndrome d\u2019apn\u00e9es obstructives du sommeil. Ce syndrome se traduit par un taux d\u2019infarctus du myocarde significativement plus important et par une somnolence diurne \u00e0 l\u2019origine de certains accidents de la route. Or, sur le plan esth\u00e9tique, ce qui appara\u00eetra au premier plan sera un angle cervico-facial ouvert avec une impression de rel\u00e2chement \u00e0 un \u00e2ge plus pr\u00e9coce. Beaucoup de ces patients ne consultent pas pour ce motif fonctionnel dont ils n\u2019ont pas m\u00eame conscience, mais pour un lifting du cou !<\/span><\/h4><\/li><li><h4><span style=\"color: #000000;\">Les exemples pourraient \u00eatre multipli\u00e9s \u00e0 l\u2019infini, mais pour r\u00e9sumer la fonction et l\u2019esth\u00e9tique sont beaucoup plus li\u00e9es qu\u2019on ne le croit. La fonction ne cr\u00e9e pas uniquement l\u2019organe, elle favorise l\u2019impression esth\u00e9tique. Le crit\u00e8re fonctionnel est par d\u00e9finition un avantage dans une approche \u00e9volutionniste.<\/span><\/h4><h4><span style=\"color: #000000;\">Les crit\u00e8res fonctionnels sont per\u00e7us comme des avantages, et donc privil\u00e9gi\u00e9s sur le plan de la reproduction quelle que soit l\u2019esp\u00e8ce, ils sont alors assimil\u00e9s \u00e0 des crit\u00e8res esth\u00e9tiques.<\/span><\/h4><\/li><\/ul>\t\t\t\t\t\t\t\t<\/div>\n\t\t\t\t<\/div>\n\t\t\t\t\t<\/div>\n\t\t<\/div>\n\t\t\t\t\t<\/div>\n\t\t<\/section>\n\t\t\t\t<section class=\"elementor-section elementor-top-section elementor-element elementor-element-81ab320 elementor-section-boxed elementor-section-height-default elementor-section-height-default\" data-id=\"81ab320\" data-element_type=\"section\" data-e-type=\"section\">\n\t\t\t\t\t\t<div class=\"elementor-container elementor-column-gap-default\">\n\t\t\t\t\t<div class=\"elementor-column elementor-col-100 elementor-top-column elementor-element elementor-element-4fe424b\" data-id=\"4fe424b\" data-element_type=\"column\" data-e-type=\"column\">\n\t\t\t<div class=\"elementor-widget-wrap elementor-element-populated\">\n\t\t\t\t\t\t<div class=\"elementor-element elementor-element-cf3015c elementor-widget-divider--view-line elementor-widget elementor-widget-divider\" data-id=\"cf3015c\" data-element_type=\"widget\" data-e-type=\"widget\" data-widget_type=\"divider.default\">\n\t\t\t\t<div class=\"elementor-widget-container\">\n\t\t\t\t\t\t\t<div class=\"elementor-divider\">\n\t\t\t<span class=\"elementor-divider-separator\">\n\t\t\t\t\t\t<\/span>\n\t\t<\/div>\n\t\t\t\t\t\t<\/div>\n\t\t\t\t<\/div>\n\t\t\t\t\t<\/div>\n\t\t<\/div>\n\t\t\t\t\t<\/div>\n\t\t<\/section>\n\t\t\t\t<section class=\"elementor-section elementor-top-section elementor-element elementor-element-66a9492a elementor-section-boxed elementor-section-height-default elementor-section-height-default\" data-id=\"66a9492a\" data-element_type=\"section\" data-e-type=\"section\">\n\t\t\t\t\t\t<div class=\"elementor-container elementor-column-gap-default\">\n\t\t\t\t\t<div class=\"elementor-column elementor-col-100 elementor-top-column elementor-element elementor-element-2e8c96b8\" data-id=\"2e8c96b8\" data-element_type=\"column\" data-e-type=\"column\">\n\t\t\t<div class=\"elementor-widget-wrap elementor-element-populated\">\n\t\t\t\t\t\t<div class=\"elementor-element elementor-element-3bb3374 elementor-widget elementor-widget-text-editor\" data-id=\"3bb3374\" data-element_type=\"widget\" data-e-type=\"widget\" data-widget_type=\"text-editor.default\">\n\t\t\t\t<div class=\"elementor-widget-container\">\n\t\t\t\t\t\t\t\t\t<h4 style=\"text-align: center;\"><strong><span style=\"color: #000000;\">Quoi qu\u2019il en soit, dans ma pratique chirurgicale, la fonction est mon crit\u00e8re de pr\u00e9dilection.<\/span><\/strong><\/h4><h4><span style=\"color: #000000;\"><img decoding=\"async\" class=\"aligncenter wp-image-388 size-full\" src=\"https:\/\/looketmedecine.fr\/wp-content\/uploads\/2020\/10\/Meningaud1.jpg\" alt=\"\" width=\"968\" height=\"313\" srcset=\"https:\/\/looketmedecine.fr\/wp-content\/uploads\/2020\/10\/Meningaud1.jpg 968w, https:\/\/looketmedecine.fr\/wp-content\/uploads\/2020\/10\/Meningaud1-300x97.jpg 300w, https:\/\/looketmedecine.fr\/wp-content\/uploads\/2020\/10\/Meningaud1-768x248.jpg 768w\" sizes=\"(max-width: 968px) 100vw, 968px\" \/><\/span><\/h4><ul><li style=\"text-align: left;\"><span style=\"color: #000000;\"><em>\u00c0 gauche, patient pr\u00e9sentant une importante r\u00e9tromandibulie avec une apparence d\u2019angle cervico-facial ouvert, donc plus \u00e2g\u00e9 et surtout une pr\u00e9disposition au syndrome d\u2019apn\u00e9es du sommeil, et donc un risque plus \u00e9lev\u00e9 de maladies cardio-vasculaires. <\/em><\/span><\/li><li style=\"text-align: left;\"><span style=\"color: #000000;\"><em>\u00c0 droite, le m\u00eame patient apr\u00e8s chirurgie avec un angle cervico-facial plus ferm\u00e9, plus jeune et un risque m\u00e9dical diminu\u00e9 (cas du Pr Jean-Paul Meningaud).<\/em><\/span><\/li><\/ul><div>\u00a0<\/div><h4><span style=\"color: #000000;\"><img decoding=\"async\" class=\"aligncenter wp-image-389 size-full\" src=\"https:\/\/looketmedecine.fr\/wp-content\/uploads\/2020\/10\/Meningaud2.jpg\" alt=\"\" width=\"968\" height=\"212\" srcset=\"https:\/\/looketmedecine.fr\/wp-content\/uploads\/2020\/10\/Meningaud2.jpg 968w, https:\/\/looketmedecine.fr\/wp-content\/uploads\/2020\/10\/Meningaud2-300x66.jpg 300w, https:\/\/looketmedecine.fr\/wp-content\/uploads\/2020\/10\/Meningaud2-768x168.jpg 768w\" sizes=\"(max-width: 968px) 100vw, 968px\" \/><\/span><\/h4><ul><li><span style=\"color: #000000;\"><em>Exemple de patiente ayant des poches palp\u00e9brales \u00e0 un \u00e2ge pr\u00e9coce, inf\u00e9rieur \u00e0 30 ans, ce qui n\u2019est pas normal et traduit un probl\u00e8me respiratoire (cas du Pr Jean-Paul Meningaud).<\/em><\/span><\/li><\/ul><h4><span style=\"font-weight: normal; color: #000000;\">\u00a0<\/span><\/h4>\t\t\t\t\t\t\t\t<\/div>\n\t\t\t\t<\/div>\n\t\t\t\t\t<\/div>\n\t\t<\/div>\n\t\t\t\t\t<\/div>\n\t\t<\/section>\n\t\t\t\t<section class=\"elementor-section elementor-top-section elementor-element elementor-element-edd10e5 elementor-section-boxed elementor-section-height-default elementor-section-height-default\" data-id=\"edd10e5\" data-element_type=\"section\" data-e-type=\"section\">\n\t\t\t\t\t\t<div class=\"elementor-container elementor-column-gap-default\">\n\t\t\t\t\t<div class=\"elementor-column elementor-col-100 elementor-top-column elementor-element elementor-element-9839905\" data-id=\"9839905\" data-element_type=\"column\" data-e-type=\"column\">\n\t\t\t<div class=\"elementor-widget-wrap elementor-element-populated\">\n\t\t\t\t\t\t<div class=\"elementor-element elementor-element-5ca52ac elementor-widget-divider--view-line elementor-widget elementor-widget-divider\" data-id=\"5ca52ac\" data-element_type=\"widget\" data-e-type=\"widget\" data-widget_type=\"divider.default\">\n\t\t\t\t<div class=\"elementor-widget-container\">\n\t\t\t\t\t\t\t<div class=\"elementor-divider\">\n\t\t\t<span class=\"elementor-divider-separator\">\n\t\t\t\t\t\t<\/span>\n\t\t<\/div>\n\t\t\t\t\t\t<\/div>\n\t\t\t\t<\/div>\n\t\t\t\t\t<\/div>\n\t\t<\/div>\n\t\t\t\t\t<\/div>\n\t\t<\/section>\n\t\t\t\t<section class=\"elementor-section elementor-top-section elementor-element elementor-element-297e209 elementor-section-boxed elementor-section-height-default elementor-section-height-default\" data-id=\"297e209\" data-element_type=\"section\" data-e-type=\"section\">\n\t\t\t\t\t\t<div class=\"elementor-container elementor-column-gap-default\">\n\t\t\t\t\t<div class=\"elementor-column elementor-col-100 elementor-top-column elementor-element elementor-element-7a114d4\" data-id=\"7a114d4\" data-element_type=\"column\" data-e-type=\"column\">\n\t\t\t<div class=\"elementor-widget-wrap elementor-element-populated\">\n\t\t\t\t\t\t<div class=\"elementor-element elementor-element-fec2ead elementor-widget elementor-widget-text-editor\" data-id=\"fec2ead\" data-element_type=\"widget\" data-e-type=\"widget\" data-widget_type=\"text-editor.default\">\n\t\t\t\t<div class=\"elementor-widget-container\">\n\t\t\t\t\t\t\t\t\t<h2 style=\"text-align: center;\"><span style=\"color: #d4b054;\">EN CONCLUSION : Qu\u2019est-ce que le charme ?<\/span><\/h2><div>\u00a0<\/div><ul><li><h4><span style=\"color: #000000;\">Nous avons envisag\u00e9 des crit\u00e8res plus ou moins pr\u00e9cis, tous statiques, hormis quelques crit\u00e8res fonctionnels, mais jamais sous l\u2019angle de l\u2019\u00e9motion. <\/span><span style=\"color: #000000;\">Or, un visage souriant et amoureux vaut bien des liftings. A contrario, un visage col\u00e9reux n\u2019appara\u00eetra jamais beau. <\/span><\/h4><\/li><li><h4><span style=\"color: #000000;\">Un visage tendu ou triste pourra appara\u00eetre beau, mais lassera rapidement. Lorsque nous nous d\u00e9taillons dans le miroir, nous le faisons sur un visage immobile.\u00a0 <\/span><span style=\"color: #000000;\">Or dans la vie sociale, nous n\u2019analysons jamais les autres de profil strict et immobile, mais plut\u00f4t de trois quarts et en situation \u00e9motionnelle. <\/span><\/h4><\/li><li><h4><span style=\"color: #000000;\">Un chirurgien ne pourra jamais op\u00e9rer vos \u00e9motions.<\/span><\/h4><\/li><\/ul>\t\t\t\t\t\t\t\t<\/div>\n\t\t\t\t<\/div>\n\t\t\t\t\t<\/div>\n\t\t<\/div>\n\t\t\t\t\t<\/div>\n\t\t<\/section>\n\t\t\t\t<section class=\"elementor-section elementor-top-section elementor-element elementor-element-c68db5f elementor-section-boxed elementor-section-height-default elementor-section-height-default\" data-id=\"c68db5f\" data-element_type=\"section\" data-e-type=\"section\">\n\t\t\t\t\t\t<div class=\"elementor-container elementor-column-gap-default\">\n\t\t\t\t\t<div class=\"elementor-column elementor-col-100 elementor-top-column elementor-element elementor-element-0a253b2\" data-id=\"0a253b2\" data-element_type=\"column\" data-e-type=\"column\">\n\t\t\t<div class=\"elementor-widget-wrap elementor-element-populated\">\n\t\t\t\t\t\t<div class=\"elementor-element elementor-element-70269e9 elementor-widget elementor-widget-image\" data-id=\"70269e9\" data-element_type=\"widget\" data-e-type=\"widget\" data-widget_type=\"image.default\">\n\t\t\t\t<div class=\"elementor-widget-container\">\n\t\t\t\t\t\t\t\t\t\t\t\t\t\t\t<img loading=\"lazy\" decoding=\"async\" width=\"558\" height=\"814\" src=\"https:\/\/looketmedecine.fr\/wp-content\/uploads\/2020\/10\/meningaud-7-.jpg\" class=\"attachment-large size-large wp-image-421\" alt=\"\" srcset=\"https:\/\/looketmedecine.fr\/wp-content\/uploads\/2020\/10\/meningaud-7-.jpg 558w, https:\/\/looketmedecine.fr\/wp-content\/uploads\/2020\/10\/meningaud-7--206x300.jpg 206w\" sizes=\"(max-width: 558px) 100vw, 558px\" \/>\t\t\t\t\t\t\t\t\t\t\t\t\t\t\t<\/div>\n\t\t\t\t<\/div>\n\t\t\t\t\t<\/div>\n\t\t<\/div>\n\t\t\t\t\t<\/div>\n\t\t<\/section>\n\t\t\t\t<section class=\"elementor-section elementor-top-section elementor-element elementor-element-6826a2e elementor-section-boxed elementor-section-height-default elementor-section-height-default\" data-id=\"6826a2e\" data-element_type=\"section\" data-e-type=\"section\">\n\t\t\t\t\t\t<div class=\"elementor-container elementor-column-gap-default\">\n\t\t\t\t\t<div class=\"elementor-column elementor-col-100 elementor-top-column elementor-element elementor-element-0c8b2b1\" data-id=\"0c8b2b1\" data-element_type=\"column\" data-e-type=\"column\">\n\t\t\t<div class=\"elementor-widget-wrap elementor-element-populated\">\n\t\t\t\t\t\t<div class=\"elementor-element elementor-element-19a4de8 elementor-widget-divider--view-line elementor-widget elementor-widget-divider\" data-id=\"19a4de8\" data-element_type=\"widget\" data-e-type=\"widget\" data-widget_type=\"divider.default\">\n\t\t\t\t<div class=\"elementor-widget-container\">\n\t\t\t\t\t\t\t<div class=\"elementor-divider\">\n\t\t\t<span class=\"elementor-divider-separator\">\n\t\t\t\t\t\t<\/span>\n\t\t<\/div>\n\t\t\t\t\t\t<\/div>\n\t\t\t\t<\/div>\n\t\t\t\t\t<\/div>\n\t\t<\/div>\n\t\t\t\t\t<\/div>\n\t\t<\/section>\n\t\t\t\t<section class=\"elementor-section elementor-top-section elementor-element elementor-element-9f0453e elementor-section-boxed elementor-section-height-default elementor-section-height-default\" data-id=\"9f0453e\" data-element_type=\"section\" data-e-type=\"section\">\n\t\t\t\t\t\t<div class=\"elementor-container elementor-column-gap-default\">\n\t\t\t\t\t<div class=\"elementor-column elementor-col-100 elementor-top-column elementor-element elementor-element-e0f3f73\" data-id=\"e0f3f73\" data-element_type=\"column\" data-e-type=\"column\">\n\t\t\t<div class=\"elementor-widget-wrap elementor-element-populated\">\n\t\t\t\t\t\t<div class=\"elementor-element elementor-element-4a1e592 elementor-widget-divider--view-line elementor-widget elementor-widget-divider\" data-id=\"4a1e592\" data-element_type=\"widget\" data-e-type=\"widget\" data-widget_type=\"divider.default\">\n\t\t\t\t<div class=\"elementor-widget-container\">\n\t\t\t\t\t\t\t<div class=\"elementor-divider\">\n\t\t\t<span class=\"elementor-divider-separator\">\n\t\t\t\t\t\t<\/span>\n\t\t<\/div>\n\t\t\t\t\t\t<\/div>\n\t\t\t\t<\/div>\n\t\t\t\t\t<\/div>\n\t\t<\/div>\n\t\t\t\t\t<\/div>\n\t\t<\/section>\n\t\t\t\t<section class=\"elementor-section elementor-top-section elementor-element elementor-element-e2cfd30 elementor-section-boxed elementor-section-height-default elementor-section-height-default\" data-id=\"e2cfd30\" data-element_type=\"section\" data-e-type=\"section\">\n\t\t\t\t\t\t<div class=\"elementor-container elementor-column-gap-default\">\n\t\t\t\t\t<div class=\"elementor-column elementor-col-100 elementor-top-column elementor-element elementor-element-700a386\" data-id=\"700a386\" data-element_type=\"column\" data-e-type=\"column\">\n\t\t\t<div class=\"elementor-widget-wrap elementor-element-populated\">\n\t\t\t\t\t\t<div class=\"elementor-element elementor-element-0b8301a elementor-widget elementor-widget-text-editor\" data-id=\"0b8301a\" data-element_type=\"widget\" data-e-type=\"widget\" data-widget_type=\"text-editor.default\">\n\t\t\t\t<div class=\"elementor-widget-container\">\n\t\t\t\t\t\t\t\t\t<h4 style=\"text-align: center;\"><strong><span style=\"color: #000000;\">\u00a0<\/span><\/strong><span style=\"color: #d4b054;\">Extrait du Programme anti-\u00e2ge du Pr Meningaud<\/span><\/h4><p style=\"text-align: center;\"><span style=\"color: #d4b054;\">Disponible sur <span style=\"text-decoration: underline;\">www.amazon.fr<\/span><\/span><\/p><p style=\"text-align: center;\"><span style=\"text-decoration: underline;\"><span style=\"color: #000000; text-decoration: underline;\"><em>https:\/\/www.amazon.com\/Prof-Meningauds-anti-aging-program-Scientifically-ebook\/dp\/B08HSVRPG8\/ref=sr_1_1?dchild=1&amp;keywords=Prof.+Meningaud%E2%80%99s+Anti-Aging+Program&amp;qid=1601023785&amp;sr=8-1<\/em><\/span><\/span><span style=\"color: #000000; font-family: inherit; font-size: 1.25rem;\">\u00a0<\/span><\/p><h4 style=\"text-align: center;\"><span style=\"color: #d4b054;\">Qui est le Pr Jean-Paul Meningaud?<\/span><\/h4><ul><li><span style=\"color: #000000;\"><em>Professeur \u00e0 l\u2019Universit\u00e9 Paris 12, depuis 2009.<\/em><\/span><\/li><li><span style=\"color: #000000;\"><em>Chef du service de chirurgie plastique, reconstructrice, esth\u00e9tique et maxillo-faciale depuis 2012.<\/em><\/span><\/li><li><span style=\"color: #000000;\"><em>Ancien Interne des H\u00f4pitaux de Paris, Ancien Chef de Clinique \u00e0 la Salp\u00eatri\u00e8re.<\/em><\/span><\/li><li><span style=\"color: #000000;\"><em>Ancien Coordonnateur National du DES de chirurgie orale.<\/em><\/span><\/li><li><span style=\"color: #000000;\"><em>Membre de l\u2019Acad\u00e9mie Nationale de Chirurgie Dentaire.<\/em><\/span><\/li><li><span style=\"color: #000000;\"><em>Expert judiciaire pr\u00e8s la Cour d\u2019Appel de Paris, Agr\u00e9\u00e9 par la Cour de Cassation. <\/em><\/span><\/li><li><span style=\"color: #000000;\"><em>Sp\u00e9cialiste de la face, il a particip\u00e9 \u00e0 7 greffes de visage depuis 2007.<\/em><\/span><\/li><li><span style=\"color: #000000;\"><em>Docteur en Sciences, il consacre une partie importante de son temps \u00e0 la recherche et publie une vingtaine d\u2019articles scientifiques r\u00e9f\u00e9renc\u00e9s par an.<\/em><\/span><\/li><li><span style=\"color: #000000;\"><em>En 2011, il a re\u00e7u une des plus grandes distinctions en chirurgie plastique, le James Barret Brown Award aux \u00c9tats-Unis pour ses travaux sur les pr\u00e9l\u00e8vements de greffes de visage.<\/em><\/span><\/li><li><span style=\"color: #000000;\"><em>En 2014, il a \u00e9t\u00e9 \u00e9lu Pr\u00e9sident de l\u2019association europ\u00e9enne de sa discipline (EACMFS in 2018-2020).<\/em><\/span><\/li><li><span style=\"color: #000000;\"><em>Il a cr\u00e9\u00e9 six Dipl\u00f4mes d\u2019Universit\u00e9 qui font r\u00e9f\u00e9rence dans le domaine de la m\u00e9decine esth\u00e9tique.<\/em><\/span><\/li><li><span style=\"color: #000000;\"><em>Il reste passionn\u00e9 par le soin des patients au jour le jour.<\/em><\/span><\/li><\/ul>\t\t\t\t\t\t\t\t<\/div>\n\t\t\t\t<\/div>\n\t\t\t\t\t<\/div>\n\t\t<\/div>\n\t\t\t\t\t<\/div>\n\t\t<\/section>\n\t\t\t\t<section class=\"elementor-section elementor-top-section elementor-element elementor-element-387ed0a elementor-section-boxed elementor-section-height-default elementor-section-height-default\" data-id=\"387ed0a\" data-element_type=\"section\" data-e-type=\"section\">\n\t\t\t\t\t\t<div class=\"elementor-container elementor-column-gap-default\">\n\t\t\t\t\t<div class=\"elementor-column elementor-col-100 elementor-top-column elementor-element elementor-element-b136353\" data-id=\"b136353\" data-element_type=\"column\" data-e-type=\"column\">\n\t\t\t<div class=\"elementor-widget-wrap elementor-element-populated\">\n\t\t\t\t\t\t<div class=\"elementor-element elementor-element-be349ba elementor-widget-divider--view-line elementor-widget elementor-widget-divider\" data-id=\"be349ba\" data-element_type=\"widget\" data-e-type=\"widget\" data-widget_type=\"divider.default\">\n\t\t\t\t<div class=\"elementor-widget-container\">\n\t\t\t\t\t\t\t<div class=\"elementor-divider\">\n\t\t\t<span class=\"elementor-divider-separator\">\n\t\t\t\t\t\t<\/span>\n\t\t<\/div>\n\t\t\t\t\t\t<\/div>\n\t\t\t\t<\/div>\n\t\t\t\t\t<\/div>\n\t\t<\/div>\n\t\t\t\t\t<\/div>\n\t\t<\/section>\n\t\t\t\t<section class=\"elementor-section elementor-top-section elementor-element elementor-element-70c7bc9 elementor-section-boxed elementor-section-height-default elementor-section-height-default\" data-id=\"70c7bc9\" data-element_type=\"section\" data-e-type=\"section\">\n\t\t\t\t\t\t<div class=\"elementor-container elementor-column-gap-default\">\n\t\t\t\t\t<div class=\"elementor-column elementor-col-100 elementor-top-column elementor-element elementor-element-e58b435\" data-id=\"e58b435\" data-element_type=\"column\" data-e-type=\"column\">\n\t\t\t<div class=\"elementor-widget-wrap elementor-element-populated\">\n\t\t\t\t\t\t<div class=\"elementor-element elementor-element-3643d1f elementor-widget-divider--view-line elementor-widget elementor-widget-divider\" data-id=\"3643d1f\" data-element_type=\"widget\" data-e-type=\"widget\" data-widget_type=\"divider.default\">\n\t\t\t\t<div class=\"elementor-widget-container\">\n\t\t\t\t\t\t\t<div class=\"elementor-divider\">\n\t\t\t<span class=\"elementor-divider-separator\">\n\t\t\t\t\t\t<\/span>\n\t\t<\/div>\n\t\t\t\t\t\t<\/div>\n\t\t\t\t<\/div>\n\t\t\t\t\t<\/div>\n\t\t<\/div>\n\t\t\t\t\t<\/div>\n\t\t<\/section>\n\t\t\t\t<section class=\"elementor-section elementor-top-section elementor-element elementor-element-7dad147 elementor-section-boxed elementor-section-height-default elementor-section-height-default\" data-id=\"7dad147\" data-element_type=\"section\" data-e-type=\"section\">\n\t\t\t\t\t\t<div class=\"elementor-container elementor-column-gap-default\">\n\t\t\t\t\t<div class=\"elementor-column elementor-col-100 elementor-top-column elementor-element elementor-element-19db58c\" data-id=\"19db58c\" data-element_type=\"column\" data-e-type=\"column\">\n\t\t\t<div class=\"elementor-widget-wrap elementor-element-populated\">\n\t\t\t\t\t\t<div class=\"elementor-element elementor-element-32d0daa elementor-widget elementor-widget-image\" data-id=\"32d0daa\" data-element_type=\"widget\" data-e-type=\"widget\" data-widget_type=\"image.default\">\n\t\t\t\t<div class=\"elementor-widget-container\">\n\t\t\t\t\t\t\t\t\t\t\t\t\t\t\t<img loading=\"lazy\" decoding=\"async\" width=\"800\" height=\"170\" src=\"https:\/\/looketmedecine.fr\/wp-content\/uploads\/2020\/10\/Capture-de\u0301cran-2020-11-07-a\u0300-17.57.02-1024x218.png\" class=\"attachment-large size-large wp-image-2376\" alt=\"\" srcset=\"https:\/\/looketmedecine.fr\/wp-content\/uploads\/2020\/10\/Capture-de\u0301cran-2020-11-07-a\u0300-17.57.02-1024x218.png 1024w, https:\/\/looketmedecine.fr\/wp-content\/uploads\/2020\/10\/Capture-de\u0301cran-2020-11-07-a\u0300-17.57.02-300x64.png 300w, https:\/\/looketmedecine.fr\/wp-content\/uploads\/2020\/10\/Capture-de\u0301cran-2020-11-07-a\u0300-17.57.02-768x163.png 768w, https:\/\/looketmedecine.fr\/wp-content\/uploads\/2020\/10\/Capture-de\u0301cran-2020-11-07-a\u0300-17.57.02-1200x255.png 1200w, https:\/\/looketmedecine.fr\/wp-content\/uploads\/2020\/10\/Capture-de\u0301cran-2020-11-07-a\u0300-17.57.02.png 1213w\" sizes=\"(max-width: 800px) 100vw, 800px\" \/>\t\t\t\t\t\t\t\t\t\t\t\t\t\t\t<\/div>\n\t\t\t\t<\/div>\n\t\t\t\t\t<\/div>\n\t\t<\/div>\n\t\t\t\t\t<\/div>\n\t\t<\/section>\n\t\t\t\t<section class=\"elementor-section elementor-top-section elementor-element elementor-element-9c13757 elementor-section-boxed elementor-section-height-default elementor-section-height-default\" data-id=\"9c13757\" data-element_type=\"section\" data-e-type=\"section\">\n\t\t\t\t\t\t<div class=\"elementor-container elementor-column-gap-default\">\n\t\t\t\t\t<div class=\"elementor-column elementor-col-100 elementor-top-column elementor-element elementor-element-be67673\" data-id=\"be67673\" data-element_type=\"column\" data-e-type=\"column\">\n\t\t\t<div class=\"elementor-widget-wrap elementor-element-populated\">\n\t\t\t\t\t\t\t<\/div>\n\t\t<\/div>\n\t\t\t\t\t<\/div>\n\t\t<\/section>\n\t\t\t\t<section class=\"elementor-section elementor-top-section elementor-element elementor-element-40d952f elementor-section-boxed elementor-section-height-default elementor-section-height-default\" data-id=\"40d952f\" data-element_type=\"section\" data-e-type=\"section\">\n\t\t\t\t\t\t<div class=\"elementor-container elementor-column-gap-default\">\n\t\t\t\t\t<div class=\"elementor-column elementor-col-100 elementor-top-column elementor-element elementor-element-bd2c98f\" data-id=\"bd2c98f\" data-element_type=\"column\" data-e-type=\"column\">\n\t\t\t<div class=\"elementor-widget-wrap elementor-element-populated\">\n\t\t\t\t\t\t<div class=\"elementor-element elementor-element-28af53a elementor-widget elementor-widget-image\" data-id=\"28af53a\" data-element_type=\"widget\" data-e-type=\"widget\" data-widget_type=\"image.default\">\n\t\t\t\t<div class=\"elementor-widget-container\">\n\t\t\t\t\t\t\t\t\t\t\t\t\t\t\t<img loading=\"lazy\" decoding=\"async\" width=\"251\" height=\"300\" src=\"https:\/\/looketmedecine.fr\/wp-content\/uploads\/2020\/10\/home_img11-251x300.png\" class=\"attachment-medium size-medium wp-image-1875\" alt=\"\" srcset=\"https:\/\/looketmedecine.fr\/wp-content\/uploads\/2020\/10\/home_img11-251x300.png 251w, https:\/\/looketmedecine.fr\/wp-content\/uploads\/2020\/10\/home_img11.png 552w\" sizes=\"(max-width: 251px) 100vw, 251px\" \/>\t\t\t\t\t\t\t\t\t\t\t\t\t\t\t<\/div>\n\t\t\t\t<\/div>\n\t\t\t\t\t<\/div>\n\t\t<\/div>\n\t\t\t\t\t<\/div>\n\t\t<\/section>\n\t\t\t\t<section class=\"elementor-section elementor-top-section elementor-element elementor-element-856ef0c elementor-section-boxed elementor-section-height-default elementor-section-height-default\" data-id=\"856ef0c\" data-element_type=\"section\" data-e-type=\"section\">\n\t\t\t\t\t\t<div class=\"elementor-container elementor-column-gap-default\">\n\t\t\t\t\t<div class=\"elementor-column elementor-col-100 elementor-top-column elementor-element elementor-element-8be6478\" data-id=\"8be6478\" data-element_type=\"column\" data-e-type=\"column\">\n\t\t\t<div class=\"elementor-widget-wrap elementor-element-populated\">\n\t\t\t\t\t\t\t<\/div>\n\t\t<\/div>\n\t\t\t\t\t<\/div>\n\t\t<\/section>\n\t\t\t\t<section class=\"elementor-section elementor-top-section elementor-element elementor-element-1887d77 elementor-section-boxed elementor-section-height-default elementor-section-height-default\" data-id=\"1887d77\" data-element_type=\"section\" data-e-type=\"section\">\n\t\t\t\t\t\t<div class=\"elementor-container elementor-column-gap-default\">\n\t\t\t\t\t<div class=\"elementor-column elementor-col-100 elementor-top-column elementor-element elementor-element-890ea83\" data-id=\"890ea83\" data-element_type=\"column\" data-e-type=\"column\">\n\t\t\t<div class=\"elementor-widget-wrap elementor-element-populated\">\n\t\t\t\t\t\t<div class=\"elementor-element elementor-element-6966f3f elementor-widget elementor-widget-text-editor\" data-id=\"6966f3f\" data-element_type=\"widget\" data-e-type=\"widget\" data-widget_type=\"text-editor.default\">\n\t\t\t\t<div class=\"elementor-widget-container\">\n\t\t\t\t\t\t\t\t\t<h2>\u00a0<\/h2><h2 style=\"text-align: center;\"><span style=\"color: #d4b054;\"><a style=\"color: #d4b054;\" href=\"https:\/\/www.eventmanager.fr\/crm-1\/www\/event.do?_&amp;method=init&amp;idref=203&amp;db=24&amp;p=1\" target=\"_blank\" rel=\"noopener noreferrer nofollow\">PARTICIPEZ AU CONGR\u00c8S <\/a><\/span><\/h2><h2 style=\"text-align: center;\"><strong><span style=\"color: #d4b054;\"><a style=\"color: #d4b054;\" href=\"https:\/\/www.eventmanager.fr\/crm-1\/www\/event.do?_&amp;method=init&amp;idref=203&amp;db=24&amp;p=1\" target=\"_blank\" rel=\"noopener noreferrer nofollow\">\u00ab AIME 2021 Paris \u00bb !<\/a><\/span><\/strong><\/h2><h4>\u00a0<\/h4><h4 style=\"text-align: center;\"><strong><span style=\"color: #000000;\"><em>Dr Barbara HERSANT, <\/em><em>Directrice du Comit\u00e9 Scientifique<\/em><\/span><\/strong><\/h4><h2 style=\"text-align: center;\"><strong><span style=\"color: #000000;\"><em>\u00a0<\/em><\/span><\/strong><\/h2><h2 style=\"text-align: center;\"><strong><span style=\"color: #000000;\"><em>\u00c9ditorial<\/em><\/span><\/strong><\/h2><h4><strong><span style=\"color: #000000;\">L\u2019ann\u00e9e 2020 <\/span><\/strong>aura permis \u00e0 chacun de r\u00e9aliser l\u2019importance primordiale de la sant\u00e9. L\u2019humanit\u00e9 aura \u00e9t\u00e9 capable de conc\u00e9der de grands sacrifices, impensables du temps o\u00f9 l\u2019horizon ind\u00e9passable \u00e9tait la croissance. Elle aura aussi permis de r\u00e9aliser l\u2019importance de l\u2019\u00e9cologie. Notre plan\u00e8te aura pu prendre un peu de repos, au point que l\u2019on a \u00e0 nouveau aper\u00e7u des dauphins dans la lagune de Venise. Enfin, elle aura montr\u00e9 une fois de plus la\u00a0fantastique capacit\u00e9 de l\u2019homme \u00e0 s\u2019adapter, puisque nous avons r\u00e9ussi \u00e0 continuer \u00e0 nous r\u00e9unir malgr\u00e9 la distanciation sociale.<\/h4><h4>Le web congr\u00e8s<strong><span style=\"color: #000000;\"> AIME 2020 <\/span><\/strong>aura rempli toutes ses promesses permettant \u00e0 chacun de progresser en m\u00e9decine et chirurgie esth\u00e9tique et en anti-\u00e2ge. Mais l\u2019homme reste un animal social qui recherche le contact et qui ne boude pas le plaisir d\u2019une discussion autour d\u2019un repas.<\/h4><h4><strong><span style=\"color: #000000;\">AIME 2021 <\/span><\/strong>redeviendra une occasion de nous retrouver en chair et en os. Une partie hybride sera pr\u00e9vue pour ceux qui ne peuvent se d\u00e9placer. La crise sanitaire nous aura appris \u00e0 rendre cela possible. <strong><span style=\"color: #000000;\">Pour AIME 2021,<\/span><\/strong> le Dr. Barbara HERSANT a pr\u00e9vu un programme fantastique.\u00a0L\u2019innovation fait partie de l\u2019ADN de AIME et bien entendu elle sera au rendez-vous. Le programme social nous permettra de danser sur la Seine. Au plaisir de vous revoir tr\u00e8s vite et peut \u00eatre de vous toucher.<\/h4>\t\t\t\t\t\t\t\t<\/div>\n\t\t\t\t<\/div>\n\t\t\t\t\t<\/div>\n\t\t<\/div>\n\t\t\t\t\t<\/div>\n\t\t<\/section>\n\t\t\t\t<section class=\"elementor-section elementor-top-section elementor-element elementor-element-c07a522 elementor-section-boxed elementor-section-height-default elementor-section-height-default\" data-id=\"c07a522\" data-element_type=\"section\" data-e-type=\"section\">\n\t\t\t\t\t\t<div class=\"elementor-container elementor-column-gap-default\">\n\t\t\t\t\t<div class=\"elementor-column elementor-col-100 elementor-top-column elementor-element elementor-element-1476020\" data-id=\"1476020\" data-element_type=\"column\" data-e-type=\"column\">\n\t\t\t<div class=\"elementor-widget-wrap elementor-element-populated\">\n\t\t\t\t\t\t<div class=\"elementor-element elementor-element-a483e2e elementor-widget elementor-widget-image\" data-id=\"a483e2e\" data-element_type=\"widget\" data-e-type=\"widget\" data-widget_type=\"image.default\">\n\t\t\t\t<div class=\"elementor-widget-container\">\n\t\t\t\t\t\t\t\t\t\t\t\t\t\t\t<img loading=\"lazy\" decoding=\"async\" width=\"280\" height=\"300\" src=\"https:\/\/looketmedecine.fr\/wp-content\/uploads\/2020\/10\/Capture-de\u0301cran-2020-12-08-a\u0300-19.33.43-280x300.png\" class=\"attachment-medium size-medium wp-image-2697\" alt=\"\" srcset=\"https:\/\/looketmedecine.fr\/wp-content\/uploads\/2020\/10\/Capture-de\u0301cran-2020-12-08-a\u0300-19.33.43-280x300.png 280w, https:\/\/looketmedecine.fr\/wp-content\/uploads\/2020\/10\/Capture-de\u0301cran-2020-12-08-a\u0300-19.33.43-956x1024.png 956w, https:\/\/looketmedecine.fr\/wp-content\/uploads\/2020\/10\/Capture-de\u0301cran-2020-12-08-a\u0300-19.33.43-768x822.png 768w, https:\/\/looketmedecine.fr\/wp-content\/uploads\/2020\/10\/Capture-de\u0301cran-2020-12-08-a\u0300-19.33.43-1435x1536.png 1435w, https:\/\/looketmedecine.fr\/wp-content\/uploads\/2020\/10\/Capture-de\u0301cran-2020-12-08-a\u0300-19.33.43-1200x1285.png 1200w, https:\/\/looketmedecine.fr\/wp-content\/uploads\/2020\/10\/Capture-de\u0301cran-2020-12-08-a\u0300-19.33.43.png 1502w\" sizes=\"(max-width: 280px) 100vw, 280px\" \/>\t\t\t\t\t\t\t\t\t\t\t\t\t\t\t<\/div>\n\t\t\t\t<\/div>\n\t\t\t\t\t<\/div>\n\t\t<\/div>\n\t\t\t\t\t<\/div>\n\t\t<\/section>\n\t\t\t\t<\/div>\n\t\t","protected":false},"excerpt":{"rendered":"<p>Pr\u00e9c\u00e9dent Suivant DES QUESTIONS SUR L&rsquo;APPARENCE : Consid\u00e9rations g\u00e9n\u00e9rales sur la chirurgie et la m\u00e9decine esth\u00e9tique. Jean-Paul Meningaud, MD, PhD \u00a0 \u00a0 \u00a0 \u00a0 \u00a0 \u00a0 \u00a0 \u00a0 \u00a0Professeur, chef du service de chirurgie plastique et maxillo-faciale. Directeur du service de chirurgie ambulatoire de l&rsquo;h\u00f4pital Henri Mondor (H\u00f4pitaux de Paris). \u00a0 \u00a0 \u00a0 \u00a0 \u00a0 [&hellip;]<\/p>\n","protected":false},"author":2,"featured_media":1890,"comment_status":"closed","ping_status":"closed","sticky":false,"template":"","format":"standard","meta":{"_acf_changed":false,"footnotes":""},"categories":[152],"tags":[223,235],"auteur":[387],"mots-cles":[],"class_list":["post-387","post","type-post","status-publish","format-standard","has-post-thumbnail","hentry","category-un-autre-regards","tag-lm1-accueil","tag-lm1-theme-un-autre-regard","auteur-jean-paul-meningaud"],"acf":[],"yoast_head":"<!-- This site is optimized with the Yoast SEO plugin v27.5 - https:\/\/yoast.com\/product\/yoast-seo-wordpress\/ -->\n<title>LM N\u00b01\/2020. \u00c9ditorial. Des questions sur l&#039;apparence. Professeur Jean-Paul MENINGAUD - Revue fran\u00e7aise N\u00b01 pour la recherche en sant\u00e9 esth\u00e9tique<\/title>\n<meta name=\"robots\" content=\"index, follow, max-snippet:-1, max-image-preview:large, max-video-preview:-1\" \/>\n<link rel=\"canonical\" href=\"https:\/\/looketmedecine.fr\/en\/wp-json\/wp\/v2\/posts\/387\" \/>\n<meta property=\"og:locale\" content=\"en_US\" \/>\n<meta property=\"og:type\" content=\"article\" \/>\n<meta property=\"og:title\" content=\"LM N\u00b01\/2020. \u00c9ditorial. Des questions sur l&#039;apparence. Professeur Jean-Paul MENINGAUD - Revue fran\u00e7aise N\u00b01 pour la recherche en sant\u00e9 esth\u00e9tique\" \/>\n<meta property=\"og:description\" content=\"Pr\u00e9c\u00e9dent Suivant DES QUESTIONS SUR L&rsquo;APPARENCE : Consid\u00e9rations g\u00e9n\u00e9rales sur la chirurgie et la m\u00e9decine esth\u00e9tique. Jean-Paul Meningaud, MD, PhD \u00a0 \u00a0 \u00a0 \u00a0 \u00a0 \u00a0 \u00a0 \u00a0 \u00a0Professeur, chef du service de chirurgie plastique et maxillo-faciale. Directeur du service de chirurgie ambulatoire de l&rsquo;h\u00f4pital Henri Mondor (H\u00f4pitaux de Paris). \u00a0 \u00a0 \u00a0 \u00a0 \u00a0 [&hellip;]\" \/>\n<meta property=\"og:url\" content=\"https:\/\/looketmedecine.fr\/en\/considerations-generales-sur-la-chirurgie-et-la-medecine-esthetique\/\" \/>\n<meta property=\"og:site_name\" content=\"Revue fran\u00e7aise N\u00b01 pour la recherche en sant\u00e9 esth\u00e9tique\" \/>\n<meta property=\"article:publisher\" content=\"https:\/\/www.facebook.com\/looketmedecine.magazine\/\" \/>\n<meta property=\"article:published_time\" content=\"2020-10-05T15:32:20+00:00\" \/>\n<meta property=\"article:modified_time\" content=\"2024-10-04T21:46:52+00:00\" \/>\n<meta property=\"og:image\" content=\"https:\/\/looketmedecine.fr\/wp-content\/uploads\/2020\/10\/Capture-de\u0301cran-2020-10-31-a\u0300-09.37.41.png\" \/>\n\t<meta property=\"og:image:width\" content=\"632\" \/>\n\t<meta property=\"og:image:height\" content=\"476\" \/>\n\t<meta property=\"og:image:type\" content=\"image\/png\" \/>\n<meta name=\"author\" content=\"Albert-Claude Benhamou\" \/>\n<meta name=\"twitter:card\" content=\"summary_large_image\" \/>\n<meta name=\"twitter:label1\" content=\"Written by\" \/>\n\t<meta name=\"twitter:data1\" content=\"Albert-Claude Benhamou\" \/>\n\t<meta name=\"twitter:label2\" content=\"Est. reading time\" \/>\n\t<meta name=\"twitter:data2\" content=\"11 minutes\" \/>\n<script type=\"application\/ld+json\" class=\"yoast-schema-graph\">{\"@context\":\"https:\\\/\\\/schema.org\",\"@graph\":[{\"@type\":\"Article\",\"@id\":\"https:\\\/\\\/looketmedecine.fr\\\/considerations-generales-sur-la-chirurgie-et-la-medecine-esthetique\\\/#article\",\"isPartOf\":{\"@id\":\"https:\\\/\\\/looketmedecine.fr\\\/considerations-generales-sur-la-chirurgie-et-la-medecine-esthetique\\\/\"},\"author\":{\"name\":\"Albert-Claude Benhamou\",\"@id\":\"https:\\\/\\\/looketmedecine.fr\\\/#\\\/schema\\\/person\\\/d674c704426e829b385c4dd691b8e3cc\"},\"headline\":\"LM N\u00b01\\\/2020. \u00c9ditorial. Des questions sur l&rsquo;apparence. Professeur Jean-Paul MENINGAUD\",\"datePublished\":\"2020-10-05T15:32:20+00:00\",\"dateModified\":\"2024-10-04T21:46:52+00:00\",\"mainEntityOfPage\":{\"@id\":\"https:\\\/\\\/looketmedecine.fr\\\/considerations-generales-sur-la-chirurgie-et-la-medecine-esthetique\\\/\"},\"wordCount\":2265,\"publisher\":{\"@id\":\"https:\\\/\\\/looketmedecine.fr\\\/#organization\"},\"image\":{\"@id\":\"https:\\\/\\\/looketmedecine.fr\\\/considerations-generales-sur-la-chirurgie-et-la-medecine-esthetique\\\/#primaryimage\"},\"thumbnailUrl\":\"https:\\\/\\\/looketmedecine.fr\\\/wp-content\\\/uploads\\\/2020\\\/10\\\/Capture-de\u0301cran-2020-10-31-a\u0300-09.37.41.png\",\"keywords\":[\"Lm1 accueil\",\"Lm1 th\u00e8me un autre regard\"],\"articleSection\":[\"Un autre regard\"],\"inLanguage\":\"en-US\"},{\"@type\":\"WebPage\",\"@id\":\"https:\\\/\\\/looketmedecine.fr\\\/considerations-generales-sur-la-chirurgie-et-la-medecine-esthetique\\\/\",\"url\":\"https:\\\/\\\/looketmedecine.fr\\\/considerations-generales-sur-la-chirurgie-et-la-medecine-esthetique\\\/\",\"name\":\"LM N\u00b01\\\/2020. \u00c9ditorial. Des questions sur l'apparence. Professeur Jean-Paul MENINGAUD - Revue fran\u00e7aise N\u00b01 pour la recherche en sant\u00e9 esth\u00e9tique\",\"isPartOf\":{\"@id\":\"https:\\\/\\\/looketmedecine.fr\\\/#website\"},\"primaryImageOfPage\":{\"@id\":\"https:\\\/\\\/looketmedecine.fr\\\/considerations-generales-sur-la-chirurgie-et-la-medecine-esthetique\\\/#primaryimage\"},\"image\":{\"@id\":\"https:\\\/\\\/looketmedecine.fr\\\/considerations-generales-sur-la-chirurgie-et-la-medecine-esthetique\\\/#primaryimage\"},\"thumbnailUrl\":\"https:\\\/\\\/looketmedecine.fr\\\/wp-content\\\/uploads\\\/2020\\\/10\\\/Capture-de\u0301cran-2020-10-31-a\u0300-09.37.41.png\",\"datePublished\":\"2020-10-05T15:32:20+00:00\",\"dateModified\":\"2024-10-04T21:46:52+00:00\",\"breadcrumb\":{\"@id\":\"https:\\\/\\\/looketmedecine.fr\\\/considerations-generales-sur-la-chirurgie-et-la-medecine-esthetique\\\/#breadcrumb\"},\"inLanguage\":\"en-US\",\"potentialAction\":[{\"@type\":\"ReadAction\",\"target\":[\"https:\\\/\\\/looketmedecine.fr\\\/considerations-generales-sur-la-chirurgie-et-la-medecine-esthetique\\\/\"]}]},{\"@type\":\"ImageObject\",\"inLanguage\":\"en-US\",\"@id\":\"https:\\\/\\\/looketmedecine.fr\\\/considerations-generales-sur-la-chirurgie-et-la-medecine-esthetique\\\/#primaryimage\",\"url\":\"https:\\\/\\\/looketmedecine.fr\\\/wp-content\\\/uploads\\\/2020\\\/10\\\/Capture-de\u0301cran-2020-10-31-a\u0300-09.37.41.png\",\"contentUrl\":\"https:\\\/\\\/looketmedecine.fr\\\/wp-content\\\/uploads\\\/2020\\\/10\\\/Capture-de\u0301cran-2020-10-31-a\u0300-09.37.41.png\",\"width\":632,\"height\":476},{\"@type\":\"BreadcrumbList\",\"@id\":\"https:\\\/\\\/looketmedecine.fr\\\/considerations-generales-sur-la-chirurgie-et-la-medecine-esthetique\\\/#breadcrumb\",\"itemListElement\":[{\"@type\":\"ListItem\",\"position\":1,\"name\":\"Accueil\",\"item\":\"https:\\\/\\\/looketmedecine.fr\\\/\"},{\"@type\":\"ListItem\",\"position\":2,\"name\":\"LM N\u00b01\\\/2020. \u00c9ditorial. Des questions sur l&rsquo;apparence. Professeur Jean-Paul MENINGAUD\"}]},{\"@type\":\"WebSite\",\"@id\":\"https:\\\/\\\/looketmedecine.fr\\\/#website\",\"url\":\"https:\\\/\\\/looketmedecine.fr\\\/\",\"name\":\"Revue fran\u00e7aise N\u00b01 pour la recherche en sant\u00e9 esth\u00e9tique\",\"description\":\"La sant\u00e9 esth\u00e9tique fond\u00e9e sur des preuves scientifiques\",\"publisher\":{\"@id\":\"https:\\\/\\\/looketmedecine.fr\\\/#organization\"},\"potentialAction\":[{\"@type\":\"SearchAction\",\"target\":{\"@type\":\"EntryPoint\",\"urlTemplate\":\"https:\\\/\\\/looketmedecine.fr\\\/?s={search_term_string}\"},\"query-input\":{\"@type\":\"PropertyValueSpecification\",\"valueRequired\":true,\"valueName\":\"search_term_string\"}}],\"inLanguage\":\"en-US\"},{\"@type\":\"Organization\",\"@id\":\"https:\\\/\\\/looketmedecine.fr\\\/#organization\",\"name\":\"Looketmedecine\",\"url\":\"https:\\\/\\\/looketmedecine.fr\\\/\",\"logo\":{\"@type\":\"ImageObject\",\"inLanguage\":\"en-US\",\"@id\":\"https:\\\/\\\/looketmedecine.fr\\\/#\\\/schema\\\/logo\\\/image\\\/\",\"url\":\"https:\\\/\\\/looketmedecine.fr\\\/wp-content\\\/uploads\\\/2020\\\/11\\\/cropped-LookMedecine_Logo_Textuel_Noir.png\",\"contentUrl\":\"https:\\\/\\\/looketmedecine.fr\\\/wp-content\\\/uploads\\\/2020\\\/11\\\/cropped-LookMedecine_Logo_Textuel_Noir.png\",\"width\":1500,\"height\":145,\"caption\":\"Looketmedecine\"},\"image\":{\"@id\":\"https:\\\/\\\/looketmedecine.fr\\\/#\\\/schema\\\/logo\\\/image\\\/\"},\"sameAs\":[\"https:\\\/\\\/www.facebook.com\\\/looketmedecine.magazine\\\/\",\"https:\\\/\\\/www.instagram.com\\\/looketmedecine\\\/?hl=fr\"]},{\"@type\":\"Person\",\"@id\":\"https:\\\/\\\/looketmedecine.fr\\\/#\\\/schema\\\/person\\\/d674c704426e829b385c4dd691b8e3cc\",\"name\":\"Albert-Claude Benhamou\",\"image\":{\"@type\":\"ImageObject\",\"inLanguage\":\"en-US\",\"@id\":\"https:\\\/\\\/secure.gravatar.com\\\/avatar\\\/f4c13b834cf55e3822893169175e3671a59788fb9e2d84d3a223c96e83a8f09e?s=96&d=mm&r=g\",\"url\":\"https:\\\/\\\/secure.gravatar.com\\\/avatar\\\/f4c13b834cf55e3822893169175e3671a59788fb9e2d84d3a223c96e83a8f09e?s=96&d=mm&r=g\",\"contentUrl\":\"https:\\\/\\\/secure.gravatar.com\\\/avatar\\\/f4c13b834cf55e3822893169175e3671a59788fb9e2d84d3a223c96e83a8f09e?s=96&d=mm&r=g\",\"caption\":\"Albert-Claude Benhamou\"},\"url\":\"https:\\\/\\\/looketmedecine.fr\\\/en\"}]}<\/script>\n<!-- \/ Yoast SEO plugin. -->","yoast_head_json":{"title":"LM N\u00b01\/2020. \u00c9ditorial. Des questions sur l'apparence. Professeur Jean-Paul MENINGAUD - Revue fran\u00e7aise N\u00b01 pour la recherche en sant\u00e9 esth\u00e9tique","robots":{"index":"index","follow":"follow","max-snippet":"max-snippet:-1","max-image-preview":"max-image-preview:large","max-video-preview":"max-video-preview:-1"},"canonical":"https:\/\/looketmedecine.fr\/en\/wp-json\/wp\/v2\/posts\/387","og_locale":"en_US","og_type":"article","og_title":"LM N\u00b01\/2020. \u00c9ditorial. Des questions sur l'apparence. Professeur Jean-Paul MENINGAUD - Revue fran\u00e7aise N\u00b01 pour la recherche en sant\u00e9 esth\u00e9tique","og_description":"Pr\u00e9c\u00e9dent Suivant DES QUESTIONS SUR L&rsquo;APPARENCE : Consid\u00e9rations g\u00e9n\u00e9rales sur la chirurgie et la m\u00e9decine esth\u00e9tique. Jean-Paul Meningaud, MD, PhD \u00a0 \u00a0 \u00a0 \u00a0 \u00a0 \u00a0 \u00a0 \u00a0 \u00a0Professeur, chef du service de chirurgie plastique et maxillo-faciale. Directeur du service de chirurgie ambulatoire de l&rsquo;h\u00f4pital Henri Mondor (H\u00f4pitaux de Paris). \u00a0 \u00a0 \u00a0 \u00a0 \u00a0 [&hellip;]","og_url":"https:\/\/looketmedecine.fr\/en\/considerations-generales-sur-la-chirurgie-et-la-medecine-esthetique\/","og_site_name":"Revue fran\u00e7aise N\u00b01 pour la recherche en sant\u00e9 esth\u00e9tique","article_publisher":"https:\/\/www.facebook.com\/looketmedecine.magazine\/","article_published_time":"2020-10-05T15:32:20+00:00","article_modified_time":"2024-10-04T21:46:52+00:00","og_image":[{"width":632,"height":476,"url":"https:\/\/looketmedecine.fr\/wp-content\/uploads\/2020\/10\/Capture-de\u0301cran-2020-10-31-a\u0300-09.37.41.png","type":"image\/png"}],"author":"Albert-Claude Benhamou","twitter_card":"summary_large_image","twitter_misc":{"Written by":"Albert-Claude Benhamou","Est. reading time":"11 minutes"},"schema":{"@context":"https:\/\/schema.org","@graph":[{"@type":"Article","@id":"https:\/\/looketmedecine.fr\/considerations-generales-sur-la-chirurgie-et-la-medecine-esthetique\/#article","isPartOf":{"@id":"https:\/\/looketmedecine.fr\/considerations-generales-sur-la-chirurgie-et-la-medecine-esthetique\/"},"author":{"name":"Albert-Claude Benhamou","@id":"https:\/\/looketmedecine.fr\/#\/schema\/person\/d674c704426e829b385c4dd691b8e3cc"},"headline":"LM N\u00b01\/2020. \u00c9ditorial. Des questions sur l&rsquo;apparence. Professeur Jean-Paul MENINGAUD","datePublished":"2020-10-05T15:32:20+00:00","dateModified":"2024-10-04T21:46:52+00:00","mainEntityOfPage":{"@id":"https:\/\/looketmedecine.fr\/considerations-generales-sur-la-chirurgie-et-la-medecine-esthetique\/"},"wordCount":2265,"publisher":{"@id":"https:\/\/looketmedecine.fr\/#organization"},"image":{"@id":"https:\/\/looketmedecine.fr\/considerations-generales-sur-la-chirurgie-et-la-medecine-esthetique\/#primaryimage"},"thumbnailUrl":"https:\/\/looketmedecine.fr\/wp-content\/uploads\/2020\/10\/Capture-de\u0301cran-2020-10-31-a\u0300-09.37.41.png","keywords":["Lm1 accueil","Lm1 th\u00e8me un autre regard"],"articleSection":["Un autre regard"],"inLanguage":"en-US"},{"@type":"WebPage","@id":"https:\/\/looketmedecine.fr\/considerations-generales-sur-la-chirurgie-et-la-medecine-esthetique\/","url":"https:\/\/looketmedecine.fr\/considerations-generales-sur-la-chirurgie-et-la-medecine-esthetique\/","name":"LM N\u00b01\/2020. \u00c9ditorial. Des questions sur l'apparence. Professeur Jean-Paul MENINGAUD - Revue fran\u00e7aise N\u00b01 pour la recherche en sant\u00e9 esth\u00e9tique","isPartOf":{"@id":"https:\/\/looketmedecine.fr\/#website"},"primaryImageOfPage":{"@id":"https:\/\/looketmedecine.fr\/considerations-generales-sur-la-chirurgie-et-la-medecine-esthetique\/#primaryimage"},"image":{"@id":"https:\/\/looketmedecine.fr\/considerations-generales-sur-la-chirurgie-et-la-medecine-esthetique\/#primaryimage"},"thumbnailUrl":"https:\/\/looketmedecine.fr\/wp-content\/uploads\/2020\/10\/Capture-de\u0301cran-2020-10-31-a\u0300-09.37.41.png","datePublished":"2020-10-05T15:32:20+00:00","dateModified":"2024-10-04T21:46:52+00:00","breadcrumb":{"@id":"https:\/\/looketmedecine.fr\/considerations-generales-sur-la-chirurgie-et-la-medecine-esthetique\/#breadcrumb"},"inLanguage":"en-US","potentialAction":[{"@type":"ReadAction","target":["https:\/\/looketmedecine.fr\/considerations-generales-sur-la-chirurgie-et-la-medecine-esthetique\/"]}]},{"@type":"ImageObject","inLanguage":"en-US","@id":"https:\/\/looketmedecine.fr\/considerations-generales-sur-la-chirurgie-et-la-medecine-esthetique\/#primaryimage","url":"https:\/\/looketmedecine.fr\/wp-content\/uploads\/2020\/10\/Capture-de\u0301cran-2020-10-31-a\u0300-09.37.41.png","contentUrl":"https:\/\/looketmedecine.fr\/wp-content\/uploads\/2020\/10\/Capture-de\u0301cran-2020-10-31-a\u0300-09.37.41.png","width":632,"height":476},{"@type":"BreadcrumbList","@id":"https:\/\/looketmedecine.fr\/considerations-generales-sur-la-chirurgie-et-la-medecine-esthetique\/#breadcrumb","itemListElement":[{"@type":"ListItem","position":1,"name":"Accueil","item":"https:\/\/looketmedecine.fr\/"},{"@type":"ListItem","position":2,"name":"LM N\u00b01\/2020. \u00c9ditorial. Des questions sur l&rsquo;apparence. Professeur Jean-Paul MENINGAUD"}]},{"@type":"WebSite","@id":"https:\/\/looketmedecine.fr\/#website","url":"https:\/\/looketmedecine.fr\/","name":"N\u00b01 French magazine for research in aesthetic health","description":"Aesthetic health based on scientific evidence","publisher":{"@id":"https:\/\/looketmedecine.fr\/#organization"},"potentialAction":[{"@type":"SearchAction","target":{"@type":"EntryPoint","urlTemplate":"https:\/\/looketmedecine.fr\/?s={search_term_string}"},"query-input":{"@type":"PropertyValueSpecification","valueRequired":true,"valueName":"search_term_string"}}],"inLanguage":"en-US"},{"@type":"Organization","@id":"https:\/\/looketmedecine.fr\/#organization","name":"Looketmedicine","url":"https:\/\/looketmedecine.fr\/","logo":{"@type":"ImageObject","inLanguage":"en-US","@id":"https:\/\/looketmedecine.fr\/#\/schema\/logo\/image\/","url":"https:\/\/looketmedecine.fr\/wp-content\/uploads\/2020\/11\/cropped-LookMedecine_Logo_Textuel_Noir.png","contentUrl":"https:\/\/looketmedecine.fr\/wp-content\/uploads\/2020\/11\/cropped-LookMedecine_Logo_Textuel_Noir.png","width":1500,"height":145,"caption":"Looketmedecine"},"image":{"@id":"https:\/\/looketmedecine.fr\/#\/schema\/logo\/image\/"},"sameAs":["https:\/\/www.facebook.com\/looketmedecine.magazine\/","https:\/\/www.instagram.com\/looketmedecine\/?hl=fr"]},{"@type":"Person","@id":"https:\/\/looketmedecine.fr\/#\/schema\/person\/d674c704426e829b385c4dd691b8e3cc","name":"Albert-Claude Benhamou","image":{"@type":"ImageObject","inLanguage":"en-US","@id":"https:\/\/secure.gravatar.com\/avatar\/f4c13b834cf55e3822893169175e3671a59788fb9e2d84d3a223c96e83a8f09e?s=96&d=mm&r=g","url":"https:\/\/secure.gravatar.com\/avatar\/f4c13b834cf55e3822893169175e3671a59788fb9e2d84d3a223c96e83a8f09e?s=96&d=mm&r=g","contentUrl":"https:\/\/secure.gravatar.com\/avatar\/f4c13b834cf55e3822893169175e3671a59788fb9e2d84d3a223c96e83a8f09e?s=96&d=mm&r=g","caption":"Albert-Claude Benhamou"},"url":"https:\/\/looketmedecine.fr\/en"}]}},"_links":{"self":[{"href":"https:\/\/looketmedecine.fr\/en\/wp-json\/wp\/v2\/posts\/387","targetHints":{"allow":["GET"]}}],"collection":[{"href":"https:\/\/looketmedecine.fr\/en\/wp-json\/wp\/v2\/posts"}],"about":[{"href":"https:\/\/looketmedecine.fr\/en\/wp-json\/wp\/v2\/types\/post"}],"author":[{"embeddable":true,"href":"https:\/\/looketmedecine.fr\/en\/wp-json\/wp\/v2\/users\/2"}],"replies":[{"embeddable":true,"href":"https:\/\/looketmedecine.fr\/en\/wp-json\/wp\/v2\/comments?post=387"}],"version-history":[{"count":59,"href":"https:\/\/looketmedecine.fr\/en\/wp-json\/wp\/v2\/posts\/387\/revisions"}],"predecessor-version":[{"id":23691,"href":"https:\/\/looketmedecine.fr\/en\/wp-json\/wp\/v2\/posts\/387\/revisions\/23691"}],"wp:featuredmedia":[{"embeddable":true,"href":"https:\/\/looketmedecine.fr\/en\/wp-json\/wp\/v2\/media\/1890"}],"wp:attachment":[{"href":"https:\/\/looketmedecine.fr\/en\/wp-json\/wp\/v2\/media?parent=387"}],"wp:term":[{"taxonomy":"category","embeddable":true,"href":"https:\/\/looketmedecine.fr\/en\/wp-json\/wp\/v2\/categories?post=387"},{"taxonomy":"post_tag","embeddable":true,"href":"https:\/\/looketmedecine.fr\/en\/wp-json\/wp\/v2\/tags?post=387"},{"taxonomy":"auteur","embeddable":true,"href":"https:\/\/looketmedecine.fr\/en\/wp-json\/wp\/v2\/auteur?post=387"},{"taxonomy":"mots-cles","embeddable":true,"href":"https:\/\/looketmedecine.fr\/en\/wp-json\/wp\/v2\/mots-cles?post=387"}],"curies":[{"name":"wp","href":"https:\/\/api.w.org\/{rel}","templated":true}]}}