{"id":22840,"date":"2024-08-20T15:42:42","date_gmt":"2024-08-20T13:42:42","guid":{"rendered":"https:\/\/looketmedecine.fr\/?p=22840"},"modified":"2024-10-04T23:09:46","modified_gmt":"2024-10-04T21:09:46","slug":"12-lembellissement-des-levres-une-approche-naturelle-et-subtile-celine-dollangere-md","status":"publish","type":"post","link":"https:\/\/looketmedecine.fr\/en\/12-lembellissement-des-levres-une-approche-naturelle-et-subtile-celine-dollangere-md\/","title":{"rendered":"LM N\u00b02\/ 2024. AH'S FLAGSHIP CLINICAL APPLICATIONS. Aesthetic facial health and HA. LIP ENHANCEMENT: A NATURAL AND SUBTLE APPROACH. C\u00e9line DOLLANG\u00c8RE, MD.\u00a0"},"content":{"rendered":"\t\t<div data-elementor-type=\"wp-post\" data-elementor-id=\"22840\" class=\"elementor elementor-22840\" data-elementor-post-type=\"post\">\n\t\t\t\t<div class=\"elementor-element elementor-element-109bddae e-con-full e-flex e-con e-parent\" data-id=\"109bddae\" data-element_type=\"container\" data-e-type=\"container\">\n\t\t\t\t<div class=\"elementor-element elementor-element-3b2a9d28 elementor-widget elementor-widget-text-editor\" data-id=\"3b2a9d28\" data-element_type=\"widget\" data-e-type=\"widget\" data-widget_type=\"text-editor.default\">\n\t\t\t\t<div class=\"elementor-widget-container\">\n\t\t\t\t\t\t\t\t\t\n<p><\/p>\n\n\n\n<p><\/p>\n\t\t\t\t\t\t\t\t<\/div>\n\t\t\t\t<\/div>\n\t\t\t\t<div class=\"elementor-element elementor-element-c230a92 elementor-widget elementor-widget-heading\" data-id=\"c230a92\" data-element_type=\"widget\" data-e-type=\"widget\" data-widget_type=\"heading.default\">\n\t\t\t\t<div class=\"elementor-widget-container\">\n\t\t\t\t\t<h2 class=\"elementor-heading-title elementor-size-default\">LES APPLICATIONS CLINIQUES PHARES DE L\u2019AH. <\/h2>\t\t\t\t<\/div>\n\t\t\t\t<\/div>\n\t\t\t\t<div class=\"elementor-element elementor-element-c64617b elementor-widget elementor-widget-heading\" data-id=\"c64617b\" data-element_type=\"widget\" data-e-type=\"widget\" data-widget_type=\"heading.default\">\n\t\t\t\t<div class=\"elementor-widget-container\">\n\t\t\t\t\t<h2 class=\"elementor-heading-title elementor-size-default\">La sant\u00e9 esth\u00e9tique du visage et l'AH<\/h2>\t\t\t\t<\/div>\n\t\t\t\t<\/div>\n\t\t\t\t<div class=\"elementor-element elementor-element-d642450 elementor-widget elementor-widget-heading\" data-id=\"d642450\" data-element_type=\"widget\" data-e-type=\"widget\" data-widget_type=\"heading.default\">\n\t\t\t\t<div class=\"elementor-widget-container\">\n\t\t\t\t\t<h2 class=\"elementor-heading-title elementor-size-default\">L\u2019EMBELLISSEMENT DES L\u00c8VRES : UNE APPROCHE NATURELLE ET SUBTILE.&nbsp;<\/h2>\t\t\t\t<\/div>\n\t\t\t\t<\/div>\n\t\t\t\t<div class=\"elementor-element elementor-element-9cfc8e3 elementor-widget elementor-widget-image\" data-id=\"9cfc8e3\" data-element_type=\"widget\" data-e-type=\"widget\" data-widget_type=\"image.default\">\n\t\t\t\t<div class=\"elementor-widget-container\">\n\t\t\t\t\t\t\t\t\t\t\t\t\t\t\t<img fetchpriority=\"high\" decoding=\"async\" width=\"300\" height=\"295\" src=\"https:\/\/looketmedecine.fr\/wp-content\/uploads\/2024\/06\/Capture-decran-2024-06-29-a-06.49.10-300x295.png\" class=\"attachment-medium size-medium wp-image-21837\" alt=\"Dr C\u00e9line Dollang\u00e8re, MD\" srcset=\"https:\/\/looketmedecine.fr\/wp-content\/uploads\/2024\/06\/Capture-decran-2024-06-29-a-06.49.10-300x295.png 300w, https:\/\/looketmedecine.fr\/wp-content\/uploads\/2024\/06\/Capture-decran-2024-06-29-a-06.49.10-12x12.png 12w, https:\/\/looketmedecine.fr\/wp-content\/uploads\/2024\/06\/Capture-decran-2024-06-29-a-06.49.10.png 530w\" sizes=\"(max-width: 300px) 100vw, 300px\" \/>\t\t\t\t\t\t\t\t\t\t\t\t\t\t\t<\/div>\n\t\t\t\t<\/div>\n\t\t\t\t<div class=\"elementor-element elementor-element-5567c37 elementor-widget elementor-widget-heading\" data-id=\"5567c37\" data-element_type=\"widget\" data-e-type=\"widget\" data-widget_type=\"heading.default\">\n\t\t\t\t<div class=\"elementor-widget-container\">\n\t\t\t\t\t<h2 class=\"elementor-heading-title elementor-size-default\">C\u00e9line DOLLANG\u00c8RE, MD. <\/h2>\t\t\t\t<\/div>\n\t\t\t\t<\/div>\n\t\t\t\t<div class=\"elementor-element elementor-element-7fed844 elementor-widget elementor-widget-text-editor\" data-id=\"7fed844\" data-element_type=\"widget\" data-e-type=\"widget\" data-widget_type=\"text-editor.default\">\n\t\t\t\t<div class=\"elementor-widget-container\">\n\t\t\t\t\t\t\t\t\t<h5 style=\"text-align: center;\"><span style=\"color: #0000ff;\">M\u00e9decin Esth\u00e9tique, Roissy en France<\/span><\/h5>\t\t\t\t\t\t\t\t<\/div>\n\t\t\t\t<\/div>\n\t\t\t\t<div class=\"elementor-element elementor-element-10048d6 elementor-widget elementor-widget-heading\" data-id=\"10048d6\" data-element_type=\"widget\" data-e-type=\"widget\" data-widget_type=\"heading.default\">\n\t\t\t\t<div class=\"elementor-widget-container\">\n\t\t\t\t\t<h2 class=\"elementor-heading-title elementor-size-default\">\n<\/h2>\t\t\t\t<\/div>\n\t\t\t\t<\/div>\n\t\t\t\t<div class=\"elementor-element elementor-element-c3dc6de elementor-widget elementor-widget-text-editor\" data-id=\"c3dc6de\" data-element_type=\"widget\" data-e-type=\"widget\" data-widget_type=\"text-editor.default\">\n\t\t\t\t<div class=\"elementor-widget-container\">\n\t\t\t\t\t\t\t\t\t<h1 class=\"p1\" style=\"text-align: center;\"><span style=\"color: #800080;\"><b>\u00abNous devons sublimer sans transformer !\u00bb <\/b><\/span><\/h1>\n<h2 class=\"p2\"><span style=\"color: #800080;\"><strong>R\u00e9sum\u00e9<\/strong><\/span><\/h2>\n<h4 class=\"p3\"><span style=\"color: #800080;\">De l\u2019antiquit\u00e9 \u00e0 nos jours, les l\u00e8vres ont toujours \u00e9t\u00e9 un symbole de sensualit\u00e9 et d\u2019attractivit\u00e9 et les m\u00e9thodes pour les embellir ont \u00e9volu\u00e9 au gr\u00e9 des innovations cosm\u00e9tiques et technologiques.<\/span><\/h4>\n<h4 class=\"p3\"><span style=\"color: #800080;\">Gr\u00e2ce aux rep\u00e8res artistiques et anatomiques qui d\u00e9finissent la beaut\u00e9 des l\u00e8vres et de leurs proportions par rapport au visage, le m\u00e9decin esth\u00e9tique est aujourd\u2019hui en mesure de les magnifier gr\u00e2ce \u00e0 diff\u00e9rentes techniques d\u2019injections d\u2019acides hyaluroniques.<\/span><\/h4>\n<h4 class=\"p3\"><span style=\"color: #800080;\"><strong>Mots-cl\u00e9s:<\/strong> Embellissement des l\u00e8vres, Acide Hyaluronique, Rides p\u00e9ri-orales, Techniques d\u2019injections, Russian lips.<\/span><\/h4>\t\t\t\t\t\t\t\t<\/div>\n\t\t\t\t<\/div>\n\t\t\t\t<div class=\"elementor-element elementor-element-ca537a2 elementor-widget elementor-widget-text-editor\" data-id=\"ca537a2\" data-element_type=\"widget\" data-e-type=\"widget\" data-widget_type=\"text-editor.default\">\n\t\t\t\t<div class=\"elementor-widget-container\">\n\t\t\t\t\t\t\t\t\t<h2 class=\"p1\"><strong><span style=\"color: #0000ff;\">INTRODUCTION<\/span><\/strong><\/h2>\n<h4 class=\"p2\"><span style=\"color: #800080;\">Dans le domaine de la m\u00e9decine esth\u00e9tique, les injections d\u2019acide hyaluronique au niveau des l\u00e8vres sont devenues l\u2019une des proc\u00e9dures les plus populaires et les plus demand\u00e9es au cours des derni\u00e8res d\u00e9cennies.<\/span><\/h4>\n<h4 class=\"p2\" style=\"text-align: left;\"><span style=\"color: #0000ff;\">Les statistiques montrent d\u2019ailleurs une augmentation spectaculaire des proc\u00e9dures d\u2019injection dans les l\u00e8vres \u00e0 l\u2019\u00e9chelle mondiale, soulignant un int\u00e9r\u00eat soutenu et croissant pour ce type d\u2019intervention.<\/span><\/h4>\n<h4 class=\"p2\"><span style=\"color: #0000ff;\">Cette tendance refl\u00e8te une qu\u00eate croissante pour l\u2019am\u00e9lioration de l\u2019apparence physique qui peut engendrer des implications psychosociales significatives.<\/span><\/h4>\n<h4 class=\"p2\"><span style=\"color: #800080;\">Les l\u00e8vres ont, depuis l\u2019antiquit\u00e9, \u00e9t\u00e9 symbole de s\u00e9duction et de f\u00e9minit\u00e9 dans de nombreuses cultures, et leur mise en valeur peut avoir un impact profond sur l\u2019estime de soi.<\/span><\/h4>\n<h4 class=\"p2\"><span style=\"color: #0000ff;\">Cependant, la pression soci\u00e9tale exacerb\u00e9e par une omnipr\u00e9sence des r\u00e9seaux sociaux, pour correspondre aux id\u00e9aux de beaut\u00e9 peut conduire \u00e0 des demandes d\u00e9raisonnables et irr\u00e9alistes de la part des patients.<\/span><\/h4>\n<h4 class=\"p2\"><span style=\"color: #0000ff;\">\u00c0 nous m\u00e9decins, de mettre en oeuvre nos connaissances scientifiques, anatomiques, et nos comp\u00e9tences artistiques, \u00e0 l\u2019aide de crit\u00e8res qui r\u00e9gissent beaut\u00e9 et harmonie, pour magnifier les l\u00e8vres de nos patient(e)s.<\/span><\/h4>\n<h2 class=\"p3\"><strong><span style=\"color: #0000ff;\">SOCIOLOGIE<\/span><\/strong><\/h2>\n<h4 class=\"p2\"><span style=\"color: #800080;\">Le regard et la bouche sont les \u00e9l\u00e9ments cl\u00e9s de l\u2019interaction sociale entre 2 individus.<\/span><\/h4>\n<h4 class=\"p2\"><span style=\"color: #0000ff;\"><em>Des recherches men\u00e9es par Beattie<\/em> utilisant des technologies de suivi oculaire ( eye tracking) ont montr\u00e9 que les hommes ont tendance \u00e0 regarder d\u2019abord les yeux, puis la bouche lorsqu\u2019ils voient une photo de visage f\u00e9minin.<\/span><\/h4>\n<h4 class=\"p2\"><span style=\"color: #0000ff;\"><em>Il existe aussi un impact de la couleur des l\u00e8vres sur l\u2019attraction visuelle<\/em> car en moyenne, les l\u00e8vres rouges retiennent l\u2019attention des hommes pendant environ 7,3 secondes contre 6,7 secondes quand elles sont nude [1].<\/span><\/h4>\n<h4 class=\"p2\"><span style=\"color: #0000ff;\">Les femmes aux l\u00e8vres color\u00e9es peuvent donc \u00eatre per\u00e7ues comme plus attirantes et s\u00e9duisantes.<\/span><\/h4>\n<h4 class=\"p2\"><span style=\"color: #0000ff;\">Cette observation est en lien avec les th\u00e9ories \u00e9volutionnistes sugg\u00e9rant que des l\u00e8vres plus rouges peuvent \u00eatre le signal d\u2019une meilleure sant\u00e9 et d\u2019une fertilit\u00e9 accrue.<\/span><\/h4>\n<h4 class=\"p2\"><span style=\"color: #0000ff;\"><em>De m\u00eame pour la dimension des l\u00e8vres<\/em> qui peut de fa\u00e7on instinctive donner des informations sur la sant\u00e9 et la capacit\u00e9 reproductrice, influen\u00e7ant ainsi les pr\u00e9f\u00e9rences et les perceptions sociales.<\/span><\/h4>\t\t\t\t\t\t\t\t<\/div>\n\t\t\t\t<\/div>\n\t\t\t\t<div class=\"elementor-element elementor-element-5da3e36 elementor-widget elementor-widget-text-editor\" data-id=\"5da3e36\" data-element_type=\"widget\" data-e-type=\"widget\" data-widget_type=\"text-editor.default\">\n\t\t\t\t<div class=\"elementor-widget-container\">\n\t\t\t\t\t\t\t\t\t<h2 class=\"p1\"><strong><span style=\"color: #0000ff;\">MORPHOPSYCHOLOGIE<\/span><\/strong><\/h2>\n<h4 class=\"p2\"><span style=\"color: #800080;\">Des \u00e9tudes anthropom\u00e9triques et psychologiques ont \u00e9t\u00e9 men\u00e9es pour explorer la corr\u00e9lation entre la dimension des l\u00e8vres et la perception de la personnalit\u00e9.<\/span><\/h4>\n<h4 class=\"p2\"><em>Ainsi l\u2019\u00e9tude de Koidis et al en 2018<\/em> <span style=\"color: #0000ff;\">a d\u00e9termin\u00e9 que les personnes avec des l\u00e8vres plus pleines \u00e9taient souvent per\u00e7ues comme plus extraverties et sociables. <\/span><\/h4>\n<h4 class=\"p2\"><span style=\"color: #0000ff;\">Les l\u00e8vres fines \u00e9taient quant \u00e0 elles associ\u00e9es \u00e0 des traits de personnalit\u00e9 plus r\u00e9serv\u00e9s et introvertis [2].<\/span><\/h4>\n<h4 class=\"p2\"><em>Une \u00e9tude de Little et al en 2011<\/em><span style=\"color: #0000ff;\"> a analys\u00e9 comment la forme du philtrum influence les perceptions sociales. <\/span><\/h4>\n<h4 class=\"p2\"><span style=\"color: #0000ff;\">Les r\u00e9sultats montrent que les visages avec un philtrum bien d\u00e9fini \u00e9taient per\u00e7us comme plus attractifs et fiables et que les modifications dans la forme du philtrum pouvaient alt\u00e9rer les impressions de jeunesse et de vitalit\u00e9 [3].<\/span><\/h4>\n<h4 class=\"p2\"><span style=\"color: #0000ff;\">Cependant, toutes ces \u00e9tudes doivent \u00eatre interpr\u00e9t\u00e9es avec prudence car elles ne prennent pas toujours en compte les variations individuelles et les influences culturelles et sociales.<\/span><\/h4>\n<h2 class=\"p1\"><strong><span style=\"color: #0000ff;\">\u00c9PID\u00c9MIOLOGIE<\/span><\/strong><\/h2>\n<h4 class=\"p2\"><span style=\"color: #0000ff;\">La demande d\u2019injections de l\u00e8vres en m\u00e9decine esth\u00e9tique a consid\u00e9rablement augment\u00e9 au cours des derni\u00e8res d\u00e9cennies et des derni\u00e8res ann\u00e9es en particulier.<\/span><\/h4>\n<h4 class=\"p2\"><span style=\"color: #0000ff;\"><em>Dans l\u2019enqu\u00eate men\u00e9e par <span style=\"color: #800080;\">l\u2019International Society of Aesthetic Plastic Surgery,<\/span><\/em> le nombre d\u2019injections dans les l\u00e8vres a progress\u00e9 de 29 % entre 2022 et 2023 au niveau mondial [4].<\/span><\/h4>\n<h4 class=\"p3\"><span style=\"color: #0000ff;\"><em><span style=\"color: #800080;\">Aux \u00c9tats-Unis, selon les donn\u00e9es de l\u2019American Society of Plastic Surgeons (ASPS)<\/span>,<\/em> les proc\u00e9dures d\u2019augmentation des l\u00e8vres ont vu une augmentation significative. <\/span><\/h4>\n<h4 class=\"p3\"><span style=\"color: #0000ff;\">En 2022, les injections de comblement des l\u00e8vres ont \u00e9t\u00e9 l\u2019une des proc\u00e9dures les plus demand\u00e9es avec pr\u00e8s de 1,4 million de traitement r\u00e9alis\u00e9s [5].<\/span><\/h4>\n<h4 class=\"p2\"><span style=\"color: #0000ff;\"><em><span style=\"color: #800080;\">Une enqu\u00eate de l\u2019American Academy of Facial Plastic and Reconstructive Surgery (AAFPRS)<\/span> de 2021<\/em> a r\u00e9v\u00e9l\u00e9 que l\u2019augmentation des l\u00e8vres repr\u00e9sentait environ 30 % des proc\u00e9dures de comblement au niveau du visage.<\/span><\/h4>\n<h4 class=\"p2\"><span style=\"color: #0000ff;\"><span style=\"color: #800080;\"><em>En 2022, l\u2019International Society of Aesthetic Plastic Surgery<\/em><\/span> a rapport\u00e9 environ 5,5 millions de proc\u00e9dures de comblement dermique dans le monde entier.<\/span><\/h4>\n<h4 class=\"p2\"><span style=\"color: #0000ff;\">30 \u00e0 40 % de ces injections sont estim\u00e9es \u00eatre r\u00e9alis\u00e9es dans les l\u00e8vres, ce qui donne une \u00e9valuation de 1,65 \u00e0 2,2 millions d\u2019injections dans les l\u00e8vres par an.<\/span><\/h4>\n<h4 class=\"p2\"><span style=\"color: #0000ff;\"><span style=\"color: #800080;\">En Europe et en France<\/span> en particulier, la tendance est similaire. <\/span><\/h4>\n<h4 class=\"p2\"><span style=\"color: #0000ff;\"><span style=\"color: #800080;\"><em>Une enqu\u00eate de l\u2019International Society of Aesthetic Plastic Surgery (ISAPS)<\/em> <\/span>a montr\u00e9 que les proc\u00e9dures d\u2019injection des produits de comblement , y compris pour les l\u00e8vres, sont parmi les plus populaires dans plusieurs pays europ\u00e9ens. <\/span><\/h4>\n<h4 class=\"p2\"><span style=\"color: #0000ff;\">En 2021, plus de 20 % des proc\u00e9dures de m\u00e9decine esth\u00e9tique concernaient des injections de comblement.<\/span><\/h4>\n<h4 class=\"p3\"><span style=\"color: #0000ff;\">La France se place au 7<span class=\"s2\">e <\/span>rang mondial pour le nombre total de proc\u00e9dures esth\u00e9tiques injectables et au 4<span class=\"s2\">e <\/span>rang concernant les injections d\u2019Acide Hyaluronique avec 234 900 proc\u00e9dures en 2023.<\/span><\/h4>\n<h4 class=\"p2\"><span style=\"color: #0000ff;\">En France, parmi ces proc\u00e9dures injectables, les injections de produits de comblement pour les l\u00e8vres sont en forte croissance<\/span><\/h4>\n<h4 class=\"p2\"><span style=\"color: #0000ff;\"><span style=\"color: #800080;\"><em>Selon les rapports de la Soci\u00e9t\u00e9 Fran\u00e7aise des Chirurgiens Esth\u00e9tiques Plasticiens (SOFCEP),<\/em><\/span> les demandes d\u2019augmentation des l\u00e8vres ont connu une croissance constante. <\/span><\/h4>\n<h4 class=\"p2\"><span style=\"color: #0000ff;\">En 2022, les proc\u00e9dures de comblement dermique pour les l\u00e8vres repr\u00e9sentaient environ 25 % des traitements de m\u00e9decine esth\u00e9tique.<\/span><\/h4>\n<h4 class=\"p2\"><span style=\"color: #800080;\">Le march\u00e9 mondial des produits de comblement dermique \u00e9tait estim\u00e9 \u00e0 environ 5,8 milliards USD en 2020 avec des pr\u00e9visions de croissance atteignant 9,4 milliards USD d\u2019ici 2028. Une part importante de cette croissance est attribu\u00e9e aux proc\u00e9dures d\u2019augmentation des l\u00e8vres.<\/span><\/h4>\t\t\t\t\t\t\t\t<\/div>\n\t\t\t\t<\/div>\n\t\t\t\t<div class=\"elementor-element elementor-element-01d1900 elementor-widget elementor-widget-text-editor\" data-id=\"01d1900\" data-element_type=\"widget\" data-e-type=\"widget\" data-widget_type=\"text-editor.default\">\n\t\t\t\t<div class=\"elementor-widget-container\">\n\t\t\t\t\t\t\t\t\t<h2 class=\"p4\"><span style=\"color: #0000ff;\"><strong>HISTOIRE DE LA BEAUT\u00c9 DES L\u00c8VRES<\/strong><\/span><\/h2>\n<h4 class=\"p3\"><span style=\"color: #800080;\">L\u2019histoire de la beaut\u00e9 des l\u00e8vres est fascinante et remonte \u00e0 des mill\u00e9naires avec des crit\u00e8res qui varient selon les cultures et les \u00e9poques.<\/span><\/h4>\n<h4 class=\"p1\"><strong><span style=\"color: #800080;\">L\u2019histoire de la beaut\u00e9 des l\u00e8vres est un reflet des \u00e9volutions sociales, culturelles et technologiques. Les l\u00e8vres ont une place centrale dans l\u2019esth\u00e9tique et la s\u00e9duction \u00e0 travers les \u00e2ges.\u00a0<\/span><\/strong><\/h4>\n<h4 class=\"p1\"><strong><span style=\"color: #800080;\">De l\u2019Antiquit\u00e9 \u00e0 nos jours, elles ont \u00e9t\u00e9 c\u00e9l\u00e9br\u00e9es comme un symbole de beaut\u00e9, de pouvoir et de d\u00e9sir.\u00a0<\/span><\/strong><\/h4>\n<h4 class=\"p1\"><strong><span style=\"color: #800080;\">La mani\u00e8re dont les l\u00e8vres sont repr\u00e9sent\u00e9es et per\u00e7ues continue d\u2019\u00e9voluer, mais leur r\u00f4le dans l\u2019expression de la s\u00e9duction reste constant.<\/span><\/strong><\/h4>\n<h4 class=\"p3\"><span style=\"color: #0000ff;\"><strong>D\u00e8s l\u2019Antiquit\u00e9, en \u00c9gypte ancienne,<\/strong> les femmes valorisaient les l\u00e8vres color\u00e9es et bien d\u00e9finies, car elles \u00e9taient symbole de d\u00e9sir et de sensualit\u00e9. Elles utilisaient des pigments naturels, comme le rouge extrait de la cochenille ou des ocres rouges pour teinter leur l\u00e8vres. Cl\u00e9op\u00e2tre \u00e9tait une adepte du maquillage et de rouge \u00e0 l\u00e8vre en particulier qui \u00e9tait fabriqu\u00e9 \u00e0 partir de substances naturelles m\u00e9lang\u00e9es \u00e0 des cires pour former des baumes.<\/span><\/h4>\n<h4 class=\"p3\"><span style=\"color: #0000ff;\"><strong>L\u2019Antiquit\u00e9 grecque et romaine<\/strong> a vu un d\u00e9clin temporaire du maquillage, car la p\u00e2leur du teint \u00e9tait consid\u00e9r\u00e9e comme un signe de beaut\u00e9. Les femmes utilisaient des m\u00e9langes de craie et de plomb pour obtenir cet effet p\u00e2le, d\u00e9laissant ainsi la coloration des l\u00e8vres<\/span><\/h4>\n<h4 class=\"p3\"><span style=\"color: #0000ff;\"><strong>Au Moyen \u00c2ge<\/strong>, le maquillage des l\u00e8vres \u00e9tait souvent mal per\u00e7u, surtout par l\u2019\u00c9glise qui le consid\u00e9rait comme immoral. Les femmes qui cherchaient \u00e0 rehausser leur beaut\u00e9 naturelle utilisaient des recettes \u00e0 base de plantes et de fruits pour donner une l\u00e9g\u00e8re couleur \u00e0 leurs l\u00e8vres.<\/span><\/h4>\n<h4 class=\"p3\"><span style=\"color: #0000ff;\"><strong>\u00c0 la Renaissance<\/strong>, le rouge \u00e0 l\u00e8vre a connu un renouveau, surtout parmi les aristocrates inspir\u00e9es par l\u2019art classique. Les femmes utilisaient des pigments rouges et des m\u00e9langes d\u2019huiles pour donner \u00e0 leur l\u00e8vres une apparence plus \u00e9clatante.<\/span><\/h4>\n<h4 class=\"p3\"><span style=\"color: #0000ff;\">C\u2019\u00e9tait un symbole de statut social et de s\u00e9duction.<\/span><\/h4>\n<h4 class=\"p3\"><span style=\"color: #0000ff;\"><strong>En France, \u00e0 la cour de Versailles,<\/strong> le maquillage des l\u00e8vres devient tr\u00e8s \u00e9labor\u00e9 et sophistiqu\u00e9, avec des couleurs vives et des formes exag\u00e9r\u00e9es. Les femmes , tout comme les hommes, portaient du rouge \u00e0 l\u00e8vre, souvent dans des tons rouges vifs ou pourpre.<\/span><\/h4>\n<h4 class=\"p3\"><span style=\"color: #0000ff;\"><strong>Au XIX<span class=\"s1\">e <\/span>si\u00e8cle,<\/strong> le maquillage des l\u00e8vres devient plus sobre et discret. Les l\u00e8vres restent pourtant un \u00e9l\u00e9ment essentiel de la beaut\u00e9 f\u00e9minine, c\u00e9l\u00e9br\u00e9es par les \u00e9crivains romantiques et artistes qui continuent de les d\u00e9peindre comme un symbole d\u2019amour et de tentation<\/span><\/h4>\t\t\t\t\t\t\t\t<\/div>\n\t\t\t\t<\/div>\n\t\t\t\t<div class=\"elementor-element elementor-element-4af7aed elementor-widget elementor-widget-image-gallery\" data-id=\"4af7aed\" data-element_type=\"widget\" data-e-type=\"widget\" data-widget_type=\"image-gallery.default\">\n\t\t\t\t<div class=\"elementor-widget-container\">\n\t\t\t\t\t\t\t<div class=\"elementor-image-gallery\">\n\t\t\t<div id='gallery-1' class='gallery galleryid-22840 gallery-columns-2 gallery-size-full'><figure class='gallery-item'>\n\t\t\t<div class='gallery-icon portrait'>\n\t\t\t\t<a data-elementor-open-lightbox=\"yes\" data-elementor-lightbox-slideshow=\"4af7aed\" data-elementor-lightbox-title=\"Capture d\u2019e\u0301cran 2024-07-23 a\u0300 16.26.06\" data-e-action-hash=\"#elementor-action%3Aaction%3Dlightbox%26settings%3DeyJpZCI6MjI4NzQsInVybCI6Imh0dHBzOlwvXC9sb29rZXRtZWRlY2luZS5mclwvd3AtY29udGVudFwvdXBsb2Fkc1wvMjAyNFwvMDdcL0NhcHR1cmUtZGVjcmFuLTIwMjQtMDctMjMtYS0xNi4yNi4wNi5wbmciLCJzbGlkZXNob3ciOiI0YWY3YWVkIn0%3D\" href='https:\/\/looketmedecine.fr\/wp-content\/uploads\/2024\/07\/Capture-decran-2024-07-23-a-16.26.06.png'><img decoding=\"async\" width=\"348\" height=\"482\" src=\"https:\/\/looketmedecine.fr\/wp-content\/uploads\/2024\/07\/Capture-decran-2024-07-23-a-16.26.06.png\" class=\"attachment-full size-full\" alt=\"\" srcset=\"https:\/\/looketmedecine.fr\/wp-content\/uploads\/2024\/07\/Capture-decran-2024-07-23-a-16.26.06.png 348w, https:\/\/looketmedecine.fr\/wp-content\/uploads\/2024\/07\/Capture-decran-2024-07-23-a-16.26.06-217x300.png 217w, https:\/\/looketmedecine.fr\/wp-content\/uploads\/2024\/07\/Capture-decran-2024-07-23-a-16.26.06-9x12.png 9w\" sizes=\"(max-width: 348px) 100vw, 348px\" \/><\/a>\n\t\t\t<\/div><\/figure><figure class='gallery-item'>\n\t\t\t<div class='gallery-icon portrait'>\n\t\t\t\t<a data-elementor-open-lightbox=\"yes\" data-elementor-lightbox-slideshow=\"4af7aed\" data-elementor-lightbox-title=\"Capture d\u2019e\u0301cran 2024-07-23 a\u0300 16.26.20\" data-e-action-hash=\"#elementor-action%3Aaction%3Dlightbox%26settings%3DeyJpZCI6MjI4NzUsInVybCI6Imh0dHBzOlwvXC9sb29rZXRtZWRlY2luZS5mclwvd3AtY29udGVudFwvdXBsb2Fkc1wvMjAyNFwvMDdcL0NhcHR1cmUtZGVjcmFuLTIwMjQtMDctMjMtYS0xNi4yNi4yMC5wbmciLCJzbGlkZXNob3ciOiI0YWY3YWVkIn0%3D\" href='https:\/\/looketmedecine.fr\/wp-content\/uploads\/2024\/07\/Capture-decran-2024-07-23-a-16.26.20.png'><img decoding=\"async\" width=\"384\" height=\"452\" src=\"https:\/\/looketmedecine.fr\/wp-content\/uploads\/2024\/07\/Capture-decran-2024-07-23-a-16.26.20.png\" class=\"attachment-full size-full\" alt=\"\" srcset=\"https:\/\/looketmedecine.fr\/wp-content\/uploads\/2024\/07\/Capture-decran-2024-07-23-a-16.26.20.png 384w, https:\/\/looketmedecine.fr\/wp-content\/uploads\/2024\/07\/Capture-decran-2024-07-23-a-16.26.20-255x300.png 255w, https:\/\/looketmedecine.fr\/wp-content\/uploads\/2024\/07\/Capture-decran-2024-07-23-a-16.26.20-10x12.png 10w\" sizes=\"(max-width: 384px) 100vw, 384px\" \/><\/a>\n\t\t\t<\/div><\/figure>\n\t\t<\/div>\n\t\t<\/div>\n\t\t\t\t\t\t<\/div>\n\t\t\t\t<\/div>\n\t\t\t\t<div class=\"elementor-element elementor-element-c5a6a6a elementor-widget elementor-widget-text-editor\" data-id=\"c5a6a6a\" data-element_type=\"widget\" data-e-type=\"widget\" data-widget_type=\"text-editor.default\">\n\t\t\t\t<div class=\"elementor-widget-container\">\n\t\t\t\t\t\t\t\t\t<h4 class=\"p3\"><span style=\"color: #0000ff;\"><strong>Dans les ann\u00e9es 1920,<\/strong>\u00a0l\u2019\u00e8re du jazz et des flappers voit l\u2019essor des l\u00e8vres sombres avec l\u2019arc de Cupidon bien d\u00e9fini. Le rouge \u00e0 l\u00e8vres devient un symbole d\u2019\u00e9mancipation pour les femmes<\/span><\/h4>\n<h4 class=\"p3\"><span style=\"color: #0000ff;\"><strong>Dans les ann\u00e9es 1940-1950<\/strong>, les l\u00e8vres rouges \u00e9clatantes deviennent embl\u00e9matiques avec des ic\u00f4nes comme Marilyn Monroe qui repr\u00e9sente glamour et f\u00e9minit\u00e9.<\/span><\/h4>\n<h4 class=\"p1\"><span style=\"color: #0000ff;\"><strong><i>Dans les ann\u00e9es 1960<\/i>,<\/strong> l\u2019influence de la culture pop am\u00e8ne des changements avec des nuances plus p\u00e2les qui am\u00e8nent les femmes \u00e0 utiliser des teintes nude ou pastel.<\/span><\/h4>\n<h4 class=\"p1\"><span style=\"color: #0000ff;\"><strong>Dans les ann\u00e9es 1980,<\/strong> on observe un retour aux couleurs vives avec des l\u00e8vres exag\u00e9r\u00e9es en harmonie avec la mode audacieuse et le maquillage prononc\u00e9 de l\u2019\u00e9poque.<\/span><\/h4>\n<h4 class=\"p1\"><span style=\"color: #0000ff;\"><strong>Depuis les ann\u00e9es 2000,<\/strong> on observe une vari\u00e9t\u00e9 de tendances influenc\u00e9es par les c\u00e9l\u00e9brit\u00e9s et les r\u00e9seaux sociaux avec des l\u00e8vres allant du nude aux teintes audacieuses et vives.<\/span><\/h4>\t\t\t\t\t\t\t\t<\/div>\n\t\t\t\t<\/div>\n\t\t\t\t<div class=\"elementor-element elementor-element-13af055 elementor-widget elementor-widget-image-gallery\" data-id=\"13af055\" data-element_type=\"widget\" data-e-type=\"widget\" data-widget_type=\"image-gallery.default\">\n\t\t\t\t<div class=\"elementor-widget-container\">\n\t\t\t\t\t\t\t<div class=\"elementor-image-gallery\">\n\t\t\t<div id='gallery-2' class='gallery galleryid-22840 gallery-columns-3 gallery-size-full'><figure class='gallery-item'>\n\t\t\t<div class='gallery-icon portrait'>\n\t\t\t\t<a data-elementor-open-lightbox=\"yes\" data-elementor-lightbox-slideshow=\"13af055\" data-elementor-lightbox-title=\"Capture d\u2019e\u0301cran 2024-07-23 a\u0300 16.26.36\" data-e-action-hash=\"#elementor-action%3Aaction%3Dlightbox%26settings%3DeyJpZCI6MjI4NzksInVybCI6Imh0dHBzOlwvXC9sb29rZXRtZWRlY2luZS5mclwvd3AtY29udGVudFwvdXBsb2Fkc1wvMjAyNFwvMDdcL0NhcHR1cmUtZGVjcmFuLTIwMjQtMDctMjMtYS0xNi4yNi4zNi5wbmciLCJzbGlkZXNob3ciOiIxM2FmMDU1In0%3D\" href='https:\/\/looketmedecine.fr\/wp-content\/uploads\/2024\/07\/Capture-decran-2024-07-23-a-16.26.36.png'><img loading=\"lazy\" decoding=\"async\" width=\"342\" height=\"486\" src=\"https:\/\/looketmedecine.fr\/wp-content\/uploads\/2024\/07\/Capture-decran-2024-07-23-a-16.26.36.png\" class=\"attachment-full size-full\" alt=\"\" srcset=\"https:\/\/looketmedecine.fr\/wp-content\/uploads\/2024\/07\/Capture-decran-2024-07-23-a-16.26.36.png 342w, https:\/\/looketmedecine.fr\/wp-content\/uploads\/2024\/07\/Capture-decran-2024-07-23-a-16.26.36-211x300.png 211w, https:\/\/looketmedecine.fr\/wp-content\/uploads\/2024\/07\/Capture-decran-2024-07-23-a-16.26.36-8x12.png 8w\" sizes=\"(max-width: 342px) 100vw, 342px\" \/><\/a>\n\t\t\t<\/div><\/figure><figure class='gallery-item'>\n\t\t\t<div class='gallery-icon portrait'>\n\t\t\t\t<a data-elementor-open-lightbox=\"yes\" data-elementor-lightbox-slideshow=\"13af055\" data-elementor-lightbox-title=\"Capture d\u2019e\u0301cran 2024-07-23 a\u0300 16.26.54\" data-e-action-hash=\"#elementor-action%3Aaction%3Dlightbox%26settings%3DeyJpZCI6MjI4ODAsInVybCI6Imh0dHBzOlwvXC9sb29rZXRtZWRlY2luZS5mclwvd3AtY29udGVudFwvdXBsb2Fkc1wvMjAyNFwvMDdcL0NhcHR1cmUtZGVjcmFuLTIwMjQtMDctMjMtYS0xNi4yNi41NC5wbmciLCJzbGlkZXNob3ciOiIxM2FmMDU1In0%3D\" href='https:\/\/looketmedecine.fr\/wp-content\/uploads\/2024\/07\/Capture-decran-2024-07-23-a-16.26.54.png'><img loading=\"lazy\" decoding=\"async\" width=\"362\" height=\"372\" src=\"https:\/\/looketmedecine.fr\/wp-content\/uploads\/2024\/07\/Capture-decran-2024-07-23-a-16.26.54.png\" class=\"attachment-full size-full\" alt=\"\" srcset=\"https:\/\/looketmedecine.fr\/wp-content\/uploads\/2024\/07\/Capture-decran-2024-07-23-a-16.26.54.png 362w, https:\/\/looketmedecine.fr\/wp-content\/uploads\/2024\/07\/Capture-decran-2024-07-23-a-16.26.54-292x300.png 292w, https:\/\/looketmedecine.fr\/wp-content\/uploads\/2024\/07\/Capture-decran-2024-07-23-a-16.26.54-12x12.png 12w\" sizes=\"(max-width: 362px) 100vw, 362px\" \/><\/a>\n\t\t\t<\/div><\/figure><figure class='gallery-item'>\n\t\t\t<div class='gallery-icon landscape'>\n\t\t\t\t<a data-elementor-open-lightbox=\"yes\" data-elementor-lightbox-slideshow=\"13af055\" data-elementor-lightbox-title=\"Capture d\u2019e\u0301cran 2024-07-23 a\u0300 16.27.14\" data-e-action-hash=\"#elementor-action%3Aaction%3Dlightbox%26settings%3DeyJpZCI6MjI4ODcsInVybCI6Imh0dHBzOlwvXC9sb29rZXRtZWRlY2luZS5mclwvd3AtY29udGVudFwvdXBsb2Fkc1wvMjAyNFwvMDdcL0NhcHR1cmUtZGVjcmFuLTIwMjQtMDctMjMtYS0xNi4yNy4xNC0xLnBuZyIsInNsaWRlc2hvdyI6IjEzYWYwNTUifQ%3D%3D\" href='https:\/\/looketmedecine.fr\/wp-content\/uploads\/2024\/07\/Capture-decran-2024-07-23-a-16.27.14-1.png'><img loading=\"lazy\" decoding=\"async\" width=\"838\" height=\"632\" src=\"https:\/\/looketmedecine.fr\/wp-content\/uploads\/2024\/07\/Capture-decran-2024-07-23-a-16.27.14-1.png\" class=\"attachment-full size-full\" alt=\"\" srcset=\"https:\/\/looketmedecine.fr\/wp-content\/uploads\/2024\/07\/Capture-decran-2024-07-23-a-16.27.14-1.png 838w, https:\/\/looketmedecine.fr\/wp-content\/uploads\/2024\/07\/Capture-decran-2024-07-23-a-16.27.14-1-300x226.png 300w, https:\/\/looketmedecine.fr\/wp-content\/uploads\/2024\/07\/Capture-decran-2024-07-23-a-16.27.14-1-768x579.png 768w, https:\/\/looketmedecine.fr\/wp-content\/uploads\/2024\/07\/Capture-decran-2024-07-23-a-16.27.14-1-16x12.png 16w\" sizes=\"(max-width: 838px) 100vw, 838px\" \/><\/a>\n\t\t\t<\/div><\/figure>\n\t\t<\/div>\n\t\t<\/div>\n\t\t\t\t\t\t<\/div>\n\t\t\t\t<\/div>\n\t\t\t\t<div class=\"elementor-element elementor-element-4604d72 elementor-widget elementor-widget-image-gallery\" data-id=\"4604d72\" data-element_type=\"widget\" data-e-type=\"widget\" data-widget_type=\"image-gallery.default\">\n\t\t\t\t<div class=\"elementor-widget-container\">\n\t\t\t\t\t\t\t<div class=\"elementor-image-gallery\">\n\t\t\t<div id='gallery-3' class='gallery galleryid-22840 gallery-columns-2 gallery-size-full'><figure class='gallery-item'>\n\t\t\t<div class='gallery-icon portrait'>\n\t\t\t\t<a data-elementor-open-lightbox=\"yes\" data-elementor-lightbox-slideshow=\"4604d72\" data-elementor-lightbox-title=\"Capture d\u2019e\u0301cran 2024-07-23 a\u0300 16.27.08\" data-e-action-hash=\"#elementor-action%3Aaction%3Dlightbox%26settings%3DeyJpZCI6MjI4ODQsInVybCI6Imh0dHBzOlwvXC9sb29rZXRtZWRlY2luZS5mclwvd3AtY29udGVudFwvdXBsb2Fkc1wvMjAyNFwvMDdcL0NhcHR1cmUtZGVjcmFuLTIwMjQtMDctMjMtYS0xNi4yNy4wOC5wbmciLCJzbGlkZXNob3ciOiI0NjA0ZDcyIn0%3D\" href='https:\/\/looketmedecine.fr\/wp-content\/uploads\/2024\/07\/Capture-decran-2024-07-23-a-16.27.08.png'><img loading=\"lazy\" decoding=\"async\" width=\"436\" height=\"636\" src=\"https:\/\/looketmedecine.fr\/wp-content\/uploads\/2024\/07\/Capture-decran-2024-07-23-a-16.27.08.png\" class=\"attachment-full size-full\" alt=\"\" srcset=\"https:\/\/looketmedecine.fr\/wp-content\/uploads\/2024\/07\/Capture-decran-2024-07-23-a-16.27.08.png 436w, https:\/\/looketmedecine.fr\/wp-content\/uploads\/2024\/07\/Capture-decran-2024-07-23-a-16.27.08-206x300.png 206w, https:\/\/looketmedecine.fr\/wp-content\/uploads\/2024\/07\/Capture-decran-2024-07-23-a-16.27.08-8x12.png 8w\" sizes=\"(max-width: 436px) 100vw, 436px\" \/><\/a>\n\t\t\t<\/div><\/figure><figure class='gallery-item'>\n\t\t\t<div class='gallery-icon portrait'>\n\t\t\t\t<a data-elementor-open-lightbox=\"yes\" data-elementor-lightbox-slideshow=\"4604d72\" data-elementor-lightbox-title=\"Capture d\u2019e\u0301cran 2024-07-23 a\u0300 16.27.26\" data-e-action-hash=\"#elementor-action%3Aaction%3Dlightbox%26settings%3DeyJpZCI6MjI4ODYsInVybCI6Imh0dHBzOlwvXC9sb29rZXRtZWRlY2luZS5mclwvd3AtY29udGVudFwvdXBsb2Fkc1wvMjAyNFwvMDdcL0NhcHR1cmUtZGVjcmFuLTIwMjQtMDctMjMtYS0xNi4yNy4yNi5wbmciLCJzbGlkZXNob3ciOiI0NjA0ZDcyIn0%3D\" href='https:\/\/looketmedecine.fr\/wp-content\/uploads\/2024\/07\/Capture-decran-2024-07-23-a-16.27.26.png'><img loading=\"lazy\" decoding=\"async\" width=\"512\" height=\"642\" src=\"https:\/\/looketmedecine.fr\/wp-content\/uploads\/2024\/07\/Capture-decran-2024-07-23-a-16.27.26.png\" class=\"attachment-full size-full\" alt=\"\" srcset=\"https:\/\/looketmedecine.fr\/wp-content\/uploads\/2024\/07\/Capture-decran-2024-07-23-a-16.27.26.png 512w, https:\/\/looketmedecine.fr\/wp-content\/uploads\/2024\/07\/Capture-decran-2024-07-23-a-16.27.26-239x300.png 239w, https:\/\/looketmedecine.fr\/wp-content\/uploads\/2024\/07\/Capture-decran-2024-07-23-a-16.27.26-10x12.png 10w\" sizes=\"(max-width: 512px) 100vw, 512px\" \/><\/a>\n\t\t\t<\/div><\/figure>\n\t\t<\/div>\n\t\t<\/div>\n\t\t\t\t\t\t<\/div>\n\t\t\t\t<\/div>\n\t\t\t\t<div class=\"elementor-element elementor-element-1402bdc elementor-widget elementor-widget-text-editor\" data-id=\"1402bdc\" data-element_type=\"widget\" data-e-type=\"widget\" data-widget_type=\"text-editor.default\">\n\t\t\t\t<div class=\"elementor-widget-container\">\n\t\t\t\t\t\t\t\t\t<h2 class=\"p1\"><span style=\"color: #0000ff;\"><strong>EMBRYOLOGIE<\/strong><\/span><\/h2>\n<h4 class=\"p2\"><span style=\"color: #0000ff;\">La beaut\u00e9 des l\u00e8vres trouve ses racines dans des processus embryologiques complexes.<\/span><\/h4>\n<h4 class=\"p2\"><span style=\"color: #0000ff;\">Ainsi, comprendre le d\u00e9veloppement des l\u00e8vres permet d\u2019appr\u00e9hender et de magnifier de fa\u00e7on naturelle les diff\u00e9rents reliefs de cette r\u00e9gion anatomique d\u00e9licate.<\/span><\/h4>\n<h4 class=\"p2\"><span style=\"color: #0000ff;\">Les l\u00e8vres commencent \u00e0 se former entre la quatri\u00e8me et la sixi\u00e8me semaine de gestation, \u00e0 partir de 5 structures appel\u00e9es bourgeons faciaux.<\/span><\/h4>\n<h4 class=\"p2\"><span style=\"color: #0000ff;\">Le bourgeon fronto-nasal contribue \u00e0 la formation du philtrum et de la partie centrale de la l\u00e8vre sup\u00e9rieure.<\/span><\/h4>\n<h4 class=\"p2\"><span style=\"color: #0000ff;\">Les bourgeons maxillaires vont former les parties lat\u00e9rales de la l\u00e8vre sup\u00e9rieure et fusionner avec le bourgeon fronto nasal formant ainsi une l\u00e8vre sup\u00e9rieure constitu\u00e9e de 3 massifs.<\/span><\/h4>\n<h4 class=\"p2\"><span style=\"color: #0000ff;\">\u00c0 l\u2019\u00e9tage inf\u00e9rieur, seuls 2 bourgeons mandibulaires fusionnent, formant ainsi la l\u00e8vre inf\u00e9rieure compos\u00e9e de 2 massifs [6].<\/span><\/h4>\t\t\t\t\t\t\t\t<\/div>\n\t\t\t\t<\/div>\n\t\t\t\t<div class=\"elementor-element elementor-element-0420246 elementor-widget elementor-widget-image\" data-id=\"0420246\" data-element_type=\"widget\" data-e-type=\"widget\" data-widget_type=\"image.default\">\n\t\t\t\t<div class=\"elementor-widget-container\">\n\t\t\t\t\t\t\t\t\t\t\t\t\t\t\t<img loading=\"lazy\" decoding=\"async\" width=\"596\" height=\"362\" src=\"https:\/\/looketmedecine.fr\/wp-content\/uploads\/2024\/07\/Capture-decran-2024-07-23-a-16.36.54.png\" class=\"attachment-full size-full wp-image-22891\" alt=\"\" srcset=\"https:\/\/looketmedecine.fr\/wp-content\/uploads\/2024\/07\/Capture-decran-2024-07-23-a-16.36.54.png 596w, https:\/\/looketmedecine.fr\/wp-content\/uploads\/2024\/07\/Capture-decran-2024-07-23-a-16.36.54-300x182.png 300w, https:\/\/looketmedecine.fr\/wp-content\/uploads\/2024\/07\/Capture-decran-2024-07-23-a-16.36.54-18x12.png 18w\" sizes=\"(max-width: 596px) 100vw, 596px\" \/>\t\t\t\t\t\t\t\t\t\t\t\t\t\t\t<\/div>\n\t\t\t\t<\/div>\n\t\t\t\t<\/div>\n\t\t<div class=\"elementor-element elementor-element-22dfe85 e-flex e-con-boxed e-con e-parent\" data-id=\"22dfe85\" data-element_type=\"container\" data-e-type=\"container\">\n\t\t\t\t\t<div class=\"e-con-inner\">\n\t\t<div class=\"elementor-element elementor-element-787a2c9 e-con-full e-flex e-con e-child\" data-id=\"787a2c9\" data-element_type=\"container\" data-e-type=\"container\">\n\t\t\t\t<div class=\"elementor-element elementor-element-9ee6cfa elementor-widget elementor-widget-image\" data-id=\"9ee6cfa\" data-element_type=\"widget\" data-e-type=\"widget\" data-widget_type=\"image.default\">\n\t\t\t\t<div class=\"elementor-widget-container\">\n\t\t\t\t\t\t\t\t\t\t\t\t\t\t\t<img loading=\"lazy\" decoding=\"async\" width=\"522\" height=\"636\" src=\"https:\/\/looketmedecine.fr\/wp-content\/uploads\/2024\/07\/Capture-decran-2024-07-23-a-16.38.23.png\" class=\"attachment-full size-full wp-image-22895\" alt=\"\" srcset=\"https:\/\/looketmedecine.fr\/wp-content\/uploads\/2024\/07\/Capture-decran-2024-07-23-a-16.38.23.png 522w, https:\/\/looketmedecine.fr\/wp-content\/uploads\/2024\/07\/Capture-decran-2024-07-23-a-16.38.23-246x300.png 246w, https:\/\/looketmedecine.fr\/wp-content\/uploads\/2024\/07\/Capture-decran-2024-07-23-a-16.38.23-10x12.png 10w\" sizes=\"(max-width: 522px) 100vw, 522px\" \/>\t\t\t\t\t\t\t\t\t\t\t\t\t\t\t<\/div>\n\t\t\t\t<\/div>\n\t\t\t\t<\/div>\n\t\t<div class=\"elementor-element elementor-element-4601c83 e-con-full e-flex e-con e-child\" data-id=\"4601c83\" data-element_type=\"container\" data-e-type=\"container\">\n\t\t\t\t<div class=\"elementor-element elementor-element-af05cb2 elementor-widget elementor-widget-text-editor\" data-id=\"af05cb2\" data-element_type=\"widget\" data-e-type=\"widget\" data-widget_type=\"text-editor.default\">\n\t\t\t\t<div class=\"elementor-widget-container\">\n\t\t\t\t\t\t\t\t\t<h4 class=\"p1\"><span style=\"color: #0000ff;\">Un visage harmonieux est habituellement d\u00e9fini par des proportions horizontales de m\u00eame hauteur qui r\u00e9pondent \u00e0 la r\u00e8gle des 3 tiers :<\/span><\/h4>\n<div>\u00a0<strong style=\"color: #0000ff; font-family: inherit; font-size: 1.5rem; text-align: var(--text-align);\">Le tiers sup\u00e9rieur<\/strong><span style=\"color: #0000ff; font-family: inherit; font-size: 1.5rem; text-align: var(--text-align);\"> qui va du trichion jusqu\u2019\u00e0 la glabelle.<\/span><\/div>\n<h4 class=\"p3\">\u00a0<\/h4>\n<div>\u00a0<\/div>\n<h4 class=\"p3\">\u00a0<strong style=\"color: #0000ff; font-family: inherit; font-size: 1.5rem; text-align: var(--text-align);\">Le tiers moyen<\/strong><span style=\"color: #0000ff; font-family: inherit; font-size: 1.5rem; text-align: var(--text-align);\"> qui va de la glabelle au point sous nasal.<\/span><\/h4>\n<h4 class=\"p3\">\u00a0<\/h4>\n<h4 class=\"p3\"><span style=\"color: #0000ff;\"><strong>\u00a0<\/strong><\/span><\/h4>\n<h4 class=\"p3\"><span style=\"color: #0000ff;\"><strong>Le tiers inf\u00e9rieur<\/strong> qui va du point sous nasal au menton. <\/span><span style=\"color: #0000ff;\">Cette derni\u00e8re partie est elle m\u00eame partag\u00e9e en 2 parties :<\/span><\/h4>\n<ul>\n<li class=\"p2\">\n<h4><span style=\"color: #0000ff;\">Le tiers sup\u00e9rieur qui va du point sous nasal au stomion (point de contact entre la l\u00e8vre sup\u00e9rieure et la l\u00e8vre inf\u00e9rieure)<\/span><\/h4>\n<\/li>\n<li class=\"p3\">\n<h4><span style=\"color: #0000ff;\">et les 2\/3 restant vont du stomion jusqu\u2019au point menton.<\/span><\/h4>\n<\/li>\n<\/ul>\t\t\t\t\t\t\t\t<\/div>\n\t\t\t\t<\/div>\n\t\t\t\t<\/div>\n\t\t\t\t\t<\/div>\n\t\t\t\t<\/div>\n\t\t<div class=\"elementor-element elementor-element-1c39f66 e-flex e-con-boxed e-con e-parent\" data-id=\"1c39f66\" data-element_type=\"container\" data-e-type=\"container\">\n\t\t\t\t\t<div class=\"e-con-inner\">\n\t\t\t\t<div class=\"elementor-element elementor-element-14b18c0 elementor-widget elementor-widget-image\" data-id=\"14b18c0\" data-element_type=\"widget\" data-e-type=\"widget\" data-widget_type=\"image.default\">\n\t\t\t\t<div class=\"elementor-widget-container\">\n\t\t\t\t\t\t\t\t\t\t\t\t\t\t\t<img loading=\"lazy\" decoding=\"async\" width=\"1140\" height=\"366\" src=\"https:\/\/looketmedecine.fr\/wp-content\/uploads\/2024\/07\/Capture-decran-2024-07-23-a-16.43.47.png\" class=\"attachment-full size-full wp-image-22899\" alt=\"\" srcset=\"https:\/\/looketmedecine.fr\/wp-content\/uploads\/2024\/07\/Capture-decran-2024-07-23-a-16.43.47.png 1140w, https:\/\/looketmedecine.fr\/wp-content\/uploads\/2024\/07\/Capture-decran-2024-07-23-a-16.43.47-300x96.png 300w, https:\/\/looketmedecine.fr\/wp-content\/uploads\/2024\/07\/Capture-decran-2024-07-23-a-16.43.47-1024x329.png 1024w, https:\/\/looketmedecine.fr\/wp-content\/uploads\/2024\/07\/Capture-decran-2024-07-23-a-16.43.47-768x247.png 768w, https:\/\/looketmedecine.fr\/wp-content\/uploads\/2024\/07\/Capture-decran-2024-07-23-a-16.43.47-18x6.png 18w\" sizes=\"(max-width: 1140px) 100vw, 1140px\" \/>\t\t\t\t\t\t\t\t\t\t\t\t\t\t\t<\/div>\n\t\t\t\t<\/div>\n\t\t\t\t<div class=\"elementor-element elementor-element-e145450 elementor-widget elementor-widget-text-editor\" data-id=\"e145450\" data-element_type=\"widget\" data-e-type=\"widget\" data-widget_type=\"text-editor.default\">\n\t\t\t\t<div class=\"elementor-widget-container\">\n\t\t\t\t\t\t\t\t\t<h4 class=\"p1\"><span style=\"color: #0000ff;\">Les commissures se situent \u00e0 l\u2019aplomb de lignes abaiss\u00e9es de la partie interne de l\u2019iris ou au maximum de la pup<\/span>ille.<\/h4>\t\t\t\t\t\t\t\t<\/div>\n\t\t\t\t<\/div>\n\t\t\t\t<div class=\"elementor-element elementor-element-3e46c5d elementor-widget elementor-widget-image-gallery\" data-id=\"3e46c5d\" data-element_type=\"widget\" data-e-type=\"widget\" data-widget_type=\"image-gallery.default\">\n\t\t\t\t<div class=\"elementor-widget-container\">\n\t\t\t\t\t\t\t<div class=\"elementor-image-gallery\">\n\t\t\t<div id='gallery-4' class='gallery galleryid-22840 gallery-columns-3 gallery-size-medium'><figure class='gallery-item'>\n\t\t\t<div class='gallery-icon landscape'>\n\t\t\t\t<a data-elementor-open-lightbox=\"yes\" data-elementor-lightbox-slideshow=\"3e46c5d\" data-elementor-lightbox-title=\"Capture d\u2019e\u0301cran 2024-07-23 a\u0300 16.45.38\" data-e-action-hash=\"#elementor-action%3Aaction%3Dlightbox%26settings%3DeyJpZCI6MjI5MDAsInVybCI6Imh0dHBzOlwvXC9sb29rZXRtZWRlY2luZS5mclwvd3AtY29udGVudFwvdXBsb2Fkc1wvMjAyNFwvMDdcL0NhcHR1cmUtZGVjcmFuLTIwMjQtMDctMjMtYS0xNi40NS4zOC5wbmciLCJzbGlkZXNob3ciOiIzZTQ2YzVkIn0%3D\" href='https:\/\/looketmedecine.fr\/wp-content\/uploads\/2024\/07\/Capture-decran-2024-07-23-a-16.45.38.png'><img loading=\"lazy\" decoding=\"async\" width=\"300\" height=\"278\" src=\"https:\/\/looketmedecine.fr\/wp-content\/uploads\/2024\/07\/Capture-decran-2024-07-23-a-16.45.38-300x278.png\" class=\"attachment-medium size-medium\" alt=\"\" srcset=\"https:\/\/looketmedecine.fr\/wp-content\/uploads\/2024\/07\/Capture-decran-2024-07-23-a-16.45.38-300x278.png 300w, https:\/\/looketmedecine.fr\/wp-content\/uploads\/2024\/07\/Capture-decran-2024-07-23-a-16.45.38-13x12.png 13w, https:\/\/looketmedecine.fr\/wp-content\/uploads\/2024\/07\/Capture-decran-2024-07-23-a-16.45.38.png 348w\" sizes=\"(max-width: 300px) 100vw, 300px\" \/><\/a>\n\t\t\t<\/div><\/figure><figure class='gallery-item'>\n\t\t\t<div class='gallery-icon landscape'>\n\t\t\t\t<a data-elementor-open-lightbox=\"yes\" data-elementor-lightbox-slideshow=\"3e46c5d\" data-elementor-lightbox-title=\"Capture d\u2019e\u0301cran 2024-07-23 a\u0300 16.50.00\" data-e-action-hash=\"#elementor-action%3Aaction%3Dlightbox%26settings%3DeyJpZCI6MjI5MDQsInVybCI6Imh0dHBzOlwvXC9sb29rZXRtZWRlY2luZS5mclwvd3AtY29udGVudFwvdXBsb2Fkc1wvMjAyNFwvMDdcL0NhcHR1cmUtZGVjcmFuLTIwMjQtMDctMjMtYS0xNi41MC4wMC5wbmciLCJzbGlkZXNob3ciOiIzZTQ2YzVkIn0%3D\" href='https:\/\/looketmedecine.fr\/wp-content\/uploads\/2024\/07\/Capture-decran-2024-07-23-a-16.50.00.png'><img loading=\"lazy\" decoding=\"async\" width=\"300\" height=\"245\" src=\"https:\/\/looketmedecine.fr\/wp-content\/uploads\/2024\/07\/Capture-decran-2024-07-23-a-16.50.00-300x245.png\" class=\"attachment-medium size-medium\" alt=\"\" srcset=\"https:\/\/looketmedecine.fr\/wp-content\/uploads\/2024\/07\/Capture-decran-2024-07-23-a-16.50.00-300x245.png 300w, https:\/\/looketmedecine.fr\/wp-content\/uploads\/2024\/07\/Capture-decran-2024-07-23-a-16.50.00-15x12.png 15w, https:\/\/looketmedecine.fr\/wp-content\/uploads\/2024\/07\/Capture-decran-2024-07-23-a-16.50.00.png 340w\" sizes=\"(max-width: 300px) 100vw, 300px\" \/><\/a>\n\t\t\t<\/div><\/figure><figure class='gallery-item'>\n\t\t\t<div class='gallery-icon landscape'>\n\t\t\t\t<a data-elementor-open-lightbox=\"yes\" data-elementor-lightbox-slideshow=\"3e46c5d\" data-elementor-lightbox-title=\"Capture d\u2019e\u0301cran 2024-07-23 a\u0300 16.50.38\" data-e-action-hash=\"#elementor-action%3Aaction%3Dlightbox%26settings%3DeyJpZCI6MjI5MDUsInVybCI6Imh0dHBzOlwvXC9sb29rZXRtZWRlY2luZS5mclwvd3AtY29udGVudFwvdXBsb2Fkc1wvMjAyNFwvMDdcL0NhcHR1cmUtZGVjcmFuLTIwMjQtMDctMjMtYS0xNi41MC4zOC5wbmciLCJzbGlkZXNob3ciOiIzZTQ2YzVkIn0%3D\" href='https:\/\/looketmedecine.fr\/wp-content\/uploads\/2024\/07\/Capture-decran-2024-07-23-a-16.50.38.png'><img loading=\"lazy\" decoding=\"async\" width=\"300\" height=\"220\" src=\"https:\/\/looketmedecine.fr\/wp-content\/uploads\/2024\/07\/Capture-decran-2024-07-23-a-16.50.38-300x220.png\" class=\"attachment-medium size-medium\" alt=\"\" srcset=\"https:\/\/looketmedecine.fr\/wp-content\/uploads\/2024\/07\/Capture-decran-2024-07-23-a-16.50.38-300x220.png 300w, https:\/\/looketmedecine.fr\/wp-content\/uploads\/2024\/07\/Capture-decran-2024-07-23-a-16.50.38-16x12.png 16w, https:\/\/looketmedecine.fr\/wp-content\/uploads\/2024\/07\/Capture-decran-2024-07-23-a-16.50.38.png 354w\" sizes=\"(max-width: 300px) 100vw, 300px\" \/><\/a>\n\t\t\t<\/div><\/figure>\n\t\t<\/div>\n\t\t<\/div>\n\t\t\t\t\t\t<\/div>\n\t\t\t\t<\/div>\n\t\t\t\t<div class=\"elementor-element elementor-element-449ec19 elementor-widget elementor-widget-text-editor\" data-id=\"449ec19\" data-element_type=\"widget\" data-e-type=\"widget\" data-widget_type=\"text-editor.default\">\n\t\t\t\t<div class=\"elementor-widget-container\">\n\t\t\t\t\t\t\t\t\t<h4><strong><span style=\"color: #0000ff;\">Sur la vue de profil, nous b\u00e9n\u00e9ficions de rep\u00e8res esth\u00e9tiques qui d\u00e9finissent la projection optimale des l\u00e8vres.<\/span><\/strong><\/h4>\n<h4><span style=\"color: #0000ff;\"><strong>Ligne de Ricketts<\/strong> : la ligne de la pointe du nez au menton doit se situer \u00e0 environ 4 mm en avant de la l\u00e8vre sup\u00e9rieure et \u00e0 2 mm en avant de la l\u00e8vre inf\u00e9rieure.<\/span><\/h4>\n<h4><span style=\"color: #0000ff;\"><strong>Ligne de Steiner :<\/strong> la ligne joignant les deux l\u00e8vres ne doit pas exc\u00e9der 10 \u00e0 15\u00b0 par rapport \u00e0 une verticale, et doit \u00ab couper \u00bb le nez \u00e0 la partie ant\u00e9rieure de la narine.<\/span><\/h4>\n<h4 class=\"p2\"><span style=\"color: #0000ff;\"><strong>Ligne de Burstone :<\/strong> la ligne entre la base du nez et le menton doit \u00eatre situ\u00e9e \u00e0 environ 2-4 mm en arri\u00e8re de la l\u00e8vre sup\u00e9rieure et \u00e0 1-2 mm en arri\u00e8re de l\u2019inf\u00e9rieure.<\/span><\/h4>\t\t\t\t\t\t\t\t<\/div>\n\t\t\t\t<\/div>\n\t\t\t\t<div class=\"elementor-element elementor-element-3563ca2 elementor-widget elementor-widget-image\" data-id=\"3563ca2\" data-element_type=\"widget\" data-e-type=\"widget\" data-widget_type=\"image.default\">\n\t\t\t\t<div class=\"elementor-widget-container\">\n\t\t\t\t\t\t\t\t\t\t\t\t\t\t\t<img loading=\"lazy\" decoding=\"async\" width=\"796\" height=\"642\" src=\"https:\/\/looketmedecine.fr\/wp-content\/uploads\/2024\/07\/Capture-decran-2024-07-23-a-16.56.10.png\" class=\"attachment-large size-large wp-image-22913\" alt=\"\" srcset=\"https:\/\/looketmedecine.fr\/wp-content\/uploads\/2024\/07\/Capture-decran-2024-07-23-a-16.56.10.png 796w, https:\/\/looketmedecine.fr\/wp-content\/uploads\/2024\/07\/Capture-decran-2024-07-23-a-16.56.10-300x242.png 300w, https:\/\/looketmedecine.fr\/wp-content\/uploads\/2024\/07\/Capture-decran-2024-07-23-a-16.56.10-768x619.png 768w, https:\/\/looketmedecine.fr\/wp-content\/uploads\/2024\/07\/Capture-decran-2024-07-23-a-16.56.10-15x12.png 15w\" sizes=\"(max-width: 796px) 100vw, 796px\" \/>\t\t\t\t\t\t\t\t\t\t\t\t\t\t\t<\/div>\n\t\t\t\t<\/div>\n\t\t\t\t<div class=\"elementor-element elementor-element-6ebc35a elementor-widget elementor-widget-text-editor\" data-id=\"6ebc35a\" data-element_type=\"widget\" data-e-type=\"widget\" data-widget_type=\"text-editor.default\">\n\t\t\t\t<div class=\"elementor-widget-container\">\n\t\t\t\t\t\t\t\t\t<h4 class=\"p1\"><span style=\"color: #0000ff;\">Des l\u00e8vres et une zone p\u00e9riorale attrayantes doivent englober les rep\u00e8res anatomiques suivants :<\/span><\/h4>\n<ul>\n<li class=\"p2\">\n<h4><span style=\"color: #0000ff;\">La l\u00e8vre cutan\u00e9e sup\u00e9rieure ou l\u00e8vre blanche doit \u00eatre lisse, sans ridules, avec une d\u00e9pression centrale appel\u00e9e philtrum.<\/span><\/h4>\n<\/li>\n<li class=\"p2\">\n<h4><span style=\"color: #0000ff;\">De profil, la l\u00e8vre cutan\u00e9e sup\u00e9rieure est assez courte et concave.<\/span><\/h4>\n<\/li>\n<li class=\"p2\">\n<h4><span style=\"color: #0000ff;\">Le philtrum est d\u00e9limit\u00e9 lat\u00e9ralement par deux lignes ou cr\u00eates divergentes appel\u00e9es \u00ab cr\u00eates philtrales \u00bb, par la columelle dans sa partie sup\u00e9rieure, etpar la partie centrale de l\u2019arc de Cupidon dans sa partie inf\u00e9rieure.<\/span><\/h4>\n<\/li>\n<li class=\"p2\">\n<h4><span style=\"color: #0000ff;\">La bordure du vermillon ou ligne de jonction cutan\u00e9o-muqueuse doit \u00eatre une ligne fine mais bien d\u00e9finie.<\/span><\/h4>\n<\/li>\n<li class=\"p3\">\n<h4><span style=\"color: #0000ff;\">Le corps vermillon ou l\u00e8vre rouge est recouvert d\u2019un \u00e9piderme pavimenteux stratifi\u00e9 qui est en continuit\u00e9 avec la muqueuse buccale constitu\u00e9e d\u2019un \u00e9pith\u00e9lium de type \u00e9pidermo\u00efde. Cet \u00e9pith\u00e9lium sp\u00e9cialis\u00e9 au niveau du vermillon pr\u00e9sente de l\u00e9g\u00e8res fractures qui ne doivent pas \u00eatre effac\u00e9es par les proc\u00e9dures d\u2019embellissement des l\u00e8vres, car elles sont l\u2019\u00e9quivalent de nos empreintes digitales.<\/span><\/h4>\n<\/li>\n<li class=\"p5\">\n<h4><span style=\"color: #0000ff;\">La pr\u00e9sence de sous-unit\u00e9s importantes appel\u00e9es \u00ab tubercules\u00bb ne doit pas \u00eatre n\u00e9glig\u00e9e. Il s\u2019agit de zones naturelles de pro\u00e9minence dermique, connues pour \u00eatre des vestiges embryologiques , comme nous avons pu le voir pr\u00e9c\u00e9demment.<\/span><\/h4>\n<\/li>\n<li class=\"p5\">\n<h4><span style=\"color: #0000ff;\">Elles sont g\u00e9n\u00e9ralement au nombre de trois sur la l\u00e8vre sup\u00e9rieure (une m\u00e9diane : rostre et deux lat\u00e9rales) et de deux sur la l\u00e8vre inf\u00e9rieure.<\/span><\/h4>\n<\/li>\n<li class=\"p2\">\n<h4><span style=\"color: #0000ff;\">La l\u00e8vre rouge doit \u00eatre incurv\u00e9e, d\u2019une hauteur raisonnable, pleine au centre et s\u2019amincir vers les commissures.<\/span><\/h4>\n<\/li>\n<li class=\"p2\">\n<h4><span style=\"color: #0000ff;\">Les commissures labiales doivent \u00eatre droites ou l\u00e9g\u00e8rement sur\u00e9lev\u00e9es par rapport \u00e0 la ligne centrale des l\u00e8vres, qui doit \u00eatre courb\u00e9e pour accompagner la la forme des l\u00e8vres.<\/span><\/h4>\n<\/li>\n<li class=\"p3\">\n<h4><span style=\"color: #0000ff;\">L\u2019encadrement p\u00e9ribuccal des l\u00e8vres doit \u00eatre lisse, sans rides statiques ou d\u2019expression telles que les plis d\u2019amertume [7].<\/span><\/h4>\n<\/li>\n<\/ul>\n<h4 class=\"p6\"><span style=\"color: #800080;\">Une \u00e9tude publi\u00e9e dans le Journal of the European Academy of Dermatology and Venereology en 2023 a permis de d\u00e9finir les proportions les plus attrayantes en fonction de l\u2019\u00e9paisseur du vermillon, de la distance entre la l\u00e8vre sup\u00e9rieure et la l\u00e8vre inf\u00e9rieure par rapport au nez et au menton, et de la distance bigoniaque.<\/span><\/h4>\t\t\t\t\t\t\t\t<\/div>\n\t\t\t\t<\/div>\n\t\t\t\t<div class=\"elementor-element elementor-element-064f07b elementor-widget elementor-widget-image\" data-id=\"064f07b\" data-element_type=\"widget\" data-e-type=\"widget\" data-widget_type=\"image.default\">\n\t\t\t\t<div class=\"elementor-widget-container\">\n\t\t\t\t\t\t\t\t\t\t\t\t\t\t\t<img loading=\"lazy\" decoding=\"async\" width=\"2430\" height=\"1518\" src=\"https:\/\/looketmedecine.fr\/wp-content\/uploads\/2024\/07\/Capture-decran-2024-07-23-a-16.59.20.png\" class=\"attachment-full size-full wp-image-22920\" alt=\"\" srcset=\"https:\/\/looketmedecine.fr\/wp-content\/uploads\/2024\/07\/Capture-decran-2024-07-23-a-16.59.20.png 2430w, https:\/\/looketmedecine.fr\/wp-content\/uploads\/2024\/07\/Capture-decran-2024-07-23-a-16.59.20-300x187.png 300w, https:\/\/looketmedecine.fr\/wp-content\/uploads\/2024\/07\/Capture-decran-2024-07-23-a-16.59.20-1024x640.png 1024w, https:\/\/looketmedecine.fr\/wp-content\/uploads\/2024\/07\/Capture-decran-2024-07-23-a-16.59.20-768x480.png 768w, https:\/\/looketmedecine.fr\/wp-content\/uploads\/2024\/07\/Capture-decran-2024-07-23-a-16.59.20-1536x960.png 1536w, https:\/\/looketmedecine.fr\/wp-content\/uploads\/2024\/07\/Capture-decran-2024-07-23-a-16.59.20-2048x1279.png 2048w, https:\/\/looketmedecine.fr\/wp-content\/uploads\/2024\/07\/Capture-decran-2024-07-23-a-16.59.20-18x12.png 18w\" sizes=\"(max-width: 2430px) 100vw, 2430px\" \/>\t\t\t\t\t\t\t\t\t\t\t\t\t\t\t<\/div>\n\t\t\t\t<\/div>\n\t\t\t\t<div class=\"elementor-element elementor-element-4c0a063 elementor-widget elementor-widget-image\" data-id=\"4c0a063\" data-element_type=\"widget\" data-e-type=\"widget\" data-widget_type=\"image.default\">\n\t\t\t\t<div class=\"elementor-widget-container\">\n\t\t\t\t\t\t\t\t\t\t\t\t\t\t\t<img loading=\"lazy\" decoding=\"async\" width=\"2520\" height=\"912\" src=\"https:\/\/looketmedecine.fr\/wp-content\/uploads\/2024\/07\/Capture-decran-2024-07-23-a-17.00.35.png\" class=\"attachment-full size-full wp-image-22924\" alt=\"\" srcset=\"https:\/\/looketmedecine.fr\/wp-content\/uploads\/2024\/07\/Capture-decran-2024-07-23-a-17.00.35.png 2520w, https:\/\/looketmedecine.fr\/wp-content\/uploads\/2024\/07\/Capture-decran-2024-07-23-a-17.00.35-300x109.png 300w, https:\/\/looketmedecine.fr\/wp-content\/uploads\/2024\/07\/Capture-decran-2024-07-23-a-17.00.35-1024x371.png 1024w, https:\/\/looketmedecine.fr\/wp-content\/uploads\/2024\/07\/Capture-decran-2024-07-23-a-17.00.35-768x278.png 768w, https:\/\/looketmedecine.fr\/wp-content\/uploads\/2024\/07\/Capture-decran-2024-07-23-a-17.00.35-1536x556.png 1536w, https:\/\/looketmedecine.fr\/wp-content\/uploads\/2024\/07\/Capture-decran-2024-07-23-a-17.00.35-2048x741.png 2048w, https:\/\/looketmedecine.fr\/wp-content\/uploads\/2024\/07\/Capture-decran-2024-07-23-a-17.00.35-18x7.png 18w\" sizes=\"(max-width: 2520px) 100vw, 2520px\" \/>\t\t\t\t\t\t\t\t\t\t\t\t\t\t\t<\/div>\n\t\t\t\t<\/div>\n\t\t\t\t<div class=\"elementor-element elementor-element-0817e90 elementor-widget elementor-widget-image\" data-id=\"0817e90\" data-element_type=\"widget\" data-e-type=\"widget\" data-widget_type=\"image.default\">\n\t\t\t\t<div class=\"elementor-widget-container\">\n\t\t\t\t\t\t\t\t\t\t\t\t\t\t\t<img loading=\"lazy\" decoding=\"async\" width=\"2482\" height=\"838\" src=\"https:\/\/looketmedecine.fr\/wp-content\/uploads\/2024\/07\/Capture-decran-2024-07-23-a-17.01.22.png\" class=\"attachment-full size-full wp-image-22925\" alt=\"\" srcset=\"https:\/\/looketmedecine.fr\/wp-content\/uploads\/2024\/07\/Capture-decran-2024-07-23-a-17.01.22.png 2482w, https:\/\/looketmedecine.fr\/wp-content\/uploads\/2024\/07\/Capture-decran-2024-07-23-a-17.01.22-300x101.png 300w, https:\/\/looketmedecine.fr\/wp-content\/uploads\/2024\/07\/Capture-decran-2024-07-23-a-17.01.22-1024x346.png 1024w, https:\/\/looketmedecine.fr\/wp-content\/uploads\/2024\/07\/Capture-decran-2024-07-23-a-17.01.22-768x259.png 768w, https:\/\/looketmedecine.fr\/wp-content\/uploads\/2024\/07\/Capture-decran-2024-07-23-a-17.01.22-1536x519.png 1536w, https:\/\/looketmedecine.fr\/wp-content\/uploads\/2024\/07\/Capture-decran-2024-07-23-a-17.01.22-2048x691.png 2048w, https:\/\/looketmedecine.fr\/wp-content\/uploads\/2024\/07\/Capture-decran-2024-07-23-a-17.01.22-18x6.png 18w\" sizes=\"(max-width: 2482px) 100vw, 2482px\" \/>\t\t\t\t\t\t\t\t\t\t\t\t\t\t\t<\/div>\n\t\t\t\t<\/div>\n\t\t\t\t<div class=\"elementor-element elementor-element-8b03719 elementor-widget elementor-widget-image\" data-id=\"8b03719\" data-element_type=\"widget\" data-e-type=\"widget\" data-widget_type=\"image.default\">\n\t\t\t\t<div class=\"elementor-widget-container\">\n\t\t\t\t\t\t\t\t\t\t\t\t\t\t\t<img loading=\"lazy\" decoding=\"async\" width=\"2526\" height=\"788\" src=\"https:\/\/looketmedecine.fr\/wp-content\/uploads\/2024\/07\/Capture-decran-2024-07-23-a-17.02.07.png\" class=\"attachment-full size-full wp-image-22929\" alt=\"\" srcset=\"https:\/\/looketmedecine.fr\/wp-content\/uploads\/2024\/07\/Capture-decran-2024-07-23-a-17.02.07.png 2526w, https:\/\/looketmedecine.fr\/wp-content\/uploads\/2024\/07\/Capture-decran-2024-07-23-a-17.02.07-300x94.png 300w, https:\/\/looketmedecine.fr\/wp-content\/uploads\/2024\/07\/Capture-decran-2024-07-23-a-17.02.07-1024x319.png 1024w, https:\/\/looketmedecine.fr\/wp-content\/uploads\/2024\/07\/Capture-decran-2024-07-23-a-17.02.07-768x240.png 768w, https:\/\/looketmedecine.fr\/wp-content\/uploads\/2024\/07\/Capture-decran-2024-07-23-a-17.02.07-1536x479.png 1536w, https:\/\/looketmedecine.fr\/wp-content\/uploads\/2024\/07\/Capture-decran-2024-07-23-a-17.02.07-2048x639.png 2048w, https:\/\/looketmedecine.fr\/wp-content\/uploads\/2024\/07\/Capture-decran-2024-07-23-a-17.02.07-18x6.png 18w\" sizes=\"(max-width: 2526px) 100vw, 2526px\" \/>\t\t\t\t\t\t\t\t\t\t\t\t\t\t\t<\/div>\n\t\t\t\t<\/div>\n\t\t\t\t<div class=\"elementor-element elementor-element-e330b20 elementor-widget elementor-widget-image\" data-id=\"e330b20\" data-element_type=\"widget\" data-e-type=\"widget\" data-widget_type=\"image.default\">\n\t\t\t\t<div class=\"elementor-widget-container\">\n\t\t\t\t\t\t\t\t\t\t\t\t\t\t\t<img loading=\"lazy\" decoding=\"async\" width=\"800\" height=\"273\" src=\"https:\/\/looketmedecine.fr\/wp-content\/uploads\/2024\/07\/Capture-decran-2024-07-23-a-17.03.04-1024x350.png\" class=\"attachment-large size-large wp-image-22936\" alt=\"\" srcset=\"https:\/\/looketmedecine.fr\/wp-content\/uploads\/2024\/07\/Capture-decran-2024-07-23-a-17.03.04-1024x350.png 1024w, https:\/\/looketmedecine.fr\/wp-content\/uploads\/2024\/07\/Capture-decran-2024-07-23-a-17.03.04-300x103.png 300w, https:\/\/looketmedecine.fr\/wp-content\/uploads\/2024\/07\/Capture-decran-2024-07-23-a-17.03.04-768x262.png 768w, https:\/\/looketmedecine.fr\/wp-content\/uploads\/2024\/07\/Capture-decran-2024-07-23-a-17.03.04-1536x525.png 1536w, https:\/\/looketmedecine.fr\/wp-content\/uploads\/2024\/07\/Capture-decran-2024-07-23-a-17.03.04-2048x700.png 2048w, https:\/\/looketmedecine.fr\/wp-content\/uploads\/2024\/07\/Capture-decran-2024-07-23-a-17.03.04-18x6.png 18w\" sizes=\"(max-width: 800px) 100vw, 800px\" \/>\t\t\t\t\t\t\t\t\t\t\t\t\t\t\t<\/div>\n\t\t\t\t<\/div>\n\t\t\t\t<div class=\"elementor-element elementor-element-9363384 elementor-widget elementor-widget-text-editor\" data-id=\"9363384\" data-element_type=\"widget\" data-e-type=\"widget\" data-widget_type=\"text-editor.default\">\n\t\t\t\t<div class=\"elementor-widget-container\">\n\t\t\t\t\t\t\t\t\t<h4 class=\"p1\"><span style=\"color: #0000ff;\">Une autre \u00e9tude publi\u00e9e dans JAMA Facial Plastic Surgery en 2017, avait pour objectif de d\u00e9terminer quelles \u00e9taient les dimensions de l\u00e8vres les plus attractives chez la femme caucasienne en se basant sur la surface occup\u00e9e par les l\u00e8vres au niveau du tiers inf\u00e9rieur du visage ainsi que par le ratio l\u00e8vre sup\u00e9rieure\/l\u00e8vre inf\u00e9rieure.<\/span><\/h4>\n<h4 class=\"p1\"><span style=\"color: #0000ff;\">En utilisant un processus statistiquement rigoureux avec plus de 500 participants, il a \u00e9t\u00e9 constat\u00e9 qu\u2019une augmentation optimale de 53,5 % de la surface des l\u00e8vres par rapport \u00e0 la photo originale, et qu\u2019une surface de l\u00e8vre repr\u00e9sentant 9,6 % du tiers inf\u00e9rieur du visage, sont des facteurs importants pour l\u2019esth\u00e9tique de la bouche.<\/span><\/h4>\t\t\t\t\t\t\t\t<\/div>\n\t\t\t\t<\/div>\n\t\t\t\t<div class=\"elementor-element elementor-element-21c44d0 elementor-widget elementor-widget-image\" data-id=\"21c44d0\" data-element_type=\"widget\" data-e-type=\"widget\" data-widget_type=\"image.default\">\n\t\t\t\t<div class=\"elementor-widget-container\">\n\t\t\t\t\t\t\t\t\t\t\t\t\t\t\t<img loading=\"lazy\" decoding=\"async\" width=\"2446\" height=\"1134\" src=\"https:\/\/looketmedecine.fr\/wp-content\/uploads\/2024\/07\/Capture-decran-2024-07-23-a-17.05.03.png\" class=\"attachment-full size-full wp-image-22940\" alt=\"\" srcset=\"https:\/\/looketmedecine.fr\/wp-content\/uploads\/2024\/07\/Capture-decran-2024-07-23-a-17.05.03.png 2446w, https:\/\/looketmedecine.fr\/wp-content\/uploads\/2024\/07\/Capture-decran-2024-07-23-a-17.05.03-300x139.png 300w, https:\/\/looketmedecine.fr\/wp-content\/uploads\/2024\/07\/Capture-decran-2024-07-23-a-17.05.03-1024x475.png 1024w, https:\/\/looketmedecine.fr\/wp-content\/uploads\/2024\/07\/Capture-decran-2024-07-23-a-17.05.03-768x356.png 768w, https:\/\/looketmedecine.fr\/wp-content\/uploads\/2024\/07\/Capture-decran-2024-07-23-a-17.05.03-1536x712.png 1536w, https:\/\/looketmedecine.fr\/wp-content\/uploads\/2024\/07\/Capture-decran-2024-07-23-a-17.05.03-2048x949.png 2048w, https:\/\/looketmedecine.fr\/wp-content\/uploads\/2024\/07\/Capture-decran-2024-07-23-a-17.05.03-18x8.png 18w\" sizes=\"(max-width: 2446px) 100vw, 2446px\" \/>\t\t\t\t\t\t\t\t\t\t\t\t\t\t\t<\/div>\n\t\t\t\t<\/div>\n\t\t\t\t<div class=\"elementor-element elementor-element-a0e05f7 elementor-widget elementor-widget-text-editor\" data-id=\"a0e05f7\" data-element_type=\"widget\" data-e-type=\"widget\" data-widget_type=\"text-editor.default\">\n\t\t\t\t<div class=\"elementor-widget-container\">\n\t\t\t\t\t\t\t\t\t<h4 class=\"p1\"><span style=\"color: #0000ff;\">Dans cette \u00e9tude, le rapport l\u00e8vre sup\u00e9rieure\/l\u00e8vre inf\u00e9rieure de 1:2 est consid\u00e9r\u00e9 comme le plus attrayant et r\u00e9pondant aux dimensions id\u00e9ales [9].<\/span><\/h4>\n<h4 class=\"p1\"><span style=\"color: #0000ff;\">Toutes ces donn\u00e9es restent scientifiques et statistiques, car en pratique, on observe que bon nombre de patientes, surtout parmi les jeunes g\u00e9n\u00e9rations, sont plus attir\u00e9es par le ratio1:1<b>(figures C et G)<\/b>.<\/span><\/h4>\t\t\t\t\t\t\t\t<\/div>\n\t\t\t\t<\/div>\n\t\t\t\t<div class=\"elementor-element elementor-element-4b9a049 elementor-widget elementor-widget-image\" data-id=\"4b9a049\" data-element_type=\"widget\" data-e-type=\"widget\" data-widget_type=\"image.default\">\n\t\t\t\t<div class=\"elementor-widget-container\">\n\t\t\t\t\t\t\t\t\t\t\t\t\t\t\t<img loading=\"lazy\" decoding=\"async\" width=\"800\" height=\"401\" src=\"https:\/\/looketmedecine.fr\/wp-content\/uploads\/2024\/07\/Capture-decran-2024-07-23-a-17.07.05-1024x513.png\" class=\"attachment-large size-large wp-image-22944\" alt=\"\" srcset=\"https:\/\/looketmedecine.fr\/wp-content\/uploads\/2024\/07\/Capture-decran-2024-07-23-a-17.07.05-1024x513.png 1024w, https:\/\/looketmedecine.fr\/wp-content\/uploads\/2024\/07\/Capture-decran-2024-07-23-a-17.07.05-300x150.png 300w, https:\/\/looketmedecine.fr\/wp-content\/uploads\/2024\/07\/Capture-decran-2024-07-23-a-17.07.05-768x385.png 768w, https:\/\/looketmedecine.fr\/wp-content\/uploads\/2024\/07\/Capture-decran-2024-07-23-a-17.07.05-1536x770.png 1536w, https:\/\/looketmedecine.fr\/wp-content\/uploads\/2024\/07\/Capture-decran-2024-07-23-a-17.07.05-2048x1027.png 2048w, https:\/\/looketmedecine.fr\/wp-content\/uploads\/2024\/07\/Capture-decran-2024-07-23-a-17.07.05-18x9.png 18w\" sizes=\"(max-width: 800px) 100vw, 800px\" \/>\t\t\t\t\t\t\t\t\t\t\t\t\t\t\t<\/div>\n\t\t\t\t<\/div>\n\t\t\t\t<div class=\"elementor-element elementor-element-3b182e5 elementor-widget elementor-widget-text-editor\" data-id=\"3b182e5\" data-element_type=\"widget\" data-e-type=\"widget\" data-widget_type=\"text-editor.default\">\n\t\t\t\t<div class=\"elementor-widget-container\">\n\t\t\t\t\t\t\t\t\t<h1 style=\"text-align: center;\"><strong><span style=\"color: #0000ff;\">CAS CLINIQUES<\/span><\/strong><\/h1>\n<h4 class=\"p2\"><span style=\"color: #0000ff;\">Nous avons d\u00e9taill\u00e9 les rep\u00e8res anatomiques et artistiques optimaux concernant la position et les dimensions de la bouche par rapport aux autres \u00e9l\u00e9ments du visage, ainsi que les \u00e9l\u00e9ments constitutifs de la bouche comme le philtrum, l\u2019arc de cupidon, l\u00e8vre blanche , vermillon et commissures. En s\u2019aidant de tous ces rep\u00e8res, nous allons d\u00e9tailler au travers de diff\u00e9rents cas cliniques comment magnifier ou rajeunir une bouche au moyen d\u2019injections d\u2019acide hyaluronique.<\/span><\/h4>\n<h4 class=\"p2\"><span style=\"color: #0000ff;\">Selon les g\u00e9n\u00e9rations, les demandes des patients et les techniques d\u2019injection ne seront pas les m\u00eames.<\/span><\/h4>\n<h4><strong><span style=\"color: #0000ff;\">Pour les baby boomers (n\u00e9s entre 1945 et 1960) et les g\u00e9n\u00e9rations X (n\u00e9s entre 1960 et 1980), il va s\u2019agir de r\u00e9parer les m\u00e9faits du temps.\u00a0<\/span><\/strong><\/h4>\n<h4>L<span style=\"color: #0000ff;\">e vieillissement des l\u00e8vres se traduit par :<\/span><\/h4>\n<ul>\n<li class=\"p2\">\n<h4><span style=\"color: #0000ff;\">une perte de volume au niveau du vermillon ;<\/span><\/h4>\n<\/li>\n<li class=\"p2\">\n<h4><span style=\"color: #0000ff;\">une jonction cutan\u00e9o-muqueuse ou bordure du vermillon qui devient moins d\u00e9finie ;<\/span><\/h4>\n<\/li>\n<li class=\"p2\">\n<h4><span style=\"color: #0000ff;\">un allongement de la l\u00e8vre blanche avec un aplatissement du philtrum et de l\u2019arc de Cupidon ; l\u2019apparition de rides peribuccales.<\/span><\/h4>\n<\/li>\n<li class=\"p2\">\n<h4><span style=\"color: #0000ff;\">une perte de tonus des muscles autour de la bouche conduisant \u00e0 un affaissement et \u00e0 l\u2019apparition de commissures tombantes.<\/span><\/h4>\n<\/li>\n<\/ul>\n<h4 class=\"p1\"><span style=\"color: #0000ff;\">Les causes de ce vieillissement sont dues \u00e0:<\/span><\/h4>\n<ul>\n<li class=\"p1\">\n<h4><span style=\"color: #0000ff;\">\u00a0l\u2019amincissement de l\u2019\u00e9piderme en raison d\u2019une perte de collag\u00e8ne et d\u2019\u00e9lastine, ainsi qu\u2019\u00e0 une atrophie du muscle orbicularis oris.\u00a0<\/span><\/h4>\n<\/li>\n<li class=\"p1\">\n<h4><span style=\"color: #0000ff;\">De plus, la r\u00e9sorption osseuse contribue \u00e0 une diminution de la hauteur et de la largeur de l\u2019os mandibulaire et de l\u2019os maxillaire.\u00a0<\/span><\/h4>\n<\/li>\n<li class=\"p1\">\n<h4><span style=\"color: #0000ff;\">L\u2019usure et la perte de dents peut \u00e9galement modifier la position et le soutien des l\u00e8vres contribuant \u00e0 donner un aspect plus \u00e2g\u00e9.<\/span><\/h4>\n<\/li>\n<\/ul>\n<h4 class=\"p1\"><span style=\"color: #0000ff;\"><strong>Dans les 2 cas pr\u00e9sent\u00e9s, le vermillon a \u00e9t\u00e9 trait\u00e9 de fa\u00e7on \u00e0 le r\u00e9hydrater sans donner trop de volume afin de respecter un ratio classique en coh\u00e9rence avec l\u2019\u00e2ge<\/strong>.<\/span><\/h4>\n<ul>\n<li class=\"p1\">\n<h4><span style=\"color: #0000ff;\">L\u2019ourlet a \u00e9t\u00e9 red\u00e9fini sur la partie m\u00e9diane de la l\u00e8vre sup\u00e9rieure afin d\u2019\u00e9viter le ph\u00e9nom\u00e8ne \u00ab du rouge \u00e0 l\u00e8vre qui file \u00bb.<\/span><\/h4>\n<\/li>\n<li class=\"p1\">\n<h4><span style=\"color: #0000ff;\">La l\u00e8vre blanche et les ridules p\u00e9ri-buccales ont \u00e9t\u00e9 trait\u00e9es avec un acide hyaluronique fluide avec la technique du \u00ab blanching \u00bb.<\/span><\/h4>\n<\/li>\n<li class=\"p1\">\n<h4><span style=\"color: #0000ff;\">Les commissures labiales ont \u00e9t\u00e9 trait\u00e9es avec un acide hyaluronique assez volumateur avec la technique du \u00ab fanning \u00bb pour cr\u00e9er un triangle sous commissural de support.<\/span><\/h4>\n<\/li>\n<\/ul>\t\t\t\t\t\t\t\t<\/div>\n\t\t\t\t<\/div>\n\t\t\t\t<div class=\"elementor-element elementor-element-06986fd elementor-widget elementor-widget-image\" data-id=\"06986fd\" data-element_type=\"widget\" data-e-type=\"widget\" data-widget_type=\"image.default\">\n\t\t\t\t<div class=\"elementor-widget-container\">\n\t\t\t\t\t\t\t\t\t\t\t\t\t\t\t<img loading=\"lazy\" decoding=\"async\" width=\"2166\" height=\"1030\" src=\"https:\/\/looketmedecine.fr\/wp-content\/uploads\/2024\/07\/Capture-decran-2024-07-23-a-17.09.32.png\" class=\"attachment-full size-full wp-image-22946\" alt=\"\" srcset=\"https:\/\/looketmedecine.fr\/wp-content\/uploads\/2024\/07\/Capture-decran-2024-07-23-a-17.09.32.png 2166w, https:\/\/looketmedecine.fr\/wp-content\/uploads\/2024\/07\/Capture-decran-2024-07-23-a-17.09.32-300x143.png 300w, https:\/\/looketmedecine.fr\/wp-content\/uploads\/2024\/07\/Capture-decran-2024-07-23-a-17.09.32-1024x487.png 1024w, https:\/\/looketmedecine.fr\/wp-content\/uploads\/2024\/07\/Capture-decran-2024-07-23-a-17.09.32-768x365.png 768w, https:\/\/looketmedecine.fr\/wp-content\/uploads\/2024\/07\/Capture-decran-2024-07-23-a-17.09.32-1536x730.png 1536w, https:\/\/looketmedecine.fr\/wp-content\/uploads\/2024\/07\/Capture-decran-2024-07-23-a-17.09.32-2048x974.png 2048w, https:\/\/looketmedecine.fr\/wp-content\/uploads\/2024\/07\/Capture-decran-2024-07-23-a-17.09.32-18x9.png 18w\" sizes=\"(max-width: 2166px) 100vw, 2166px\" \/>\t\t\t\t\t\t\t\t\t\t\t\t\t\t\t<\/div>\n\t\t\t\t<\/div>\n\t\t\t\t<div class=\"elementor-element elementor-element-a6b1563 elementor-widget elementor-widget-text-editor\" data-id=\"a6b1563\" data-element_type=\"widget\" data-e-type=\"widget\" data-widget_type=\"text-editor.default\">\n\t\t\t\t<div class=\"elementor-widget-container\">\n\t\t\t\t\t\t\t\t\t<h4 class=\"p1\"><span style=\"color: #0000ff;\"><strong>Pour cette patiente de la g\u00e9n\u00e9ration X , l\u2019objectif \u00e9tait de rajeunir sa bouche<\/strong>.<\/span><\/h4>\n<h4 class=\"p1\"><span style=\"color: #0000ff;\">Pour cela, un acide hyaluronique moyennement r\u00e9ticul\u00e9 a \u00e9t\u00e9 utilis\u00e9 pour r\u00e9hydrater le vermillon.\u00a0<\/span><\/h4>\n<h4 class=\"p1\"><span style=\"color: #0000ff;\">L\u2019arc de Cupidon a \u00e9t\u00e9 red\u00e9fini pour redonner du relief et de la jeunesse \u00e0 la bouche sans trop augmenter le volume des l\u00e8vres.<\/span><\/h4>\n<h4 class=\"p1\"><span style=\"color: #0000ff;\">On constate que la forme de la bouche qui \u00e9tait concave vers le bas, a retrouv\u00e9 une concavit\u00e9 vers le haut, donnant un effet rajeunissant et plus joyeux.<\/span><\/h4>\t\t\t\t\t\t\t\t<\/div>\n\t\t\t\t<\/div>\n\t\t\t\t<div class=\"elementor-element elementor-element-4674e69 elementor-widget elementor-widget-image\" data-id=\"4674e69\" data-element_type=\"widget\" data-e-type=\"widget\" data-widget_type=\"image.default\">\n\t\t\t\t<div class=\"elementor-widget-container\">\n\t\t\t\t\t\t\t\t\t\t\t\t\t\t\t<img loading=\"lazy\" decoding=\"async\" width=\"960\" height=\"956\" src=\"https:\/\/looketmedecine.fr\/wp-content\/uploads\/2024\/07\/Capture-decran-2024-07-23-a-17.14.27.png\" class=\"attachment-full size-full wp-image-22950\" alt=\"\" srcset=\"https:\/\/looketmedecine.fr\/wp-content\/uploads\/2024\/07\/Capture-decran-2024-07-23-a-17.14.27.png 960w, https:\/\/looketmedecine.fr\/wp-content\/uploads\/2024\/07\/Capture-decran-2024-07-23-a-17.14.27-300x300.png 300w, https:\/\/looketmedecine.fr\/wp-content\/uploads\/2024\/07\/Capture-decran-2024-07-23-a-17.14.27-150x150.png 150w, https:\/\/looketmedecine.fr\/wp-content\/uploads\/2024\/07\/Capture-decran-2024-07-23-a-17.14.27-768x765.png 768w, https:\/\/looketmedecine.fr\/wp-content\/uploads\/2024\/07\/Capture-decran-2024-07-23-a-17.14.27-12x12.png 12w\" sizes=\"(max-width: 960px) 100vw, 960px\" \/>\t\t\t\t\t\t\t\t\t\t\t\t\t\t\t<\/div>\n\t\t\t\t<\/div>\n\t\t\t\t<div class=\"elementor-element elementor-element-80da642 elementor-widget elementor-widget-text-editor\" data-id=\"80da642\" data-element_type=\"widget\" data-e-type=\"widget\" data-widget_type=\"text-editor.default\">\n\t\t\t\t<div class=\"elementor-widget-container\">\n\t\t\t\t\t\t\t\t\t<h4 class=\"p1\"><span style=\"color: #0000ff;\">Cette patiente, ancienne fumeuse, pr\u00e9sentait des rides au niveau de la l\u00e8vre blanche, qui ont \u00e9t\u00e9 trait\u00e9es avec un acide hyaluronique fluide par la technique du \u00ab blanching \u00bb.<\/span><\/h4>\t\t\t\t\t\t\t\t<\/div>\n\t\t\t\t<\/div>\n\t\t\t\t<div class=\"elementor-element elementor-element-77038a8 elementor-widget elementor-widget-image\" data-id=\"77038a8\" data-element_type=\"widget\" data-e-type=\"widget\" data-widget_type=\"image.default\">\n\t\t\t\t<div class=\"elementor-widget-container\">\n\t\t\t\t\t\t\t\t\t\t\t\t\t\t\t<img loading=\"lazy\" decoding=\"async\" width=\"800\" height=\"797\" src=\"https:\/\/looketmedecine.fr\/wp-content\/uploads\/2024\/07\/Capture-decran-2024-07-23-a-17.17.10.png\" class=\"attachment-large size-large wp-image-22954\" alt=\"\" srcset=\"https:\/\/looketmedecine.fr\/wp-content\/uploads\/2024\/07\/Capture-decran-2024-07-23-a-17.17.10.png 1014w, https:\/\/looketmedecine.fr\/wp-content\/uploads\/2024\/07\/Capture-decran-2024-07-23-a-17.17.10-300x300.png 300w, https:\/\/looketmedecine.fr\/wp-content\/uploads\/2024\/07\/Capture-decran-2024-07-23-a-17.17.10-150x150.png 150w, https:\/\/looketmedecine.fr\/wp-content\/uploads\/2024\/07\/Capture-decran-2024-07-23-a-17.17.10-768x765.png 768w, https:\/\/looketmedecine.fr\/wp-content\/uploads\/2024\/07\/Capture-decran-2024-07-23-a-17.17.10-12x12.png 12w\" sizes=\"(max-width: 800px) 100vw, 800px\" \/>\t\t\t\t\t\t\t\t\t\t\t\t\t\t\t<\/div>\n\t\t\t\t<\/div>\n\t\t\t\t<div class=\"elementor-element elementor-element-9d51fc1 elementor-widget elementor-widget-text-editor\" data-id=\"9d51fc1\" data-element_type=\"widget\" data-e-type=\"widget\" data-widget_type=\"text-editor.default\">\n\t\t\t\t<div class=\"elementor-widget-container\">\n\t\t\t\t\t\t\t\t\t<h3 class=\"p1\"><span style=\"color: #0000ff;\"><strong>La g\u00e9n\u00e9ration suivante, <span style=\"text-decoration: underline;\">la g\u00e9n\u00e9ration Y<\/span> encore appel\u00e9e <span style=\"text-decoration: underline;\">\u00ab Millenials \u00bb n\u00e9e entre 1980 et 1995<\/span> a jou\u00e9 un r\u00f4le significatif dans la popularisation des injections dans les l\u00e8vres.<\/strong><\/span><\/h3>\t\t\t\t\t\t\t\t<\/div>\n\t\t\t\t<\/div>\n\t\t\t\t<div class=\"elementor-element elementor-element-b36a843 elementor-widget elementor-widget-text-editor\" data-id=\"b36a843\" data-element_type=\"widget\" data-e-type=\"widget\" data-widget_type=\"text-editor.default\">\n\t\t\t\t<div class=\"elementor-widget-container\">\n\t\t\t\t\t\t\t\t\t<h4 class=\"p1\"><span style=\"color: #0000ff;\">Cette g\u00e9n\u00e9ration, souvent tr\u00e8s connect\u00e9e et influenc\u00e9e par les m\u00e9dias sociaux comme TikTok ou Instagramo s\u2019affichent des c\u00e9l\u00e9brit\u00e9s et influenceurs t\u00e9moignant de leurs propres proc\u00e9dures, est beaucoup plus ouverte aux modifications esth\u00e9tiques par rapport aux g\u00e9n\u00e9rations pr\u00e9c\u00e9dentes.<\/span><\/h4>\n<h4 class=\"p1\"><span style=\"color: #0000ff;\">Cette g\u00e9n\u00e9ration d\u00e9complex\u00e9e, portant une grande importance \u00e0 son apparence physique et celle des l\u00e8vres en particulier, avait pour objectif d\u2019obtenir des volumes de l\u00e8vres voyants et durables \u00e0 l\u2019instar de quelques influenceuses c\u00e9l\u00e8bres.<\/span><\/h4>\n<h4 class=\"p1\"><span style=\"color: #0000ff;\">Cela a conduit certains praticiens \u00e0 injecter de gros volumes de fillers moyennement r\u00e9ticul\u00e9s ou d\u2019utiliser des volumateurs non adapt\u00e9s pour cette zone d\u00e9licate.<\/span><\/h4>\n<h4 class=\"p1\"><span style=\"color: #0000ff;\">On a alors vu \u00e9merger un grand nombre de jeunes filles avec des volumes de l\u00e8vres outranciers et disproportionn\u00e9s avec des bouches d\u00e9finies comme \u00ab bouche de m\u00e9rou \u00bb, \u00ab becs de canard \u00bb ou autres \u00ab sausage lips \u00bb.<\/span><\/h4>\n<h4 class=\"p1\"><span style=\"color: #0000ff;\">Ces r\u00e9sultats d\u00e9cri\u00e9s et souvent moqu\u00e9s, malheureusement pas toujours r\u00e9alis\u00e9s par des m\u00e9decins, ont contribu\u00e9 \u00e0 donner une mauvaise image de la m\u00e9decine esth\u00e9tique.<\/span><\/h4>\n<h3 class=\"p1\"><strong><span style=\"color: #0000ff;\">Pour \u00e9viter ces r\u00e9sultats disgracieux est apparue dans les ann\u00e9es 2019\/2020 la technique \u00ab Russian Lips \u00bb.<\/span><\/strong><\/h3>\n<h4 class=\"p1\"><span style=\"color: #0000ff;\">Cette technique est particuli\u00e8rement pris\u00e9e par<span style=\"text-decoration: underline;\"> <strong>la g\u00e9n\u00e9ration Z<\/strong> n\u00e9e entre 1995 et 2012<\/span>, driv\u00e9e par les selfies, la course aux like et l\u2019optimisation de soi.<\/span><\/h4>\n<h4 class=\"p1\"><span style=\"color: #0000ff;\">Cette g\u00e9n\u00e9ration ayant une forte propension au narcissisme et \u00e0 l\u2019\u00e9go\u00efsme d\u00e9barque en force dans les cabinets de m\u00e9decine esth\u00e9tique pour des proc\u00e9dures esth\u00e9tiques pr\u00e9ventives et d\u2019embellissement.<\/span><\/h4>\n<h3 class=\"p1\"><strong><span style=\"color: #0000ff;\">Mais paradoxalement, on assiste \u00e0 un regain d\u2019int\u00e9r\u00eat pour le naturel et l\u2019authenticit\u00e9, ph\u00e9nom\u00e8ne qui fait \u00e9cho aux nombreuses influenceuses ou starlettes de la t\u00e9l\u00e9-r\u00e9alit\u00e9 qui font retirer leurs injections d\u2019acide hyaluronique.<\/span><\/strong><\/h3>\t\t\t\t\t\t\t\t<\/div>\n\t\t\t\t<\/div>\n\t\t\t\t<div class=\"elementor-element elementor-element-36ea8e2 elementor-widget elementor-widget-image\" data-id=\"36ea8e2\" data-element_type=\"widget\" data-e-type=\"widget\" data-widget_type=\"image.default\">\n\t\t\t\t<div class=\"elementor-widget-container\">\n\t\t\t\t\t\t\t\t\t\t\t\t\t\t\t<img loading=\"lazy\" decoding=\"async\" width=\"2442\" height=\"1852\" src=\"https:\/\/looketmedecine.fr\/wp-content\/uploads\/2024\/07\/Capture-decran-2024-07-23-a-17.20.23.png\" class=\"attachment-full size-full wp-image-22955\" alt=\"\" srcset=\"https:\/\/looketmedecine.fr\/wp-content\/uploads\/2024\/07\/Capture-decran-2024-07-23-a-17.20.23.png 2442w, https:\/\/looketmedecine.fr\/wp-content\/uploads\/2024\/07\/Capture-decran-2024-07-23-a-17.20.23-300x228.png 300w, https:\/\/looketmedecine.fr\/wp-content\/uploads\/2024\/07\/Capture-decran-2024-07-23-a-17.20.23-1024x777.png 1024w, https:\/\/looketmedecine.fr\/wp-content\/uploads\/2024\/07\/Capture-decran-2024-07-23-a-17.20.23-768x582.png 768w, https:\/\/looketmedecine.fr\/wp-content\/uploads\/2024\/07\/Capture-decran-2024-07-23-a-17.20.23-1536x1165.png 1536w, https:\/\/looketmedecine.fr\/wp-content\/uploads\/2024\/07\/Capture-decran-2024-07-23-a-17.20.23-2048x1553.png 2048w, https:\/\/looketmedecine.fr\/wp-content\/uploads\/2024\/07\/Capture-decran-2024-07-23-a-17.20.23-16x12.png 16w\" sizes=\"(max-width: 2442px) 100vw, 2442px\" \/>\t\t\t\t\t\t\t\t\t\t\t\t\t\t\t<\/div>\n\t\t\t\t<\/div>\n\t\t\t\t<div class=\"elementor-element elementor-element-0a02da8 elementor-widget elementor-widget-text-editor\" data-id=\"0a02da8\" data-element_type=\"widget\" data-e-type=\"widget\" data-widget_type=\"text-editor.default\">\n\t\t\t\t<div class=\"elementor-widget-container\">\n\t\t\t\t\t\t\t\t\t<h3 class=\"p1\"><strong><span style=\"color: #0000ff;\">La technique du \u00ab Russian Lips \u00bb a r\u00e9volutionn\u00e9 l\u2019approche de l\u2019augmentation des l\u00e8vres en offrant une m\u00e9thode d\u2019injection pr\u00e9cise et d\u00e9licate pour obtenir des l\u00e8vres naturellement pulpeuses et bien d\u00e9finies.<\/span><\/strong><\/h3>\n<h4 class=\"p1\"><span style=\"color: #0000ff;\">Cette technique se caract\u00e9rise par une accentuation particuli\u00e8re de l\u2019arc de Cupidon et du philtrum, donnant aux l\u00e8vres un contour plus net et un volume uniforme, avec une projection verticale marqu\u00e9e sans trop d\u2019\u00e9tirement horizontal. <\/span><\/h4>\n<h4 class=\"p1\"><span style=\"color: #0000ff;\">L\u2019injection des cr\u00eates philtrales doit \u00eatre plus profonde, faite de fa\u00e7on r\u00e9trograde de la columelle (sans injecter \u00e0 ce niveau-l\u00e0) jusqu\u2019\u00e0 l\u2019ourlet. Il ne faut pas injecter sous les cr\u00eates mais \u00e0 l\u2019int\u00e9rieur de celles ci sous peine d\u2019obtenir un \u00e9cart trop important.<\/span><\/h4>\n<h4 class=\"p1\"><span style=\"color: #0000ff;\">Mais attention, les cr\u00eates philtrales ne conviennent pas \u00e0 toutes les bouches. En effet, plus la l\u00e8vre est fine, moins il y a de philtrum. Tenter de reconstituer un philtrum qui n\u2019a jamais exist\u00e9 rendrait le r\u00e9sultat peu naturel et donc inesth\u00e9tique.<\/span><\/h4>\n<h3 class=\"p1\"><strong><span style=\"color: #0000ff;\">L\u2019objectif de cette technique est de cr\u00e9er des formes voluptueuses avec une apparence moins gonfl\u00e9e lat\u00e9ralement et plus relev\u00e9e au centre. <\/span><span style=\"color: #0000ff;\">La technique consiste en des injections d\u2019acide hyaluronique moyennement r\u00e9ticul\u00e9 avec une aiguille 30G au niveau sous muqueux.<\/span><\/strong><\/h3>\n<h4 class=\"p1\"><span style=\"color: #0000ff;\">Il s\u2019agit d\u2019injecter le produit de fa\u00e7on r\u00e9trotra\u00e7ante en partant de l\u2019ourlet vers la ligne de Klein (jonction l\u00e8vre rouge s\u00e8che et l\u00e8vre rouge humide), \u00e0 raison de 4 \u00e0 6 lignes verticales au centre \u00e0 obliques en lat\u00e9ral par h\u00e9mil\u00e8vre.<\/span><\/h4>\n<h4 class=\"p1\"><span style=\"color: #0000ff;\">Les injections doivent \u00eatre ajust\u00e9es pour s\u2019adapter aux caract\u00e9ristiques uniques de chaque patient permettant un niveau de personnalisation \u00e9lev\u00e9.<\/span><\/h4>\n<h4 class=\"p1\"><span style=\"color: #0000ff;\">Outre son r\u00e9sultat naturel et esth\u00e9tique, cette technique a l\u2019avantage de diminuer les risques vasculaires du fait d\u2019injections qui restent superficielles. <\/span><\/h4>\n<h4 class=\"p1\"><span style=\"color: #0000ff;\">En effet, les art\u00e8res labiales coronaires sup\u00e9rieures et inf\u00e9rieures, branches de l\u2019art\u00e8re faciale, sont dans 60 \u00e0 80 % des cas situ\u00e9es dans les couches profondes des l\u00e8vres au niveau du versant endobuccal, sus-musculaire.<\/span><\/h4>\n<h4 class=\"p1\"><span style=\"color: #0000ff;\">Mais la prudence en m\u00e9decine est toujours de mise car on observe des variantes anatomiques des structures art\u00e9rielles qui peuvent se situer en intramusculaire dans 18 \u00e0 38 % des cas et en sous-cutan\u00e9 dans 2 \u00e0 5 % des cas.<\/span><\/h4>\t\t\t\t\t\t\t\t<\/div>\n\t\t\t\t<\/div>\n\t\t\t\t<div class=\"elementor-element elementor-element-16d0f9d elementor-widget elementor-widget-image\" data-id=\"16d0f9d\" data-element_type=\"widget\" data-e-type=\"widget\" data-widget_type=\"image.default\">\n\t\t\t\t<div class=\"elementor-widget-container\">\n\t\t\t\t\t\t\t\t\t\t\t\t\t\t\t<img loading=\"lazy\" decoding=\"async\" width=\"2442\" height=\"1348\" src=\"https:\/\/looketmedecine.fr\/wp-content\/uploads\/2024\/07\/Capture-decran-2024-07-23-a-17.25.54.png\" class=\"attachment-full size-full wp-image-22962\" alt=\"\" srcset=\"https:\/\/looketmedecine.fr\/wp-content\/uploads\/2024\/07\/Capture-decran-2024-07-23-a-17.25.54.png 2442w, https:\/\/looketmedecine.fr\/wp-content\/uploads\/2024\/07\/Capture-decran-2024-07-23-a-17.25.54-300x166.png 300w, https:\/\/looketmedecine.fr\/wp-content\/uploads\/2024\/07\/Capture-decran-2024-07-23-a-17.25.54-1024x565.png 1024w, https:\/\/looketmedecine.fr\/wp-content\/uploads\/2024\/07\/Capture-decran-2024-07-23-a-17.25.54-768x424.png 768w, https:\/\/looketmedecine.fr\/wp-content\/uploads\/2024\/07\/Capture-decran-2024-07-23-a-17.25.54-1536x848.png 1536w, https:\/\/looketmedecine.fr\/wp-content\/uploads\/2024\/07\/Capture-decran-2024-07-23-a-17.25.54-2048x1131.png 2048w, https:\/\/looketmedecine.fr\/wp-content\/uploads\/2024\/07\/Capture-decran-2024-07-23-a-17.25.54-18x10.png 18w\" sizes=\"(max-width: 2442px) 100vw, 2442px\" \/>\t\t\t\t\t\t\t\t\t\t\t\t\t\t\t<\/div>\n\t\t\t\t<\/div>\n\t\t\t\t<div class=\"elementor-element elementor-element-eb18550 elementor-widget elementor-widget-text-editor\" data-id=\"eb18550\" data-element_type=\"widget\" data-e-type=\"widget\" data-widget_type=\"text-editor.default\">\n\t\t\t\t<div class=\"elementor-widget-container\">\n\t\t\t\t\t\t\t\t\t<h1 class=\"p1\"><strong><span style=\"color: #0000ff;\">CONCLUSION<\/span><\/strong><\/h1>\n<h4 class=\"p2\"><span style=\"color: #0000ff;\">Le m\u00e9decin esth\u00e9tique gr\u00e2ce \u00e0 ses connaissances scientifiques et anatomiques travaille sur l\u2019embellissement et le rajeunissement de l\u2019apparence physique et des l\u00e8vres en particulier. Mais cette approche n\u00e9cessite qu\u2019il entra\u00eene son oeil au sens du beau pour d\u00e9velopper ses comp\u00e9tences artistiques.<\/span><\/h4>\n<h4 class=\"p2\"><span style=\"color: #0000ff;\">Pour am\u00e9liorer la perception de la m\u00e9decine esth\u00e9tique, il est essentiel que les praticiens adoptent des pratiques \u00e9thiques, qu\u2019ils privil\u00e9gient les r\u00e9sultats naturels et qu\u2019ils \u00e9duquent les patients sur des attentes r\u00e9alistes.<\/span><\/h4>\n<h4 class=\"p2\"><span style=\"color: #0000ff;\">Une approche centr\u00e9e sur l\u2019int\u00e9r\u00eat du patient en lui apportant des conseils objectifs et une gestion appropri\u00e9e de ses attentes sont des \u00e9l\u00e9ments cruciaux pour maintenir la r\u00e9putation de notre profession.<\/span><\/h4>\n<h4 class=\"p2\"><span style=\"color: #0000ff;\">Les soins m\u00e9dicaux esth\u00e9tiques apport\u00e9s doivent rendre plus beau, plus jeune, plus repos\u00e9s tout en demeurant ind\u00e9tectables.<\/span><\/h4>\n<h2 class=\"p3\"><strong><span style=\"color: #0000ff;\">Nous devons sublimer sans transformer! <\/span><\/strong><\/h2>\t\t\t\t\t\t\t\t<\/div>\n\t\t\t\t<\/div>\n\t\t\t\t<div class=\"elementor-element elementor-element-349b633 elementor-widget elementor-widget-text-editor\" data-id=\"349b633\" data-element_type=\"widget\" data-e-type=\"widget\" data-widget_type=\"text-editor.default\">\n\t\t\t\t<div class=\"elementor-widget-container\">\n\t\t\t\t\t\t\t\t\t<h4 class=\"p1\"><span style=\"color: #800080;\">BIBLIOGRAPHIE<\/span><\/h4>\n<ol class=\"ol1\">\n<li class=\"li2\">\n<h4><span style=\"color: #800080;\">Beattie G. et al. Effect of Lip Color on men\u2019s Attention to the Mouth : The Role of Cosmetic\u2019s in the Perception of Facial Attractiveness. The QuarterlyJournal of Experimental Psychology, 2010.<\/span><\/h4>\n<\/li>\n<li class=\"li2\">\n<h4><span style=\"color: #800080;\">Koidis P. et al. Lip Dimensions and Personality Perception. Journal of Facial Studies 2018.<\/span><\/h4>\n<\/li>\n<li class=\"li2\">\n<h4><span style=\"color: #800080;\">Little A.C. et al (2011) The Role of the Philtrum in Perceptions of facial Attractiveness. Evolution and Human Behaviour.<\/span><\/h4>\n<\/li>\n<li class=\"li2\">\n<h4><span style=\"color: #800080;\">International Survey on aesthetic \/cosmetic procedures performed in 2023.<\/span><\/h4>\n<\/li>\n<li class=\"li2\">\n<h4><span style=\"color: #800080;\">2022 ASPS Procedural Statistics Release.<\/span><\/h4>\n<\/li>\n<li class=\"li2\">\n<h4><span style=\"color: #800080;\">Khonsari R.H.,Catala M. D\u00e9veloppement de la Face. EMC-Oto-rhino-laryngologie 2018 ;13 (2) :1-10 (20-264-A-10).<\/span><\/h4>\n<\/li>\n<li class=\"li2\">\n<h4><span style=\"color: #800080;\">Vania Hiratsuka Dalmedo Lips and the perioral area: anatomical considerations for safer and natural results. The PMFA Journal, 2 August 2023.<\/span><\/h4>\n<\/li>\n<li class=\"li2\">\n<h4><span style=\"color: #800080;\">Kempa J., Alfertshofer M., Swift A., Green J.B., Antoszewski B., Timler W., et al. The perception of lip aesthetics in the context of facial proportions\u2014An eye-tracking-based analysis. Eur. J. Acad. Dermatol. Venereol. 2023 ; 00 : 1\u201312. <span class=\"s1\">https:\/\/ doi. org\/10.1111\/jdv.19727 <\/span><\/span><\/h4>\n<\/li>\n<li class=\"li3\">\n<h4><span style=\"color: #800080;\">Popenko N.A., Tripathi P.B., Devcic Z., Karimi K., Osann K., Wong B.J.F. A Quantitative Approach to Determining the Ideal Female Lip Aesthetic and Its Effect on Facial Attractiveness. JAMA Facial Plast Surg 2017 Jul 1 ; 19(4) : 261-7. <span class=\"s1\">doi: 10.1001\/jamafacial.2016.2049<\/span>.<\/span><\/h4>\n<\/li>\n<\/ol>\t\t\t\t\t\t\t\t<\/div>\n\t\t\t\t<\/div>\n\t\t\t\t<div class=\"elementor-element elementor-element-fb73075 elementor-widget elementor-widget-image\" data-id=\"fb73075\" data-element_type=\"widget\" data-e-type=\"widget\" data-widget_type=\"image.default\">\n\t\t\t\t<div class=\"elementor-widget-container\">\n\t\t\t\t\t\t\t\t\t\t\t\t\t\t\t<img loading=\"lazy\" decoding=\"async\" width=\"380\" height=\"352\" src=\"https:\/\/looketmedecine.fr\/wp-content\/uploads\/2024\/07\/Capture-decran-2024-07-23-a-17.34.27.png\" class=\"attachment-large size-large wp-image-22975\" alt=\"\" srcset=\"https:\/\/looketmedecine.fr\/wp-content\/uploads\/2024\/07\/Capture-decran-2024-07-23-a-17.34.27.png 380w, https:\/\/looketmedecine.fr\/wp-content\/uploads\/2024\/07\/Capture-decran-2024-07-23-a-17.34.27-300x278.png 300w, https:\/\/looketmedecine.fr\/wp-content\/uploads\/2024\/07\/Capture-decran-2024-07-23-a-17.34.27-13x12.png 13w\" sizes=\"(max-width: 380px) 100vw, 380px\" \/>\t\t\t\t\t\t\t\t\t\t\t\t\t\t\t<\/div>\n\t\t\t\t<\/div>\n\t\t\t\t\t<\/div>\n\t\t\t\t<\/div>\n\t\t\t\t<\/div>\n\t\t","protected":false},"excerpt":{"rendered":"<p>LES APPLICATIONS CLINIQUES PHARES DE L\u2019AH. La sant\u00e9 esth\u00e9tique du visage et l&rsquo;AH L\u2019EMBELLISSEMENT DES L\u00c8VRES : UNE APPROCHE NATURELLE ET SUBTILE.&nbsp; C\u00e9line DOLLANG\u00c8RE, MD. M\u00e9decin Esth\u00e9tique, Roissy en France \u00abNous devons sublimer sans transformer !\u00bb R\u00e9sum\u00e9 De l\u2019antiquit\u00e9 \u00e0 nos jours, les l\u00e8vres ont toujours \u00e9t\u00e9 un symbole de sensualit\u00e9 et d\u2019attractivit\u00e9 et les [&hellip;]<\/p>\n","protected":false},"author":2,"featured_media":21837,"comment_status":"closed","ping_status":"closed","sticky":false,"template":"","format":"standard","meta":{"_acf_changed":false,"footnotes":""},"categories":[160,152],"tags":[360,357,358],"auteur":[374],"mots-cles":[376,375],"class_list":["post-22840","post","type-post","status-publish","format-standard","has-post-thumbnail","hentry","category-p-as","category-un-autre-regards","tag-lm2-2024-premiers-pas","tag-lm2-2024-replay","tag-lm2-2024-un-autre-regard","auteur-celine-dollangere","mots-cles-embellissement-des-levres","mots-cles-esthetique-du-visage"],"acf":[],"yoast_head":"<!-- This site is optimized with the Yoast SEO plugin v27.5 - https:\/\/yoast.com\/product\/yoast-seo-wordpress\/ -->\n<title>LM N\u00b02\/ 2024. LES APPLICATIONS CLINIQUES PHARES DE L\u2019AH. La sant\u00e9 esth\u00e9tique du visage et l&#039;AH. L\u2019EMBELLISSEMENT DES L\u00c8VRES : UNE APPROCHE NATURELLE ET SUBTILE.\u00a0C\u00e9line DOLLANG\u00c8RE, MD.\u00a0 - Revue fran\u00e7aise N\u00b01 pour la recherche en sant\u00e9 esth\u00e9tique<\/title>\n<meta name=\"description\" content=\"R\u00e9sum\u00e9De l\u2019antiquit\u00e9 \u00e0 nos jours, les l\u00e8vres ont toujours \u00e9t\u00e9 un symbole de sensualit\u00e9 et d\u2019attractivit\u00e9 et les m\u00e9thodes pour les embelliront \u00e9volu\u00e9 au gr\u00e9 des innovations cosm\u00e9tiques et technologiques.Gr\u00e2ce aux rep\u00e8res artistiques et anatomiques qui d\u00e9finissent la beaut\u00e9 des l\u00e8vres et de leurs proportions par rapport auvisage, le m\u00e9decin esth\u00e9tique est aujourd\u2019hui en mesure de les magnifier gr\u00e2ce \u00e0 diff\u00e9rentes techniques d\u2019injections d\u2019acideshyaluroniques.Mots-cl\u00e9s: Embellissement des l\u00e8vres, Acide Hyaluronique, Rides p\u00e9ri-orales, Techniques d\u2019injections, Russian lips.\" \/>\n<meta name=\"robots\" content=\"index, follow, max-snippet:-1, max-image-preview:large, max-video-preview:-1\" \/>\n<link rel=\"canonical\" href=\"https:\/\/looketmedecine.fr\/en\/wp-json\/wp\/v2\/posts\/22840\" \/>\n<meta property=\"og:locale\" content=\"en_US\" \/>\n<meta property=\"og:type\" content=\"article\" \/>\n<meta property=\"og:title\" content=\"LM N\u00b02\/ 2024. LES APPLICATIONS CLINIQUES PHARES DE L\u2019AH. La sant\u00e9 esth\u00e9tique du visage et l&#039;AH. L\u2019EMBELLISSEMENT DES L\u00c8VRES : UNE APPROCHE NATURELLE ET SUBTILE.\u00a0C\u00e9line DOLLANG\u00c8RE, MD.\u00a0 - Revue fran\u00e7aise N\u00b01 pour la recherche en sant\u00e9 esth\u00e9tique\" \/>\n<meta property=\"og:description\" content=\"R\u00e9sum\u00e9De l\u2019antiquit\u00e9 \u00e0 nos jours, les l\u00e8vres ont toujours \u00e9t\u00e9 un symbole de sensualit\u00e9 et d\u2019attractivit\u00e9 et les m\u00e9thodes pour les embelliront \u00e9volu\u00e9 au gr\u00e9 des innovations cosm\u00e9tiques et technologiques.Gr\u00e2ce aux rep\u00e8res artistiques et anatomiques qui d\u00e9finissent la beaut\u00e9 des l\u00e8vres et de leurs proportions par rapport auvisage, le m\u00e9decin esth\u00e9tique est aujourd\u2019hui en mesure de les magnifier gr\u00e2ce \u00e0 diff\u00e9rentes techniques d\u2019injections d\u2019acideshyaluroniques.Mots-cl\u00e9s: Embellissement des l\u00e8vres, Acide Hyaluronique, Rides p\u00e9ri-orales, Techniques d\u2019injections, Russian lips.\" \/>\n<meta property=\"og:url\" content=\"https:\/\/looketmedecine.fr\/en\/12-lembellissement-des-levres-une-approche-naturelle-et-subtile-celine-dollangere-md\/\" \/>\n<meta property=\"og:site_name\" content=\"Revue fran\u00e7aise N\u00b01 pour la recherche en sant\u00e9 esth\u00e9tique\" \/>\n<meta property=\"article:publisher\" content=\"https:\/\/www.facebook.com\/looketmedecine.magazine\/\" \/>\n<meta property=\"article:published_time\" content=\"2024-08-20T13:42:42+00:00\" \/>\n<meta property=\"article:modified_time\" content=\"2024-10-04T21:09:46+00:00\" \/>\n<meta property=\"og:image\" content=\"https:\/\/looketmedecine.fr\/wp-content\/uploads\/2024\/06\/Capture-decran-2024-06-29-a-06.49.10.png\" \/>\n\t<meta property=\"og:image:width\" content=\"530\" \/>\n\t<meta property=\"og:image:height\" content=\"522\" \/>\n\t<meta property=\"og:image:type\" content=\"image\/png\" \/>\n<meta name=\"author\" content=\"Albert-Claude Benhamou\" \/>\n<meta name=\"twitter:card\" content=\"summary_large_image\" \/>\n<meta name=\"twitter:label1\" content=\"Written by\" \/>\n\t<meta name=\"twitter:data1\" content=\"Albert-Claude Benhamou\" \/>\n\t<meta name=\"twitter:label2\" content=\"Est. reading time\" \/>\n\t<meta name=\"twitter:data2\" content=\"22 minutes\" \/>\n<script type=\"application\/ld+json\" class=\"yoast-schema-graph\">{\"@context\":\"https:\\\/\\\/schema.org\",\"@graph\":[{\"@type\":\"Article\",\"@id\":\"https:\\\/\\\/looketmedecine.fr\\\/en\\\/12-lembellissement-des-levres-une-approche-naturelle-et-subtile-celine-dollangere-md\\\/#article\",\"isPartOf\":{\"@id\":\"https:\\\/\\\/looketmedecine.fr\\\/en\\\/12-lembellissement-des-levres-une-approche-naturelle-et-subtile-celine-dollangere-md\\\/\"},\"author\":{\"name\":\"Albert-Claude Benhamou\",\"@id\":\"https:\\\/\\\/looketmedecine.fr\\\/#\\\/schema\\\/person\\\/d674c704426e829b385c4dd691b8e3cc\"},\"headline\":\"LM N\u00b02\\\/ 2024. LES APPLICATIONS CLINIQUES PHARES DE L\u2019AH. La sant\u00e9 esth\u00e9tique du visage et l&rsquo;AH. L\u2019EMBELLISSEMENT DES L\u00c8VRES : UNE APPROCHE NATURELLE ET SUBTILE.\u00a0C\u00e9line DOLLANG\u00c8RE, MD.\u00a0\",\"datePublished\":\"2024-08-20T13:42:42+00:00\",\"dateModified\":\"2024-10-04T21:09:46+00:00\",\"mainEntityOfPage\":{\"@id\":\"https:\\\/\\\/looketmedecine.fr\\\/en\\\/12-lembellissement-des-levres-une-approche-naturelle-et-subtile-celine-dollangere-md\\\/\"},\"wordCount\":4337,\"publisher\":{\"@id\":\"https:\\\/\\\/looketmedecine.fr\\\/#organization\"},\"image\":{\"@id\":\"https:\\\/\\\/looketmedecine.fr\\\/en\\\/12-lembellissement-des-levres-une-approche-naturelle-et-subtile-celine-dollangere-md\\\/#primaryimage\"},\"thumbnailUrl\":\"https:\\\/\\\/looketmedecine.fr\\\/wp-content\\\/uploads\\\/2024\\\/06\\\/Capture-decran-2024-06-29-a-06.49.10.png\",\"keywords\":[\"lm2 2024 premiers pas\",\"lm2 2024 replay\",\"lm2 2024 un autre regard\"],\"articleSection\":[\"Premiers pas\",\"Un autre regard\"],\"inLanguage\":\"en-US\"},{\"@type\":\"WebPage\",\"@id\":\"https:\\\/\\\/looketmedecine.fr\\\/en\\\/12-lembellissement-des-levres-une-approche-naturelle-et-subtile-celine-dollangere-md\\\/\",\"url\":\"https:\\\/\\\/looketmedecine.fr\\\/en\\\/12-lembellissement-des-levres-une-approche-naturelle-et-subtile-celine-dollangere-md\\\/\",\"name\":\"LM N\u00b02\\\/ 2024. LES APPLICATIONS CLINIQUES PHARES DE L\u2019AH. La sant\u00e9 esth\u00e9tique du visage et l'AH. L\u2019EMBELLISSEMENT DES L\u00c8VRES : UNE APPROCHE NATURELLE ET SUBTILE.\u00a0C\u00e9line DOLLANG\u00c8RE, MD.\u00a0 - Revue fran\u00e7aise N\u00b01 pour la recherche en sant\u00e9 esth\u00e9tique\",\"isPartOf\":{\"@id\":\"https:\\\/\\\/looketmedecine.fr\\\/#website\"},\"primaryImageOfPage\":{\"@id\":\"https:\\\/\\\/looketmedecine.fr\\\/en\\\/12-lembellissement-des-levres-une-approche-naturelle-et-subtile-celine-dollangere-md\\\/#primaryimage\"},\"image\":{\"@id\":\"https:\\\/\\\/looketmedecine.fr\\\/en\\\/12-lembellissement-des-levres-une-approche-naturelle-et-subtile-celine-dollangere-md\\\/#primaryimage\"},\"thumbnailUrl\":\"https:\\\/\\\/looketmedecine.fr\\\/wp-content\\\/uploads\\\/2024\\\/06\\\/Capture-decran-2024-06-29-a-06.49.10.png\",\"datePublished\":\"2024-08-20T13:42:42+00:00\",\"dateModified\":\"2024-10-04T21:09:46+00:00\",\"description\":\"R\u00e9sum\u00e9De l\u2019antiquit\u00e9 \u00e0 nos jours, les l\u00e8vres ont toujours \u00e9t\u00e9 un symbole de sensualit\u00e9 et d\u2019attractivit\u00e9 et les m\u00e9thodes pour les embelliront \u00e9volu\u00e9 au gr\u00e9 des innovations cosm\u00e9tiques et technologiques.Gr\u00e2ce aux rep\u00e8res artistiques et anatomiques qui d\u00e9finissent la beaut\u00e9 des l\u00e8vres et de leurs proportions par rapport auvisage, le m\u00e9decin esth\u00e9tique est aujourd\u2019hui en mesure de les magnifier gr\u00e2ce \u00e0 diff\u00e9rentes techniques d\u2019injections d\u2019acideshyaluroniques.Mots-cl\u00e9s: Embellissement des l\u00e8vres, Acide Hyaluronique, Rides p\u00e9ri-orales, Techniques d\u2019injections, Russian lips.\",\"breadcrumb\":{\"@id\":\"https:\\\/\\\/looketmedecine.fr\\\/en\\\/12-lembellissement-des-levres-une-approche-naturelle-et-subtile-celine-dollangere-md\\\/#breadcrumb\"},\"inLanguage\":\"en-US\",\"potentialAction\":[{\"@type\":\"ReadAction\",\"target\":[\"https:\\\/\\\/looketmedecine.fr\\\/en\\\/12-lembellissement-des-levres-une-approche-naturelle-et-subtile-celine-dollangere-md\\\/\"]}]},{\"@type\":\"ImageObject\",\"inLanguage\":\"en-US\",\"@id\":\"https:\\\/\\\/looketmedecine.fr\\\/en\\\/12-lembellissement-des-levres-une-approche-naturelle-et-subtile-celine-dollangere-md\\\/#primaryimage\",\"url\":\"https:\\\/\\\/looketmedecine.fr\\\/wp-content\\\/uploads\\\/2024\\\/06\\\/Capture-decran-2024-06-29-a-06.49.10.png\",\"contentUrl\":\"https:\\\/\\\/looketmedecine.fr\\\/wp-content\\\/uploads\\\/2024\\\/06\\\/Capture-decran-2024-06-29-a-06.49.10.png\",\"width\":530,\"height\":522,\"caption\":\"Dr C\u00e9line Dollang\u00e8re, MD\"},{\"@type\":\"BreadcrumbList\",\"@id\":\"https:\\\/\\\/looketmedecine.fr\\\/en\\\/12-lembellissement-des-levres-une-approche-naturelle-et-subtile-celine-dollangere-md\\\/#breadcrumb\",\"itemListElement\":[{\"@type\":\"ListItem\",\"position\":1,\"name\":\"Accueil\",\"item\":\"https:\\\/\\\/looketmedecine.fr\\\/\"},{\"@type\":\"ListItem\",\"position\":2,\"name\":\"LM N\u00b02\\\/ 2024. LES APPLICATIONS CLINIQUES PHARES DE L\u2019AH. La sant\u00e9 esth\u00e9tique du visage et l&rsquo;AH. L\u2019EMBELLISSEMENT DES L\u00c8VRES : UNE APPROCHE NATURELLE ET SUBTILE.\u00a0C\u00e9line DOLLANG\u00c8RE, MD.\u00a0\"}]},{\"@type\":\"WebSite\",\"@id\":\"https:\\\/\\\/looketmedecine.fr\\\/#website\",\"url\":\"https:\\\/\\\/looketmedecine.fr\\\/\",\"name\":\"Revue fran\u00e7aise N\u00b01 pour la recherche en sant\u00e9 esth\u00e9tique\",\"description\":\"La sant\u00e9 esth\u00e9tique fond\u00e9e sur des preuves scientifiques\",\"publisher\":{\"@id\":\"https:\\\/\\\/looketmedecine.fr\\\/#organization\"},\"potentialAction\":[{\"@type\":\"SearchAction\",\"target\":{\"@type\":\"EntryPoint\",\"urlTemplate\":\"https:\\\/\\\/looketmedecine.fr\\\/?s={search_term_string}\"},\"query-input\":{\"@type\":\"PropertyValueSpecification\",\"valueRequired\":true,\"valueName\":\"search_term_string\"}}],\"inLanguage\":\"en-US\"},{\"@type\":\"Organization\",\"@id\":\"https:\\\/\\\/looketmedecine.fr\\\/#organization\",\"name\":\"Looketmedecine\",\"url\":\"https:\\\/\\\/looketmedecine.fr\\\/\",\"logo\":{\"@type\":\"ImageObject\",\"inLanguage\":\"en-US\",\"@id\":\"https:\\\/\\\/looketmedecine.fr\\\/#\\\/schema\\\/logo\\\/image\\\/\",\"url\":\"https:\\\/\\\/looketmedecine.fr\\\/wp-content\\\/uploads\\\/2020\\\/11\\\/cropped-LookMedecine_Logo_Textuel_Noir.png\",\"contentUrl\":\"https:\\\/\\\/looketmedecine.fr\\\/wp-content\\\/uploads\\\/2020\\\/11\\\/cropped-LookMedecine_Logo_Textuel_Noir.png\",\"width\":1500,\"height\":145,\"caption\":\"Looketmedecine\"},\"image\":{\"@id\":\"https:\\\/\\\/looketmedecine.fr\\\/#\\\/schema\\\/logo\\\/image\\\/\"},\"sameAs\":[\"https:\\\/\\\/www.facebook.com\\\/looketmedecine.magazine\\\/\",\"https:\\\/\\\/www.instagram.com\\\/looketmedecine\\\/?hl=fr\"]},{\"@type\":\"Person\",\"@id\":\"https:\\\/\\\/looketmedecine.fr\\\/#\\\/schema\\\/person\\\/d674c704426e829b385c4dd691b8e3cc\",\"name\":\"Albert-Claude Benhamou\",\"image\":{\"@type\":\"ImageObject\",\"inLanguage\":\"en-US\",\"@id\":\"https:\\\/\\\/secure.gravatar.com\\\/avatar\\\/f4c13b834cf55e3822893169175e3671a59788fb9e2d84d3a223c96e83a8f09e?s=96&d=mm&r=g\",\"url\":\"https:\\\/\\\/secure.gravatar.com\\\/avatar\\\/f4c13b834cf55e3822893169175e3671a59788fb9e2d84d3a223c96e83a8f09e?s=96&d=mm&r=g\",\"contentUrl\":\"https:\\\/\\\/secure.gravatar.com\\\/avatar\\\/f4c13b834cf55e3822893169175e3671a59788fb9e2d84d3a223c96e83a8f09e?s=96&d=mm&r=g\",\"caption\":\"Albert-Claude Benhamou\"},\"url\":\"https:\\\/\\\/looketmedecine.fr\\\/en\"}]}<\/script>\n<!-- \/ Yoast SEO plugin. -->","yoast_head_json":{"title":"LM N\u00b02\/ 2024. LES APPLICATIONS CLINIQUES PHARES DE L\u2019AH. La sant\u00e9 esth\u00e9tique du visage et l'AH. L\u2019EMBELLISSEMENT DES L\u00c8VRES : UNE APPROCHE NATURELLE ET SUBTILE.\u00a0C\u00e9line DOLLANG\u00c8RE, MD.\u00a0 - Revue fran\u00e7aise N\u00b01 pour la recherche en sant\u00e9 esth\u00e9tique","description":"R\u00e9sum\u00e9De l\u2019antiquit\u00e9 \u00e0 nos jours, les l\u00e8vres ont toujours \u00e9t\u00e9 un symbole de sensualit\u00e9 et d\u2019attractivit\u00e9 et les m\u00e9thodes pour les embelliront \u00e9volu\u00e9 au gr\u00e9 des innovations cosm\u00e9tiques et technologiques.Gr\u00e2ce aux rep\u00e8res artistiques et anatomiques qui d\u00e9finissent la beaut\u00e9 des l\u00e8vres et de leurs proportions par rapport auvisage, le m\u00e9decin esth\u00e9tique est aujourd\u2019hui en mesure de les magnifier gr\u00e2ce \u00e0 diff\u00e9rentes techniques d\u2019injections d\u2019acideshyaluroniques.Mots-cl\u00e9s: Embellissement des l\u00e8vres, Acide Hyaluronique, Rides p\u00e9ri-orales, Techniques d\u2019injections, Russian lips.","robots":{"index":"index","follow":"follow","max-snippet":"max-snippet:-1","max-image-preview":"max-image-preview:large","max-video-preview":"max-video-preview:-1"},"canonical":"https:\/\/looketmedecine.fr\/en\/wp-json\/wp\/v2\/posts\/22840","og_locale":"en_US","og_type":"article","og_title":"LM N\u00b02\/ 2024. LES APPLICATIONS CLINIQUES PHARES DE L\u2019AH. La sant\u00e9 esth\u00e9tique du visage et l'AH. L\u2019EMBELLISSEMENT DES L\u00c8VRES : UNE APPROCHE NATURELLE ET SUBTILE.\u00a0C\u00e9line DOLLANG\u00c8RE, MD.\u00a0 - Revue fran\u00e7aise N\u00b01 pour la recherche en sant\u00e9 esth\u00e9tique","og_description":"R\u00e9sum\u00e9De l\u2019antiquit\u00e9 \u00e0 nos jours, les l\u00e8vres ont toujours \u00e9t\u00e9 un symbole de sensualit\u00e9 et d\u2019attractivit\u00e9 et les m\u00e9thodes pour les embelliront \u00e9volu\u00e9 au gr\u00e9 des innovations cosm\u00e9tiques et technologiques.Gr\u00e2ce aux rep\u00e8res artistiques et anatomiques qui d\u00e9finissent la beaut\u00e9 des l\u00e8vres et de leurs proportions par rapport auvisage, le m\u00e9decin esth\u00e9tique est aujourd\u2019hui en mesure de les magnifier gr\u00e2ce \u00e0 diff\u00e9rentes techniques d\u2019injections d\u2019acideshyaluroniques.Mots-cl\u00e9s: Embellissement des l\u00e8vres, Acide Hyaluronique, Rides p\u00e9ri-orales, Techniques d\u2019injections, Russian lips.","og_url":"https:\/\/looketmedecine.fr\/en\/12-lembellissement-des-levres-une-approche-naturelle-et-subtile-celine-dollangere-md\/","og_site_name":"Revue fran\u00e7aise N\u00b01 pour la recherche en sant\u00e9 esth\u00e9tique","article_publisher":"https:\/\/www.facebook.com\/looketmedecine.magazine\/","article_published_time":"2024-08-20T13:42:42+00:00","article_modified_time":"2024-10-04T21:09:46+00:00","og_image":[{"width":530,"height":522,"url":"https:\/\/looketmedecine.fr\/wp-content\/uploads\/2024\/06\/Capture-decran-2024-06-29-a-06.49.10.png","type":"image\/png"}],"author":"Albert-Claude Benhamou","twitter_card":"summary_large_image","twitter_misc":{"Written by":"Albert-Claude Benhamou","Est. reading time":"22 minutes"},"schema":{"@context":"https:\/\/schema.org","@graph":[{"@type":"Article","@id":"https:\/\/looketmedecine.fr\/en\/12-lembellissement-des-levres-une-approche-naturelle-et-subtile-celine-dollangere-md\/#article","isPartOf":{"@id":"https:\/\/looketmedecine.fr\/en\/12-lembellissement-des-levres-une-approche-naturelle-et-subtile-celine-dollangere-md\/"},"author":{"name":"Albert-Claude Benhamou","@id":"https:\/\/looketmedecine.fr\/#\/schema\/person\/d674c704426e829b385c4dd691b8e3cc"},"headline":"LM N\u00b02\/ 2024. LES APPLICATIONS CLINIQUES PHARES DE L\u2019AH. La sant\u00e9 esth\u00e9tique du visage et l&rsquo;AH. L\u2019EMBELLISSEMENT DES L\u00c8VRES : UNE APPROCHE NATURELLE ET SUBTILE.\u00a0C\u00e9line DOLLANG\u00c8RE, MD.\u00a0","datePublished":"2024-08-20T13:42:42+00:00","dateModified":"2024-10-04T21:09:46+00:00","mainEntityOfPage":{"@id":"https:\/\/looketmedecine.fr\/en\/12-lembellissement-des-levres-une-approche-naturelle-et-subtile-celine-dollangere-md\/"},"wordCount":4337,"publisher":{"@id":"https:\/\/looketmedecine.fr\/#organization"},"image":{"@id":"https:\/\/looketmedecine.fr\/en\/12-lembellissement-des-levres-une-approche-naturelle-et-subtile-celine-dollangere-md\/#primaryimage"},"thumbnailUrl":"https:\/\/looketmedecine.fr\/wp-content\/uploads\/2024\/06\/Capture-decran-2024-06-29-a-06.49.10.png","keywords":["lm2 2024 premiers pas","lm2 2024 replay","lm2 2024 un autre regard"],"articleSection":["Premiers pas","Un autre regard"],"inLanguage":"en-US"},{"@type":"WebPage","@id":"https:\/\/looketmedecine.fr\/en\/12-lembellissement-des-levres-une-approche-naturelle-et-subtile-celine-dollangere-md\/","url":"https:\/\/looketmedecine.fr\/en\/12-lembellissement-des-levres-une-approche-naturelle-et-subtile-celine-dollangere-md\/","name":"LM N\u00b02\/ 2024. LES APPLICATIONS CLINIQUES PHARES DE L\u2019AH. La sant\u00e9 esth\u00e9tique du visage et l'AH. L\u2019EMBELLISSEMENT DES L\u00c8VRES : UNE APPROCHE NATURELLE ET SUBTILE.\u00a0C\u00e9line DOLLANG\u00c8RE, MD.\u00a0 - Revue fran\u00e7aise N\u00b01 pour la recherche en sant\u00e9 esth\u00e9tique","isPartOf":{"@id":"https:\/\/looketmedecine.fr\/#website"},"primaryImageOfPage":{"@id":"https:\/\/looketmedecine.fr\/en\/12-lembellissement-des-levres-une-approche-naturelle-et-subtile-celine-dollangere-md\/#primaryimage"},"image":{"@id":"https:\/\/looketmedecine.fr\/en\/12-lembellissement-des-levres-une-approche-naturelle-et-subtile-celine-dollangere-md\/#primaryimage"},"thumbnailUrl":"https:\/\/looketmedecine.fr\/wp-content\/uploads\/2024\/06\/Capture-decran-2024-06-29-a-06.49.10.png","datePublished":"2024-08-20T13:42:42+00:00","dateModified":"2024-10-04T21:09:46+00:00","description":"R\u00e9sum\u00e9De l\u2019antiquit\u00e9 \u00e0 nos jours, les l\u00e8vres ont toujours \u00e9t\u00e9 un symbole de sensualit\u00e9 et d\u2019attractivit\u00e9 et les m\u00e9thodes pour les embelliront \u00e9volu\u00e9 au gr\u00e9 des innovations cosm\u00e9tiques et technologiques.Gr\u00e2ce aux rep\u00e8res artistiques et anatomiques qui d\u00e9finissent la beaut\u00e9 des l\u00e8vres et de leurs proportions par rapport auvisage, le m\u00e9decin esth\u00e9tique est aujourd\u2019hui en mesure de les magnifier gr\u00e2ce \u00e0 diff\u00e9rentes techniques d\u2019injections d\u2019acideshyaluroniques.Mots-cl\u00e9s: Embellissement des l\u00e8vres, Acide Hyaluronique, Rides p\u00e9ri-orales, Techniques d\u2019injections, Russian lips.","breadcrumb":{"@id":"https:\/\/looketmedecine.fr\/en\/12-lembellissement-des-levres-une-approche-naturelle-et-subtile-celine-dollangere-md\/#breadcrumb"},"inLanguage":"en-US","potentialAction":[{"@type":"ReadAction","target":["https:\/\/looketmedecine.fr\/en\/12-lembellissement-des-levres-une-approche-naturelle-et-subtile-celine-dollangere-md\/"]}]},{"@type":"ImageObject","inLanguage":"en-US","@id":"https:\/\/looketmedecine.fr\/en\/12-lembellissement-des-levres-une-approche-naturelle-et-subtile-celine-dollangere-md\/#primaryimage","url":"https:\/\/looketmedecine.fr\/wp-content\/uploads\/2024\/06\/Capture-decran-2024-06-29-a-06.49.10.png","contentUrl":"https:\/\/looketmedecine.fr\/wp-content\/uploads\/2024\/06\/Capture-decran-2024-06-29-a-06.49.10.png","width":530,"height":522,"caption":"Dr C\u00e9line Dollang\u00e8re, MD"},{"@type":"BreadcrumbList","@id":"https:\/\/looketmedecine.fr\/en\/12-lembellissement-des-levres-une-approche-naturelle-et-subtile-celine-dollangere-md\/#breadcrumb","itemListElement":[{"@type":"ListItem","position":1,"name":"Accueil","item":"https:\/\/looketmedecine.fr\/"},{"@type":"ListItem","position":2,"name":"LM N\u00b02\/ 2024. LES APPLICATIONS CLINIQUES PHARES DE L\u2019AH. La sant\u00e9 esth\u00e9tique du visage et l&rsquo;AH. L\u2019EMBELLISSEMENT DES L\u00c8VRES : UNE APPROCHE NATURELLE ET SUBTILE.\u00a0C\u00e9line DOLLANG\u00c8RE, MD.\u00a0"}]},{"@type":"WebSite","@id":"https:\/\/looketmedecine.fr\/#website","url":"https:\/\/looketmedecine.fr\/","name":"N\u00b01 French magazine for research in aesthetic health","description":"Aesthetic health based on scientific evidence","publisher":{"@id":"https:\/\/looketmedecine.fr\/#organization"},"potentialAction":[{"@type":"SearchAction","target":{"@type":"EntryPoint","urlTemplate":"https:\/\/looketmedecine.fr\/?s={search_term_string}"},"query-input":{"@type":"PropertyValueSpecification","valueRequired":true,"valueName":"search_term_string"}}],"inLanguage":"en-US"},{"@type":"Organization","@id":"https:\/\/looketmedecine.fr\/#organization","name":"Looketmedicine","url":"https:\/\/looketmedecine.fr\/","logo":{"@type":"ImageObject","inLanguage":"en-US","@id":"https:\/\/looketmedecine.fr\/#\/schema\/logo\/image\/","url":"https:\/\/looketmedecine.fr\/wp-content\/uploads\/2020\/11\/cropped-LookMedecine_Logo_Textuel_Noir.png","contentUrl":"https:\/\/looketmedecine.fr\/wp-content\/uploads\/2020\/11\/cropped-LookMedecine_Logo_Textuel_Noir.png","width":1500,"height":145,"caption":"Looketmedecine"},"image":{"@id":"https:\/\/looketmedecine.fr\/#\/schema\/logo\/image\/"},"sameAs":["https:\/\/www.facebook.com\/looketmedecine.magazine\/","https:\/\/www.instagram.com\/looketmedecine\/?hl=fr"]},{"@type":"Person","@id":"https:\/\/looketmedecine.fr\/#\/schema\/person\/d674c704426e829b385c4dd691b8e3cc","name":"Albert-Claude Benhamou","image":{"@type":"ImageObject","inLanguage":"en-US","@id":"https:\/\/secure.gravatar.com\/avatar\/f4c13b834cf55e3822893169175e3671a59788fb9e2d84d3a223c96e83a8f09e?s=96&d=mm&r=g","url":"https:\/\/secure.gravatar.com\/avatar\/f4c13b834cf55e3822893169175e3671a59788fb9e2d84d3a223c96e83a8f09e?s=96&d=mm&r=g","contentUrl":"https:\/\/secure.gravatar.com\/avatar\/f4c13b834cf55e3822893169175e3671a59788fb9e2d84d3a223c96e83a8f09e?s=96&d=mm&r=g","caption":"Albert-Claude Benhamou"},"url":"https:\/\/looketmedecine.fr\/en"}]}},"_links":{"self":[{"href":"https:\/\/looketmedecine.fr\/en\/wp-json\/wp\/v2\/posts\/22840","targetHints":{"allow":["GET"]}}],"collection":[{"href":"https:\/\/looketmedecine.fr\/en\/wp-json\/wp\/v2\/posts"}],"about":[{"href":"https:\/\/looketmedecine.fr\/en\/wp-json\/wp\/v2\/types\/post"}],"author":[{"embeddable":true,"href":"https:\/\/looketmedecine.fr\/en\/wp-json\/wp\/v2\/users\/2"}],"replies":[{"embeddable":true,"href":"https:\/\/looketmedecine.fr\/en\/wp-json\/wp\/v2\/comments?post=22840"}],"version-history":[{"count":108,"href":"https:\/\/looketmedecine.fr\/en\/wp-json\/wp\/v2\/posts\/22840\/revisions"}],"predecessor-version":[{"id":23739,"href":"https:\/\/looketmedecine.fr\/en\/wp-json\/wp\/v2\/posts\/22840\/revisions\/23739"}],"wp:featuredmedia":[{"embeddable":true,"href":"https:\/\/looketmedecine.fr\/en\/wp-json\/wp\/v2\/media\/21837"}],"wp:attachment":[{"href":"https:\/\/looketmedecine.fr\/en\/wp-json\/wp\/v2\/media?parent=22840"}],"wp:term":[{"taxonomy":"category","embeddable":true,"href":"https:\/\/looketmedecine.fr\/en\/wp-json\/wp\/v2\/categories?post=22840"},{"taxonomy":"post_tag","embeddable":true,"href":"https:\/\/looketmedecine.fr\/en\/wp-json\/wp\/v2\/tags?post=22840"},{"taxonomy":"auteur","embeddable":true,"href":"https:\/\/looketmedecine.fr\/en\/wp-json\/wp\/v2\/auteur?post=22840"},{"taxonomy":"mots-cles","embeddable":true,"href":"https:\/\/looketmedecine.fr\/en\/wp-json\/wp\/v2\/mots-cles?post=22840"}],"curies":[{"name":"wp","href":"https:\/\/api.w.org\/{rel}","templated":true}]}}