{"id":22770,"date":"2024-07-23T14:09:34","date_gmt":"2024-07-23T12:09:34","guid":{"rendered":"https:\/\/looketmedecine.fr\/?p=22770"},"modified":"2024-10-06T12:24:07","modified_gmt":"2024-10-06T10:24:07","slug":"11-les-applications-cliniques-phares-de-lah-la-sante-esthetique-du-visage-et-lah","status":"publish","type":"post","link":"https:\/\/looketmedecine.fr\/en\/11-les-applications-cliniques-phares-de-lah-la-sante-esthetique-du-visage-et-lah\/","title":{"rendered":"LM N\u00b02\/ 2024.AH'S FLAGSHIP CLINICAL APPLICATIONS. Aesthetic facial health and HA. THE \"FRENCH TOUCH\" TECHNIQUE FOR BEAUTIFYING THE LIPS. Dr Giulia ARGENTINO, Pr Barbara HERSANT MD, PhD.\u00a0"},"content":{"rendered":"\t\t<div data-elementor-type=\"wp-post\" data-elementor-id=\"22770\" class=\"elementor elementor-22770\" data-elementor-post-type=\"post\">\n\t\t\t\t<div class=\"elementor-element elementor-element-2d52d540 e-flex e-con-boxed e-con e-parent\" data-id=\"2d52d540\" data-element_type=\"container\" data-e-type=\"container\">\n\t\t\t\t\t<div class=\"e-con-inner\">\n\t\t\t\t<div class=\"elementor-element elementor-element-48b62f8 elementor-widget elementor-widget-text-editor\" data-id=\"48b62f8\" data-element_type=\"widget\" data-e-type=\"widget\" data-widget_type=\"text-editor.default\">\n\t\t\t\t<div class=\"elementor-widget-container\">\n\t\t\t\t\t\t\t\t\t\n<p class=\"has-x-large-font-size\"><\/p>\n\t\t\t\t\t\t\t\t<\/div>\n\t\t\t\t<\/div>\n\t\t\t\t<div class=\"elementor-element elementor-element-febbf1b elementor-widget elementor-widget-heading\" data-id=\"febbf1b\" data-element_type=\"widget\" data-e-type=\"widget\" data-widget_type=\"heading.default\">\n\t\t\t\t<div class=\"elementor-widget-container\">\n\t\t\t\t\t<h2 class=\"elementor-heading-title elementor-size-default\">Les applications cliniques phares de l'AH<\/h2>\t\t\t\t<\/div>\n\t\t\t\t<\/div>\n\t\t\t\t<div class=\"elementor-element elementor-element-05c3b62 elementor-widget elementor-widget-heading\" data-id=\"05c3b62\" data-element_type=\"widget\" data-e-type=\"widget\" data-widget_type=\"heading.default\">\n\t\t\t\t<div class=\"elementor-widget-container\">\n\t\t\t\t\t<h2 class=\"elementor-heading-title elementor-size-default\">La sant\u00e9 esth\u00e9tique du visage et l\u2019AH<\/h2>\t\t\t\t<\/div>\n\t\t\t\t<\/div>\n\t\t\t\t<div class=\"elementor-element elementor-element-4d862c9 elementor-widget elementor-widget-heading\" data-id=\"4d862c9\" data-element_type=\"widget\" data-e-type=\"widget\" data-widget_type=\"heading.default\">\n\t\t\t\t<div class=\"elementor-widget-container\">\n\t\t\t\t\t<h2 class=\"elementor-heading-title elementor-size-default\">LA TECHNIQUE \"FRENCH TOUCH POUR EMBELLIR LES L\u00c8VRES<\/h2>\t\t\t\t<\/div>\n\t\t\t\t<\/div>\n\t\t\t\t<div class=\"elementor-element elementor-element-b9874df elementor-widget elementor-widget-text-editor\" data-id=\"b9874df\" data-element_type=\"widget\" data-e-type=\"widget\" data-widget_type=\"text-editor.default\">\n\t\t\t\t<div class=\"elementor-widget-container\">\n\t\t\t\t\t\t\t\t\t<h2 class=\"p1\" style=\"text-align: center;\"><strong><span style=\"color: #0000ff;\">D<span class=\"s1\">r <\/span>Giulia ARGENTINO, P<span class=\"s1\">r <\/span>Barbara HERSANT MD, PhD.<\/span><\/strong><\/h2>\n<h2 class=\"p2\" style=\"text-align: center;\"><strong><span style=\"color: #0000ff;\"><i>H\u00f4pital Henri Mondor, Cr\u00e9teil.<\/i><\/span><\/strong><\/h2>\t\t\t\t\t\t\t\t<\/div>\n\t\t\t\t<\/div>\n\t\t\t\t<div class=\"elementor-element elementor-element-8a5c6f8 elementor-widget elementor-widget-heading\" data-id=\"8a5c6f8\" data-element_type=\"widget\" data-e-type=\"widget\" data-widget_type=\"heading.default\">\n\t\t\t\t<div class=\"elementor-widget-container\">\n\t\t\t\t\t<h2 class=\"elementor-heading-title elementor-size-default\">INTRODUCTION<\/h2>\t\t\t\t<\/div>\n\t\t\t\t<\/div>\n\t\t\t\t<div class=\"elementor-element elementor-element-0ae8fc7 elementor-widget elementor-widget-text-editor\" data-id=\"0ae8fc7\" data-element_type=\"widget\" data-e-type=\"widget\" data-widget_type=\"text-editor.default\">\n\t\t\t\t<div class=\"elementor-widget-container\">\n\t\t\t\t\t\t\t\t\t<h4 class=\"p1\"><span style=\"color: #0000ff;\">Les l\u00e8vres sont des \u00e9l\u00e9ments essentiels du visage, elles forment avec les yeux et le nez le triangle de beaut\u00e9 qui d\u00e9finit la sensualit\u00e9 et l\u2019attractivit\u00e9 d\u2019une personne [1].<\/span><\/h4>\n<h4 class=\"p1\"><span style=\"color: #0000ff;\">Au fil des ann\u00e9es et sous l\u2019influence croissante des r\u00e9seaux sociaux, nous assistons \u00e0 une demande croissante d\u2019embellissement de cette zone anatomique.<\/span><\/h4>\n<h4 class=\"p1\"><span style=\"color: #0000ff;\">Une \u00e9tude sociologique publi\u00e9e en 2010 par le D<span class=\"s1\">r <\/span>Beatti de l\u2019universit\u00e9 de Manchester a montr\u00e9 qu\u2019au cours des 10 premi\u00e8res secondes d\u2019une rencontre, une personne passe 60 % du temps \u00e0 regarder la bouche [2].<\/span><\/h4>\t\t\t\t\t\t\t\t<\/div>\n\t\t\t\t<\/div>\n\t\t\t\t<div class=\"elementor-element elementor-element-9ea9bf6 elementor-widget elementor-widget-heading\" data-id=\"9ea9bf6\" data-element_type=\"widget\" data-e-type=\"widget\" data-widget_type=\"heading.default\">\n\t\t\t\t<div class=\"elementor-widget-container\">\n\t\t\t\t\t<h2 class=\"elementor-heading-title elementor-size-default\">RAPPELS ANATOMIQUES<\/h2>\t\t\t\t<\/div>\n\t\t\t\t<\/div>\n\t\t\t\t<div class=\"elementor-element elementor-element-b8330ae elementor-widget elementor-widget-text-editor\" data-id=\"b8330ae\" data-element_type=\"widget\" data-e-type=\"widget\" data-widget_type=\"text-editor.default\">\n\t\t\t\t<div class=\"elementor-widget-container\">\n\t\t\t\t\t\t\t\t\t<h4 class=\"p1\"><span style=\"color: #0000ff;\">Les l\u00e8vres sont form\u00e9es par deux zones distinctes : la l\u00e8vre blanche et la l\u00e8vre rouge, s\u00e9par\u00e9es par une ligne de d\u00e9marcation cutan\u00e9omuqueuse et se r\u00e9unissant pour former les muqueuses [3].<\/span><\/h4>\n<h4 class=\"p1\"><span style=\"color: #0000ff;\">La l\u00e8vre sup\u00e9rieure pr\u00e9sente un sillon vertical (le philtrum) sur sa face externe, entre deux cr\u00eates cutan\u00e9es de philtrum.<\/span><\/h4>\n<h4 class=\"p1\"><span style=\"color: #0000ff;\">L\u2019arc de Cupidon tendu \u00e0 l\u2019extr\u00e9mit\u00e9 caudale de ces cr\u00eates constitue une structure esth\u00e9tique fondamentale.<\/span><\/h4>\n<h4 class=\"p1\"><span style=\"color: #0000ff;\">La l\u00e8vre rouge est form\u00e9e de deux parties : l\u2019une externe, semi-muqueuse s\u00e8che (vermillon) adh\u00e9rente au muscle, l\u2019autre interne, s\u2019\u00e9tendant jusqu\u2019au fond des vestibules pour former le sillon gingivo-labial <b>(Figure 1)<\/b>.<\/span><\/h4>\t\t\t\t\t\t\t\t<\/div>\n\t\t\t\t<\/div>\n\t\t\t\t<div class=\"elementor-element elementor-element-dec4b27 elementor-widget elementor-widget-image\" data-id=\"dec4b27\" data-element_type=\"widget\" data-e-type=\"widget\" data-widget_type=\"image.default\">\n\t\t\t\t<div class=\"elementor-widget-container\">\n\t\t\t\t\t\t\t\t\t\t\t\t\t\t\t<img fetchpriority=\"high\" decoding=\"async\" width=\"818\" height=\"356\" src=\"https:\/\/looketmedecine.fr\/wp-content\/uploads\/2024\/07\/Capture-decran-2024-07-23-a-14.22.26.png\" class=\"attachment-full size-full wp-image-22784\" alt=\"\" srcset=\"https:\/\/looketmedecine.fr\/wp-content\/uploads\/2024\/07\/Capture-decran-2024-07-23-a-14.22.26.png 818w, https:\/\/looketmedecine.fr\/wp-content\/uploads\/2024\/07\/Capture-decran-2024-07-23-a-14.22.26-300x131.png 300w, https:\/\/looketmedecine.fr\/wp-content\/uploads\/2024\/07\/Capture-decran-2024-07-23-a-14.22.26-768x334.png 768w, https:\/\/looketmedecine.fr\/wp-content\/uploads\/2024\/07\/Capture-decran-2024-07-23-a-14.22.26-18x8.png 18w\" sizes=\"(max-width: 818px) 100vw, 818px\" \/>\t\t\t\t\t\t\t\t\t\t\t\t\t\t\t<\/div>\n\t\t\t\t<\/div>\n\t\t\t\t<div class=\"elementor-element elementor-element-4219eaa elementor-widget elementor-widget-image\" data-id=\"4219eaa\" data-element_type=\"widget\" data-e-type=\"widget\" data-widget_type=\"image.default\">\n\t\t\t\t<div class=\"elementor-widget-container\">\n\t\t\t\t\t\t\t\t\t\t\t\t\t\t\t<img decoding=\"async\" width=\"800\" height=\"333\" src=\"https:\/\/looketmedecine.fr\/wp-content\/uploads\/2024\/07\/Capture-decran-2024-07-23-a-14.23.19.png\" class=\"attachment-large size-large wp-image-22788\" alt=\"\" srcset=\"https:\/\/looketmedecine.fr\/wp-content\/uploads\/2024\/07\/Capture-decran-2024-07-23-a-14.23.19.png 818w, https:\/\/looketmedecine.fr\/wp-content\/uploads\/2024\/07\/Capture-decran-2024-07-23-a-14.23.19-300x125.png 300w, https:\/\/looketmedecine.fr\/wp-content\/uploads\/2024\/07\/Capture-decran-2024-07-23-a-14.23.19-768x319.png 768w, https:\/\/looketmedecine.fr\/wp-content\/uploads\/2024\/07\/Capture-decran-2024-07-23-a-14.23.19-18x7.png 18w\" sizes=\"(max-width: 800px) 100vw, 800px\" \/>\t\t\t\t\t\t\t\t\t\t\t\t\t\t\t<\/div>\n\t\t\t\t<\/div>\n\t\t\t\t<div class=\"elementor-element elementor-element-7500d15 elementor-widget elementor-widget-text-editor\" data-id=\"7500d15\" data-element_type=\"widget\" data-e-type=\"widget\" data-widget_type=\"text-editor.default\">\n\t\t\t\t<div class=\"elementor-widget-container\">\n\t\t\t\t\t\t\t\t\t<h4 class=\"p1\"><span style=\"color: #0000ff;\">La principale composante musculaire des l\u00e8vres est <strong>le muscle orbiculaire (orbicularis labii oris)<\/strong>, un grand muscle \u00e0 axe horizontal qui s\u2019\u00e9tend du bord libre de la l\u00e8vre sup\u00e9rieure \u00e0 la racine du nez et du bord de la l\u00e8vre inf\u00e9rieure au sillon labio-mentonnier <b>(Figure 2)<\/b>.<\/span><\/h4>\n<h2 class=\"p2\"><strong><span style=\"color: #0000ff;\">Anatomie vasculaire<\/span><\/strong><\/h2>\n<h4 class=\"p3\"><span style=\"color: #0000ff;\">L\u2019irrigation sanguine des l\u00e8vres est assur\u00e9e par des<strong> branches de l\u2019art\u00e8re faciale<\/strong>, qui na\u00eet de l\u2019art\u00e8re carotide externe. Il s\u2019agit de l\u2019art\u00e8re labiale inf\u00e9rieure qui alimente la l\u00e8vre inf\u00e9rieure et de l\u2019art\u00e8re labiale sup\u00e9rieure qui alimente la l\u00e8vre sup\u00e9rieure.\u00a0<\/span><\/h4>\n<h4 class=\"p3\"><span style=\"color: #0000ff;\"><strong>La bifurcation entre l\u2019art\u00e8re faciale et l\u2019art\u00e8re labiale sup\u00e9rieure<\/strong> est situ\u00e9e \u00e0 8 mm de la commissure lat\u00e9rale, de sorte qu\u2019elle d\u00e9passe la limite entre la zone humide et la zone s\u00e8che.<\/span><\/h4>\n<h4 class=\"p3\"><span style=\"color: #0000ff;\"><strong>Leur trajet est:<\/strong><\/span><\/h4>\n<ol>\n<li class=\"p3\">\n<h4><strong><span style=\"color: #0000ff;\">g\u00e9n\u00e9ralement sous-muqueux, derri\u00e8re le muscle orbiculaire : <\/span><span style=\"color: #0000ff;\">60-80 % <\/span><\/strong><\/h4>\n<\/li>\n<li class=\"p3\">\n<h4><strong><span style=\"color: #0000ff;\">mais il peut y avoir des variantes anatomiques intramusculaires : 18-36 % <\/span><\/strong><\/h4>\n<\/li>\n<li class=\"p3\">\n<h4><strong><span style=\"color: #0000ff;\">et sous-cutan\u00e9es : 2-5 % (Figure 3<i>A<\/i>, Figure 3<i>B<\/i>).<\/span><\/strong><\/h4>\n<\/li>\n<\/ol>\t\t\t\t\t\t\t\t<\/div>\n\t\t\t\t<\/div>\n\t\t\t\t<div class=\"elementor-element elementor-element-403d282 elementor-widget elementor-widget-image\" data-id=\"403d282\" data-element_type=\"widget\" data-e-type=\"widget\" data-widget_type=\"image.default\">\n\t\t\t\t<div class=\"elementor-widget-container\">\n\t\t\t\t\t\t\t\t\t\t\t\t\t\t\t<img decoding=\"async\" width=\"816\" height=\"480\" src=\"https:\/\/looketmedecine.fr\/wp-content\/uploads\/2024\/07\/Capture-decran-2024-07-23-a-14.25.58.png\" class=\"attachment-full size-full wp-image-22789\" alt=\"\" srcset=\"https:\/\/looketmedecine.fr\/wp-content\/uploads\/2024\/07\/Capture-decran-2024-07-23-a-14.25.58.png 816w, https:\/\/looketmedecine.fr\/wp-content\/uploads\/2024\/07\/Capture-decran-2024-07-23-a-14.25.58-300x176.png 300w, https:\/\/looketmedecine.fr\/wp-content\/uploads\/2024\/07\/Capture-decran-2024-07-23-a-14.25.58-768x452.png 768w, https:\/\/looketmedecine.fr\/wp-content\/uploads\/2024\/07\/Capture-decran-2024-07-23-a-14.25.58-18x12.png 18w\" sizes=\"(max-width: 816px) 100vw, 816px\" \/>\t\t\t\t\t\t\t\t\t\t\t\t\t\t\t<\/div>\n\t\t\t\t<\/div>\n\t\t\t\t<div class=\"elementor-element elementor-element-eb4047a elementor-widget elementor-widget-image\" data-id=\"eb4047a\" data-element_type=\"widget\" data-e-type=\"widget\" data-widget_type=\"image.default\">\n\t\t\t\t<div class=\"elementor-widget-container\">\n\t\t\t\t\t\t\t\t\t\t\t\t\t\t\t<img loading=\"lazy\" decoding=\"async\" width=\"1106\" height=\"570\" src=\"https:\/\/looketmedecine.fr\/wp-content\/uploads\/2024\/07\/Capture-decran-2024-07-23-a-14.28.28.png\" class=\"attachment-full size-full wp-image-22792\" alt=\"\" srcset=\"https:\/\/looketmedecine.fr\/wp-content\/uploads\/2024\/07\/Capture-decran-2024-07-23-a-14.28.28.png 1106w, https:\/\/looketmedecine.fr\/wp-content\/uploads\/2024\/07\/Capture-decran-2024-07-23-a-14.28.28-300x155.png 300w, https:\/\/looketmedecine.fr\/wp-content\/uploads\/2024\/07\/Capture-decran-2024-07-23-a-14.28.28-1024x528.png 1024w, https:\/\/looketmedecine.fr\/wp-content\/uploads\/2024\/07\/Capture-decran-2024-07-23-a-14.28.28-768x396.png 768w, https:\/\/looketmedecine.fr\/wp-content\/uploads\/2024\/07\/Capture-decran-2024-07-23-a-14.28.28-18x9.png 18w\" sizes=\"(max-width: 1106px) 100vw, 1106px\" \/>\t\t\t\t\t\t\t\t\t\t\t\t\t\t\t<\/div>\n\t\t\t\t<\/div>\n\t\t\t\t<div class=\"elementor-element elementor-element-e0c9681 elementor-widget elementor-widget-text-editor\" data-id=\"e0c9681\" data-element_type=\"widget\" data-e-type=\"widget\" data-widget_type=\"text-editor.default\">\n\t\t\t\t<div class=\"elementor-widget-container\">\n\t\t\t\t\t\t\t\t\t<h2 class=\"p2\"><strong><span style=\"color: #0000ff;\">Anatomie esth\u00e9tique<\/span><\/strong><\/h2>\n<h4 class=\"p3\"><span style=\"color: #0000ff;\">L\u2019id\u00e9e d\u2019une l\u00e8vre \u00ab id\u00e9ale \u00bb a \u00e9volu\u00e9 au fil du temps :<\/span><\/h4>\n<h4 class=\"p3\"><span style=\"color: #0000ff;\">1. une vision plus ancienne consid\u00e9rait que le rapport entre la l\u00e8vre sup\u00e9rieure et la l\u00e8vre inf\u00e9rieure \u00e9tait plus proche d\u2019un rapport de 1\/1,6,\u00a0<\/span><\/h4>\n<h4 class=\"p3\"><span style=\"color: #0000ff;\">2. tandis qu\u2019une vision plus moderne identifie la beaut\u00e9 \u00e0 un rapport id\u00e9al entre la l\u00e8vre sup\u00e9rieure et la l\u00e8vre inf\u00e9rieure de 1\/1 [4].<\/span><\/h4>\n<h4 class=\"p3\"><span style=\"color: #0000ff;\">De profil, la l\u00e8vre sup\u00e9rieure d\u00e9passe id\u00e9alement d\u2019environ 2 mm la l\u00e8vre inf\u00e9rieure, sur une ligne trac\u00e9e entre l\u2019\u00e9pine nasale et la pointe du menton <b>(Figure 4)<\/b>.<\/span><\/h4>\t\t\t\t\t\t\t\t<\/div>\n\t\t\t\t<\/div>\n\t\t\t\t<div class=\"elementor-element elementor-element-3e97cc3 elementor-widget elementor-widget-image\" data-id=\"3e97cc3\" data-element_type=\"widget\" data-e-type=\"widget\" data-widget_type=\"image.default\">\n\t\t\t\t<div class=\"elementor-widget-container\">\n\t\t\t\t\t\t\t\t\t\t\t\t\t\t\t<img loading=\"lazy\" decoding=\"async\" width=\"1092\" height=\"654\" src=\"https:\/\/looketmedecine.fr\/wp-content\/uploads\/2024\/07\/Capture-decran-2024-07-23-a-14.30.20.png\" class=\"attachment-full size-full wp-image-22793\" alt=\"\" srcset=\"https:\/\/looketmedecine.fr\/wp-content\/uploads\/2024\/07\/Capture-decran-2024-07-23-a-14.30.20.png 1092w, https:\/\/looketmedecine.fr\/wp-content\/uploads\/2024\/07\/Capture-decran-2024-07-23-a-14.30.20-300x180.png 300w, https:\/\/looketmedecine.fr\/wp-content\/uploads\/2024\/07\/Capture-decran-2024-07-23-a-14.30.20-1024x613.png 1024w, https:\/\/looketmedecine.fr\/wp-content\/uploads\/2024\/07\/Capture-decran-2024-07-23-a-14.30.20-768x460.png 768w, https:\/\/looketmedecine.fr\/wp-content\/uploads\/2024\/07\/Capture-decran-2024-07-23-a-14.30.20-18x12.png 18w\" sizes=\"(max-width: 1092px) 100vw, 1092px\" \/>\t\t\t\t\t\t\t\t\t\t\t\t\t\t\t<\/div>\n\t\t\t\t<\/div>\n\t\t\t\t<div class=\"elementor-element elementor-element-f9cfac6 elementor-widget elementor-widget-text-editor\" data-id=\"f9cfac6\" data-element_type=\"widget\" data-e-type=\"widget\" data-widget_type=\"text-editor.default\">\n\t\t\t\t<div class=\"elementor-widget-container\">\n\t\t\t\t\t\t\t\t\t<h2 class=\"p2\"><span style=\"color: #0000ff;\"><strong>Vieillissement labial<\/strong><\/span><\/h2>\n<h4 class=\"p3\"><span style=\"color: #0000ff;\">Plusieurs facteurs contribuent au vieillissement de la bouche, parmi lesquels :<\/span><\/h4>\n<ol>\n<li class=\"p4\">\n<h4><span style=\"color: #0000ff;\">l\u2019augmentation de la hauteur de la l\u00e8vre blanche sup\u00e9rieure due au rel\u00e2chement et \u00e0 la perte du support osseux et \u00e0 l\u2019atrophie du muscle orbiculaire ;<\/span><\/h4>\n<\/li>\n<li class=\"p4\">\n<h4><span style=\"color: #0000ff;\">le filtre s\u2019aplatit et s\u2019allonge ; perte de pro\u00e9minence de la l\u00e8vre rouge due \u00e0 l\u2019amincissement du vermillon ;<\/span><\/h4>\n<\/li>\n<li class=\"p4\">\n<h4><span style=\"color: #0000ff;\">r\u00e9duction de l\u2019arc de Cupidon ; apparition des rides du code-barres, due \u00e0 la diminution de l\u2019\u00e9lasticit\u00e9 de la peau combin\u00e9e aux contractions r\u00e9p\u00e9t\u00e9es du muscle orbiculaire ;<\/span><\/h4>\n<\/li>\n<li class=\"p4\">\n<h4><span style=\"color: #0000ff;\">l\u2019\u00e9largissement et l\u2019affaissement des coins.<\/span><\/h4>\n<\/li>\n<\/ol>\t\t\t\t\t\t\t\t<\/div>\n\t\t\t\t<\/div>\n\t\t\t\t<div class=\"elementor-element elementor-element-db86050 elementor-widget elementor-widget-heading\" data-id=\"db86050\" data-element_type=\"widget\" data-e-type=\"widget\" data-widget_type=\"heading.default\">\n\t\t\t\t<div class=\"elementor-widget-container\">\n\t\t\t\t\t<h2 class=\"elementor-heading-title elementor-size-default\">QUELLES SONT LES INDICATIONS ESTH\u00c9TIQUES ?<\/h2>\t\t\t\t<\/div>\n\t\t\t\t<\/div>\n\t\t\t\t<div class=\"elementor-element elementor-element-0b86594 elementor-widget elementor-widget-text-editor\" data-id=\"0b86594\" data-element_type=\"widget\" data-e-type=\"widget\" data-widget_type=\"text-editor.default\">\n\t\t\t\t<div class=\"elementor-widget-container\">\n\t\t\t\t\t\t\t\t\t<h4 class=\"p1\"><span style=\"color: #0000ff;\">L\u2019embellissement et le rajeunissement des l\u00e8vres constituent une demande croissante en m\u00e9decine\/ chirurgie esth\u00e9tique. L\u2019anamn\u00e8se de la patiente et la compr\u00e9hension de ses besoins sont d\u2019une importance fondamentale. Nous pouvons intervenir \u00e0 plusieurs niveaux :<\/span><\/h4>\n<ul>\n<li class=\"p2\">\n<h4><span style=\"color: #0000ff;\">hydratation<\/span><\/h4>\n<\/li>\n<li class=\"p2\">\n<h4><span style=\"color: #0000ff;\">restauration du contour des l\u00e8vres<\/span><\/h4>\n<\/li>\n<li class=\"p2\">\n<h4><span style=\"color: #0000ff;\">redonner du volume<\/span><\/h4>\n<\/li>\n<\/ul>\n<h4 class=\"p1\"><span style=\"color: #0000ff;\">Il existe diff\u00e9rents proc\u00e9d\u00e9s, le plus classique et le plus populaire \u00e9tant l\u2019injection d\u2019acide hyaluronique, dont la technique varie en fonction du r\u00e9sultat souhait\u00e9.<\/span><\/h4>\n<h2 class=\"p4\"><strong><span style=\"color: #0000ff;\"><span class=\"s1\">\u2588 <\/span>La technique <span class=\"s2\">\u00ab\u00a0<\/span>French touch<span class=\"s2\">\u00a0\u00bb <\/span><\/span><\/strong><\/h2>\n<h4 class=\"p1\"><span style=\"color: #0000ff;\">Cette technique vise avant tout un r\u00e9sultat naturel, discret et \u00e9l\u00e9gant, mettant en valeur ses caract\u00e9ristiques sans en alt\u00e9rer l\u2019aspect.<\/span><\/h4>\n<ol>\n<li class=\"p6\">\n<h4><span style=\"color: #0000ff;\">Un bon terrain: pas de maladies auto-immunes<\/span><\/h4>\n<\/li>\n<li class=\"p6\">\n<h4><span style=\"color: #0000ff;\">\u00e9viter les injections dans des produits non r\u00e9sorbables<\/span><\/h4>\n<\/li>\n<li class=\"p2\">\n<h4><span style=\"color: #0000ff;\">utiliser la hyaluronidase pour dissoudre l\u2019acide hyaluronique d\u00e9j\u00e0 pr\u00e9sent<\/span><\/h4>\n<\/li>\n<li class=\"p2\">\n<h4><span style=\"color: #0000ff;\">Utiliser en priorit\u00e9 des canules de calibre inf\u00e9rieur ou \u00e9gal \u00e0 25G pour minimiser les risques vasculaires.<\/span><\/h4>\n<\/li>\n<li class=\"p2\">\n<h4><span style=\"color: #0000ff;\">Une bonne d\u00e9sinfection et l\u2019utilisation de gants<\/span><\/h4>\n<\/li>\n<li class=\"p2\">\n<h4><span style=\"color: #0000ff;\">Des anesth\u00e9siques locaux en cr\u00e8me ou des anesth\u00e9siques tronculaires peuvent \u00eatre appliqu\u00e9s.<\/span><\/h4>\n<\/li>\n<li class=\"p2\">\n<h4><span style=\"color: #0000ff;\">Respect de la morphologie et de l\u2019\u00e9l\u00e9gance La d\u00e9finition de la ligne cutan\u00e9o-muqueuse d\u00e9pend de la l\u00e8vre rouge<\/span><\/h4>\n<\/li>\n<li class=\"p2\">\n<h4><span style=\"color: #0000ff;\">La l\u00e8vre sup\u00e9rieure moins charnue que l\u2019inf\u00e9rieure<\/span><\/h4>\n<\/li>\n<li class=\"p2\">\n<h4><span style=\"color: #0000ff;\">Une d\u00e9pression de la l\u00e8vre sup\u00e9rieure sur la l\u00e8vre inf\u00e9rieure de &lt; 3 mm<\/span><\/h4>\n<\/li>\n<\/ol>\t\t\t\t\t\t\t\t<\/div>\n\t\t\t\t<\/div>\n\t\t\t\t<div class=\"elementor-element elementor-element-44e749d elementor-widget elementor-widget-heading\" data-id=\"44e749d\" data-element_type=\"widget\" data-e-type=\"widget\" data-widget_type=\"heading.default\">\n\t\t\t\t<div class=\"elementor-widget-container\">\n\t\t\t\t\t<h2 class=\"elementor-heading-title elementor-size-default\">QUELS SONT LES DOMAINES DANS LESQUELS NOUS FAISONS DES INJECTIONS ?<\/h2>\t\t\t\t<\/div>\n\t\t\t\t<\/div>\n\t\t\t\t<div class=\"elementor-element elementor-element-b01cdbe elementor-widget elementor-widget-text-editor\" data-id=\"b01cdbe\" data-element_type=\"widget\" data-e-type=\"widget\" data-widget_type=\"text-editor.default\">\n\t\t\t\t<div class=\"elementor-widget-container\">\n\t\t\t\t\t\t\t\t\t<h2 class=\"p2\"><strong><span style=\"color: #0000ff;\">1. L\u2019arc de Cupidon et la bordure (ligne entre la l\u00e8vre rouge et la l\u00e8vre blanche)<\/span><\/strong><\/h2>\n<h4 class=\"p3\"><span style=\"color: #0000ff;\">L\u2019objectif est de red\u00e9finir les structures anatomiques et de donner de la sensualit\u00e9 \u00e0 la l\u00e8vre.<\/span><\/h4>\n<h4 class=\"p1\"><span style=\"color: #0000ff;\">L\u2019injection de l\u2019arc de cupidon se fera \u00e0 l\u2019aide d\u2019une aiguille ins\u00e9r\u00e9e au niveau de la cr\u00eate du filtre et avec une injection r\u00e9trograde <b>(Figure 5)<\/b>.<\/span><\/h4>\t\t\t\t\t\t\t\t<\/div>\n\t\t\t\t<\/div>\n\t\t\t\t<div class=\"elementor-element elementor-element-71c5aed elementor-widget elementor-widget-image\" data-id=\"71c5aed\" data-element_type=\"widget\" data-e-type=\"widget\" data-widget_type=\"image.default\">\n\t\t\t\t<div class=\"elementor-widget-container\">\n\t\t\t\t\t\t\t\t\t\t\t\t\t\t\t<img loading=\"lazy\" decoding=\"async\" width=\"1100\" height=\"476\" src=\"https:\/\/looketmedecine.fr\/wp-content\/uploads\/2024\/07\/Capture-decran-2024-07-23-a-15.03.40.png\" class=\"attachment-full size-full wp-image-22804\" alt=\"\" srcset=\"https:\/\/looketmedecine.fr\/wp-content\/uploads\/2024\/07\/Capture-decran-2024-07-23-a-15.03.40.png 1100w, https:\/\/looketmedecine.fr\/wp-content\/uploads\/2024\/07\/Capture-decran-2024-07-23-a-15.03.40-300x130.png 300w, https:\/\/looketmedecine.fr\/wp-content\/uploads\/2024\/07\/Capture-decran-2024-07-23-a-15.03.40-1024x443.png 1024w, https:\/\/looketmedecine.fr\/wp-content\/uploads\/2024\/07\/Capture-decran-2024-07-23-a-15.03.40-768x332.png 768w, https:\/\/looketmedecine.fr\/wp-content\/uploads\/2024\/07\/Capture-decran-2024-07-23-a-15.03.40-18x8.png 18w\" sizes=\"(max-width: 1100px) 100vw, 1100px\" \/>\t\t\t\t\t\t\t\t\t\t\t\t\t\t\t<\/div>\n\t\t\t\t<\/div>\n\t\t\t\t<div class=\"elementor-element elementor-element-7b09346 elementor-widget elementor-widget-text-editor\" data-id=\"7b09346\" data-element_type=\"widget\" data-e-type=\"widget\" data-widget_type=\"text-editor.default\">\n\t\t\t\t<div class=\"elementor-widget-container\">\n\t\t\t\t\t\t\t\t\t<h4 class=\"p1\"><span style=\"color: #0000ff;\">Une canule sera utilis\u00e9e pour redessiner la ligne cutan\u00e9o-muqueuse.<\/span><\/h4>\n<h4 class=\"p1\"><span style=\"color: #0000ff;\">La canule sera introduite par les commissures labiales et le produit sera inject\u00e9 de mani\u00e8re r\u00e9trograde sur tout le bord en prenant soin de rester du c\u00f4t\u00e9 de la l\u00e8vre rouge et en \u00e9vitant la zone centrale pour \u00e9viter l\u2019aspect dit \u00ab bouche de canard \u00bb, qui se manifeste par un gonflement ou une migration du produit au niveau de la l\u00e8vre blanche\u00a0<b>(Figure 6)<\/b>.<\/span><\/h4>\n<h4 class=\"p1\"><span style=\"color: #0000ff;\">Le bord de la l\u00e8vre inf\u00e9rieure est souvent \u00e9pargn\u00e9.<\/span><\/h4>\t\t\t\t\t\t\t\t<\/div>\n\t\t\t\t<\/div>\n\t\t\t\t<div class=\"elementor-element elementor-element-6711e7e elementor-widget elementor-widget-image\" data-id=\"6711e7e\" data-element_type=\"widget\" data-e-type=\"widget\" data-widget_type=\"image.default\">\n\t\t\t\t<div class=\"elementor-widget-container\">\n\t\t\t\t\t\t\t\t\t\t\t\t\t\t\t<img loading=\"lazy\" decoding=\"async\" width=\"1102\" height=\"474\" src=\"https:\/\/looketmedecine.fr\/wp-content\/uploads\/2024\/07\/Capture-decran-2024-07-23-a-15.04.10.png\" class=\"attachment-full size-full wp-image-22808\" alt=\"\" srcset=\"https:\/\/looketmedecine.fr\/wp-content\/uploads\/2024\/07\/Capture-decran-2024-07-23-a-15.04.10.png 1102w, https:\/\/looketmedecine.fr\/wp-content\/uploads\/2024\/07\/Capture-decran-2024-07-23-a-15.04.10-300x129.png 300w, https:\/\/looketmedecine.fr\/wp-content\/uploads\/2024\/07\/Capture-decran-2024-07-23-a-15.04.10-1024x440.png 1024w, https:\/\/looketmedecine.fr\/wp-content\/uploads\/2024\/07\/Capture-decran-2024-07-23-a-15.04.10-768x330.png 768w, https:\/\/looketmedecine.fr\/wp-content\/uploads\/2024\/07\/Capture-decran-2024-07-23-a-15.04.10-18x8.png 18w\" sizes=\"(max-width: 1102px) 100vw, 1102px\" \/>\t\t\t\t\t\t\t\t\t\t\t\t\t\t\t<\/div>\n\t\t\t\t<\/div>\n\t\t\t\t<div class=\"elementor-element elementor-element-5852c73 elementor-widget elementor-widget-text-editor\" data-id=\"5852c73\" data-element_type=\"widget\" data-e-type=\"widget\" data-widget_type=\"text-editor.default\">\n\t\t\t\t<div class=\"elementor-widget-container\">\n\t\t\t\t\t\t\t\t\t<h2 class=\"p2\"><span style=\"color: #0000ff;\"><strong>Corps de la l\u00e8vre<\/strong><\/span><\/h2>\n<h4 class=\"p3\"><span style=\"color: #0000ff;\">Afin de redonner du volume \u00e0 la l\u00e8vre sup\u00e9rieure, une injection est r\u00e9alis\u00e9e \u00e0 la canule le long de la muqueuse s\u00e8che de la l\u00e8vre rouge, et un deuxi\u00e8me passage facultatif est r\u00e9alis\u00e9 \u00e0 la jonction l\u00e8vre s\u00e8che\/ l\u00e8vre humide.<\/span><\/h4>\n<h4 class=\"p3\"><span style=\"color: #0000ff;\"><strong>La l\u00e8vre humide<\/strong> doit toujours \u00eatre \u00e9pargn\u00e9e en raison du risque de diapneusis, tr\u00e8s inesth\u00e9tique.<\/span><\/h4>\n<h4 class=\"p1\"><span style=\"color: #0000ff;\"><strong>Pour la l\u00e8vre inf\u00e9rieure,<\/strong> la canule sera ins\u00e9r\u00e9e sous la muqueuse par le m\u00eame orifice que celui qui a \u00e9t\u00e9 perc\u00e9 pr\u00e9c\u00e9demment et souvent une seule injection r\u00e9trograde dans la muqueuse s\u00e8che suffira <b>(Figure 7)<\/b>.<\/span><\/h4>\t\t\t\t\t\t\t\t<\/div>\n\t\t\t\t<\/div>\n\t\t\t\t<div class=\"elementor-element elementor-element-7371863 elementor-widget elementor-widget-image\" data-id=\"7371863\" data-element_type=\"widget\" data-e-type=\"widget\" data-widget_type=\"image.default\">\n\t\t\t\t<div class=\"elementor-widget-container\">\n\t\t\t\t\t\t\t\t\t\t\t\t\t\t\t<img loading=\"lazy\" decoding=\"async\" width=\"1100\" height=\"480\" src=\"https:\/\/looketmedecine.fr\/wp-content\/uploads\/2024\/07\/Capture-decran-2024-07-23-a-15.09.01.png\" class=\"attachment-full size-full wp-image-22813\" alt=\"\" srcset=\"https:\/\/looketmedecine.fr\/wp-content\/uploads\/2024\/07\/Capture-decran-2024-07-23-a-15.09.01.png 1100w, https:\/\/looketmedecine.fr\/wp-content\/uploads\/2024\/07\/Capture-decran-2024-07-23-a-15.09.01-300x131.png 300w, https:\/\/looketmedecine.fr\/wp-content\/uploads\/2024\/07\/Capture-decran-2024-07-23-a-15.09.01-1024x447.png 1024w, https:\/\/looketmedecine.fr\/wp-content\/uploads\/2024\/07\/Capture-decran-2024-07-23-a-15.09.01-768x335.png 768w, https:\/\/looketmedecine.fr\/wp-content\/uploads\/2024\/07\/Capture-decran-2024-07-23-a-15.09.01-18x8.png 18w\" sizes=\"(max-width: 1100px) 100vw, 1100px\" \/>\t\t\t\t\t\t\t\t\t\t\t\t\t\t\t<\/div>\n\t\t\t\t<\/div>\n\t\t\t\t<div class=\"elementor-element elementor-element-544ba84 elementor-widget elementor-widget-text-editor\" data-id=\"544ba84\" data-element_type=\"widget\" data-e-type=\"widget\" data-widget_type=\"text-editor.default\">\n\t\t\t\t<div class=\"elementor-widget-container\">\n\t\t\t\t\t\t\t\t\t<h4 class=\"p1\"><span style=\"color: #0000ff;\">La quantit\u00e9 d\u2019AH inject\u00e9e avec la technique \u00ab\u00a0French touch\u00a0\u00bb est faible et se r\u00e9partit g\u00e9n\u00e9ralement comme suit :<\/span><\/h4>\n<ol>\n<li class=\"p2\">\n<h4><span style=\"color: #0000ff;\">L\u2019arc de Cupidon: quelques gouttes<\/span><\/h4>\n<\/li>\n<li class=\"p2\">\n<h4><span style=\"color: #0000ff;\">Vermillon: 0,1 ml par demi-l\u00e8vre sup\u00e9rieure<\/span><\/h4>\n<\/li>\n<li class=\"p2\">\n<h4><span style=\"color: #0000ff;\">L\u00e8vre rouge : 0,1 ml pour la demi-l\u00e8vre sup\u00e9rieure et 0,2 ml pour la demi-l\u00e8vre inf\u00e9rieure (Figure 8).<\/span><\/h4>\n<\/li>\n<\/ol>\t\t\t\t\t\t\t\t<\/div>\n\t\t\t\t<\/div>\n\t\t\t\t<div class=\"elementor-element elementor-element-9f7606b elementor-widget elementor-widget-image\" data-id=\"9f7606b\" data-element_type=\"widget\" data-e-type=\"widget\" data-widget_type=\"image.default\">\n\t\t\t\t<div class=\"elementor-widget-container\">\n\t\t\t\t\t\t\t\t\t\t\t\t\t\t\t<img loading=\"lazy\" decoding=\"async\" width=\"1102\" height=\"468\" src=\"https:\/\/looketmedecine.fr\/wp-content\/uploads\/2024\/07\/Capture-decran-2024-07-23-a-15.09.08.png\" class=\"attachment-full size-full wp-image-22817\" alt=\"\" srcset=\"https:\/\/looketmedecine.fr\/wp-content\/uploads\/2024\/07\/Capture-decran-2024-07-23-a-15.09.08.png 1102w, https:\/\/looketmedecine.fr\/wp-content\/uploads\/2024\/07\/Capture-decran-2024-07-23-a-15.09.08-300x127.png 300w, https:\/\/looketmedecine.fr\/wp-content\/uploads\/2024\/07\/Capture-decran-2024-07-23-a-15.09.08-1024x435.png 1024w, https:\/\/looketmedecine.fr\/wp-content\/uploads\/2024\/07\/Capture-decran-2024-07-23-a-15.09.08-768x326.png 768w, https:\/\/looketmedecine.fr\/wp-content\/uploads\/2024\/07\/Capture-decran-2024-07-23-a-15.09.08-18x8.png 18w\" sizes=\"(max-width: 1102px) 100vw, 1102px\" \/>\t\t\t\t\t\t\t\t\t\t\t\t\t\t\t<\/div>\n\t\t\t\t<\/div>\n\t\t\t\t<div class=\"elementor-element elementor-element-b06a261 elementor-widget elementor-widget-heading\" data-id=\"b06a261\" data-element_type=\"widget\" data-e-type=\"widget\" data-widget_type=\"heading.default\">\n\t\t\t\t<div class=\"elementor-widget-container\">\n\t\t\t\t\t<h2 class=\"elementor-heading-title elementor-size-default\">QUEL PRODUIT CHOISIR ?<\/h2>\t\t\t\t<\/div>\n\t\t\t\t<\/div>\n\t\t\t\t<div class=\"elementor-element elementor-element-6605038 elementor-widget elementor-widget-text-editor\" data-id=\"6605038\" data-element_type=\"widget\" data-e-type=\"widget\" data-widget_type=\"text-editor.default\">\n\t\t\t\t<div class=\"elementor-widget-container\">\n\t\t\t\t\t\t\t\t\t<h4 class=\"p1\"><span style=\"color: #0000ff;\">L\u2019injection d\u2019acide hyaluronique est actuellement la m\u00e9thode de r\u00e9f\u00e9rence pour l\u2019embellissement des l\u00e8vres.<\/span><\/h4>\n<h4 class=\"p1\"><span style=\"color: #0000ff;\">En ce qui concerne les produits de comblement des l\u00e8vres, tous les acides hyaluroniques (AH) ne se valent pas.<\/span><\/h4>\n<ol>\n<li class=\"p1\">\n<h4><span style=\"color: #0000ff;\">Les AH peuvent \u00eatre d\u00e9finis par 3 propri\u00e9t\u00e9s rh\u00e9ologiques que sont <span style=\"color: #800080;\">la viscosit\u00e9, l\u2019\u00e9lasticit\u00e9 et la coh\u00e9sion,<\/span> qui vont d\u00e9terminer leur r\u00e9sistance \u00e0 la d\u00e9formation lors des contraintes m\u00e9caniques.\u00a0<\/span><\/h4>\n<\/li>\n<li class=\"p1\">\n<h4><span style=\"color: #0000ff;\"><span style=\"color: #800080;\">La viscosit\u00e9 et l\u2019\u00e9lasticit\u00e9<\/span> se r\u00e9f\u00e8rent \u00e0 la r\u00e9sistance et la d\u00e9formation dans le plan horizontal (cisaillement lat\u00e9ral ou torsion), <\/span><\/h4>\n<\/li>\n<li class=\"p1\">\n<h4><span style=\"color: #0000ff;\"><span style=\"color: #800080;\">tandis que la coh\u00e9sion<\/span> d\u00e9finit la r\u00e9sistance dans le plan vertical (compression\/\u00e9longation) [5].\u00a0<\/span><\/h4>\n<\/li>\n<\/ol>\n<h4 class=\"p1\"><span style=\"color: #0000ff;\">D\u2019un point de vue pratique en ce qui concerne les injections dans les l\u00e8vres, l\u2019AH \u00e9tant soumis \u00e0 des pressions m\u00e9caniques consid\u00e9rables dues aux mouvements de la parole et de la mastication, il faut choisir : <\/span><\/h4>\n<h4 class=\"p1\"><span style=\"color: #800080;\"><span class=\"s1\">\u2014 <\/span>un produit souple et facile \u00e0 modeler (avec un G\u2019 moyen\/faible) ;<\/span><\/h4>\n<h4 class=\"p1\"><span style=\"color: #800080;\"> <span class=\"s1\">\u2014 <\/span>une coh\u00e9sion moyenne\/faible pour l\u2019injecter facilement tout en lui donnant de la projection et du volume ; <\/span><\/h4>\n<h4 class=\"p1\"><span style=\"color: #800080;\"><span class=\"s1\">\u2014 <\/span>une faible hydrophilie pour \u00e9viter l\u2019oed\u00e8me post-traitement. <\/span><\/h4>\n<h4 class=\"p1\"><span style=\"color: #0000ff;\"><span style=\"color: #800080;\">Le laboratoire Vivacy <\/span>a d\u00e9velopp\u00e9 deux produits id\u00e9aux pour le traitement des l\u00e8vres et largement utilis\u00e9s pour la technique du <span style=\"color: #800080;\">\u00ab\u00a0French touch\u00a0\u00bb.<\/span><\/span><\/h4>\n<h4 class=\"p2\"><span style=\"color: #0000ff;\"><span style=\"color: #800080;\">Vivacy Lips<span class=\"s2\">\u00a9<\/span>,<\/span> id\u00e9al pour d\u00e9finir les contours buccaux, pour hydrater et pour tous les patients qui souhaitent un effet l\u00e9ger et naturel.<\/span><\/h4>\n<h4 class=\"p3\"><span style=\"color: #0000ff;\"><span style=\"color: #800080;\">Vivacy Lips Plus<span class=\"s2\">\u00a9<\/span>,<\/span> particuli\u00e8rement indiqu\u00e9 pour restaurer les volumes et donner un effet repulpant plus prononc\u00e9 et plus durable.<\/span><\/h4>\t\t\t\t\t\t\t\t<\/div>\n\t\t\t\t<\/div>\n\t\t\t\t<div class=\"elementor-element elementor-element-c1bddb2 elementor-widget elementor-widget-heading\" data-id=\"c1bddb2\" data-element_type=\"widget\" data-e-type=\"widget\" data-widget_type=\"heading.default\">\n\t\t\t\t<div class=\"elementor-widget-container\">\n\t\t\t\t\t<h2 class=\"elementor-heading-title elementor-size-default\">CONCLUSION<\/h2>\t\t\t\t<\/div>\n\t\t\t\t<\/div>\n\t\t\t\t<div class=\"elementor-element elementor-element-b4ac71d elementor-widget elementor-widget-text-editor\" data-id=\"b4ac71d\" data-element_type=\"widget\" data-e-type=\"widget\" data-widget_type=\"text-editor.default\">\n\t\t\t\t<div class=\"elementor-widget-container\">\n\t\t\t\t\t\t\t\t\t<h4 class=\"p1\"><span style=\"color: #0000ff;\">Les l\u00e8vres sont un \u00e9l\u00e9ment fondamental de la beaut\u00e9 d\u2019un visage et les injections d\u2019acide hyaluronique sont aujourd\u2019hui le traitement esth\u00e9tique le plus demand\u00e9 par les patients. <\/span><\/h4>\n<h4 class=\"p1\"><span style=\"color: #0000ff;\">La technique du \u00ab\u00a0French touch\u00a0\u00bb permet de d\u00e9finir, d\u2019hydrater et de repulper les l\u00e8vres sans en d\u00e9former la forme et en garantissant un effet \u00e9l\u00e9gant et naturel tr\u00e8s appr\u00e9ci\u00e9 par les patients qui souhaitent redonner de l\u2019harmonie \u00e0 leur visage.<\/span><\/h4>\t\t\t\t\t\t\t\t<\/div>\n\t\t\t\t<\/div>\n\t\t\t\t<div class=\"elementor-element elementor-element-60ceb97 elementor-widget elementor-widget-heading\" data-id=\"60ceb97\" data-element_type=\"widget\" data-e-type=\"widget\" data-widget_type=\"heading.default\">\n\t\t\t\t<div class=\"elementor-widget-container\">\n\t\t\t\t\t<h2 class=\"elementor-heading-title elementor-size-default\">BIBLIOGRAPHIE<\/h2>\t\t\t\t<\/div>\n\t\t\t\t<\/div>\n\t\t\t\t<div class=\"elementor-element elementor-element-3bd6198 elementor-widget elementor-widget-text-editor\" data-id=\"3bd6198\" data-element_type=\"widget\" data-e-type=\"widget\" data-widget_type=\"text-editor.default\">\n\t\t\t\t<div class=\"elementor-widget-container\">\n\t\t\t\t\t\t\t\t\t<ol>\n<li>\n<h4><span style=\"color: #800080;\">Yarbus A.L. Eye movements and vision. New York: Plenum Press; 1967. Iperception. 2010; 1(1) : 7\u201327. Published online 2010 Jul 12. <span class=\"s1\">doi: 10.1068\/i0382 Benjamin W Tatler, Nicholas J Wade, Hoi Kwan, John M Findlay, and Boris M Velichkovsky<\/span>.<\/span><\/h4>\n<\/li>\n<li>\n<h4><span style=\"color: #800080;\">Beattie G. Red lips hold men\u2019s gaze longer than nude ones in the independent journal. University of Manchester. 2010 december. <span class=\"s1\">https:\/\/www.independent.co.uk\/life-style\/fashion\/red-lips-hold-men-s-gaze-longer-than-nude-ones-2150543. html <\/span><\/span><\/h4>\n<\/li>\n<li>\n<h4><span style=\"color: #800080;\">Sieber D.A., Scheuer J.F., Villanueva N.L. et al. Review of 3dimensional facial anatomy: injecting fillers and neuro modulators. Plast. Reconstr. Surg. Glob. Open. 2016 Dec; 4(12 Suppl): e1166. Published online 2016 Dec 14. <span class=\"s1\">doi: 10.1097\/ GOX.0000000000001166 <\/span><\/span><\/h4>\n<\/li>\n<li>\n<h4><span style=\"color: #800080;\">Perkins S.W., Sandel H.D. IV. Anatomic consideration, analysis, and the aging process of the perioral region. Facial Plast. Surg. Clin. North Am. 2007 Nov;15(4):403-7, v. <span class=\"s1\">doi: 10.1016\/j.fsc.2007.08.006<\/span>.<\/span><\/h4>\n<\/li>\n<li>\n<h4><span style=\"color: #800080;\">Billon R., Hersant B., Meningaud J.-P. Rh\u00e9ologie des acides hyaluroniques : principes fondamentaux et applications cliniques en rajeunissement. Facial Hyaluronic Acid Rheology: Basics and clinical applications in facial rejuvenation. Ann. Chir. Plast. Esthet. 2017 Jun; 62(3): 261-7. <span class=\"s1\">doi: 10.1016\/j.anplas.2016.12.002. Epub 2017 Jan 6<\/span>.<\/span><\/h4>\n<\/li>\n<\/ol>\t\t\t\t\t\t\t\t<\/div>\n\t\t\t\t<\/div>\n\t\t\t\t<div class=\"elementor-element elementor-element-c1e5c34 elementor-widget elementor-widget-image\" data-id=\"c1e5c34\" data-element_type=\"widget\" data-e-type=\"widget\" data-widget_type=\"image.default\">\n\t\t\t\t<div class=\"elementor-widget-container\">\n\t\t\t\t\t\t\t\t\t\t\t\t\t\t\t<img loading=\"lazy\" decoding=\"async\" width=\"1346\" height=\"1742\" src=\"https:\/\/looketmedecine.fr\/wp-content\/uploads\/2024\/07\/Capture-decran-2024-07-23-a-15.27.33.png\" class=\"attachment-full size-full wp-image-22836\" alt=\"\" srcset=\"https:\/\/looketmedecine.fr\/wp-content\/uploads\/2024\/07\/Capture-decran-2024-07-23-a-15.27.33.png 1346w, https:\/\/looketmedecine.fr\/wp-content\/uploads\/2024\/07\/Capture-decran-2024-07-23-a-15.27.33-232x300.png 232w, https:\/\/looketmedecine.fr\/wp-content\/uploads\/2024\/07\/Capture-decran-2024-07-23-a-15.27.33-791x1024.png 791w, https:\/\/looketmedecine.fr\/wp-content\/uploads\/2024\/07\/Capture-decran-2024-07-23-a-15.27.33-768x994.png 768w, https:\/\/looketmedecine.fr\/wp-content\/uploads\/2024\/07\/Capture-decran-2024-07-23-a-15.27.33-1187x1536.png 1187w, https:\/\/looketmedecine.fr\/wp-content\/uploads\/2024\/07\/Capture-decran-2024-07-23-a-15.27.33-9x12.png 9w\" sizes=\"(max-width: 1346px) 100vw, 1346px\" \/>\t\t\t\t\t\t\t\t\t\t\t\t\t\t\t<\/div>\n\t\t\t\t<\/div>\n\t\t\t\t\t<\/div>\n\t\t\t\t<\/div>\n\t\t\t\t<\/div>\n\t\t","protected":false},"excerpt":{"rendered":"<p>Les applications cliniques phares de l&rsquo;AH La sant\u00e9 esth\u00e9tique du visage et l\u2019AH LA TECHNIQUE \u00ab\u00a0FRENCH TOUCH POUR EMBELLIR LES L\u00c8VRES Dr Giulia ARGENTINO, Pr Barbara HERSANT MD, PhD. H\u00f4pital Henri Mondor, Cr\u00e9teil. INTRODUCTION Les l\u00e8vres sont des \u00e9l\u00e9ments essentiels du visage, elles forment avec les yeux et le nez le triangle de beaut\u00e9 qui [&hellip;]<\/p>\n","protected":false},"author":2,"featured_media":22773,"comment_status":"closed","ping_status":"closed","sticky":false,"template":"","format":"standard","meta":{"_acf_changed":false,"footnotes":""},"categories":[156],"tags":[361,357],"auteur":[390,460],"mots-cles":[],"class_list":["post-22770","post","type-post","status-publish","format-standard","has-post-thumbnail","hentry","category-procedures-therapeutiques-fr","tag-lm2-2024-procedures-therapeutiques","tag-lm2-2024-replay","auteur-barbara-hersant","auteur-giulia-argentino"],"acf":[],"yoast_head":"<!-- This site is optimized with the Yoast SEO plugin v27.5 - https:\/\/yoast.com\/product\/yoast-seo-wordpress\/ -->\n<title>LM N\u00b02\/ 2024.LES APPLICATIONS CLINIQUES PHARES DE L\u2019AH. La sant\u00e9 esth\u00e9tique du visage et l\u2019AH.\u00a0LA TECHNIQUE &quot;FRENCH TOUCH&quot; POUR EMBELLIR LES L\u00c8VRES. Dr Giulia ARGENTINO., Pr Barbara HERSANT MD, PhD.\u00a0 - Revue fran\u00e7aise N\u00b01 pour la recherche en sant\u00e9 esth\u00e9tique<\/title>\n<meta name=\"description\" content=\"Les l\u00e8vres sont des \u00e9l\u00e9ments essentiels du visage, elles forment avec les yeux et le nez le triangle de beaut\u00e9 qui d\u00e9finit la sensualit\u00e9 et l\u2019attractivit\u00e9 d\u2019une personne [1].Au fil des ann\u00e9es et sous l\u2019influence croissante des r\u00e9seaux sociaux, nous assistons \u00e0 une demande croissante d\u2019embellissement de cette zone anatomique.Une \u00e9tude sociologique publi\u00e9e en 2010 par le Dr Beatti de l\u2019universit\u00e9 de Manchester a montr\u00e9 qu\u2019au cours des 10 premi\u00e8res secondes d\u2019une rencontre, une personne passe 60 % du temps \u00e0 regarder la bouche [2].\" \/>\n<meta name=\"robots\" content=\"index, follow, max-snippet:-1, max-image-preview:large, max-video-preview:-1\" \/>\n<link rel=\"canonical\" href=\"https:\/\/looketmedecine.fr\/en\/wp-json\/wp\/v2\/posts\/22770\" \/>\n<meta property=\"og:locale\" content=\"en_US\" \/>\n<meta property=\"og:type\" content=\"article\" \/>\n<meta property=\"og:title\" content=\"LM N\u00b02\/ 2024.LES APPLICATIONS CLINIQUES PHARES DE L\u2019AH. La sant\u00e9 esth\u00e9tique du visage et l\u2019AH.\u00a0LA TECHNIQUE &quot;FRENCH TOUCH&quot; POUR EMBELLIR LES L\u00c8VRES. Dr Giulia ARGENTINO., Pr Barbara HERSANT MD, PhD.\u00a0 - Revue fran\u00e7aise N\u00b01 pour la recherche en sant\u00e9 esth\u00e9tique\" \/>\n<meta property=\"og:description\" content=\"Les l\u00e8vres sont des \u00e9l\u00e9ments essentiels du visage, elles forment avec les yeux et le nez le triangle de beaut\u00e9 qui d\u00e9finit la sensualit\u00e9 et l\u2019attractivit\u00e9 d\u2019une personne [1].Au fil des ann\u00e9es et sous l\u2019influence croissante des r\u00e9seaux sociaux, nous assistons \u00e0 une demande croissante d\u2019embellissement de cette zone anatomique.Une \u00e9tude sociologique publi\u00e9e en 2010 par le Dr Beatti de l\u2019universit\u00e9 de Manchester a montr\u00e9 qu\u2019au cours des 10 premi\u00e8res secondes d\u2019une rencontre, une personne passe 60 % du temps \u00e0 regarder la bouche [2].\" \/>\n<meta property=\"og:url\" content=\"https:\/\/looketmedecine.fr\/en\/11-les-applications-cliniques-phares-de-lah-la-sante-esthetique-du-visage-et-lah\/\" \/>\n<meta property=\"og:site_name\" content=\"Revue fran\u00e7aise N\u00b01 pour la recherche en sant\u00e9 esth\u00e9tique\" \/>\n<meta property=\"article:publisher\" content=\"https:\/\/www.facebook.com\/looketmedecine.magazine\/\" \/>\n<meta property=\"article:published_time\" content=\"2024-07-23T12:09:34+00:00\" \/>\n<meta property=\"article:modified_time\" content=\"2024-10-06T10:24:07+00:00\" \/>\n<meta property=\"og:image\" content=\"https:\/\/looketmedecine.fr\/wp-content\/uploads\/2024\/07\/Capture-decran-2024-07-23-a-14.11.46.png\" \/>\n\t<meta property=\"og:image:width\" content=\"558\" \/>\n\t<meta property=\"og:image:height\" content=\"350\" \/>\n\t<meta property=\"og:image:type\" content=\"image\/png\" \/>\n<meta name=\"author\" content=\"Albert-Claude Benhamou\" \/>\n<meta name=\"twitter:card\" content=\"summary_large_image\" \/>\n<meta name=\"twitter:label1\" content=\"Written by\" \/>\n\t<meta name=\"twitter:data1\" content=\"Albert-Claude Benhamou\" \/>\n\t<meta name=\"twitter:label2\" content=\"Est. reading time\" \/>\n\t<meta name=\"twitter:data2\" content=\"9 minutes\" \/>\n<script type=\"application\/ld+json\" class=\"yoast-schema-graph\">{\"@context\":\"https:\\\/\\\/schema.org\",\"@graph\":[{\"@type\":\"Article\",\"@id\":\"https:\\\/\\\/looketmedecine.fr\\\/en\\\/11-les-applications-cliniques-phares-de-lah-la-sante-esthetique-du-visage-et-lah\\\/#article\",\"isPartOf\":{\"@id\":\"https:\\\/\\\/looketmedecine.fr\\\/en\\\/11-les-applications-cliniques-phares-de-lah-la-sante-esthetique-du-visage-et-lah\\\/\"},\"author\":{\"name\":\"Albert-Claude Benhamou\",\"@id\":\"https:\\\/\\\/looketmedecine.fr\\\/#\\\/schema\\\/person\\\/d674c704426e829b385c4dd691b8e3cc\"},\"headline\":\"LM N\u00b02\\\/ 2024.LES APPLICATIONS CLINIQUES PHARES DE L\u2019AH. La sant\u00e9 esth\u00e9tique du visage et l\u2019AH.\u00a0LA TECHNIQUE \u00ab\u00a0FRENCH TOUCH\u00a0\u00bb POUR EMBELLIR LES L\u00c8VRES. Dr Giulia ARGENTINO., Pr Barbara HERSANT MD, PhD.\u00a0\",\"datePublished\":\"2024-07-23T12:09:34+00:00\",\"dateModified\":\"2024-10-06T10:24:07+00:00\",\"mainEntityOfPage\":{\"@id\":\"https:\\\/\\\/looketmedecine.fr\\\/en\\\/11-les-applications-cliniques-phares-de-lah-la-sante-esthetique-du-visage-et-lah\\\/\"},\"wordCount\":1767,\"publisher\":{\"@id\":\"https:\\\/\\\/looketmedecine.fr\\\/#organization\"},\"image\":{\"@id\":\"https:\\\/\\\/looketmedecine.fr\\\/en\\\/11-les-applications-cliniques-phares-de-lah-la-sante-esthetique-du-visage-et-lah\\\/#primaryimage\"},\"thumbnailUrl\":\"https:\\\/\\\/looketmedecine.fr\\\/wp-content\\\/uploads\\\/2024\\\/07\\\/Capture-decran-2024-07-23-a-14.11.46.png\",\"keywords\":[\"lm2 2024 procedures therapeutiques\",\"lm2 2024 replay\"],\"articleSection\":[\"Proc\u00e9dures th\u00e9rapeutiques\"],\"inLanguage\":\"en-US\"},{\"@type\":\"WebPage\",\"@id\":\"https:\\\/\\\/looketmedecine.fr\\\/en\\\/11-les-applications-cliniques-phares-de-lah-la-sante-esthetique-du-visage-et-lah\\\/\",\"url\":\"https:\\\/\\\/looketmedecine.fr\\\/en\\\/11-les-applications-cliniques-phares-de-lah-la-sante-esthetique-du-visage-et-lah\\\/\",\"name\":\"LM N\u00b02\\\/ 2024.LES APPLICATIONS CLINIQUES PHARES DE L\u2019AH. La sant\u00e9 esth\u00e9tique du visage et l\u2019AH.\u00a0LA TECHNIQUE \\\"FRENCH TOUCH\\\" POUR EMBELLIR LES L\u00c8VRES. Dr Giulia ARGENTINO., Pr Barbara HERSANT MD, PhD.\u00a0 - Revue fran\u00e7aise N\u00b01 pour la recherche en sant\u00e9 esth\u00e9tique\",\"isPartOf\":{\"@id\":\"https:\\\/\\\/looketmedecine.fr\\\/#website\"},\"primaryImageOfPage\":{\"@id\":\"https:\\\/\\\/looketmedecine.fr\\\/en\\\/11-les-applications-cliniques-phares-de-lah-la-sante-esthetique-du-visage-et-lah\\\/#primaryimage\"},\"image\":{\"@id\":\"https:\\\/\\\/looketmedecine.fr\\\/en\\\/11-les-applications-cliniques-phares-de-lah-la-sante-esthetique-du-visage-et-lah\\\/#primaryimage\"},\"thumbnailUrl\":\"https:\\\/\\\/looketmedecine.fr\\\/wp-content\\\/uploads\\\/2024\\\/07\\\/Capture-decran-2024-07-23-a-14.11.46.png\",\"datePublished\":\"2024-07-23T12:09:34+00:00\",\"dateModified\":\"2024-10-06T10:24:07+00:00\",\"description\":\"Les l\u00e8vres sont des \u00e9l\u00e9ments essentiels du visage, elles forment avec les yeux et le nez le triangle de beaut\u00e9 qui d\u00e9finit la sensualit\u00e9 et l\u2019attractivit\u00e9 d\u2019une personne [1].Au fil des ann\u00e9es et sous l\u2019influence croissante des r\u00e9seaux sociaux, nous assistons \u00e0 une demande croissante d\u2019embellissement de cette zone anatomique.Une \u00e9tude sociologique publi\u00e9e en 2010 par le Dr Beatti de l\u2019universit\u00e9 de Manchester a montr\u00e9 qu\u2019au cours des 10 premi\u00e8res secondes d\u2019une rencontre, une personne passe 60 % du temps \u00e0 regarder la bouche [2].\",\"breadcrumb\":{\"@id\":\"https:\\\/\\\/looketmedecine.fr\\\/en\\\/11-les-applications-cliniques-phares-de-lah-la-sante-esthetique-du-visage-et-lah\\\/#breadcrumb\"},\"inLanguage\":\"en-US\",\"potentialAction\":[{\"@type\":\"ReadAction\",\"target\":[\"https:\\\/\\\/looketmedecine.fr\\\/en\\\/11-les-applications-cliniques-phares-de-lah-la-sante-esthetique-du-visage-et-lah\\\/\"]}]},{\"@type\":\"ImageObject\",\"inLanguage\":\"en-US\",\"@id\":\"https:\\\/\\\/looketmedecine.fr\\\/en\\\/11-les-applications-cliniques-phares-de-lah-la-sante-esthetique-du-visage-et-lah\\\/#primaryimage\",\"url\":\"https:\\\/\\\/looketmedecine.fr\\\/wp-content\\\/uploads\\\/2024\\\/07\\\/Capture-decran-2024-07-23-a-14.11.46.png\",\"contentUrl\":\"https:\\\/\\\/looketmedecine.fr\\\/wp-content\\\/uploads\\\/2024\\\/07\\\/Capture-decran-2024-07-23-a-14.11.46.png\",\"width\":558,\"height\":350},{\"@type\":\"BreadcrumbList\",\"@id\":\"https:\\\/\\\/looketmedecine.fr\\\/en\\\/11-les-applications-cliniques-phares-de-lah-la-sante-esthetique-du-visage-et-lah\\\/#breadcrumb\",\"itemListElement\":[{\"@type\":\"ListItem\",\"position\":1,\"name\":\"Accueil\",\"item\":\"https:\\\/\\\/looketmedecine.fr\\\/\"},{\"@type\":\"ListItem\",\"position\":2,\"name\":\"LM N\u00b02\\\/ 2024.LES APPLICATIONS CLINIQUES PHARES DE L\u2019AH. La sant\u00e9 esth\u00e9tique du visage et l\u2019AH.\u00a0LA TECHNIQUE \u00ab\u00a0FRENCH TOUCH\u00a0\u00bb POUR EMBELLIR LES L\u00c8VRES. Dr Giulia ARGENTINO., Pr Barbara HERSANT MD, PhD.\u00a0\"}]},{\"@type\":\"WebSite\",\"@id\":\"https:\\\/\\\/looketmedecine.fr\\\/#website\",\"url\":\"https:\\\/\\\/looketmedecine.fr\\\/\",\"name\":\"Revue fran\u00e7aise N\u00b01 pour la recherche en sant\u00e9 esth\u00e9tique\",\"description\":\"La sant\u00e9 esth\u00e9tique fond\u00e9e sur des preuves scientifiques\",\"publisher\":{\"@id\":\"https:\\\/\\\/looketmedecine.fr\\\/#organization\"},\"potentialAction\":[{\"@type\":\"SearchAction\",\"target\":{\"@type\":\"EntryPoint\",\"urlTemplate\":\"https:\\\/\\\/looketmedecine.fr\\\/?s={search_term_string}\"},\"query-input\":{\"@type\":\"PropertyValueSpecification\",\"valueRequired\":true,\"valueName\":\"search_term_string\"}}],\"inLanguage\":\"en-US\"},{\"@type\":\"Organization\",\"@id\":\"https:\\\/\\\/looketmedecine.fr\\\/#organization\",\"name\":\"Looketmedecine\",\"url\":\"https:\\\/\\\/looketmedecine.fr\\\/\",\"logo\":{\"@type\":\"ImageObject\",\"inLanguage\":\"en-US\",\"@id\":\"https:\\\/\\\/looketmedecine.fr\\\/#\\\/schema\\\/logo\\\/image\\\/\",\"url\":\"https:\\\/\\\/looketmedecine.fr\\\/wp-content\\\/uploads\\\/2020\\\/11\\\/cropped-LookMedecine_Logo_Textuel_Noir.png\",\"contentUrl\":\"https:\\\/\\\/looketmedecine.fr\\\/wp-content\\\/uploads\\\/2020\\\/11\\\/cropped-LookMedecine_Logo_Textuel_Noir.png\",\"width\":1500,\"height\":145,\"caption\":\"Looketmedecine\"},\"image\":{\"@id\":\"https:\\\/\\\/looketmedecine.fr\\\/#\\\/schema\\\/logo\\\/image\\\/\"},\"sameAs\":[\"https:\\\/\\\/www.facebook.com\\\/looketmedecine.magazine\\\/\",\"https:\\\/\\\/www.instagram.com\\\/looketmedecine\\\/?hl=fr\"]},{\"@type\":\"Person\",\"@id\":\"https:\\\/\\\/looketmedecine.fr\\\/#\\\/schema\\\/person\\\/d674c704426e829b385c4dd691b8e3cc\",\"name\":\"Albert-Claude Benhamou\",\"image\":{\"@type\":\"ImageObject\",\"inLanguage\":\"en-US\",\"@id\":\"https:\\\/\\\/secure.gravatar.com\\\/avatar\\\/f4c13b834cf55e3822893169175e3671a59788fb9e2d84d3a223c96e83a8f09e?s=96&d=mm&r=g\",\"url\":\"https:\\\/\\\/secure.gravatar.com\\\/avatar\\\/f4c13b834cf55e3822893169175e3671a59788fb9e2d84d3a223c96e83a8f09e?s=96&d=mm&r=g\",\"contentUrl\":\"https:\\\/\\\/secure.gravatar.com\\\/avatar\\\/f4c13b834cf55e3822893169175e3671a59788fb9e2d84d3a223c96e83a8f09e?s=96&d=mm&r=g\",\"caption\":\"Albert-Claude Benhamou\"},\"url\":\"https:\\\/\\\/looketmedecine.fr\\\/en\"}]}<\/script>\n<!-- \/ Yoast SEO plugin. -->","yoast_head_json":{"title":"LM N\u00b02\/ 2024.LES APPLICATIONS CLINIQUES PHARES DE L\u2019AH. La sant\u00e9 esth\u00e9tique du visage et l\u2019AH.\u00a0LA TECHNIQUE \"FRENCH TOUCH\" POUR EMBELLIR LES L\u00c8VRES. Dr Giulia ARGENTINO., Pr Barbara HERSANT MD, PhD.\u00a0 - Revue fran\u00e7aise N\u00b01 pour la recherche en sant\u00e9 esth\u00e9tique","description":"Les l\u00e8vres sont des \u00e9l\u00e9ments essentiels du visage, elles forment avec les yeux et le nez le triangle de beaut\u00e9 qui d\u00e9finit la sensualit\u00e9 et l\u2019attractivit\u00e9 d\u2019une personne [1].Au fil des ann\u00e9es et sous l\u2019influence croissante des r\u00e9seaux sociaux, nous assistons \u00e0 une demande croissante d\u2019embellissement de cette zone anatomique.Une \u00e9tude sociologique publi\u00e9e en 2010 par le Dr Beatti de l\u2019universit\u00e9 de Manchester a montr\u00e9 qu\u2019au cours des 10 premi\u00e8res secondes d\u2019une rencontre, une personne passe 60 % du temps \u00e0 regarder la bouche [2].","robots":{"index":"index","follow":"follow","max-snippet":"max-snippet:-1","max-image-preview":"max-image-preview:large","max-video-preview":"max-video-preview:-1"},"canonical":"https:\/\/looketmedecine.fr\/en\/wp-json\/wp\/v2\/posts\/22770","og_locale":"en_US","og_type":"article","og_title":"LM N\u00b02\/ 2024.LES APPLICATIONS CLINIQUES PHARES DE L\u2019AH. La sant\u00e9 esth\u00e9tique du visage et l\u2019AH.\u00a0LA TECHNIQUE \"FRENCH TOUCH\" POUR EMBELLIR LES L\u00c8VRES. Dr Giulia ARGENTINO., Pr Barbara HERSANT MD, PhD.\u00a0 - Revue fran\u00e7aise N\u00b01 pour la recherche en sant\u00e9 esth\u00e9tique","og_description":"Les l\u00e8vres sont des \u00e9l\u00e9ments essentiels du visage, elles forment avec les yeux et le nez le triangle de beaut\u00e9 qui d\u00e9finit la sensualit\u00e9 et l\u2019attractivit\u00e9 d\u2019une personne [1].Au fil des ann\u00e9es et sous l\u2019influence croissante des r\u00e9seaux sociaux, nous assistons \u00e0 une demande croissante d\u2019embellissement de cette zone anatomique.Une \u00e9tude sociologique publi\u00e9e en 2010 par le Dr Beatti de l\u2019universit\u00e9 de Manchester a montr\u00e9 qu\u2019au cours des 10 premi\u00e8res secondes d\u2019une rencontre, une personne passe 60 % du temps \u00e0 regarder la bouche [2].","og_url":"https:\/\/looketmedecine.fr\/en\/11-les-applications-cliniques-phares-de-lah-la-sante-esthetique-du-visage-et-lah\/","og_site_name":"Revue fran\u00e7aise N\u00b01 pour la recherche en sant\u00e9 esth\u00e9tique","article_publisher":"https:\/\/www.facebook.com\/looketmedecine.magazine\/","article_published_time":"2024-07-23T12:09:34+00:00","article_modified_time":"2024-10-06T10:24:07+00:00","og_image":[{"width":558,"height":350,"url":"https:\/\/looketmedecine.fr\/wp-content\/uploads\/2024\/07\/Capture-decran-2024-07-23-a-14.11.46.png","type":"image\/png"}],"author":"Albert-Claude Benhamou","twitter_card":"summary_large_image","twitter_misc":{"Written by":"Albert-Claude Benhamou","Est. reading time":"9 minutes"},"schema":{"@context":"https:\/\/schema.org","@graph":[{"@type":"Article","@id":"https:\/\/looketmedecine.fr\/en\/11-les-applications-cliniques-phares-de-lah-la-sante-esthetique-du-visage-et-lah\/#article","isPartOf":{"@id":"https:\/\/looketmedecine.fr\/en\/11-les-applications-cliniques-phares-de-lah-la-sante-esthetique-du-visage-et-lah\/"},"author":{"name":"Albert-Claude Benhamou","@id":"https:\/\/looketmedecine.fr\/#\/schema\/person\/d674c704426e829b385c4dd691b8e3cc"},"headline":"LM N\u00b02\/ 2024.LES APPLICATIONS CLINIQUES PHARES DE L\u2019AH. La sant\u00e9 esth\u00e9tique du visage et l\u2019AH.\u00a0LA TECHNIQUE \u00ab\u00a0FRENCH TOUCH\u00a0\u00bb POUR EMBELLIR LES L\u00c8VRES. Dr Giulia ARGENTINO., Pr Barbara HERSANT MD, PhD.\u00a0","datePublished":"2024-07-23T12:09:34+00:00","dateModified":"2024-10-06T10:24:07+00:00","mainEntityOfPage":{"@id":"https:\/\/looketmedecine.fr\/en\/11-les-applications-cliniques-phares-de-lah-la-sante-esthetique-du-visage-et-lah\/"},"wordCount":1767,"publisher":{"@id":"https:\/\/looketmedecine.fr\/#organization"},"image":{"@id":"https:\/\/looketmedecine.fr\/en\/11-les-applications-cliniques-phares-de-lah-la-sante-esthetique-du-visage-et-lah\/#primaryimage"},"thumbnailUrl":"https:\/\/looketmedecine.fr\/wp-content\/uploads\/2024\/07\/Capture-decran-2024-07-23-a-14.11.46.png","keywords":["lm2 2024 procedures therapeutiques","lm2 2024 replay"],"articleSection":["Proc\u00e9dures th\u00e9rapeutiques"],"inLanguage":"en-US"},{"@type":"WebPage","@id":"https:\/\/looketmedecine.fr\/en\/11-les-applications-cliniques-phares-de-lah-la-sante-esthetique-du-visage-et-lah\/","url":"https:\/\/looketmedecine.fr\/en\/11-les-applications-cliniques-phares-de-lah-la-sante-esthetique-du-visage-et-lah\/","name":"LM N\u00b02\/ 2024.LES APPLICATIONS CLINIQUES PHARES DE L\u2019AH. La sant\u00e9 esth\u00e9tique du visage et l\u2019AH.\u00a0LA TECHNIQUE \"FRENCH TOUCH\" POUR EMBELLIR LES L\u00c8VRES. Dr Giulia ARGENTINO., Pr Barbara HERSANT MD, PhD.\u00a0 - Revue fran\u00e7aise N\u00b01 pour la recherche en sant\u00e9 esth\u00e9tique","isPartOf":{"@id":"https:\/\/looketmedecine.fr\/#website"},"primaryImageOfPage":{"@id":"https:\/\/looketmedecine.fr\/en\/11-les-applications-cliniques-phares-de-lah-la-sante-esthetique-du-visage-et-lah\/#primaryimage"},"image":{"@id":"https:\/\/looketmedecine.fr\/en\/11-les-applications-cliniques-phares-de-lah-la-sante-esthetique-du-visage-et-lah\/#primaryimage"},"thumbnailUrl":"https:\/\/looketmedecine.fr\/wp-content\/uploads\/2024\/07\/Capture-decran-2024-07-23-a-14.11.46.png","datePublished":"2024-07-23T12:09:34+00:00","dateModified":"2024-10-06T10:24:07+00:00","description":"Les l\u00e8vres sont des \u00e9l\u00e9ments essentiels du visage, elles forment avec les yeux et le nez le triangle de beaut\u00e9 qui d\u00e9finit la sensualit\u00e9 et l\u2019attractivit\u00e9 d\u2019une personne [1].Au fil des ann\u00e9es et sous l\u2019influence croissante des r\u00e9seaux sociaux, nous assistons \u00e0 une demande croissante d\u2019embellissement de cette zone anatomique.Une \u00e9tude sociologique publi\u00e9e en 2010 par le Dr Beatti de l\u2019universit\u00e9 de Manchester a montr\u00e9 qu\u2019au cours des 10 premi\u00e8res secondes d\u2019une rencontre, une personne passe 60 % du temps \u00e0 regarder la bouche [2].","breadcrumb":{"@id":"https:\/\/looketmedecine.fr\/en\/11-les-applications-cliniques-phares-de-lah-la-sante-esthetique-du-visage-et-lah\/#breadcrumb"},"inLanguage":"en-US","potentialAction":[{"@type":"ReadAction","target":["https:\/\/looketmedecine.fr\/en\/11-les-applications-cliniques-phares-de-lah-la-sante-esthetique-du-visage-et-lah\/"]}]},{"@type":"ImageObject","inLanguage":"en-US","@id":"https:\/\/looketmedecine.fr\/en\/11-les-applications-cliniques-phares-de-lah-la-sante-esthetique-du-visage-et-lah\/#primaryimage","url":"https:\/\/looketmedecine.fr\/wp-content\/uploads\/2024\/07\/Capture-decran-2024-07-23-a-14.11.46.png","contentUrl":"https:\/\/looketmedecine.fr\/wp-content\/uploads\/2024\/07\/Capture-decran-2024-07-23-a-14.11.46.png","width":558,"height":350},{"@type":"BreadcrumbList","@id":"https:\/\/looketmedecine.fr\/en\/11-les-applications-cliniques-phares-de-lah-la-sante-esthetique-du-visage-et-lah\/#breadcrumb","itemListElement":[{"@type":"ListItem","position":1,"name":"Accueil","item":"https:\/\/looketmedecine.fr\/"},{"@type":"ListItem","position":2,"name":"LM N\u00b02\/ 2024.LES APPLICATIONS CLINIQUES PHARES DE L\u2019AH. La sant\u00e9 esth\u00e9tique du visage et l\u2019AH.\u00a0LA TECHNIQUE \u00ab\u00a0FRENCH TOUCH\u00a0\u00bb POUR EMBELLIR LES L\u00c8VRES. Dr Giulia ARGENTINO., Pr Barbara HERSANT MD, PhD.\u00a0"}]},{"@type":"WebSite","@id":"https:\/\/looketmedecine.fr\/#website","url":"https:\/\/looketmedecine.fr\/","name":"N\u00b01 French magazine for research in aesthetic health","description":"Aesthetic health based on scientific evidence","publisher":{"@id":"https:\/\/looketmedecine.fr\/#organization"},"potentialAction":[{"@type":"SearchAction","target":{"@type":"EntryPoint","urlTemplate":"https:\/\/looketmedecine.fr\/?s={search_term_string}"},"query-input":{"@type":"PropertyValueSpecification","valueRequired":true,"valueName":"search_term_string"}}],"inLanguage":"en-US"},{"@type":"Organization","@id":"https:\/\/looketmedecine.fr\/#organization","name":"Looketmedicine","url":"https:\/\/looketmedecine.fr\/","logo":{"@type":"ImageObject","inLanguage":"en-US","@id":"https:\/\/looketmedecine.fr\/#\/schema\/logo\/image\/","url":"https:\/\/looketmedecine.fr\/wp-content\/uploads\/2020\/11\/cropped-LookMedecine_Logo_Textuel_Noir.png","contentUrl":"https:\/\/looketmedecine.fr\/wp-content\/uploads\/2020\/11\/cropped-LookMedecine_Logo_Textuel_Noir.png","width":1500,"height":145,"caption":"Looketmedecine"},"image":{"@id":"https:\/\/looketmedecine.fr\/#\/schema\/logo\/image\/"},"sameAs":["https:\/\/www.facebook.com\/looketmedecine.magazine\/","https:\/\/www.instagram.com\/looketmedecine\/?hl=fr"]},{"@type":"Person","@id":"https:\/\/looketmedecine.fr\/#\/schema\/person\/d674c704426e829b385c4dd691b8e3cc","name":"Albert-Claude Benhamou","image":{"@type":"ImageObject","inLanguage":"en-US","@id":"https:\/\/secure.gravatar.com\/avatar\/f4c13b834cf55e3822893169175e3671a59788fb9e2d84d3a223c96e83a8f09e?s=96&d=mm&r=g","url":"https:\/\/secure.gravatar.com\/avatar\/f4c13b834cf55e3822893169175e3671a59788fb9e2d84d3a223c96e83a8f09e?s=96&d=mm&r=g","contentUrl":"https:\/\/secure.gravatar.com\/avatar\/f4c13b834cf55e3822893169175e3671a59788fb9e2d84d3a223c96e83a8f09e?s=96&d=mm&r=g","caption":"Albert-Claude Benhamou"},"url":"https:\/\/looketmedecine.fr\/en"}]}},"_links":{"self":[{"href":"https:\/\/looketmedecine.fr\/en\/wp-json\/wp\/v2\/posts\/22770","targetHints":{"allow":["GET"]}}],"collection":[{"href":"https:\/\/looketmedecine.fr\/en\/wp-json\/wp\/v2\/posts"}],"about":[{"href":"https:\/\/looketmedecine.fr\/en\/wp-json\/wp\/v2\/types\/post"}],"author":[{"embeddable":true,"href":"https:\/\/looketmedecine.fr\/en\/wp-json\/wp\/v2\/users\/2"}],"replies":[{"embeddable":true,"href":"https:\/\/looketmedecine.fr\/en\/wp-json\/wp\/v2\/comments?post=22770"}],"version-history":[{"count":57,"href":"https:\/\/looketmedecine.fr\/en\/wp-json\/wp\/v2\/posts\/22770\/revisions"}],"predecessor-version":[{"id":24098,"href":"https:\/\/looketmedecine.fr\/en\/wp-json\/wp\/v2\/posts\/22770\/revisions\/24098"}],"wp:featuredmedia":[{"embeddable":true,"href":"https:\/\/looketmedecine.fr\/en\/wp-json\/wp\/v2\/media\/22773"}],"wp:attachment":[{"href":"https:\/\/looketmedecine.fr\/en\/wp-json\/wp\/v2\/media?parent=22770"}],"wp:term":[{"taxonomy":"category","embeddable":true,"href":"https:\/\/looketmedecine.fr\/en\/wp-json\/wp\/v2\/categories?post=22770"},{"taxonomy":"post_tag","embeddable":true,"href":"https:\/\/looketmedecine.fr\/en\/wp-json\/wp\/v2\/tags?post=22770"},{"taxonomy":"auteur","embeddable":true,"href":"https:\/\/looketmedecine.fr\/en\/wp-json\/wp\/v2\/auteur?post=22770"},{"taxonomy":"mots-cles","embeddable":true,"href":"https:\/\/looketmedecine.fr\/en\/wp-json\/wp\/v2\/mots-cles?post=22770"}],"curies":[{"name":"wp","href":"https:\/\/api.w.org\/{rel}","templated":true}]}}