{"id":22124,"date":"2024-08-20T23:48:57","date_gmt":"2024-08-20T21:48:57","guid":{"rendered":"https:\/\/looketmedecine.fr\/?p=22124"},"modified":"2024-10-06T12:01:25","modified_gmt":"2024-10-06T10:01:25","slug":"tout-savoir-si-la-saga-de-lacide-hyaluronique-metait-contee","status":"publish","type":"post","link":"https:\/\/looketmedecine.fr\/en\/tout-savoir-si-la-saga-de-lacide-hyaluronique-metait-contee\/","title":{"rendered":"LM N\u00b02\/ 2024 INTRODUCTION TO THE SAGA: IF HYALURONIC ACID WERE CONTROLLED TO ME... Pr AC Benhamou"},"content":{"rendered":"<div data-elementor-type=\"wp-post\" data-elementor-id=\"22124\" class=\"elementor elementor-22124\" data-elementor-post-type=\"post\">\n\t\t\t\t<div class=\"elementor-element elementor-element-2e9e175 e-flex e-con-boxed e-con e-parent\" data-id=\"2e9e175\" data-element_type=\"container\" data-e-type=\"container\">\n\t\t\t\t\t<div class=\"e-con-inner\">\n\t\t\t\t<div class=\"elementor-element elementor-element-f595077 elementor-widget elementor-widget-heading\" data-id=\"f595077\" data-element_type=\"widget\" data-e-type=\"widget\" data-widget_type=\"heading.default\">\n\t\t\t\t<div class=\"elementor-widget-container\">\n\t\t\t\t\t<h2 class=\"elementor-heading-title elementor-size-default\">Tout ce que vous voulez savoir...<\/h2>\t\t\t\t<\/div>\n\t\t\t\t<\/div>\n\t\t\t\t<div class=\"elementor-element elementor-element-986fb42 elementor-widget-divider--view-line elementor-widget elementor-widget-divider\" data-id=\"986fb42\" data-element_type=\"widget\" data-e-type=\"widget\" data-widget_type=\"divider.default\">\n\t\t\t\t<div class=\"elementor-widget-container\">\n\t\t\t\t\t\t\t<div class=\"elementor-divider\">\n\t\t\t<span class=\"elementor-divider-separator\">\n\t\t\t\t\t\t<\/span>\n\t\t<\/div>\n\t\t\t\t\t\t<\/div>\n\t\t\t\t<\/div>\n\t\t\t\t<div class=\"elementor-element elementor-element-cf29ceb elementor-widget elementor-widget-heading\" data-id=\"cf29ceb\" data-element_type=\"widget\" data-e-type=\"widget\" data-widget_type=\"heading.default\">\n\t\t\t\t<div class=\"elementor-widget-container\">\n\t\t\t\t\t<h2 class=\"elementor-heading-title elementor-size-default\">SI LA SAGA DE L\u2019ACIDE HYALURONIQUE M\u2019\u00c9TAIT CONT\u00c9E... la mol\u00e9cule magique...<\/h2>\t\t\t\t<\/div>\n\t\t\t\t<\/div>\n\t\t\t\t<div class=\"elementor-element elementor-element-810c444 elementor-widget-divider--view-line elementor-widget elementor-widget-divider\" data-id=\"810c444\" data-element_type=\"widget\" data-e-type=\"widget\" data-widget_type=\"divider.default\">\n\t\t\t\t<div class=\"elementor-widget-container\">\n\t\t\t\t\t\t\t<div class=\"elementor-divider\">\n\t\t\t<span class=\"elementor-divider-separator\">\n\t\t\t\t\t\t<\/span>\n\t\t<\/div>\n\t\t\t\t\t\t<\/div>\n\t\t\t\t<\/div>\n\t\t\t\t<div class=\"elementor-element elementor-element-50d1b53 elementor-widget elementor-widget-heading\" data-id=\"50d1b53\" data-element_type=\"widget\" data-e-type=\"widget\" data-widget_type=\"heading.default\">\n\t\t\t\t<div class=\"elementor-widget-container\">\n\t\t\t\t\t<h2 class=\"elementor-heading-title elementor-size-default\">Pr Albert Claude BENHAMOU<br>Past-Pr\u00e9sident de l'Acad\u00e9mie Nationale de Chirurgie<\/h2>\t\t\t\t<\/div>\n\t\t\t\t<\/div>\n\t\t\t\t<div class=\"elementor-element elementor-element-3ee9dc2 elementor-widget elementor-widget-image\" data-id=\"3ee9dc2\" data-element_type=\"widget\" data-e-type=\"widget\" data-widget_type=\"image.default\">\n\t\t\t\t<div class=\"elementor-widget-container\">\n\t\t\t\t\t\t\t\t\t\t\t\t\t\t\t<img fetchpriority=\"high\" decoding=\"async\" width=\"290\" height=\"408\" src=\"https:\/\/looketmedecine.fr\/wp-content\/uploads\/2024\/07\/PHOTO-ACB-RICF-.png\" class=\"attachment-full size-full wp-image-22125\" alt=\"\" srcset=\"https:\/\/looketmedecine.fr\/wp-content\/uploads\/2024\/07\/PHOTO-ACB-RICF-.png 290w, https:\/\/looketmedecine.fr\/wp-content\/uploads\/2024\/07\/PHOTO-ACB-RICF--213x300.png 213w, https:\/\/looketmedecine.fr\/wp-content\/uploads\/2024\/07\/PHOTO-ACB-RICF--9x12.png 9w\" sizes=\"(max-width: 290px) 100vw, 290px\" \/>\t\t\t\t\t\t\t\t\t\t\t\t\t\t\t<\/div>\n\t\t\t\t<\/div>\n\t\t\t\t<div class=\"elementor-element elementor-element-e138851 elementor-widget elementor-widget-text-editor\" data-id=\"e138851\" data-element_type=\"widget\" data-e-type=\"widget\" data-widget_type=\"text-editor.default\">\n\t\t\t\t<div class=\"elementor-widget-container\">\n\t\t\t\t\t\t\t\t\t<h4 class=\"p1\"><span style=\"color: #0000ff;\"><span style=\"color: #800080;\">Plus d\u2019un si\u00e8cle de recherches en biochimie fondamentale, appliqu\u00e9e et industrielle,<\/span> a \u00e9t\u00e9 n\u00e9cessaire pour faire \u00e9merger en clinique humaine et v\u00e9t\u00e9rinaire les multiples usages de l\u2019acide hyaluronique, d\u00e9nomm\u00e9 <span class=\"s1\" style=\"color: #800080;\">\u00ab la mol\u00e9cule magique \u00bb <\/span>par B\u00f6rje Svensson en 2015.\u00a0<\/span><\/h4>\n<h4 class=\"p1\"><span style=\"color: #0000ff;\"><span class=\"s1\"><span style=\"color: #800080;\">Une m\u00e9connaissance initiale de l\u2019AH difficile \u00e0 comprendre aujourd\u2019hui<\/span>. <\/span><\/span><\/h4>\n<h4 class=\"p2\"><span style=\"text-decoration: underline; color: #800080;\"><span class=\"s2\">Le hyaluronane (HA) <\/span>est un polysaccharide lin\u00e9aire avec des r\u00e9p\u00e9titions disaccharidiques d\u2019acide d-glucuronique et de N-ac\u00e9tyl-d-glucosamine.\u00a0<\/span><\/h4>\n<h4 class=\"p2\">Il est conserv\u00e9 au cours de l\u2019\u00e9volution et abondamment exprim\u00e9 dans la matrice extracellulaire (ECM), \u00e0 la surface des cellules et m\u00eame \u00e0 l\u2019int\u00e9rieur des cellules.<\/h4>\n<h4 class=\"p2\"><span style=\"text-decoration: underline;\"><span style=\"color: #0000ff;\">En tant que simple polysaccharide, l\u2019AH pr\u00e9sente une gamme \u00e9tonnante de fonctions biologiques. L\u2019AH interagit avec diverses prot\u00e9ines ou prot\u00e9oglycanes pour organiser la matrice extracellulaire et maintenir l\u2019hom\u00e9ostasie des tissus.<\/span><\/span><\/h4>\n<h4 class=\"p2\"><span style=\"color: #800080;\"><span class=\"s2\">Les propri\u00e9t\u00e9s physiques et m\u00e9caniques uniques de l\u2019AH <\/span>contribuent au maintien de l\u2019hydratation des tissus, \u00e0 la m\u00e9diation de <span class=\"s3\">la diffusion des solut\u00e9s dans l\u2019espace extracellulaire <\/span>et \u00e0 la <span class=\"s3\">lubrification <\/span>de certains tissus. Les diverses fonctions biologiques de l\u2019AH se manifestent par ses interactions complexes avec les composants de la matrice et les cellules r\u00e9sidentes.<\/span><\/h4>\n<h4 class=\"p2\"><span style=\"color: #0000ff;\">La liaison de l\u2019AH avec les r\u00e9cepteurs de la surface cellulaire active diverses voies de signalisation qui r\u00e9gulent la fonction cellulaire, le d\u00e9veloppement des tissus, l\u2019inflammation, la cicatrisation des plaies, la progression des tumeurs et les m\u00e9tastases.<\/span><\/h4>\n<h4 class=\"p2\"><span style=\"color: #0000ff;\">Tirant parti de la biocompatibilit\u00e9 et de la biod\u00e9gradabilit\u00e9 inh\u00e9rentes \u00e0 l\u2019AH, ainsi que de sa sensibilit\u00e9 aux modifications chimiques, les chercheurs ont mis au point divers biomat\u00e9riaux et constructions tissulaires \u00e0 base d\u2019AH dont le potentiel clinique est prometteur et \u00e9tendu.<\/span><\/h4>\n<h4 class=\"p2\"><span style=\"color: #0000ff;\">Les propri\u00e9t\u00e9s de l\u2019AH du point de vue de la biologie des matrices reposent d\u2019abord sur les principes qui sous-tendent la biosynth\u00e8se et la biod\u00e9gradation de l\u2019AH, ainsi que sur les interactions de l\u2019AH avec diverses prot\u00e9ines et prot\u00e9oglycanes.<\/span><\/h4>\n<h4 class=\"p2\"><span style=\"color: #0000ff;\">Les r\u00f4les de l\u2019AH dans les \u00e9tats physiologiques et pathologiques, y compris la morphogen\u00e8se, la cicatrisation des plaies et les m\u00e9tastases tumorales sont tr\u00e8s diversifi\u00e9s.<\/span><\/h4>\n<h4 class=\"p3\"><span style=\"color: #800080;\">Une compr\u00e9hension plus approfondie des m\u00e9canismes qui sous-tendent les r\u00f4les de l\u2019AH dans divers processus physiologiques peut <span class=\"s2\">fournir de nouvelles perspectives et de nouveaux outils pour l\u2019ing\u00e9nierie de tissus complexes et de mod\u00e8les tissulaires. <\/span><\/span><\/h4>\t\t\t\t\t\t\t\t<\/div>\n\t\t\t\t<\/div>\n\t\t\t\t<div class=\"elementor-element elementor-element-239892f elementor-widget elementor-widget-image\" data-id=\"239892f\" data-element_type=\"widget\" data-e-type=\"widget\" data-widget_type=\"image.default\">\n\t\t\t\t<div class=\"elementor-widget-container\">\n\t\t\t\t\t\t\t\t\t\t\t\t\t\t\t<img decoding=\"async\" width=\"522\" height=\"210\" src=\"https:\/\/looketmedecine.fr\/wp-content\/uploads\/2024\/07\/Capture-decran-2024-07-15-a-00.03.54.png\" class=\"attachment-full size-full wp-image-22127\" alt=\"AH\" srcset=\"https:\/\/looketmedecine.fr\/wp-content\/uploads\/2024\/07\/Capture-decran-2024-07-15-a-00.03.54.png 522w, https:\/\/looketmedecine.fr\/wp-content\/uploads\/2024\/07\/Capture-decran-2024-07-15-a-00.03.54-300x121.png 300w, https:\/\/looketmedecine.fr\/wp-content\/uploads\/2024\/07\/Capture-decran-2024-07-15-a-00.03.54-18x7.png 18w\" sizes=\"(max-width: 522px) 100vw, 522px\" \/>\t\t\t\t\t\t\t\t\t\t\t\t\t\t\t<\/div>\n\t\t\t\t<\/div>\n\t\t\t\t\t<\/div>\n\t\t\t\t<\/div>\n\t\t\t\t<\/div>","protected":false},"excerpt":{"rendered":"<p>Tout ce que vous voulez savoir&#8230; SI LA SAGA DE L\u2019ACIDE HYALURONIQUE M\u2019\u00c9TAIT CONT\u00c9E&#8230; la mol\u00e9cule magique&#8230; Pr Albert Claude BENHAMOUPast-Pr\u00e9sident de l&rsquo;Acad\u00e9mie Nationale de Chirurgie Plus d\u2019un si\u00e8cle de recherches en biochimie fondamentale, appliqu\u00e9e et industrielle, a \u00e9t\u00e9 n\u00e9cessaire pour faire \u00e9merger en clinique humaine et v\u00e9t\u00e9rinaire les multiples usages de l\u2019acide hyaluronique, d\u00e9nomm\u00e9 [&hellip;]<\/p>\n","protected":false},"author":2,"featured_media":7802,"comment_status":"closed","ping_status":"closed","sticky":false,"template":"","format":"standard","meta":{"_acf_changed":false,"footnotes":""},"categories":[154],"tags":[359,357],"auteur":[372],"mots-cles":[373],"class_list":["post-22124","post","type-post","status-publish","format-standard","has-post-thumbnail","hentry","category-e-nquete","tag-lm2-2024-les-enquetes-de-lm","tag-lm2-2024-replay","auteur-benhamou-albert-claude","mots-cles-acide-hyaluronique"],"acf":[],"yoast_head":"<!-- This site is optimized with the Yoast SEO plugin v27.5 - https:\/\/yoast.com\/product\/yoast-seo-wordpress\/ -->\n<title>LM N\u00b02\/ 2024 INTRODUCTION DE LA SAGA: SI L\u2019ACIDE HYALURONIQUE M\u2019\u00c9TAIT CONT\u00c9...\u00a0 Pr AC Benhamou - Revue fran\u00e7aise N\u00b01 pour la recherche en sant\u00e9 esth\u00e9tique<\/title>\n<meta name=\"robots\" content=\"index, follow, max-snippet:-1, max-image-preview:large, max-video-preview:-1\" \/>\n<link rel=\"canonical\" href=\"https:\/\/looketmedecine.fr\/en\/wp-json\/wp\/v2\/posts\/22124\" \/>\n<meta property=\"og:locale\" content=\"en_US\" \/>\n<meta property=\"og:type\" content=\"article\" \/>\n<meta property=\"og:title\" content=\"LM N\u00b02\/ 2024 INTRODUCTION DE LA SAGA: SI L\u2019ACIDE HYALURONIQUE M\u2019\u00c9TAIT CONT\u00c9...\u00a0 Pr AC Benhamou - Revue fran\u00e7aise N\u00b01 pour la recherche en sant\u00e9 esth\u00e9tique\" \/>\n<meta property=\"og:description\" content=\"Tout ce que vous voulez savoir&#8230; SI LA SAGA DE L\u2019ACIDE HYALURONIQUE M\u2019\u00c9TAIT CONT\u00c9E&#8230; la mol\u00e9cule magique&#8230; Pr Albert Claude BENHAMOUPast-Pr\u00e9sident de l&rsquo;Acad\u00e9mie Nationale de Chirurgie Plus d\u2019un si\u00e8cle de recherches en biochimie fondamentale, appliqu\u00e9e et industrielle, a \u00e9t\u00e9 n\u00e9cessaire pour faire \u00e9merger en clinique humaine et v\u00e9t\u00e9rinaire les multiples usages de l\u2019acide hyaluronique, d\u00e9nomm\u00e9 [&hellip;]\" \/>\n<meta property=\"og:url\" content=\"https:\/\/looketmedecine.fr\/en\/tout-savoir-si-la-saga-de-lacide-hyaluronique-metait-contee\/\" \/>\n<meta property=\"og:site_name\" content=\"Revue fran\u00e7aise N\u00b01 pour la recherche en sant\u00e9 esth\u00e9tique\" \/>\n<meta property=\"article:publisher\" content=\"https:\/\/www.facebook.com\/looketmedecine.magazine\/\" \/>\n<meta property=\"article:published_time\" content=\"2024-08-20T21:48:57+00:00\" \/>\n<meta property=\"article:modified_time\" content=\"2024-10-06T10:01:25+00:00\" \/>\n<meta property=\"og:image\" content=\"https:\/\/looketmedecine.fr\/wp-content\/uploads\/2021\/11\/Capture-de\u0301cran-2021-11-25-a\u0300-18.35.46.png\" \/>\n\t<meta property=\"og:image:width\" content=\"448\" \/>\n\t<meta property=\"og:image:height\" content=\"438\" \/>\n\t<meta property=\"og:image:type\" content=\"image\/png\" \/>\n<meta name=\"author\" content=\"Albert-Claude Benhamou\" \/>\n<meta name=\"twitter:card\" content=\"summary_large_image\" \/>\n<meta name=\"twitter:label1\" content=\"Written by\" \/>\n\t<meta name=\"twitter:data1\" content=\"Albert-Claude Benhamou\" \/>\n\t<meta name=\"twitter:label2\" content=\"Est. reading time\" \/>\n\t<meta name=\"twitter:data2\" content=\"2 minutes\" \/>\n<script type=\"application\/ld+json\" class=\"yoast-schema-graph\">{\"@context\":\"https:\\\/\\\/schema.org\",\"@graph\":[{\"@type\":\"Article\",\"@id\":\"https:\\\/\\\/looketmedecine.fr\\\/tout-savoir-si-la-saga-de-lacide-hyaluronique-metait-contee\\\/#article\",\"isPartOf\":{\"@id\":\"https:\\\/\\\/looketmedecine.fr\\\/tout-savoir-si-la-saga-de-lacide-hyaluronique-metait-contee\\\/\"},\"author\":{\"name\":\"Albert-Claude Benhamou\",\"@id\":\"https:\\\/\\\/looketmedecine.fr\\\/#\\\/schema\\\/person\\\/d674c704426e829b385c4dd691b8e3cc\"},\"headline\":\"LM N\u00b02\\\/ 2024 INTRODUCTION DE LA SAGA: SI L\u2019ACIDE HYALURONIQUE M\u2019\u00c9TAIT CONT\u00c9&#8230;\u00a0 Pr AC Benhamou\",\"datePublished\":\"2024-08-20T21:48:57+00:00\",\"dateModified\":\"2024-10-06T10:01:25+00:00\",\"mainEntityOfPage\":{\"@id\":\"https:\\\/\\\/looketmedecine.fr\\\/tout-savoir-si-la-saga-de-lacide-hyaluronique-metait-contee\\\/\"},\"wordCount\":464,\"publisher\":{\"@id\":\"https:\\\/\\\/looketmedecine.fr\\\/#organization\"},\"image\":{\"@id\":\"https:\\\/\\\/looketmedecine.fr\\\/tout-savoir-si-la-saga-de-lacide-hyaluronique-metait-contee\\\/#primaryimage\"},\"thumbnailUrl\":\"https:\\\/\\\/looketmedecine.fr\\\/wp-content\\\/uploads\\\/2021\\\/11\\\/Capture-de\u0301cran-2021-11-25-a\u0300-18.35.46.png\",\"keywords\":[\"lm2 2024 les enquetes de lm\",\"lm2 2024 replay\"],\"articleSection\":[\"Les enqu\u00eates de L&amp;M\"],\"inLanguage\":\"en-US\"},{\"@type\":\"WebPage\",\"@id\":\"https:\\\/\\\/looketmedecine.fr\\\/tout-savoir-si-la-saga-de-lacide-hyaluronique-metait-contee\\\/\",\"url\":\"https:\\\/\\\/looketmedecine.fr\\\/tout-savoir-si-la-saga-de-lacide-hyaluronique-metait-contee\\\/\",\"name\":\"LM N\u00b02\\\/ 2024 INTRODUCTION DE LA SAGA: SI L\u2019ACIDE HYALURONIQUE M\u2019\u00c9TAIT CONT\u00c9...\u00a0 Pr AC Benhamou - Revue fran\u00e7aise N\u00b01 pour la recherche en sant\u00e9 esth\u00e9tique\",\"isPartOf\":{\"@id\":\"https:\\\/\\\/looketmedecine.fr\\\/#website\"},\"primaryImageOfPage\":{\"@id\":\"https:\\\/\\\/looketmedecine.fr\\\/tout-savoir-si-la-saga-de-lacide-hyaluronique-metait-contee\\\/#primaryimage\"},\"image\":{\"@id\":\"https:\\\/\\\/looketmedecine.fr\\\/tout-savoir-si-la-saga-de-lacide-hyaluronique-metait-contee\\\/#primaryimage\"},\"thumbnailUrl\":\"https:\\\/\\\/looketmedecine.fr\\\/wp-content\\\/uploads\\\/2021\\\/11\\\/Capture-de\u0301cran-2021-11-25-a\u0300-18.35.46.png\",\"datePublished\":\"2024-08-20T21:48:57+00:00\",\"dateModified\":\"2024-10-06T10:01:25+00:00\",\"breadcrumb\":{\"@id\":\"https:\\\/\\\/looketmedecine.fr\\\/tout-savoir-si-la-saga-de-lacide-hyaluronique-metait-contee\\\/#breadcrumb\"},\"inLanguage\":\"en-US\",\"potentialAction\":[{\"@type\":\"ReadAction\",\"target\":[\"https:\\\/\\\/looketmedecine.fr\\\/tout-savoir-si-la-saga-de-lacide-hyaluronique-metait-contee\\\/\"]}]},{\"@type\":\"ImageObject\",\"inLanguage\":\"en-US\",\"@id\":\"https:\\\/\\\/looketmedecine.fr\\\/tout-savoir-si-la-saga-de-lacide-hyaluronique-metait-contee\\\/#primaryimage\",\"url\":\"https:\\\/\\\/looketmedecine.fr\\\/wp-content\\\/uploads\\\/2021\\\/11\\\/Capture-de\u0301cran-2021-11-25-a\u0300-18.35.46.png\",\"contentUrl\":\"https:\\\/\\\/looketmedecine.fr\\\/wp-content\\\/uploads\\\/2021\\\/11\\\/Capture-de\u0301cran-2021-11-25-a\u0300-18.35.46.png\",\"width\":448,\"height\":438,\"caption\":\"Pr Albert-Claude BENHAMOU\"},{\"@type\":\"BreadcrumbList\",\"@id\":\"https:\\\/\\\/looketmedecine.fr\\\/tout-savoir-si-la-saga-de-lacide-hyaluronique-metait-contee\\\/#breadcrumb\",\"itemListElement\":[{\"@type\":\"ListItem\",\"position\":1,\"name\":\"Accueil\",\"item\":\"https:\\\/\\\/looketmedecine.fr\\\/\"},{\"@type\":\"ListItem\",\"position\":2,\"name\":\"LM N\u00b02\\\/ 2024 INTRODUCTION DE LA SAGA: SI L\u2019ACIDE HYALURONIQUE M\u2019\u00c9TAIT CONT\u00c9&#8230;\u00a0 Pr AC Benhamou\"}]},{\"@type\":\"WebSite\",\"@id\":\"https:\\\/\\\/looketmedecine.fr\\\/#website\",\"url\":\"https:\\\/\\\/looketmedecine.fr\\\/\",\"name\":\"Revue fran\u00e7aise N\u00b01 pour la recherche en sant\u00e9 esth\u00e9tique\",\"description\":\"La sant\u00e9 esth\u00e9tique fond\u00e9e sur des preuves scientifiques\",\"publisher\":{\"@id\":\"https:\\\/\\\/looketmedecine.fr\\\/#organization\"},\"potentialAction\":[{\"@type\":\"SearchAction\",\"target\":{\"@type\":\"EntryPoint\",\"urlTemplate\":\"https:\\\/\\\/looketmedecine.fr\\\/?s={search_term_string}\"},\"query-input\":{\"@type\":\"PropertyValueSpecification\",\"valueRequired\":true,\"valueName\":\"search_term_string\"}}],\"inLanguage\":\"en-US\"},{\"@type\":\"Organization\",\"@id\":\"https:\\\/\\\/looketmedecine.fr\\\/#organization\",\"name\":\"Looketmedecine\",\"url\":\"https:\\\/\\\/looketmedecine.fr\\\/\",\"logo\":{\"@type\":\"ImageObject\",\"inLanguage\":\"en-US\",\"@id\":\"https:\\\/\\\/looketmedecine.fr\\\/#\\\/schema\\\/logo\\\/image\\\/\",\"url\":\"https:\\\/\\\/looketmedecine.fr\\\/wp-content\\\/uploads\\\/2020\\\/11\\\/cropped-LookMedecine_Logo_Textuel_Noir.png\",\"contentUrl\":\"https:\\\/\\\/looketmedecine.fr\\\/wp-content\\\/uploads\\\/2020\\\/11\\\/cropped-LookMedecine_Logo_Textuel_Noir.png\",\"width\":1500,\"height\":145,\"caption\":\"Looketmedecine\"},\"image\":{\"@id\":\"https:\\\/\\\/looketmedecine.fr\\\/#\\\/schema\\\/logo\\\/image\\\/\"},\"sameAs\":[\"https:\\\/\\\/www.facebook.com\\\/looketmedecine.magazine\\\/\",\"https:\\\/\\\/www.instagram.com\\\/looketmedecine\\\/?hl=fr\"]},{\"@type\":\"Person\",\"@id\":\"https:\\\/\\\/looketmedecine.fr\\\/#\\\/schema\\\/person\\\/d674c704426e829b385c4dd691b8e3cc\",\"name\":\"Albert-Claude Benhamou\",\"image\":{\"@type\":\"ImageObject\",\"inLanguage\":\"en-US\",\"@id\":\"https:\\\/\\\/secure.gravatar.com\\\/avatar\\\/f4c13b834cf55e3822893169175e3671a59788fb9e2d84d3a223c96e83a8f09e?s=96&d=mm&r=g\",\"url\":\"https:\\\/\\\/secure.gravatar.com\\\/avatar\\\/f4c13b834cf55e3822893169175e3671a59788fb9e2d84d3a223c96e83a8f09e?s=96&d=mm&r=g\",\"contentUrl\":\"https:\\\/\\\/secure.gravatar.com\\\/avatar\\\/f4c13b834cf55e3822893169175e3671a59788fb9e2d84d3a223c96e83a8f09e?s=96&d=mm&r=g\",\"caption\":\"Albert-Claude Benhamou\"},\"url\":\"https:\\\/\\\/looketmedecine.fr\\\/en\"}]}<\/script>\n<!-- \/ Yoast SEO plugin. -->","yoast_head_json":{"title":"LM N\u00b02\/ 2024 INTRODUCTION DE LA SAGA: SI L\u2019ACIDE HYALURONIQUE M\u2019\u00c9TAIT CONT\u00c9...\u00a0 Pr AC Benhamou - Revue fran\u00e7aise N\u00b01 pour la recherche en sant\u00e9 esth\u00e9tique","robots":{"index":"index","follow":"follow","max-snippet":"max-snippet:-1","max-image-preview":"max-image-preview:large","max-video-preview":"max-video-preview:-1"},"canonical":"https:\/\/looketmedecine.fr\/en\/wp-json\/wp\/v2\/posts\/22124","og_locale":"en_US","og_type":"article","og_title":"LM N\u00b02\/ 2024 INTRODUCTION DE LA SAGA: SI L\u2019ACIDE HYALURONIQUE M\u2019\u00c9TAIT CONT\u00c9...\u00a0 Pr AC Benhamou - Revue fran\u00e7aise N\u00b01 pour la recherche en sant\u00e9 esth\u00e9tique","og_description":"Tout ce que vous voulez savoir&#8230; SI LA SAGA DE L\u2019ACIDE HYALURONIQUE M\u2019\u00c9TAIT CONT\u00c9E&#8230; la mol\u00e9cule magique&#8230; Pr Albert Claude BENHAMOUPast-Pr\u00e9sident de l&rsquo;Acad\u00e9mie Nationale de Chirurgie Plus d\u2019un si\u00e8cle de recherches en biochimie fondamentale, appliqu\u00e9e et industrielle, a \u00e9t\u00e9 n\u00e9cessaire pour faire \u00e9merger en clinique humaine et v\u00e9t\u00e9rinaire les multiples usages de l\u2019acide hyaluronique, d\u00e9nomm\u00e9 [&hellip;]","og_url":"https:\/\/looketmedecine.fr\/en\/tout-savoir-si-la-saga-de-lacide-hyaluronique-metait-contee\/","og_site_name":"Revue fran\u00e7aise N\u00b01 pour la recherche en sant\u00e9 esth\u00e9tique","article_publisher":"https:\/\/www.facebook.com\/looketmedecine.magazine\/","article_published_time":"2024-08-20T21:48:57+00:00","article_modified_time":"2024-10-06T10:01:25+00:00","og_image":[{"width":448,"height":438,"url":"https:\/\/looketmedecine.fr\/wp-content\/uploads\/2021\/11\/Capture-de\u0301cran-2021-11-25-a\u0300-18.35.46.png","type":"image\/png"}],"author":"Albert-Claude Benhamou","twitter_card":"summary_large_image","twitter_misc":{"Written by":"Albert-Claude Benhamou","Est. reading time":"2 minutes"},"schema":{"@context":"https:\/\/schema.org","@graph":[{"@type":"Article","@id":"https:\/\/looketmedecine.fr\/tout-savoir-si-la-saga-de-lacide-hyaluronique-metait-contee\/#article","isPartOf":{"@id":"https:\/\/looketmedecine.fr\/tout-savoir-si-la-saga-de-lacide-hyaluronique-metait-contee\/"},"author":{"name":"Albert-Claude Benhamou","@id":"https:\/\/looketmedecine.fr\/#\/schema\/person\/d674c704426e829b385c4dd691b8e3cc"},"headline":"LM N\u00b02\/ 2024 INTRODUCTION DE LA SAGA: SI L\u2019ACIDE HYALURONIQUE M\u2019\u00c9TAIT CONT\u00c9&#8230;\u00a0 Pr AC Benhamou","datePublished":"2024-08-20T21:48:57+00:00","dateModified":"2024-10-06T10:01:25+00:00","mainEntityOfPage":{"@id":"https:\/\/looketmedecine.fr\/tout-savoir-si-la-saga-de-lacide-hyaluronique-metait-contee\/"},"wordCount":464,"publisher":{"@id":"https:\/\/looketmedecine.fr\/#organization"},"image":{"@id":"https:\/\/looketmedecine.fr\/tout-savoir-si-la-saga-de-lacide-hyaluronique-metait-contee\/#primaryimage"},"thumbnailUrl":"https:\/\/looketmedecine.fr\/wp-content\/uploads\/2021\/11\/Capture-de\u0301cran-2021-11-25-a\u0300-18.35.46.png","keywords":["lm2 2024 les enquetes de lm","lm2 2024 replay"],"articleSection":["Les enqu\u00eates de L&amp;M"],"inLanguage":"en-US"},{"@type":"WebPage","@id":"https:\/\/looketmedecine.fr\/tout-savoir-si-la-saga-de-lacide-hyaluronique-metait-contee\/","url":"https:\/\/looketmedecine.fr\/tout-savoir-si-la-saga-de-lacide-hyaluronique-metait-contee\/","name":"LM N\u00b02\/ 2024 INTRODUCTION DE LA SAGA: SI L\u2019ACIDE HYALURONIQUE M\u2019\u00c9TAIT CONT\u00c9...\u00a0 Pr AC Benhamou - Revue fran\u00e7aise N\u00b01 pour la recherche en sant\u00e9 esth\u00e9tique","isPartOf":{"@id":"https:\/\/looketmedecine.fr\/#website"},"primaryImageOfPage":{"@id":"https:\/\/looketmedecine.fr\/tout-savoir-si-la-saga-de-lacide-hyaluronique-metait-contee\/#primaryimage"},"image":{"@id":"https:\/\/looketmedecine.fr\/tout-savoir-si-la-saga-de-lacide-hyaluronique-metait-contee\/#primaryimage"},"thumbnailUrl":"https:\/\/looketmedecine.fr\/wp-content\/uploads\/2021\/11\/Capture-de\u0301cran-2021-11-25-a\u0300-18.35.46.png","datePublished":"2024-08-20T21:48:57+00:00","dateModified":"2024-10-06T10:01:25+00:00","breadcrumb":{"@id":"https:\/\/looketmedecine.fr\/tout-savoir-si-la-saga-de-lacide-hyaluronique-metait-contee\/#breadcrumb"},"inLanguage":"en-US","potentialAction":[{"@type":"ReadAction","target":["https:\/\/looketmedecine.fr\/tout-savoir-si-la-saga-de-lacide-hyaluronique-metait-contee\/"]}]},{"@type":"ImageObject","inLanguage":"en-US","@id":"https:\/\/looketmedecine.fr\/tout-savoir-si-la-saga-de-lacide-hyaluronique-metait-contee\/#primaryimage","url":"https:\/\/looketmedecine.fr\/wp-content\/uploads\/2021\/11\/Capture-de\u0301cran-2021-11-25-a\u0300-18.35.46.png","contentUrl":"https:\/\/looketmedecine.fr\/wp-content\/uploads\/2021\/11\/Capture-de\u0301cran-2021-11-25-a\u0300-18.35.46.png","width":448,"height":438,"caption":"Pr Albert-Claude BENHAMOU"},{"@type":"BreadcrumbList","@id":"https:\/\/looketmedecine.fr\/tout-savoir-si-la-saga-de-lacide-hyaluronique-metait-contee\/#breadcrumb","itemListElement":[{"@type":"ListItem","position":1,"name":"Accueil","item":"https:\/\/looketmedecine.fr\/"},{"@type":"ListItem","position":2,"name":"LM N\u00b02\/ 2024 INTRODUCTION DE LA SAGA: SI L\u2019ACIDE HYALURONIQUE M\u2019\u00c9TAIT CONT\u00c9&#8230;\u00a0 Pr AC Benhamou"}]},{"@type":"WebSite","@id":"https:\/\/looketmedecine.fr\/#website","url":"https:\/\/looketmedecine.fr\/","name":"N\u00b01 French magazine for research in aesthetic health","description":"Aesthetic health based on scientific evidence","publisher":{"@id":"https:\/\/looketmedecine.fr\/#organization"},"potentialAction":[{"@type":"SearchAction","target":{"@type":"EntryPoint","urlTemplate":"https:\/\/looketmedecine.fr\/?s={search_term_string}"},"query-input":{"@type":"PropertyValueSpecification","valueRequired":true,"valueName":"search_term_string"}}],"inLanguage":"en-US"},{"@type":"Organization","@id":"https:\/\/looketmedecine.fr\/#organization","name":"Looketmedicine","url":"https:\/\/looketmedecine.fr\/","logo":{"@type":"ImageObject","inLanguage":"en-US","@id":"https:\/\/looketmedecine.fr\/#\/schema\/logo\/image\/","url":"https:\/\/looketmedecine.fr\/wp-content\/uploads\/2020\/11\/cropped-LookMedecine_Logo_Textuel_Noir.png","contentUrl":"https:\/\/looketmedecine.fr\/wp-content\/uploads\/2020\/11\/cropped-LookMedecine_Logo_Textuel_Noir.png","width":1500,"height":145,"caption":"Looketmedecine"},"image":{"@id":"https:\/\/looketmedecine.fr\/#\/schema\/logo\/image\/"},"sameAs":["https:\/\/www.facebook.com\/looketmedecine.magazine\/","https:\/\/www.instagram.com\/looketmedecine\/?hl=fr"]},{"@type":"Person","@id":"https:\/\/looketmedecine.fr\/#\/schema\/person\/d674c704426e829b385c4dd691b8e3cc","name":"Albert-Claude Benhamou","image":{"@type":"ImageObject","inLanguage":"en-US","@id":"https:\/\/secure.gravatar.com\/avatar\/f4c13b834cf55e3822893169175e3671a59788fb9e2d84d3a223c96e83a8f09e?s=96&d=mm&r=g","url":"https:\/\/secure.gravatar.com\/avatar\/f4c13b834cf55e3822893169175e3671a59788fb9e2d84d3a223c96e83a8f09e?s=96&d=mm&r=g","contentUrl":"https:\/\/secure.gravatar.com\/avatar\/f4c13b834cf55e3822893169175e3671a59788fb9e2d84d3a223c96e83a8f09e?s=96&d=mm&r=g","caption":"Albert-Claude Benhamou"},"url":"https:\/\/looketmedecine.fr\/en"}]}},"_links":{"self":[{"href":"https:\/\/looketmedecine.fr\/en\/wp-json\/wp\/v2\/posts\/22124","targetHints":{"allow":["GET"]}}],"collection":[{"href":"https:\/\/looketmedecine.fr\/en\/wp-json\/wp\/v2\/posts"}],"about":[{"href":"https:\/\/looketmedecine.fr\/en\/wp-json\/wp\/v2\/types\/post"}],"author":[{"embeddable":true,"href":"https:\/\/looketmedecine.fr\/en\/wp-json\/wp\/v2\/users\/2"}],"replies":[{"embeddable":true,"href":"https:\/\/looketmedecine.fr\/en\/wp-json\/wp\/v2\/comments?post=22124"}],"version-history":[{"count":12,"href":"https:\/\/looketmedecine.fr\/en\/wp-json\/wp\/v2\/posts\/22124\/revisions"}],"predecessor-version":[{"id":24065,"href":"https:\/\/looketmedecine.fr\/en\/wp-json\/wp\/v2\/posts\/22124\/revisions\/24065"}],"wp:featuredmedia":[{"embeddable":true,"href":"https:\/\/looketmedecine.fr\/en\/wp-json\/wp\/v2\/media\/7802"}],"wp:attachment":[{"href":"https:\/\/looketmedecine.fr\/en\/wp-json\/wp\/v2\/media?parent=22124"}],"wp:term":[{"taxonomy":"category","embeddable":true,"href":"https:\/\/looketmedecine.fr\/en\/wp-json\/wp\/v2\/categories?post=22124"},{"taxonomy":"post_tag","embeddable":true,"href":"https:\/\/looketmedecine.fr\/en\/wp-json\/wp\/v2\/tags?post=22124"},{"taxonomy":"auteur","embeddable":true,"href":"https:\/\/looketmedecine.fr\/en\/wp-json\/wp\/v2\/auteur?post=22124"},{"taxonomy":"mots-cles","embeddable":true,"href":"https:\/\/looketmedecine.fr\/en\/wp-json\/wp\/v2\/mots-cles?post=22124"}],"curies":[{"name":"wp","href":"https:\/\/api.w.org\/{rel}","templated":true}]}}