{"id":19020,"date":"2023-10-05T21:13:02","date_gmt":"2023-10-05T19:13:02","guid":{"rendered":"https:\/\/looketmedecine.fr\/?p=19020"},"modified":"2024-09-15T12:52:34","modified_gmt":"2024-09-15T10:52:34","slug":"lm2-23-theme-3-loncologie-esthetique-et-de-loncodermatologie-reparatrice-esthetique-des-seins-apres-un-cancer-un-sujet-a-ne-pas-meconnaitre","status":"publish","type":"post","link":"https:\/\/looketmedecine.fr\/en\/lm2-23-theme-3-loncologie-esthetique-et-de-loncodermatologie-reparatrice-esthetique-des-seins-apres-un-cancer-un-sujet-a-ne-pas-meconnaitre\/","title":{"rendered":"LM N\u00b02 \/ 2023. Theme 2: Aesthetic oncology and reparative oncodermatology. Breast aesthetics after cancer. A subject not to be ignored"},"content":{"rendered":"<div data-elementor-type=\"wp-post\" data-elementor-id=\"19020\" class=\"elementor elementor-19020\" data-elementor-post-type=\"post\">\n\t\t\t\t<div class=\"elementor-element elementor-element-7e15986 e-flex e-con-boxed e-con e-parent\" data-id=\"7e15986\" data-element_type=\"container\" data-e-type=\"container\">\n\t\t\t\t\t<div class=\"e-con-inner\">\n\t\t\t\t<div class=\"elementor-element elementor-element-257eaac elementor-widget elementor-widget-image\" data-id=\"257eaac\" data-element_type=\"widget\" data-e-type=\"widget\" data-widget_type=\"image.default\">\n\t\t\t\t<div class=\"elementor-widget-container\">\n\t\t\t\t\t\t\t\t\t\t\t\t\t\t\t<img decoding=\"async\" src=\"https:\/\/looketmedecine.fr\/wp-content\/uploads\/2023\/10\/Capture-decran-2023-10-05-a-21.23.37.png\" title=\"ONCOESTHETICS\" alt=\"ONCOESTHETICS\" loading=\"lazy\" \/>\t\t\t\t\t\t\t\t\t\t\t\t\t\t\t<\/div>\n\t\t\t\t<\/div>\n\t\t\t\t<div class=\"elementor-element elementor-element-6b27cbe elementor-widget elementor-widget-heading\" data-id=\"6b27cbe\" data-element_type=\"widget\" data-e-type=\"widget\" data-widget_type=\"heading.default\">\n\t\t\t\t<div class=\"elementor-widget-container\">\n\t\t\t\t\t<h2 class=\"elementor-heading-title elementor-size-default\">Theme 2 <br>  Aesthetic oncology and reparative oncodermatology.<br> <\/h2>\t\t\t\t<\/div>\n\t\t\t\t<\/div>\n\t\t\t\t<div class=\"elementor-element elementor-element-5987e4f elementor-widget elementor-widget-image\" data-id=\"5987e4f\" data-element_type=\"widget\" data-e-type=\"widget\" data-widget_type=\"image.default\">\n\t\t\t\t<div class=\"elementor-widget-container\">\n\t\t\t\t\t\t\t\t\t\t\t\t\t\t\t<img fetchpriority=\"high\" decoding=\"async\" width=\"800\" height=\"590\" src=\"https:\/\/looketmedecine.fr\/wp-content\/uploads\/2023\/10\/Capture-decran-2023-10-05-a-21.32.09-1024x755.jpg\" class=\"attachment-large size-large wp-image-19055\" alt=\"\" srcset=\"https:\/\/looketmedecine.fr\/wp-content\/uploads\/2023\/10\/Capture-decran-2023-10-05-a-21.32.09-1024x755.jpg 1024w, https:\/\/looketmedecine.fr\/wp-content\/uploads\/2023\/10\/Capture-decran-2023-10-05-a-21.32.09-300x221.jpg 300w, https:\/\/looketmedecine.fr\/wp-content\/uploads\/2023\/10\/Capture-decran-2023-10-05-a-21.32.09-768x566.jpg 768w, https:\/\/looketmedecine.fr\/wp-content\/uploads\/2023\/10\/Capture-decran-2023-10-05-a-21.32.09-1536x1132.jpg 1536w, https:\/\/looketmedecine.fr\/wp-content\/uploads\/2023\/10\/Capture-decran-2023-10-05-a-21.32.09-16x12.jpg 16w, https:\/\/looketmedecine.fr\/wp-content\/uploads\/2023\/10\/Capture-decran-2023-10-05-a-21.32.09.jpg 1614w\" sizes=\"(max-width: 800px) 100vw, 800px\" \/>\t\t\t\t\t\t\t\t\t\t\t\t\t\t\t<\/div>\n\t\t\t\t<\/div>\n\t\t\t\t<div class=\"elementor-element elementor-element-f689d67 elementor-widget elementor-widget-heading\" data-id=\"f689d67\" data-element_type=\"widget\" data-e-type=\"widget\" data-widget_type=\"heading.default\">\n\t\t\t\t<div class=\"elementor-widget-container\">\n\t\t\t\t\t<h2 class=\"elementor-heading-title elementor-size-default\">Breast aesthetics after cancer. A subject not to be ignored<\/h2>\t\t\t\t<\/div>\n\t\t\t\t<\/div>\n\t\t\t\t<div class=\"elementor-element elementor-element-8f4d11f elementor-widget elementor-widget-heading\" data-id=\"8f4d11f\" data-element_type=\"widget\" data-e-type=\"widget\" data-widget_type=\"heading.default\">\n\t\t\t\t<div class=\"elementor-widget-container\">\n\t\t\t\t\t<h2 class=\"elementor-heading-title elementor-size-default\">Fanny POIROT, MD, Jean-Jacques DEUTSCH, MD, Fran\u00e7ois PETIT, MD, Micka\u00ebl ATLAN, MD, PHD, Dorina DONICI, MD, PHD, David GONNELLI, MD, Maud RAVIER, Ralph GORON, MD.<br> Paper for the AIME Congress Paris, June 2023<\/h2>\t\t\t\t<\/div>\n\t\t\t\t<\/div>\n\t\t\t\t<div class=\"elementor-element elementor-element-1527281 elementor-widget elementor-widget-pdfjs_viewer\" data-id=\"1527281\" data-element_type=\"widget\" data-e-type=\"widget\" data-widget_type=\"pdfjs_viewer.default\">\n\t\t\t\t<div class=\"elementor-widget-container\">\n\t\t\t\t\t<iframe src=\"https:\/\/looketmedecine.fr\/wp-content\/plugins\/pdf-viewer-for-elementor\/assets\/pdfjs\/web\/viewer.html?file=https:\/\/looketmedecine.fr\/wp-content\/uploads\/2023\/10\/ESTHETIQUE-DES-SEINS-APRES-UN-CANCER-_compressed.pdf&amp;embedded=true\" style=\"display: block; margin-left: auto; margin-right: auto; width: 1480px; height: 1020px;\" frameborder=\"1\" marginheight=\"0px\" marginwidth=\"0px\" allowfullscreen><\/iframe>\t\t\t\t<\/div>\n\t\t\t\t<\/div>\n\t\t\t\t<div class=\"elementor-element elementor-element-29db249 elementor-widget elementor-widget-image\" data-id=\"29db249\" data-element_type=\"widget\" data-e-type=\"widget\" data-widget_type=\"image.default\">\n\t\t\t\t<div class=\"elementor-widget-container\">\n\t\t\t\t\t\t\t\t\t\t\t\t\t\t\t<img decoding=\"async\" width=\"1448\" height=\"414\" src=\"https:\/\/looketmedecine.fr\/wp-content\/uploads\/2023\/10\/Capture-decran-2023-10-05-a-21.32.39.jpg\" class=\"attachment-full size-full wp-image-19065\" alt=\"\" srcset=\"https:\/\/looketmedecine.fr\/wp-content\/uploads\/2023\/10\/Capture-decran-2023-10-05-a-21.32.39.jpg 1448w, https:\/\/looketmedecine.fr\/wp-content\/uploads\/2023\/10\/Capture-decran-2023-10-05-a-21.32.39-300x86.jpg 300w, https:\/\/looketmedecine.fr\/wp-content\/uploads\/2023\/10\/Capture-decran-2023-10-05-a-21.32.39-1024x293.jpg 1024w, https:\/\/looketmedecine.fr\/wp-content\/uploads\/2023\/10\/Capture-decran-2023-10-05-a-21.32.39-768x220.jpg 768w, https:\/\/looketmedecine.fr\/wp-content\/uploads\/2023\/10\/Capture-decran-2023-10-05-a-21.32.39-18x5.jpg 18w\" sizes=\"(max-width: 1448px) 100vw, 1448px\" \/>\t\t\t\t\t\t\t\t\t\t\t\t\t\t\t<\/div>\n\t\t\t\t<\/div>\n\t\t\t\t<div class=\"elementor-element elementor-element-2c9c2f5 elementor-widget elementor-widget-image\" data-id=\"2c9c2f5\" data-element_type=\"widget\" data-e-type=\"widget\" data-widget_type=\"image.default\">\n\t\t\t\t<div class=\"elementor-widget-container\">\n\t\t\t\t\t\t\t\t\t\t\t\t\t\t\t<img decoding=\"async\" width=\"800\" height=\"307\" src=\"https:\/\/looketmedecine.fr\/wp-content\/uploads\/2023\/10\/Capture-decran-2023-10-05-a-21.41.33-1024x393.jpg\" class=\"attachment-large size-large wp-image-19069\" alt=\"\" srcset=\"https:\/\/looketmedecine.fr\/wp-content\/uploads\/2023\/10\/Capture-decran-2023-10-05-a-21.41.33-1024x393.jpg 1024w, https:\/\/looketmedecine.fr\/wp-content\/uploads\/2023\/10\/Capture-decran-2023-10-05-a-21.41.33-300x115.jpg 300w, https:\/\/looketmedecine.fr\/wp-content\/uploads\/2023\/10\/Capture-decran-2023-10-05-a-21.41.33-768x295.jpg 768w, https:\/\/looketmedecine.fr\/wp-content\/uploads\/2023\/10\/Capture-decran-2023-10-05-a-21.41.33-1536x590.jpg 1536w, https:\/\/looketmedecine.fr\/wp-content\/uploads\/2023\/10\/Capture-decran-2023-10-05-a-21.41.33-18x7.jpg 18w, https:\/\/looketmedecine.fr\/wp-content\/uploads\/2023\/10\/Capture-decran-2023-10-05-a-21.41.33.jpg 1780w\" sizes=\"(max-width: 800px) 100vw, 800px\" \/>\t\t\t\t\t\t\t\t\t\t\t\t\t\t\t<\/div>\n\t\t\t\t<\/div>\n\t\t\t\t<div class=\"elementor-element elementor-element-c0b5177 elementor-skin-coverflow elementor-arrows-yes elementor-pagination-type-bullets elementor-pagination-position-outside elementor-widget elementor-widget-media-carousel\" data-id=\"c0b5177\" data-element_type=\"widget\" data-e-type=\"widget\" data-settings=\"{&quot;skin&quot;:&quot;coverflow&quot;,&quot;show_arrows&quot;:&quot;yes&quot;,&quot;pagination&quot;:&quot;bullets&quot;,&quot;speed&quot;:500,&quot;autoplay&quot;:&quot;yes&quot;,&quot;autoplay_speed&quot;:5000,&quot;loop&quot;:&quot;yes&quot;,&quot;pause_on_hover&quot;:&quot;yes&quot;,&quot;pause_on_interaction&quot;:&quot;yes&quot;,&quot;space_between&quot;:{&quot;unit&quot;:&quot;px&quot;,&quot;size&quot;:10,&quot;sizes&quot;:[]},&quot;space_between_tablet&quot;:{&quot;unit&quot;:&quot;px&quot;,&quot;size&quot;:10,&quot;sizes&quot;:[]},&quot;space_between_mobile&quot;:{&quot;unit&quot;:&quot;px&quot;,&quot;size&quot;:10,&quot;sizes&quot;:[]}}\" data-widget_type=\"media-carousel.default\">\n\t\t\t\t<div class=\"elementor-widget-container\">\n\t\t\t\t\t\t\t\t\t<div class=\"elementor-swiper\">\n\t\t\t\t\t<div class=\"elementor-main-swiper swiper\" role=\"region\" aria-roledescription=\"carousel\" aria-label=\"Diapositives\">\n\t\t\t\t<div class=\"swiper-wrapper\">\n\t\t\t\t\t\t\t\t\t\t\t<div class=\"swiper-slide\" role=\"group\" aria-roledescription=\"slide\">\n\t\t\t\t\t\t\t\t\t<div class=\"elementor-carousel-image\" role=\"img\" aria-label=\"Screenshot 2023-10-05 at 21.30.51\" style=\"background-image: url(&#039;https:\/\/looketmedecine.fr\/wp-content\/uploads\/2023\/10\/Capture-decran-2023-10-05-a-21.30.51.jpg&#039;)\">\n\n\t\t\t\n\t\t\t\t\t<\/div>\n\t\t\t\t\t\t\t\t<\/div>\n\t\t\t\t\t\t\t\t\t\t\t<div class=\"swiper-slide\" role=\"group\" aria-roledescription=\"slide\">\n\t\t\t\t\t\t\t\t\t<div class=\"elementor-carousel-image\" role=\"img\" aria-label=\"Screenshot 2023-10-05 at 21.31.13\" style=\"background-image: url(&#039;https:\/\/looketmedecine.fr\/wp-content\/uploads\/2023\/10\/Capture-decran-2023-10-05-a-21.31.13.jpg&#039;)\">\n\n\t\t\t\n\t\t\t\t\t<\/div>\n\t\t\t\t\t\t\t\t<\/div>\n\t\t\t\t\t\t\t\t\t\t\t<div class=\"swiper-slide\" role=\"group\" aria-roledescription=\"slide\">\n\t\t\t\t\t\t\t\t\t<div class=\"elementor-carousel-image\" role=\"img\" aria-label=\"Screenshot 2023-10-05 at 21.31.22\" style=\"background-image: url(&#039;https:\/\/looketmedecine.fr\/wp-content\/uploads\/2023\/10\/Capture-decran-2023-10-05-a-21.31.22.jpg&#039;)\">\n\n\t\t\t\n\t\t\t\t\t<\/div>\n\t\t\t\t\t\t\t\t<\/div>\n\t\t\t\t\t\t\t\t\t\t\t<div class=\"swiper-slide\" role=\"group\" aria-roledescription=\"slide\">\n\t\t\t\t\t\t\t\t\t<div class=\"elementor-carousel-image\" role=\"img\" aria-label=\"Screenshot 2023-10-05 at 21.31.38\" style=\"background-image: url(&#039;https:\/\/looketmedecine.fr\/wp-content\/uploads\/2023\/10\/Capture-decran-2023-10-05-a-21.31.38.jpg&#039;)\">\n\n\t\t\t\n\t\t\t\t\t<\/div>\n\t\t\t\t\t\t\t\t<\/div>\n\t\t\t\t\t\t\t\t\t\t\t<div class=\"swiper-slide\" role=\"group\" aria-roledescription=\"slide\">\n\t\t\t\t\t\t\t\t\t<div class=\"elementor-carousel-image\" role=\"img\" aria-label=\"Screenshot 2023-10-05 at 21.31.48\" style=\"background-image: url(&#039;https:\/\/looketmedecine.fr\/wp-content\/uploads\/2023\/10\/Capture-decran-2023-10-05-a-21.31.48.jpg&#039;)\">\n\n\t\t\t\n\t\t\t\t\t<\/div>\n\t\t\t\t\t\t\t\t<\/div>\n\t\t\t\t\t\t\t\t\t\t\t<div class=\"swiper-slide\" role=\"group\" aria-roledescription=\"slide\">\n\t\t\t\t\t\t\t\t\t<div class=\"elementor-carousel-image\" role=\"img\" aria-label=\"Screenshot 2023-10-05 at 21.31.59\" style=\"background-image: url(&#039;https:\/\/looketmedecine.fr\/wp-content\/uploads\/2023\/10\/Capture-decran-2023-10-05-a-21.31.59.jpg&#039;)\">\n\n\t\t\t\n\t\t\t\t\t<\/div>\n\t\t\t\t\t\t\t\t<\/div>\n\t\t\t\t\t\t\t\t\t\t\t<div class=\"swiper-slide\" role=\"group\" aria-roledescription=\"slide\">\n\t\t\t\t\t\t\t\t\t<div class=\"elementor-carousel-image\" role=\"img\" aria-label=\"Screenshot 2023-10-05 at 21.32.09\" style=\"background-image: url(&#039;https:\/\/looketmedecine.fr\/wp-content\/uploads\/2023\/10\/Capture-decran-2023-10-05-a-21.32.09.jpg&#039;)\">\n\n\t\t\t\n\t\t\t\t\t<\/div>\n\t\t\t\t\t\t\t\t<\/div>\n\t\t\t\t\t\t\t\t\t<\/div>\n\t\t\t\t\t\t\t\t\t\t\t\t\t\t\t<div class=\"elementor-swiper-button elementor-swiper-button-prev\" role=\"button\" tabindex=\"0\" aria-label=\"Previous\">\n\t\t\t\t\t\t\t<svg aria-hidden=\"true\" class=\"e-font-icon-svg e-eicon-chevron-left\" viewbox=\"0 0 1000 1000\" xmlns=\"http:\/\/www.w3.org\/2000\/svg\"><path d=\"M646 125C629 125 613 133 604 142L308 442C296 454 292 471 292 487 292 504 296 521 308 533L604 854C617 867 629 875 646 875 663 875 679 871 692 858 704 846 713 829 713 812 713 796 708 779 692 767L438 487 692 225C700 217 708 204 708 187 708 171 704 154 692 142 675 129 663 125 646 125Z\"><\/path><\/svg>\t\t\t\t\t\t<\/div>\n\t\t\t\t\t\t<div class=\"elementor-swiper-button elementor-swiper-button-next\" role=\"button\" tabindex=\"0\" aria-label=\"Next\">\n\t\t\t\t\t\t\t<svg aria-hidden=\"true\" class=\"e-font-icon-svg e-eicon-chevron-right\" viewbox=\"0 0 1000 1000\" xmlns=\"http:\/\/www.w3.org\/2000\/svg\"><path d=\"M696 533C708 521 713 504 713 487 713 471 708 454 696 446L400 146C388 133 375 125 354 125 338 125 325 129 313 142 300 154 292 171 292 187 292 204 296 221 308 233L563 492 304 771C292 783 288 800 288 817 288 833 296 850 308 863 321 871 338 875 354 875 371 875 388 867 400 854L696 533Z\"><\/path><\/svg>\t\t\t\t\t\t<\/div>\n\t\t\t\t\t\t\t\t\t\t\t\t\t\t\t\t<div class=\"swiper-pagination\"><\/div>\n\t\t\t\t\t\t\t\t\t\t\t\t<\/div>\n\t\t\t\t<\/div>\n\t\t\t\t\t\t\t\t<\/div>\n\t\t\t\t<\/div>\n\t\t\t\t<div class=\"elementor-element elementor-element-55a4235 elementor-widget elementor-widget-image\" data-id=\"55a4235\" data-element_type=\"widget\" data-e-type=\"widget\" data-widget_type=\"image.default\">\n\t\t\t\t<div class=\"elementor-widget-container\">\n\t\t\t\t\t\t\t\t\t\t\t\t\t\t\t<img loading=\"lazy\" decoding=\"async\" width=\"800\" height=\"363\" src=\"https:\/\/looketmedecine.fr\/wp-content\/uploads\/2023\/04\/LOGO-AIME-PARIS-2023-2-1024x464.png\" class=\"attachment-large size-large wp-image-15025\" alt=\"\" srcset=\"https:\/\/looketmedecine.fr\/wp-content\/uploads\/2023\/04\/LOGO-AIME-PARIS-2023-2-1024x464.png 1024w, https:\/\/looketmedecine.fr\/wp-content\/uploads\/2023\/04\/LOGO-AIME-PARIS-2023-2-300x136.png 300w, https:\/\/looketmedecine.fr\/wp-content\/uploads\/2023\/04\/LOGO-AIME-PARIS-2023-2-768x348.png 768w, https:\/\/looketmedecine.fr\/wp-content\/uploads\/2023\/04\/LOGO-AIME-PARIS-2023-2-1536x696.png 1536w, https:\/\/looketmedecine.fr\/wp-content\/uploads\/2023\/04\/LOGO-AIME-PARIS-2023-2-18x8.png 18w, https:\/\/looketmedecine.fr\/wp-content\/uploads\/2023\/04\/LOGO-AIME-PARIS-2023-2.png 1748w\" sizes=\"(max-width: 800px) 100vw, 800px\" \/>\t\t\t\t\t\t\t\t\t\t\t\t\t\t\t<\/div>\n\t\t\t\t<\/div>\n\t\t\t\t\t<\/div>\n\t\t\t\t<\/div>\n\t\t\t\t<\/div>","protected":false},"excerpt":{"rendered":"<p>Theme 2 Aesthetic oncology and reparative oncodermatology. Breast aesthetics after cancer. Fanny POIROT, MD, Jean-Jacques DEUTSCH, MD, Fran\u00e7ois PETIT, MD, Micka\u00ebl ATLAN, MD, PHD, Dorina DONICI, MD, PHD, David GONNELLI, MD, Maud RAVIER, Ralph GORON, MD. AIME conference paper Paris, June 2023 Previous Next<\/p>","protected":false},"author":2,"featured_media":0,"comment_status":"closed","ping_status":"closed","sticky":false,"template":"","format":"standard","meta":{"_acf_changed":false,"footnotes":""},"categories":[1],"tags":[325,331],"auteur":[],"mots-cles":[],"class_list":["post-19020","post","type-post","status-publish","format-standard","hentry","category-nos-partenaires","tag-lm2-2023-replay","tag-lm2-2023-theme-un-autre-regard"],"acf":[],"yoast_head":"<!-- This site is optimized with the Yoast SEO plugin v27.5 - https:\/\/yoast.com\/product\/yoast-seo-wordpress\/ -->\n<title>LM N\u00b02 \/ 2023. Th\u00e8me 2: L&#039;oncologie esth\u00e9tique et de l&#039;oncodermatologie r\u00e9paratrice. Esth\u00e9tique des seins apr\u00e8s un cancer. Un sujet \u00e0 ne pas m\u00e9connaitre - Revue fran\u00e7aise N\u00b01 pour la recherche en sant\u00e9 esth\u00e9tique<\/title>\n<meta name=\"robots\" content=\"index, follow, max-snippet:-1, max-image-preview:large, max-video-preview:-1\" \/>\n<link rel=\"canonical\" href=\"https:\/\/looketmedecine.fr\/en\/wp-json\/wp\/v2\/posts\/19020\" \/>\n<meta property=\"og:locale\" content=\"en_US\" \/>\n<meta property=\"og:type\" content=\"article\" \/>\n<meta property=\"og:title\" content=\"LM N\u00b02 \/ 2023. Th\u00e8me 2: L&#039;oncologie esth\u00e9tique et de l&#039;oncodermatologie r\u00e9paratrice. Esth\u00e9tique des seins apr\u00e8s un cancer. Un sujet \u00e0 ne pas m\u00e9connaitre - Revue fran\u00e7aise N\u00b01 pour la recherche en sant\u00e9 esth\u00e9tique\" \/>\n<meta property=\"og:description\" content=\"Th\u00e8me 2 Oncologie esth\u00e9tique et Oncodermatologie r\u00e9paratrice. Esth\u00e9tique des seins apr\u00e8s un cancer. Un sujet \u00e0 ne pas m\u00e9connaitre Fanny POIROT, MD, Jean-Jacques DEUTSCH, MD, Fran\u00e7ois PETIT, MD, Micka\u00ebl ATLAN, MD, PHD, Dorina DONICI, MD, PHD, David GONNELLI, MD, Maud RAVIER, Ralph GORON, MD. Communication du congr\u00e8s AIME Paris, Juin 2023 Pr\u00e9c\u00e9dent Suivant\" \/>\n<meta property=\"og:url\" content=\"https:\/\/looketmedecine.fr\/en\/lm2-23-theme-3-loncologie-esthetique-et-de-loncodermatologie-reparatrice-esthetique-des-seins-apres-un-cancer-un-sujet-a-ne-pas-meconnaitre\/\" \/>\n<meta property=\"og:site_name\" content=\"Revue fran\u00e7aise N\u00b01 pour la recherche en sant\u00e9 esth\u00e9tique\" \/>\n<meta property=\"article:publisher\" content=\"https:\/\/www.facebook.com\/looketmedecine.magazine\/\" \/>\n<meta property=\"article:published_time\" content=\"2023-10-05T19:13:02+00:00\" \/>\n<meta property=\"article:modified_time\" content=\"2024-09-15T10:52:34+00:00\" \/>\n<meta property=\"og:image\" content=\"https:\/\/looketmedecine.fr\/wp-content\/uploads\/2023\/10\/Capture-decran-2023-10-05-a-21.23.37.png\" \/>\n<meta name=\"author\" content=\"Albert-Claude Benhamou\" \/>\n<meta name=\"twitter:card\" content=\"summary_large_image\" \/>\n<meta name=\"twitter:label1\" content=\"Written by\" \/>\n\t<meta name=\"twitter:data1\" content=\"Albert-Claude Benhamou\" \/>\n<script type=\"application\/ld+json\" class=\"yoast-schema-graph\">{\"@context\":\"https:\\\/\\\/schema.org\",\"@graph\":[{\"@type\":\"Article\",\"@id\":\"https:\\\/\\\/looketmedecine.fr\\\/en\\\/lm2-23-theme-3-loncologie-esthetique-et-de-loncodermatologie-reparatrice-esthetique-des-seins-apres-un-cancer-un-sujet-a-ne-pas-meconnaitre\\\/#article\",\"isPartOf\":{\"@id\":\"https:\\\/\\\/looketmedecine.fr\\\/en\\\/lm2-23-theme-3-loncologie-esthetique-et-de-loncodermatologie-reparatrice-esthetique-des-seins-apres-un-cancer-un-sujet-a-ne-pas-meconnaitre\\\/\"},\"author\":{\"name\":\"Albert-Claude Benhamou\",\"@id\":\"https:\\\/\\\/looketmedecine.fr\\\/#\\\/schema\\\/person\\\/d674c704426e829b385c4dd691b8e3cc\"},\"headline\":\"LM N\u00b02 \\\/ 2023. Th\u00e8me 2: L&rsquo;oncologie esth\u00e9tique et de l&rsquo;oncodermatologie r\u00e9paratrice. Esth\u00e9tique des seins apr\u00e8s un cancer. Un sujet \u00e0 ne pas m\u00e9connaitre\",\"datePublished\":\"2023-10-05T19:13:02+00:00\",\"dateModified\":\"2024-09-15T10:52:34+00:00\",\"mainEntityOfPage\":{\"@id\":\"https:\\\/\\\/looketmedecine.fr\\\/en\\\/lm2-23-theme-3-loncologie-esthetique-et-de-loncodermatologie-reparatrice-esthetique-des-seins-apres-un-cancer-un-sujet-a-ne-pas-meconnaitre\\\/\"},\"wordCount\":89,\"publisher\":{\"@id\":\"https:\\\/\\\/looketmedecine.fr\\\/#organization\"},\"image\":{\"@id\":\"https:\\\/\\\/looketmedecine.fr\\\/en\\\/lm2-23-theme-3-loncologie-esthetique-et-de-loncodermatologie-reparatrice-esthetique-des-seins-apres-un-cancer-un-sujet-a-ne-pas-meconnaitre\\\/#primaryimage\"},\"thumbnailUrl\":\"https:\\\/\\\/looketmedecine.fr\\\/wp-content\\\/uploads\\\/2023\\\/10\\\/Capture-decran-2023-10-05-a-21.23.37.png\",\"keywords\":[\"Lm2 2023 replay\",\"Lm2 2023 th\u00e8me un autre regard\"],\"articleSection\":[\"Nos partenaires\"],\"inLanguage\":\"en-US\"},{\"@type\":\"WebPage\",\"@id\":\"https:\\\/\\\/looketmedecine.fr\\\/en\\\/lm2-23-theme-3-loncologie-esthetique-et-de-loncodermatologie-reparatrice-esthetique-des-seins-apres-un-cancer-un-sujet-a-ne-pas-meconnaitre\\\/\",\"url\":\"https:\\\/\\\/looketmedecine.fr\\\/en\\\/lm2-23-theme-3-loncologie-esthetique-et-de-loncodermatologie-reparatrice-esthetique-des-seins-apres-un-cancer-un-sujet-a-ne-pas-meconnaitre\\\/\",\"name\":\"LM N\u00b02 \\\/ 2023. Th\u00e8me 2: L'oncologie esth\u00e9tique et de l'oncodermatologie r\u00e9paratrice. Esth\u00e9tique des seins apr\u00e8s un cancer. Un sujet \u00e0 ne pas m\u00e9connaitre - Revue fran\u00e7aise N\u00b01 pour la recherche en sant\u00e9 esth\u00e9tique\",\"isPartOf\":{\"@id\":\"https:\\\/\\\/looketmedecine.fr\\\/#website\"},\"primaryImageOfPage\":{\"@id\":\"https:\\\/\\\/looketmedecine.fr\\\/en\\\/lm2-23-theme-3-loncologie-esthetique-et-de-loncodermatologie-reparatrice-esthetique-des-seins-apres-un-cancer-un-sujet-a-ne-pas-meconnaitre\\\/#primaryimage\"},\"image\":{\"@id\":\"https:\\\/\\\/looketmedecine.fr\\\/en\\\/lm2-23-theme-3-loncologie-esthetique-et-de-loncodermatologie-reparatrice-esthetique-des-seins-apres-un-cancer-un-sujet-a-ne-pas-meconnaitre\\\/#primaryimage\"},\"thumbnailUrl\":\"https:\\\/\\\/looketmedecine.fr\\\/wp-content\\\/uploads\\\/2023\\\/10\\\/Capture-decran-2023-10-05-a-21.23.37.png\",\"datePublished\":\"2023-10-05T19:13:02+00:00\",\"dateModified\":\"2024-09-15T10:52:34+00:00\",\"breadcrumb\":{\"@id\":\"https:\\\/\\\/looketmedecine.fr\\\/en\\\/lm2-23-theme-3-loncologie-esthetique-et-de-loncodermatologie-reparatrice-esthetique-des-seins-apres-un-cancer-un-sujet-a-ne-pas-meconnaitre\\\/#breadcrumb\"},\"inLanguage\":\"en-US\",\"potentialAction\":[{\"@type\":\"ReadAction\",\"target\":[\"https:\\\/\\\/looketmedecine.fr\\\/en\\\/lm2-23-theme-3-loncologie-esthetique-et-de-loncodermatologie-reparatrice-esthetique-des-seins-apres-un-cancer-un-sujet-a-ne-pas-meconnaitre\\\/\"]}]},{\"@type\":\"ImageObject\",\"inLanguage\":\"en-US\",\"@id\":\"https:\\\/\\\/looketmedecine.fr\\\/en\\\/lm2-23-theme-3-loncologie-esthetique-et-de-loncodermatologie-reparatrice-esthetique-des-seins-apres-un-cancer-un-sujet-a-ne-pas-meconnaitre\\\/#primaryimage\",\"url\":\"https:\\\/\\\/looketmedecine.fr\\\/wp-content\\\/uploads\\\/2023\\\/10\\\/Capture-decran-2023-10-05-a-21.23.37.png\",\"contentUrl\":\"https:\\\/\\\/looketmedecine.fr\\\/wp-content\\\/uploads\\\/2023\\\/10\\\/Capture-decran-2023-10-05-a-21.23.37.png\"},{\"@type\":\"BreadcrumbList\",\"@id\":\"https:\\\/\\\/looketmedecine.fr\\\/en\\\/lm2-23-theme-3-loncologie-esthetique-et-de-loncodermatologie-reparatrice-esthetique-des-seins-apres-un-cancer-un-sujet-a-ne-pas-meconnaitre\\\/#breadcrumb\",\"itemListElement\":[{\"@type\":\"ListItem\",\"position\":1,\"name\":\"Accueil\",\"item\":\"https:\\\/\\\/looketmedecine.fr\\\/\"},{\"@type\":\"ListItem\",\"position\":2,\"name\":\"LM N\u00b02 \\\/ 2023. Th\u00e8me 2: L&rsquo;oncologie esth\u00e9tique et de l&rsquo;oncodermatologie r\u00e9paratrice. Esth\u00e9tique des seins apr\u00e8s un cancer. Un sujet \u00e0 ne pas m\u00e9connaitre\"}]},{\"@type\":\"WebSite\",\"@id\":\"https:\\\/\\\/looketmedecine.fr\\\/#website\",\"url\":\"https:\\\/\\\/looketmedecine.fr\\\/\",\"name\":\"Revue fran\u00e7aise N\u00b01 pour la recherche en sant\u00e9 esth\u00e9tique\",\"description\":\"La sant\u00e9 esth\u00e9tique fond\u00e9e sur des preuves scientifiques\",\"publisher\":{\"@id\":\"https:\\\/\\\/looketmedecine.fr\\\/#organization\"},\"potentialAction\":[{\"@type\":\"SearchAction\",\"target\":{\"@type\":\"EntryPoint\",\"urlTemplate\":\"https:\\\/\\\/looketmedecine.fr\\\/?s={search_term_string}\"},\"query-input\":{\"@type\":\"PropertyValueSpecification\",\"valueRequired\":true,\"valueName\":\"search_term_string\"}}],\"inLanguage\":\"en-US\"},{\"@type\":\"Organization\",\"@id\":\"https:\\\/\\\/looketmedecine.fr\\\/#organization\",\"name\":\"Looketmedecine\",\"url\":\"https:\\\/\\\/looketmedecine.fr\\\/\",\"logo\":{\"@type\":\"ImageObject\",\"inLanguage\":\"en-US\",\"@id\":\"https:\\\/\\\/looketmedecine.fr\\\/#\\\/schema\\\/logo\\\/image\\\/\",\"url\":\"https:\\\/\\\/looketmedecine.fr\\\/wp-content\\\/uploads\\\/2020\\\/11\\\/cropped-LookMedecine_Logo_Textuel_Noir.png\",\"contentUrl\":\"https:\\\/\\\/looketmedecine.fr\\\/wp-content\\\/uploads\\\/2020\\\/11\\\/cropped-LookMedecine_Logo_Textuel_Noir.png\",\"width\":1500,\"height\":145,\"caption\":\"Looketmedecine\"},\"image\":{\"@id\":\"https:\\\/\\\/looketmedecine.fr\\\/#\\\/schema\\\/logo\\\/image\\\/\"},\"sameAs\":[\"https:\\\/\\\/www.facebook.com\\\/looketmedecine.magazine\\\/\",\"https:\\\/\\\/www.instagram.com\\\/looketmedecine\\\/?hl=fr\"]},{\"@type\":\"Person\",\"@id\":\"https:\\\/\\\/looketmedecine.fr\\\/#\\\/schema\\\/person\\\/d674c704426e829b385c4dd691b8e3cc\",\"name\":\"Albert-Claude Benhamou\",\"image\":{\"@type\":\"ImageObject\",\"inLanguage\":\"en-US\",\"@id\":\"https:\\\/\\\/secure.gravatar.com\\\/avatar\\\/f4c13b834cf55e3822893169175e3671a59788fb9e2d84d3a223c96e83a8f09e?s=96&d=mm&r=g\",\"url\":\"https:\\\/\\\/secure.gravatar.com\\\/avatar\\\/f4c13b834cf55e3822893169175e3671a59788fb9e2d84d3a223c96e83a8f09e?s=96&d=mm&r=g\",\"contentUrl\":\"https:\\\/\\\/secure.gravatar.com\\\/avatar\\\/f4c13b834cf55e3822893169175e3671a59788fb9e2d84d3a223c96e83a8f09e?s=96&d=mm&r=g\",\"caption\":\"Albert-Claude Benhamou\"},\"url\":\"https:\\\/\\\/looketmedecine.fr\\\/en\"}]}<\/script>\n<!-- \/ Yoast SEO plugin. -->","yoast_head_json":{"title":"LM N\u00b02 \/ 2023. Th\u00e8me 2: L'oncologie esth\u00e9tique et de l'oncodermatologie r\u00e9paratrice. Esth\u00e9tique des seins apr\u00e8s un cancer. Un sujet \u00e0 ne pas m\u00e9connaitre - Revue fran\u00e7aise N\u00b01 pour la recherche en sant\u00e9 esth\u00e9tique","robots":{"index":"index","follow":"follow","max-snippet":"max-snippet:-1","max-image-preview":"max-image-preview:large","max-video-preview":"max-video-preview:-1"},"canonical":"https:\/\/looketmedecine.fr\/en\/wp-json\/wp\/v2\/posts\/19020","og_locale":"en_US","og_type":"article","og_title":"LM N\u00b02 \/ 2023. Th\u00e8me 2: L'oncologie esth\u00e9tique et de l'oncodermatologie r\u00e9paratrice. Esth\u00e9tique des seins apr\u00e8s un cancer. Un sujet \u00e0 ne pas m\u00e9connaitre - Revue fran\u00e7aise N\u00b01 pour la recherche en sant\u00e9 esth\u00e9tique","og_description":"Th\u00e8me 2 Oncologie esth\u00e9tique et Oncodermatologie r\u00e9paratrice. Esth\u00e9tique des seins apr\u00e8s un cancer. Un sujet \u00e0 ne pas m\u00e9connaitre Fanny POIROT, MD, Jean-Jacques DEUTSCH, MD, Fran\u00e7ois PETIT, MD, Micka\u00ebl ATLAN, MD, PHD, Dorina DONICI, MD, PHD, David GONNELLI, MD, Maud RAVIER, Ralph GORON, MD. Communication du congr\u00e8s AIME Paris, Juin 2023 Pr\u00e9c\u00e9dent Suivant","og_url":"https:\/\/looketmedecine.fr\/en\/lm2-23-theme-3-loncologie-esthetique-et-de-loncodermatologie-reparatrice-esthetique-des-seins-apres-un-cancer-un-sujet-a-ne-pas-meconnaitre\/","og_site_name":"Revue fran\u00e7aise N\u00b01 pour la recherche en sant\u00e9 esth\u00e9tique","article_publisher":"https:\/\/www.facebook.com\/looketmedecine.magazine\/","article_published_time":"2023-10-05T19:13:02+00:00","article_modified_time":"2024-09-15T10:52:34+00:00","og_image":[{"url":"https:\/\/looketmedecine.fr\/wp-content\/uploads\/2023\/10\/Capture-decran-2023-10-05-a-21.23.37.png","type":"","width":"","height":""}],"author":"Albert-Claude Benhamou","twitter_card":"summary_large_image","twitter_misc":{"Written by":"Albert-Claude Benhamou"},"schema":{"@context":"https:\/\/schema.org","@graph":[{"@type":"Article","@id":"https:\/\/looketmedecine.fr\/en\/lm2-23-theme-3-loncologie-esthetique-et-de-loncodermatologie-reparatrice-esthetique-des-seins-apres-un-cancer-un-sujet-a-ne-pas-meconnaitre\/#article","isPartOf":{"@id":"https:\/\/looketmedecine.fr\/en\/lm2-23-theme-3-loncologie-esthetique-et-de-loncodermatologie-reparatrice-esthetique-des-seins-apres-un-cancer-un-sujet-a-ne-pas-meconnaitre\/"},"author":{"name":"Albert-Claude Benhamou","@id":"https:\/\/looketmedecine.fr\/#\/schema\/person\/d674c704426e829b385c4dd691b8e3cc"},"headline":"LM N\u00b02 \/ 2023. Th\u00e8me 2: L&rsquo;oncologie esth\u00e9tique et de l&rsquo;oncodermatologie r\u00e9paratrice. Esth\u00e9tique des seins apr\u00e8s un cancer. Un sujet \u00e0 ne pas m\u00e9connaitre","datePublished":"2023-10-05T19:13:02+00:00","dateModified":"2024-09-15T10:52:34+00:00","mainEntityOfPage":{"@id":"https:\/\/looketmedecine.fr\/en\/lm2-23-theme-3-loncologie-esthetique-et-de-loncodermatologie-reparatrice-esthetique-des-seins-apres-un-cancer-un-sujet-a-ne-pas-meconnaitre\/"},"wordCount":89,"publisher":{"@id":"https:\/\/looketmedecine.fr\/#organization"},"image":{"@id":"https:\/\/looketmedecine.fr\/en\/lm2-23-theme-3-loncologie-esthetique-et-de-loncodermatologie-reparatrice-esthetique-des-seins-apres-un-cancer-un-sujet-a-ne-pas-meconnaitre\/#primaryimage"},"thumbnailUrl":"https:\/\/looketmedecine.fr\/wp-content\/uploads\/2023\/10\/Capture-decran-2023-10-05-a-21.23.37.png","keywords":["Lm2 2023 replay","Lm2 2023 th\u00e8me un autre regard"],"articleSection":["Nos partenaires"],"inLanguage":"en-US"},{"@type":"WebPage","@id":"https:\/\/looketmedecine.fr\/en\/lm2-23-theme-3-loncologie-esthetique-et-de-loncodermatologie-reparatrice-esthetique-des-seins-apres-un-cancer-un-sujet-a-ne-pas-meconnaitre\/","url":"https:\/\/looketmedecine.fr\/en\/lm2-23-theme-3-loncologie-esthetique-et-de-loncodermatologie-reparatrice-esthetique-des-seins-apres-un-cancer-un-sujet-a-ne-pas-meconnaitre\/","name":"LM N\u00b02 \/ 2023. Th\u00e8me 2: L'oncologie esth\u00e9tique et de l'oncodermatologie r\u00e9paratrice. Esth\u00e9tique des seins apr\u00e8s un cancer. Un sujet \u00e0 ne pas m\u00e9connaitre - Revue fran\u00e7aise N\u00b01 pour la recherche en sant\u00e9 esth\u00e9tique","isPartOf":{"@id":"https:\/\/looketmedecine.fr\/#website"},"primaryImageOfPage":{"@id":"https:\/\/looketmedecine.fr\/en\/lm2-23-theme-3-loncologie-esthetique-et-de-loncodermatologie-reparatrice-esthetique-des-seins-apres-un-cancer-un-sujet-a-ne-pas-meconnaitre\/#primaryimage"},"image":{"@id":"https:\/\/looketmedecine.fr\/en\/lm2-23-theme-3-loncologie-esthetique-et-de-loncodermatologie-reparatrice-esthetique-des-seins-apres-un-cancer-un-sujet-a-ne-pas-meconnaitre\/#primaryimage"},"thumbnailUrl":"https:\/\/looketmedecine.fr\/wp-content\/uploads\/2023\/10\/Capture-decran-2023-10-05-a-21.23.37.png","datePublished":"2023-10-05T19:13:02+00:00","dateModified":"2024-09-15T10:52:34+00:00","breadcrumb":{"@id":"https:\/\/looketmedecine.fr\/en\/lm2-23-theme-3-loncologie-esthetique-et-de-loncodermatologie-reparatrice-esthetique-des-seins-apres-un-cancer-un-sujet-a-ne-pas-meconnaitre\/#breadcrumb"},"inLanguage":"en-US","potentialAction":[{"@type":"ReadAction","target":["https:\/\/looketmedecine.fr\/en\/lm2-23-theme-3-loncologie-esthetique-et-de-loncodermatologie-reparatrice-esthetique-des-seins-apres-un-cancer-un-sujet-a-ne-pas-meconnaitre\/"]}]},{"@type":"ImageObject","inLanguage":"en-US","@id":"https:\/\/looketmedecine.fr\/en\/lm2-23-theme-3-loncologie-esthetique-et-de-loncodermatologie-reparatrice-esthetique-des-seins-apres-un-cancer-un-sujet-a-ne-pas-meconnaitre\/#primaryimage","url":"https:\/\/looketmedecine.fr\/wp-content\/uploads\/2023\/10\/Capture-decran-2023-10-05-a-21.23.37.png","contentUrl":"https:\/\/looketmedecine.fr\/wp-content\/uploads\/2023\/10\/Capture-decran-2023-10-05-a-21.23.37.png"},{"@type":"BreadcrumbList","@id":"https:\/\/looketmedecine.fr\/en\/lm2-23-theme-3-loncologie-esthetique-et-de-loncodermatologie-reparatrice-esthetique-des-seins-apres-un-cancer-un-sujet-a-ne-pas-meconnaitre\/#breadcrumb","itemListElement":[{"@type":"ListItem","position":1,"name":"Accueil","item":"https:\/\/looketmedecine.fr\/"},{"@type":"ListItem","position":2,"name":"LM N\u00b02 \/ 2023. Th\u00e8me 2: L&rsquo;oncologie esth\u00e9tique et de l&rsquo;oncodermatologie r\u00e9paratrice. Esth\u00e9tique des seins apr\u00e8s un cancer. Un sujet \u00e0 ne pas m\u00e9connaitre"}]},{"@type":"WebSite","@id":"https:\/\/looketmedecine.fr\/#website","url":"https:\/\/looketmedecine.fr\/","name":"N\u00b01 French magazine for research in aesthetic health","description":"Aesthetic health based on scientific evidence","publisher":{"@id":"https:\/\/looketmedecine.fr\/#organization"},"potentialAction":[{"@type":"SearchAction","target":{"@type":"EntryPoint","urlTemplate":"https:\/\/looketmedecine.fr\/?s={search_term_string}"},"query-input":{"@type":"PropertyValueSpecification","valueRequired":true,"valueName":"search_term_string"}}],"inLanguage":"en-US"},{"@type":"Organization","@id":"https:\/\/looketmedecine.fr\/#organization","name":"Looketmedicine","url":"https:\/\/looketmedecine.fr\/","logo":{"@type":"ImageObject","inLanguage":"en-US","@id":"https:\/\/looketmedecine.fr\/#\/schema\/logo\/image\/","url":"https:\/\/looketmedecine.fr\/wp-content\/uploads\/2020\/11\/cropped-LookMedecine_Logo_Textuel_Noir.png","contentUrl":"https:\/\/looketmedecine.fr\/wp-content\/uploads\/2020\/11\/cropped-LookMedecine_Logo_Textuel_Noir.png","width":1500,"height":145,"caption":"Looketmedecine"},"image":{"@id":"https:\/\/looketmedecine.fr\/#\/schema\/logo\/image\/"},"sameAs":["https:\/\/www.facebook.com\/looketmedecine.magazine\/","https:\/\/www.instagram.com\/looketmedecine\/?hl=fr"]},{"@type":"Person","@id":"https:\/\/looketmedecine.fr\/#\/schema\/person\/d674c704426e829b385c4dd691b8e3cc","name":"Albert-Claude Benhamou","image":{"@type":"ImageObject","inLanguage":"en-US","@id":"https:\/\/secure.gravatar.com\/avatar\/f4c13b834cf55e3822893169175e3671a59788fb9e2d84d3a223c96e83a8f09e?s=96&d=mm&r=g","url":"https:\/\/secure.gravatar.com\/avatar\/f4c13b834cf55e3822893169175e3671a59788fb9e2d84d3a223c96e83a8f09e?s=96&d=mm&r=g","contentUrl":"https:\/\/secure.gravatar.com\/avatar\/f4c13b834cf55e3822893169175e3671a59788fb9e2d84d3a223c96e83a8f09e?s=96&d=mm&r=g","caption":"Albert-Claude Benhamou"},"url":"https:\/\/looketmedecine.fr\/en"}]}},"_links":{"self":[{"href":"https:\/\/looketmedecine.fr\/en\/wp-json\/wp\/v2\/posts\/19020","targetHints":{"allow":["GET"]}}],"collection":[{"href":"https:\/\/looketmedecine.fr\/en\/wp-json\/wp\/v2\/posts"}],"about":[{"href":"https:\/\/looketmedecine.fr\/en\/wp-json\/wp\/v2\/types\/post"}],"author":[{"embeddable":true,"href":"https:\/\/looketmedecine.fr\/en\/wp-json\/wp\/v2\/users\/2"}],"replies":[{"embeddable":true,"href":"https:\/\/looketmedecine.fr\/en\/wp-json\/wp\/v2\/comments?post=19020"}],"version-history":[{"count":43,"href":"https:\/\/looketmedecine.fr\/en\/wp-json\/wp\/v2\/posts\/19020\/revisions"}],"predecessor-version":[{"id":23788,"href":"https:\/\/looketmedecine.fr\/en\/wp-json\/wp\/v2\/posts\/19020\/revisions\/23788"}],"wp:attachment":[{"href":"https:\/\/looketmedecine.fr\/en\/wp-json\/wp\/v2\/media?parent=19020"}],"wp:term":[{"taxonomy":"category","embeddable":true,"href":"https:\/\/looketmedecine.fr\/en\/wp-json\/wp\/v2\/categories?post=19020"},{"taxonomy":"post_tag","embeddable":true,"href":"https:\/\/looketmedecine.fr\/en\/wp-json\/wp\/v2\/tags?post=19020"},{"taxonomy":"auteur","embeddable":true,"href":"https:\/\/looketmedecine.fr\/en\/wp-json\/wp\/v2\/auteur?post=19020"},{"taxonomy":"mots-cles","embeddable":true,"href":"https:\/\/looketmedecine.fr\/en\/wp-json\/wp\/v2\/mots-cles?post=19020"}],"curies":[{"name":"wp","href":"https:\/\/api.w.org\/{rel}","templated":true}]}}