{"id":18935,"date":"2023-10-05T17:45:14","date_gmt":"2023-10-05T15:45:14","guid":{"rendered":"https:\/\/looketmedecine.fr\/?p=18935"},"modified":"2024-10-05T23:33:18","modified_gmt":"2024-10-05T21:33:18","slug":"lm2-23-editorial-4-changer-de-regard-sur-la-sante-esthetique-des-femmes-victimes-dun-cancer-du-sein-les-relations-complexes-entre-le-lifting-cervico-facial-et-le-cancer-du-sein-pr-j","status":"publish","type":"post","link":"https:\/\/looketmedecine.fr\/en\/lm2-23-editorial-4-changer-de-regard-sur-la-sante-esthetique-des-femmes-victimes-dun-cancer-du-sein-les-relations-complexes-entre-le-lifting-cervico-facial-et-le-cancer-du-sein-pr-j\/","title":{"rendered":"LM N\u00b02\/2023. Editorial 4. The complex relationship between facelift surgery and breast cancer.  Pr Jean Paul MENINGAUD (Paris)"},"content":{"rendered":"<div data-elementor-type=\"wp-post\" data-elementor-id=\"18935\" class=\"elementor elementor-18935\" data-elementor-post-type=\"post\">\n\t\t\t\t<div class=\"elementor-element elementor-element-5e5e89bc e-flex e-con-boxed e-con e-parent\" data-id=\"5e5e89bc\" data-element_type=\"container\" data-e-type=\"container\">\n\t\t\t\t\t<div class=\"e-con-inner\">\n\t\t\t\t<div class=\"elementor-element elementor-element-d057e76 elementor-widget elementor-widget-image\" data-id=\"d057e76\" data-element_type=\"widget\" data-e-type=\"widget\" data-widget_type=\"image.default\">\n\t\t\t\t<div class=\"elementor-widget-container\">\n\t\t\t\t\t\t\t\t\t\t\t\t\t\t\t<img fetchpriority=\"high\" decoding=\"async\" width=\"800\" height=\"1016\" src=\"https:\/\/looketmedecine.fr\/wp-content\/uploads\/2023\/10\/Capture-decran-2023-10-05-a-23.25.05-806x1024.jpg\" class=\"attachment-large size-large wp-image-19257\" alt=\"\" srcset=\"https:\/\/looketmedecine.fr\/wp-content\/uploads\/2023\/10\/Capture-decran-2023-10-05-a-23.25.05-806x1024.jpg 806w, https:\/\/looketmedecine.fr\/wp-content\/uploads\/2023\/10\/Capture-decran-2023-10-05-a-23.25.05-236x300.jpg 236w, https:\/\/looketmedecine.fr\/wp-content\/uploads\/2023\/10\/Capture-decran-2023-10-05-a-23.25.05-768x976.jpg 768w, https:\/\/looketmedecine.fr\/wp-content\/uploads\/2023\/10\/Capture-decran-2023-10-05-a-23.25.05-9x12.jpg 9w, https:\/\/looketmedecine.fr\/wp-content\/uploads\/2023\/10\/Capture-decran-2023-10-05-a-23.25.05.jpg 878w\" sizes=\"(max-width: 800px) 100vw, 800px\" \/>\t\t\t\t\t\t\t\t\t\t\t\t\t\t\t<\/div>\n\t\t\t\t<\/div>\n\t\t\t\t<div class=\"elementor-element elementor-element-1cbe116 elementor-widget elementor-widget-gallery\" data-id=\"1cbe116\" data-element_type=\"widget\" data-e-type=\"widget\" data-settings=\"{&quot;columns&quot;:2,&quot;lazyload&quot;:&quot;yes&quot;,&quot;gallery_layout&quot;:&quot;grid&quot;,&quot;columns_tablet&quot;:2,&quot;columns_mobile&quot;:1,&quot;gap&quot;:{&quot;unit&quot;:&quot;px&quot;,&quot;size&quot;:10,&quot;sizes&quot;:[]},&quot;gap_tablet&quot;:{&quot;unit&quot;:&quot;px&quot;,&quot;size&quot;:10,&quot;sizes&quot;:[]},&quot;gap_mobile&quot;:{&quot;unit&quot;:&quot;px&quot;,&quot;size&quot;:10,&quot;sizes&quot;:[]},&quot;link_to&quot;:&quot;file&quot;,&quot;aspect_ratio&quot;:&quot;3:2&quot;,&quot;overlay_background&quot;:&quot;yes&quot;,&quot;content_hover_animation&quot;:&quot;fade-in&quot;}\" data-widget_type=\"gallery.default\">\n\t\t\t\t<div class=\"elementor-widget-container\">\n\t\t\t\t\t\t\t<div class=\"elementor-gallery__container\">\n\t\t\t\t\t\t\t<a class=\"e-gallery-item elementor-gallery-item elementor-animated-content\" href=\"https:\/\/looketmedecine.fr\/wp-content\/uploads\/2022\/10\/Capture-de\u0301cran-2022-10-14-a\u0300-21.59.50.png\" data-elementor-open-lightbox=\"yes\" data-elementor-lightbox-slideshow=\"1cbe116\" data-elementor-lightbox-title=\"Le Pr Jean Paul Meningaud\" data-elementor-lightbox-description=\"Le Pr Jean Paul Meningaud \" data-e-action-hash=\"#elementor-action%3Aaction%3Dlightbox%26settings%3DeyJpZCI6MTM4MTEsInVybCI6Imh0dHBzOlwvXC9sb29rZXRtZWRlY2luZS5mclwvd3AtY29udGVudFwvdXBsb2Fkc1wvMjAyMlwvMTBcL0NhcHR1cmUtZGVcdTAzMDFjcmFuLTIwMjItMTAtMTQtYVx1MDMwMC0yMS41OS41MC5wbmciLCJzbGlkZXNob3ciOiIxY2JlMTE2In0%3D\">\n\t\t\t\t\t<div class=\"e-gallery-image elementor-gallery-item__image\" data-thumbnail=\"https:\/\/looketmedecine.fr\/wp-content\/uploads\/2022\/10\/Capture-de\u0301cran-2022-10-14-a\u0300-21.59.50-150x150.png\" data-width=\"150\" data-height=\"150\" aria-label=\"Professor Jean Paul Meningaud\" role=\"img\" ><\/div>\n\t\t\t\t\t\t\t\t\t\t\t<div class=\"elementor-gallery-item__overlay\"><\/div>\n\t\t\t\t\t\t\t\t\t\t\t\t\t\t<\/a>\n\t\t\t\t\t\t\t<a class=\"e-gallery-item elementor-gallery-item elementor-animated-content\" href=\"https:\/\/looketmedecine.fr\/wp-content\/uploads\/2023\/09\/octobre-rose-.png\" data-elementor-open-lightbox=\"yes\" data-elementor-lightbox-slideshow=\"1cbe116\" data-elementor-lightbox-title=\"octobre-rose-\" data-e-action-hash=\"#elementor-action%3Aaction%3Dlightbox%26settings%3DeyJpZCI6MTgwNzIsInVybCI6Imh0dHBzOlwvXC9sb29rZXRtZWRlY2luZS5mclwvd3AtY29udGVudFwvdXBsb2Fkc1wvMjAyM1wvMDlcL29jdG9icmUtcm9zZS0ucG5nIiwic2xpZGVzaG93IjoiMWNiZTExNiJ9\">\n\t\t\t\t\t<div class=\"e-gallery-image elementor-gallery-item__image\" data-thumbnail=\"https:\/\/looketmedecine.fr\/wp-content\/uploads\/2023\/09\/octobre-rose--150x150.png\" data-width=\"150\" data-height=\"150\" aria-label=\"\" role=\"img\" ><\/div>\n\t\t\t\t\t\t\t\t\t\t\t<div class=\"elementor-gallery-item__overlay\"><\/div>\n\t\t\t\t\t\t\t\t\t\t\t\t\t\t<\/a>\n\t\t\t\t\t<\/div>\n\t\t\t\t\t<\/div>\n\t\t\t\t<\/div>\n\t\t\t\t<div class=\"elementor-element elementor-element-ddb80a0 elementor-widget elementor-widget-heading\" data-id=\"ddb80a0\" data-element_type=\"widget\" data-e-type=\"widget\" data-widget_type=\"heading.default\">\n\t\t\t\t<div class=\"elementor-widget-container\">\n\t\t\t\t\t<h2 class=\"elementor-heading-title elementor-size-default\">The complex relationship between\nand breast cancer<\/h2>\t\t\t\t<\/div>\n\t\t\t\t<\/div>\n\t\t\t\t<div class=\"elementor-element elementor-element-f5fde7c elementor-widget elementor-widget-heading\" data-id=\"f5fde7c\" data-element_type=\"widget\" data-e-type=\"widget\" data-widget_type=\"heading.default\">\n\t\t\t\t<div class=\"elementor-widget-container\">\n\t\t\t\t\t<h2 class=\"elementor-heading-title elementor-size-default\">Prof. Jean Paul MENINGAUD<br>\nPresident of \"AIME <br>Scientific director of \"Look et Medecine&nbsp;<\/h2>\t\t\t\t<\/div>\n\t\t\t\t<\/div>\n\t\t\t\t<div class=\"elementor-element elementor-element-393f8f8 elementor-widget elementor-widget-text-editor\" data-id=\"393f8f8\" data-element_type=\"widget\" data-e-type=\"widget\" data-widget_type=\"text-editor.default\">\n\t\t\t\t<div class=\"elementor-widget-container\">\n\t\t\t\t\t\t\t\t\t<p class=\"p1\"><span style=\"color: #800080;\"><strong>At first glance, the worlds of aesthetic medicine and the fight against breast cancer seem far apart, with very different objectives and concerns.<\/strong> <\/span><\/p>\n<p class=\"p1\"><strong>However, unexpected and nuanced links are being forged between these two seemingly dissimilar fields, exploring the psychological, medical and reconstructive dimensions of the patients concerned.<\/strong><\/p>\n<p class=\"p1\"><strong>In the more than 20 years I've been performing facelifts, I've come across many cases of these unexpected links. <\/strong><\/p>\n<p class=\"p1\"><strong>I'd like to summarize them here. The role of medicine and cosmetic surgery in health prevention is far from negligible.<\/strong><\/p>\n<p class=\"p1\"><strong>The motivations behind the quest for physical perfection can be powerful and varied.<\/strong><\/p>\n<p class=\"p1\"><strong>Women who turn to facelifts to reduce the signs of aging may also be inclined to consider aesthetic improvements in other parts of their body, notably the breasts.<\/strong><\/p>\n<p class=\"p1\"><strong>This concern may eventually lead to additional procedures such as breast augmentation.<\/strong><\/p>\n<p class=\"p1\"><span style=\"color: #800080;\"><strong>While this does not create a direct link between facelift surgery and breast cancer, it does highlight the complexity of aesthetic choices and their possible repercussions.<\/strong><\/span><\/p>\n<p class=\"p1\"><strong>Paradoxically, this approach can even have an indirect positive effect by encouraging increased monitoring of breast health, thus contributing to earlier detection of cancer in some patients.<\/strong><\/p>\n<p class=\"p1\"><strong>Cosmetic surgery consultations tend to attract people in apparently good health, who tend not to consult doctors.<\/strong><\/p>\n<p class=\"p1\"><strong>It is therefore a key screening site for many diseases.<\/strong><\/p>\n<p class=\"p1\"><strong>In this way, we've been able to screen for a wide range of conditions and risk factors, particularly breast cancer.<\/strong><\/p>\n<p class=\"p1\"><span style=\"color: #800080;\"><strong>The role of medicine and cosmetic surgery in health prevention is far from negligible.<\/strong><\/span><\/p>\t\t\t\t\t\t\t\t<\/div>\n\t\t\t\t<\/div>\n\t\t\t\t<div class=\"elementor-element elementor-element-ea4ebdc elementor-widget elementor-widget-pdfjs_viewer\" data-id=\"ea4ebdc\" data-element_type=\"widget\" data-e-type=\"widget\" data-widget_type=\"pdfjs_viewer.default\">\n\t\t\t\t<div class=\"elementor-widget-container\">\n\t\t\t\t\t<iframe src=\"https:\/\/looketmedecine.fr\/wp-content\/plugins\/pdf-viewer-for-elementor\/assets\/pdfjs\/web\/viewer.html?file=https:\/\/looketmedecine.fr\/wp-content\/uploads\/2023\/10\/edito-4-meningaud_compressed.pdf&amp;embedded=true\" style=\"display: block; margin-left: auto; margin-right: auto; width: 1490px; height: 1020px;\" frameborder=\"1\" marginheight=\"0px\" marginwidth=\"0px\" allowfullscreen><\/iframe>\t\t\t\t<\/div>\n\t\t\t\t<\/div>\n\t\t\t\t<div class=\"elementor-element elementor-element-1f0a12d elementor-widget elementor-widget-image\" data-id=\"1f0a12d\" data-element_type=\"widget\" data-e-type=\"widget\" data-widget_type=\"image.default\">\n\t\t\t\t<div class=\"elementor-widget-container\">\n\t\t\t\t\t\t\t\t\t\t\t\t\t\t\t<img decoding=\"async\" width=\"984\" height=\"1286\" src=\"https:\/\/looketmedecine.fr\/wp-content\/uploads\/2023\/09\/Capture-decran-2023-09-11-a-21.37.04.jpg\" class=\"attachment-full size-full wp-image-18093\" alt=\"\" srcset=\"https:\/\/looketmedecine.fr\/wp-content\/uploads\/2023\/09\/Capture-decran-2023-09-11-a-21.37.04.jpg 984w, https:\/\/looketmedecine.fr\/wp-content\/uploads\/2023\/09\/Capture-decran-2023-09-11-a-21.37.04-230x300.jpg 230w, https:\/\/looketmedecine.fr\/wp-content\/uploads\/2023\/09\/Capture-decran-2023-09-11-a-21.37.04-784x1024.jpg 784w, https:\/\/looketmedecine.fr\/wp-content\/uploads\/2023\/09\/Capture-decran-2023-09-11-a-21.37.04-768x1004.jpg 768w, https:\/\/looketmedecine.fr\/wp-content\/uploads\/2023\/09\/Capture-decran-2023-09-11-a-21.37.04-9x12.jpg 9w\" sizes=\"(max-width: 984px) 100vw, 984px\" \/>\t\t\t\t\t\t\t\t\t\t\t\t\t\t\t<\/div>\n\t\t\t\t<\/div>\n\t\t\t\t<div class=\"elementor-element elementor-element-d267ce4 elementor-widget elementor-widget-image\" data-id=\"d267ce4\" data-element_type=\"widget\" data-e-type=\"widget\" data-widget_type=\"image.default\">\n\t\t\t\t<div class=\"elementor-widget-container\">\n\t\t\t\t\t\t\t\t\t\t\t\t\t\t\t<img decoding=\"async\" width=\"793\" height=\"1024\" src=\"https:\/\/looketmedecine.fr\/wp-content\/uploads\/2023\/10\/Pages-de-009_018_Editos-4_page-0001-1-793x1024.jpg\" class=\"attachment-large size-large wp-image-18962\" alt=\"\" srcset=\"https:\/\/looketmedecine.fr\/wp-content\/uploads\/2023\/10\/Pages-de-009_018_Editos-4_page-0001-1-793x1024.jpg 793w, https:\/\/looketmedecine.fr\/wp-content\/uploads\/2023\/10\/Pages-de-009_018_Editos-4_page-0001-1-232x300.jpg 232w, https:\/\/looketmedecine.fr\/wp-content\/uploads\/2023\/10\/Pages-de-009_018_Editos-4_page-0001-1-768x991.jpg 768w, https:\/\/looketmedecine.fr\/wp-content\/uploads\/2023\/10\/Pages-de-009_018_Editos-4_page-0001-1-1190x1536.jpg 1190w, https:\/\/looketmedecine.fr\/wp-content\/uploads\/2023\/10\/Pages-de-009_018_Editos-4_page-0001-1-9x12.jpg 9w, https:\/\/looketmedecine.fr\/wp-content\/uploads\/2023\/10\/Pages-de-009_018_Editos-4_page-0001-1.jpg 1359w\" sizes=\"(max-width: 793px) 100vw, 793px\" \/>\t\t\t\t\t\t\t\t\t\t\t\t\t\t\t<\/div>\n\t\t\t\t<\/div>\n\t\t\t\t<div class=\"elementor-element elementor-element-6da2d4e9 elementor-widget elementor-widget-text-editor\" data-id=\"6da2d4e9\" data-element_type=\"widget\" data-e-type=\"widget\" data-widget_type=\"text-editor.default\">\n\t\t\t\t<div class=\"elementor-widget-container\">\n\t\t\t\t\t\t\t\t\t\n<h5 class=\"has-x-large-font-size\">\u00a0<\/h5>\n\n<p>\u00a0<\/p>\n\n<p><strong>\u00a0<\/strong><\/p>\n\t\t\t\t\t\t\t\t<\/div>\n\t\t\t\t<\/div>\n\t\t\t\t\t<\/div>\n\t\t\t\t<\/div>\n\t\t\t\t<\/div>","protected":false},"excerpt":{"rendered":"<p>Les relations complexes entre le lifting cervico-facial et le cancer du sein Pr Jean Paul MENINGAUD Pr\u00e9sident de \u00ab\u00a0AIME\u00a0\u00bb Directeur scientifique de \u00ab\u00a0Look et Medecine\u00a0\u00bb&nbsp; L\u2019univers de la m\u00e9decine esth\u00e9tique et celui de la lutte contre le cancer du sein semblent, \u00e0 premi\u00e8re vue, \u00e9loign\u00e9s l\u2019un de l\u2019autre, avec des objectifs et des pr\u00e9occupations tr\u00e8s [&hellip;]<\/p>\n","protected":false},"author":2,"featured_media":5732,"comment_status":"closed","ping_status":"closed","sticky":false,"template":"","format":"standard","meta":{"_acf_changed":false,"footnotes":""},"categories":[62,156,45,152],"tags":[326,325,337,332,331],"auteur":[387],"mots-cles":[],"class_list":["post-18935","post","type-post","status-publish","format-standard","has-post-thumbnail","hentry","category-editoriaux","category-procedures-therapeutiques-fr","category-sujets-encore-tabous","category-un-autre-regards","tag-lm2-2023-editorials","tag-lm2-2023-replay","tag-lm2-2023-theme-procedures-therapeutiques","tag-lm2-2023-theme-sujets-encore-tabous","tag-lm2-2023-theme-un-autre-regard","auteur-jean-paul-meningaud"],"acf":[],"yoast_head":"<!-- This site is optimized with the Yoast SEO plugin v27.5 - https:\/\/yoast.com\/product\/yoast-seo-wordpress\/ -->\n<title>LM N\u00b02\/2023. \u00c9ditorial 4. Changer de regard sur la sant\u00e9 esth\u00e9tique des femmes victimes d\u2019un cancer du sein.Les relations complexes entre le lifting cervico-facial et le cancer du sein. \u00a0Pr Jean Paul MENINGAUD\u00a0(Paris) - Revue fran\u00e7aise N\u00b01 pour la recherche en sant\u00e9 esth\u00e9tique<\/title>\n<meta name=\"robots\" content=\"index, follow, max-snippet:-1, max-image-preview:large, max-video-preview:-1\" \/>\n<link rel=\"canonical\" href=\"https:\/\/looketmedecine.fr\/en\/wp-json\/wp\/v2\/posts\/18935\" \/>\n<meta property=\"og:locale\" content=\"en_US\" \/>\n<meta property=\"og:type\" content=\"article\" \/>\n<meta property=\"og:title\" content=\"LM N\u00b02\/2023. \u00c9ditorial 4. Changer de regard sur la sant\u00e9 esth\u00e9tique des femmes victimes d\u2019un cancer du sein.Les relations complexes entre le lifting cervico-facial et le cancer du sein. \u00a0Pr Jean Paul MENINGAUD\u00a0(Paris) - Revue fran\u00e7aise N\u00b01 pour la recherche en sant\u00e9 esth\u00e9tique\" \/>\n<meta property=\"og:description\" content=\"Les relations complexes entre le lifting cervico-facial et le cancer du sein Pr Jean Paul MENINGAUD Pr\u00e9sident de \u00ab\u00a0AIME\u00a0\u00bb Directeur scientifique de \u00ab\u00a0Look et Medecine\u00a0\u00bb&nbsp; L\u2019univers de la m\u00e9decine esth\u00e9tique et celui de la lutte contre le cancer du sein semblent, \u00e0 premi\u00e8re vue, \u00e9loign\u00e9s l\u2019un de l\u2019autre, avec des objectifs et des pr\u00e9occupations tr\u00e8s [&hellip;]\" \/>\n<meta property=\"og:url\" content=\"https:\/\/looketmedecine.fr\/en\/lm2-23-editorial-4-changer-de-regard-sur-la-sante-esthetique-des-femmes-victimes-dun-cancer-du-sein-les-relations-complexes-entre-le-lifting-cervico-facial-et-le-cancer-du-sein-pr-j\/\" \/>\n<meta property=\"og:site_name\" content=\"Revue fran\u00e7aise N\u00b01 pour la recherche en sant\u00e9 esth\u00e9tique\" \/>\n<meta property=\"article:publisher\" content=\"https:\/\/www.facebook.com\/looketmedecine.magazine\/\" \/>\n<meta property=\"article:published_time\" content=\"2023-10-05T15:45:14+00:00\" \/>\n<meta property=\"article:modified_time\" content=\"2024-10-05T21:33:18+00:00\" \/>\n<meta property=\"og:image\" content=\"https:\/\/looketmedecine.fr\/wp-content\/uploads\/2021\/11\/Capture-de\u0301cran-2021-11-11-a\u0300-14.57.50-e1716675046118.png\" \/>\n\t<meta property=\"og:image:width\" content=\"485\" \/>\n\t<meta property=\"og:image:height\" content=\"648\" \/>\n\t<meta property=\"og:image:type\" content=\"image\/png\" \/>\n<meta name=\"author\" content=\"Albert-Claude Benhamou\" \/>\n<meta name=\"twitter:card\" content=\"summary_large_image\" \/>\n<meta name=\"twitter:label1\" content=\"Written by\" \/>\n\t<meta name=\"twitter:data1\" content=\"Albert-Claude Benhamou\" \/>\n\t<meta name=\"twitter:label2\" content=\"Est. reading time\" \/>\n\t<meta name=\"twitter:data2\" content=\"2 minutes\" \/>\n<script type=\"application\/ld+json\" class=\"yoast-schema-graph\">{\"@context\":\"https:\\\/\\\/schema.org\",\"@graph\":[{\"@type\":\"Article\",\"@id\":\"https:\\\/\\\/looketmedecine.fr\\\/en\\\/lm2-23-editorial-4-changer-de-regard-sur-la-sante-esthetique-des-femmes-victimes-dun-cancer-du-sein-les-relations-complexes-entre-le-lifting-cervico-facial-et-le-cancer-du-sein-pr-j\\\/#article\",\"isPartOf\":{\"@id\":\"https:\\\/\\\/looketmedecine.fr\\\/en\\\/lm2-23-editorial-4-changer-de-regard-sur-la-sante-esthetique-des-femmes-victimes-dun-cancer-du-sein-les-relations-complexes-entre-le-lifting-cervico-facial-et-le-cancer-du-sein-pr-j\\\/\"},\"author\":{\"name\":\"Albert-Claude Benhamou\",\"@id\":\"https:\\\/\\\/looketmedecine.fr\\\/#\\\/schema\\\/person\\\/d674c704426e829b385c4dd691b8e3cc\"},\"headline\":\"LM N\u00b02\\\/2023. \u00c9ditorial 4. Changer de regard sur la sant\u00e9 esth\u00e9tique des femmes victimes d\u2019un cancer du sein.Les relations complexes entre le lifting cervico-facial et le cancer du sein. \u00a0Pr Jean Paul MENINGAUD\u00a0(Paris)\",\"datePublished\":\"2023-10-05T15:45:14+00:00\",\"dateModified\":\"2024-10-05T21:33:18+00:00\",\"mainEntityOfPage\":{\"@id\":\"https:\\\/\\\/looketmedecine.fr\\\/en\\\/lm2-23-editorial-4-changer-de-regard-sur-la-sante-esthetique-des-femmes-victimes-dun-cancer-du-sein-les-relations-complexes-entre-le-lifting-cervico-facial-et-le-cancer-du-sein-pr-j\\\/\"},\"wordCount\":395,\"publisher\":{\"@id\":\"https:\\\/\\\/looketmedecine.fr\\\/#organization\"},\"image\":{\"@id\":\"https:\\\/\\\/looketmedecine.fr\\\/en\\\/lm2-23-editorial-4-changer-de-regard-sur-la-sante-esthetique-des-femmes-victimes-dun-cancer-du-sein-les-relations-complexes-entre-le-lifting-cervico-facial-et-le-cancer-du-sein-pr-j\\\/#primaryimage\"},\"thumbnailUrl\":\"https:\\\/\\\/looketmedecine.fr\\\/wp-content\\\/uploads\\\/2021\\\/11\\\/Capture-de\u0301cran-2021-11-11-a\u0300-14.57.50-e1716675046118.png\",\"keywords\":[\"Lm2 2023 Editorials\",\"Lm2 2023 replay\",\"Lm2 2023 th\u00e8me proc\u00e9dures th\u00e9rapeutiques\",\"Lm2 2023 th\u00e8me Sujets encore tabous\",\"Lm2 2023 th\u00e8me un autre regard\"],\"articleSection\":[\"\u00c9ditoriaux\",\"Proc\u00e9dures th\u00e9rapeutiques\",\"Sujets encore tabous\",\"Un autre regard\"],\"inLanguage\":\"en-US\"},{\"@type\":\"WebPage\",\"@id\":\"https:\\\/\\\/looketmedecine.fr\\\/en\\\/lm2-23-editorial-4-changer-de-regard-sur-la-sante-esthetique-des-femmes-victimes-dun-cancer-du-sein-les-relations-complexes-entre-le-lifting-cervico-facial-et-le-cancer-du-sein-pr-j\\\/\",\"url\":\"https:\\\/\\\/looketmedecine.fr\\\/en\\\/lm2-23-editorial-4-changer-de-regard-sur-la-sante-esthetique-des-femmes-victimes-dun-cancer-du-sein-les-relations-complexes-entre-le-lifting-cervico-facial-et-le-cancer-du-sein-pr-j\\\/\",\"name\":\"LM N\u00b02\\\/2023. \u00c9ditorial 4. Changer de regard sur la sant\u00e9 esth\u00e9tique des femmes victimes d\u2019un cancer du sein.Les relations complexes entre le lifting cervico-facial et le cancer du sein. \u00a0Pr Jean Paul MENINGAUD\u00a0(Paris) - Revue fran\u00e7aise N\u00b01 pour la recherche en sant\u00e9 esth\u00e9tique\",\"isPartOf\":{\"@id\":\"https:\\\/\\\/looketmedecine.fr\\\/#website\"},\"primaryImageOfPage\":{\"@id\":\"https:\\\/\\\/looketmedecine.fr\\\/en\\\/lm2-23-editorial-4-changer-de-regard-sur-la-sante-esthetique-des-femmes-victimes-dun-cancer-du-sein-les-relations-complexes-entre-le-lifting-cervico-facial-et-le-cancer-du-sein-pr-j\\\/#primaryimage\"},\"image\":{\"@id\":\"https:\\\/\\\/looketmedecine.fr\\\/en\\\/lm2-23-editorial-4-changer-de-regard-sur-la-sante-esthetique-des-femmes-victimes-dun-cancer-du-sein-les-relations-complexes-entre-le-lifting-cervico-facial-et-le-cancer-du-sein-pr-j\\\/#primaryimage\"},\"thumbnailUrl\":\"https:\\\/\\\/looketmedecine.fr\\\/wp-content\\\/uploads\\\/2021\\\/11\\\/Capture-de\u0301cran-2021-11-11-a\u0300-14.57.50-e1716675046118.png\",\"datePublished\":\"2023-10-05T15:45:14+00:00\",\"dateModified\":\"2024-10-05T21:33:18+00:00\",\"breadcrumb\":{\"@id\":\"https:\\\/\\\/looketmedecine.fr\\\/en\\\/lm2-23-editorial-4-changer-de-regard-sur-la-sante-esthetique-des-femmes-victimes-dun-cancer-du-sein-les-relations-complexes-entre-le-lifting-cervico-facial-et-le-cancer-du-sein-pr-j\\\/#breadcrumb\"},\"inLanguage\":\"en-US\",\"potentialAction\":[{\"@type\":\"ReadAction\",\"target\":[\"https:\\\/\\\/looketmedecine.fr\\\/en\\\/lm2-23-editorial-4-changer-de-regard-sur-la-sante-esthetique-des-femmes-victimes-dun-cancer-du-sein-les-relations-complexes-entre-le-lifting-cervico-facial-et-le-cancer-du-sein-pr-j\\\/\"]}]},{\"@type\":\"ImageObject\",\"inLanguage\":\"en-US\",\"@id\":\"https:\\\/\\\/looketmedecine.fr\\\/en\\\/lm2-23-editorial-4-changer-de-regard-sur-la-sante-esthetique-des-femmes-victimes-dun-cancer-du-sein-les-relations-complexes-entre-le-lifting-cervico-facial-et-le-cancer-du-sein-pr-j\\\/#primaryimage\",\"url\":\"https:\\\/\\\/looketmedecine.fr\\\/wp-content\\\/uploads\\\/2021\\\/11\\\/Capture-de\u0301cran-2021-11-11-a\u0300-14.57.50-e1716675046118.png\",\"contentUrl\":\"https:\\\/\\\/looketmedecine.fr\\\/wp-content\\\/uploads\\\/2021\\\/11\\\/Capture-de\u0301cran-2021-11-11-a\u0300-14.57.50-e1716675046118.png\",\"width\":485,\"height\":648,\"caption\":\"Pr JEAN PAUL MENINGAUD\"},{\"@type\":\"BreadcrumbList\",\"@id\":\"https:\\\/\\\/looketmedecine.fr\\\/en\\\/lm2-23-editorial-4-changer-de-regard-sur-la-sante-esthetique-des-femmes-victimes-dun-cancer-du-sein-les-relations-complexes-entre-le-lifting-cervico-facial-et-le-cancer-du-sein-pr-j\\\/#breadcrumb\",\"itemListElement\":[{\"@type\":\"ListItem\",\"position\":1,\"name\":\"Accueil\",\"item\":\"https:\\\/\\\/looketmedecine.fr\\\/\"},{\"@type\":\"ListItem\",\"position\":2,\"name\":\"LM N\u00b02\\\/2023. \u00c9ditorial 4. Changer de regard sur la sant\u00e9 esth\u00e9tique des femmes victimes d\u2019un cancer du sein.Les relations complexes entre le lifting cervico-facial et le cancer du sein. \u00a0Pr Jean Paul MENINGAUD\u00a0(Paris)\"}]},{\"@type\":\"WebSite\",\"@id\":\"https:\\\/\\\/looketmedecine.fr\\\/#website\",\"url\":\"https:\\\/\\\/looketmedecine.fr\\\/\",\"name\":\"Revue fran\u00e7aise N\u00b01 pour la recherche en sant\u00e9 esth\u00e9tique\",\"description\":\"La sant\u00e9 esth\u00e9tique fond\u00e9e sur des preuves scientifiques\",\"publisher\":{\"@id\":\"https:\\\/\\\/looketmedecine.fr\\\/#organization\"},\"potentialAction\":[{\"@type\":\"SearchAction\",\"target\":{\"@type\":\"EntryPoint\",\"urlTemplate\":\"https:\\\/\\\/looketmedecine.fr\\\/?s={search_term_string}\"},\"query-input\":{\"@type\":\"PropertyValueSpecification\",\"valueRequired\":true,\"valueName\":\"search_term_string\"}}],\"inLanguage\":\"en-US\"},{\"@type\":\"Organization\",\"@id\":\"https:\\\/\\\/looketmedecine.fr\\\/#organization\",\"name\":\"Looketmedecine\",\"url\":\"https:\\\/\\\/looketmedecine.fr\\\/\",\"logo\":{\"@type\":\"ImageObject\",\"inLanguage\":\"en-US\",\"@id\":\"https:\\\/\\\/looketmedecine.fr\\\/#\\\/schema\\\/logo\\\/image\\\/\",\"url\":\"https:\\\/\\\/looketmedecine.fr\\\/wp-content\\\/uploads\\\/2020\\\/11\\\/cropped-LookMedecine_Logo_Textuel_Noir.png\",\"contentUrl\":\"https:\\\/\\\/looketmedecine.fr\\\/wp-content\\\/uploads\\\/2020\\\/11\\\/cropped-LookMedecine_Logo_Textuel_Noir.png\",\"width\":1500,\"height\":145,\"caption\":\"Looketmedecine\"},\"image\":{\"@id\":\"https:\\\/\\\/looketmedecine.fr\\\/#\\\/schema\\\/logo\\\/image\\\/\"},\"sameAs\":[\"https:\\\/\\\/www.facebook.com\\\/looketmedecine.magazine\\\/\",\"https:\\\/\\\/www.instagram.com\\\/looketmedecine\\\/?hl=fr\"]},{\"@type\":\"Person\",\"@id\":\"https:\\\/\\\/looketmedecine.fr\\\/#\\\/schema\\\/person\\\/d674c704426e829b385c4dd691b8e3cc\",\"name\":\"Albert-Claude Benhamou\",\"image\":{\"@type\":\"ImageObject\",\"inLanguage\":\"en-US\",\"@id\":\"https:\\\/\\\/secure.gravatar.com\\\/avatar\\\/f4c13b834cf55e3822893169175e3671a59788fb9e2d84d3a223c96e83a8f09e?s=96&d=mm&r=g\",\"url\":\"https:\\\/\\\/secure.gravatar.com\\\/avatar\\\/f4c13b834cf55e3822893169175e3671a59788fb9e2d84d3a223c96e83a8f09e?s=96&d=mm&r=g\",\"contentUrl\":\"https:\\\/\\\/secure.gravatar.com\\\/avatar\\\/f4c13b834cf55e3822893169175e3671a59788fb9e2d84d3a223c96e83a8f09e?s=96&d=mm&r=g\",\"caption\":\"Albert-Claude Benhamou\"},\"url\":\"https:\\\/\\\/looketmedecine.fr\\\/en\"}]}<\/script>\n<!-- \/ Yoast SEO plugin. -->","yoast_head_json":{"title":"LM N\u00b02\/2023. \u00c9ditorial 4. Changer de regard sur la sant\u00e9 esth\u00e9tique des femmes victimes d\u2019un cancer du sein.Les relations complexes entre le lifting cervico-facial et le cancer du sein. \u00a0Pr Jean Paul MENINGAUD\u00a0(Paris) - Revue fran\u00e7aise N\u00b01 pour la recherche en sant\u00e9 esth\u00e9tique","robots":{"index":"index","follow":"follow","max-snippet":"max-snippet:-1","max-image-preview":"max-image-preview:large","max-video-preview":"max-video-preview:-1"},"canonical":"https:\/\/looketmedecine.fr\/en\/wp-json\/wp\/v2\/posts\/18935","og_locale":"en_US","og_type":"article","og_title":"LM N\u00b02\/2023. \u00c9ditorial 4. Changer de regard sur la sant\u00e9 esth\u00e9tique des femmes victimes d\u2019un cancer du sein.Les relations complexes entre le lifting cervico-facial et le cancer du sein. \u00a0Pr Jean Paul MENINGAUD\u00a0(Paris) - Revue fran\u00e7aise N\u00b01 pour la recherche en sant\u00e9 esth\u00e9tique","og_description":"Les relations complexes entre le lifting cervico-facial et le cancer du sein Pr Jean Paul MENINGAUD Pr\u00e9sident de \u00ab\u00a0AIME\u00a0\u00bb Directeur scientifique de \u00ab\u00a0Look et Medecine\u00a0\u00bb&nbsp; L\u2019univers de la m\u00e9decine esth\u00e9tique et celui de la lutte contre le cancer du sein semblent, \u00e0 premi\u00e8re vue, \u00e9loign\u00e9s l\u2019un de l\u2019autre, avec des objectifs et des pr\u00e9occupations tr\u00e8s [&hellip;]","og_url":"https:\/\/looketmedecine.fr\/en\/lm2-23-editorial-4-changer-de-regard-sur-la-sante-esthetique-des-femmes-victimes-dun-cancer-du-sein-les-relations-complexes-entre-le-lifting-cervico-facial-et-le-cancer-du-sein-pr-j\/","og_site_name":"Revue fran\u00e7aise N\u00b01 pour la recherche en sant\u00e9 esth\u00e9tique","article_publisher":"https:\/\/www.facebook.com\/looketmedecine.magazine\/","article_published_time":"2023-10-05T15:45:14+00:00","article_modified_time":"2024-10-05T21:33:18+00:00","og_image":[{"width":485,"height":648,"url":"https:\/\/looketmedecine.fr\/wp-content\/uploads\/2021\/11\/Capture-de\u0301cran-2021-11-11-a\u0300-14.57.50-e1716675046118.png","type":"image\/png"}],"author":"Albert-Claude Benhamou","twitter_card":"summary_large_image","twitter_misc":{"Written by":"Albert-Claude Benhamou","Est. reading time":"2 minutes"},"schema":{"@context":"https:\/\/schema.org","@graph":[{"@type":"Article","@id":"https:\/\/looketmedecine.fr\/en\/lm2-23-editorial-4-changer-de-regard-sur-la-sante-esthetique-des-femmes-victimes-dun-cancer-du-sein-les-relations-complexes-entre-le-lifting-cervico-facial-et-le-cancer-du-sein-pr-j\/#article","isPartOf":{"@id":"https:\/\/looketmedecine.fr\/en\/lm2-23-editorial-4-changer-de-regard-sur-la-sante-esthetique-des-femmes-victimes-dun-cancer-du-sein-les-relations-complexes-entre-le-lifting-cervico-facial-et-le-cancer-du-sein-pr-j\/"},"author":{"name":"Albert-Claude Benhamou","@id":"https:\/\/looketmedecine.fr\/#\/schema\/person\/d674c704426e829b385c4dd691b8e3cc"},"headline":"LM N\u00b02\/2023. \u00c9ditorial 4. Changer de regard sur la sant\u00e9 esth\u00e9tique des femmes victimes d\u2019un cancer du sein.Les relations complexes entre le lifting cervico-facial et le cancer du sein. \u00a0Pr Jean Paul MENINGAUD\u00a0(Paris)","datePublished":"2023-10-05T15:45:14+00:00","dateModified":"2024-10-05T21:33:18+00:00","mainEntityOfPage":{"@id":"https:\/\/looketmedecine.fr\/en\/lm2-23-editorial-4-changer-de-regard-sur-la-sante-esthetique-des-femmes-victimes-dun-cancer-du-sein-les-relations-complexes-entre-le-lifting-cervico-facial-et-le-cancer-du-sein-pr-j\/"},"wordCount":395,"publisher":{"@id":"https:\/\/looketmedecine.fr\/#organization"},"image":{"@id":"https:\/\/looketmedecine.fr\/en\/lm2-23-editorial-4-changer-de-regard-sur-la-sante-esthetique-des-femmes-victimes-dun-cancer-du-sein-les-relations-complexes-entre-le-lifting-cervico-facial-et-le-cancer-du-sein-pr-j\/#primaryimage"},"thumbnailUrl":"https:\/\/looketmedecine.fr\/wp-content\/uploads\/2021\/11\/Capture-de\u0301cran-2021-11-11-a\u0300-14.57.50-e1716675046118.png","keywords":["Lm2 2023 Editorials","Lm2 2023 replay","Lm2 2023 th\u00e8me proc\u00e9dures th\u00e9rapeutiques","Lm2 2023 th\u00e8me Sujets encore tabous","Lm2 2023 th\u00e8me un autre regard"],"articleSection":["\u00c9ditoriaux","Proc\u00e9dures th\u00e9rapeutiques","Sujets encore tabous","Un autre regard"],"inLanguage":"en-US"},{"@type":"WebPage","@id":"https:\/\/looketmedecine.fr\/en\/lm2-23-editorial-4-changer-de-regard-sur-la-sante-esthetique-des-femmes-victimes-dun-cancer-du-sein-les-relations-complexes-entre-le-lifting-cervico-facial-et-le-cancer-du-sein-pr-j\/","url":"https:\/\/looketmedecine.fr\/en\/lm2-23-editorial-4-changer-de-regard-sur-la-sante-esthetique-des-femmes-victimes-dun-cancer-du-sein-les-relations-complexes-entre-le-lifting-cervico-facial-et-le-cancer-du-sein-pr-j\/","name":"LM N\u00b02\/2023. \u00c9ditorial 4. Changer de regard sur la sant\u00e9 esth\u00e9tique des femmes victimes d\u2019un cancer du sein.Les relations complexes entre le lifting cervico-facial et le cancer du sein. \u00a0Pr Jean Paul MENINGAUD\u00a0(Paris) - Revue fran\u00e7aise N\u00b01 pour la recherche en sant\u00e9 esth\u00e9tique","isPartOf":{"@id":"https:\/\/looketmedecine.fr\/#website"},"primaryImageOfPage":{"@id":"https:\/\/looketmedecine.fr\/en\/lm2-23-editorial-4-changer-de-regard-sur-la-sante-esthetique-des-femmes-victimes-dun-cancer-du-sein-les-relations-complexes-entre-le-lifting-cervico-facial-et-le-cancer-du-sein-pr-j\/#primaryimage"},"image":{"@id":"https:\/\/looketmedecine.fr\/en\/lm2-23-editorial-4-changer-de-regard-sur-la-sante-esthetique-des-femmes-victimes-dun-cancer-du-sein-les-relations-complexes-entre-le-lifting-cervico-facial-et-le-cancer-du-sein-pr-j\/#primaryimage"},"thumbnailUrl":"https:\/\/looketmedecine.fr\/wp-content\/uploads\/2021\/11\/Capture-de\u0301cran-2021-11-11-a\u0300-14.57.50-e1716675046118.png","datePublished":"2023-10-05T15:45:14+00:00","dateModified":"2024-10-05T21:33:18+00:00","breadcrumb":{"@id":"https:\/\/looketmedecine.fr\/en\/lm2-23-editorial-4-changer-de-regard-sur-la-sante-esthetique-des-femmes-victimes-dun-cancer-du-sein-les-relations-complexes-entre-le-lifting-cervico-facial-et-le-cancer-du-sein-pr-j\/#breadcrumb"},"inLanguage":"en-US","potentialAction":[{"@type":"ReadAction","target":["https:\/\/looketmedecine.fr\/en\/lm2-23-editorial-4-changer-de-regard-sur-la-sante-esthetique-des-femmes-victimes-dun-cancer-du-sein-les-relations-complexes-entre-le-lifting-cervico-facial-et-le-cancer-du-sein-pr-j\/"]}]},{"@type":"ImageObject","inLanguage":"en-US","@id":"https:\/\/looketmedecine.fr\/en\/lm2-23-editorial-4-changer-de-regard-sur-la-sante-esthetique-des-femmes-victimes-dun-cancer-du-sein-les-relations-complexes-entre-le-lifting-cervico-facial-et-le-cancer-du-sein-pr-j\/#primaryimage","url":"https:\/\/looketmedecine.fr\/wp-content\/uploads\/2021\/11\/Capture-de\u0301cran-2021-11-11-a\u0300-14.57.50-e1716675046118.png","contentUrl":"https:\/\/looketmedecine.fr\/wp-content\/uploads\/2021\/11\/Capture-de\u0301cran-2021-11-11-a\u0300-14.57.50-e1716675046118.png","width":485,"height":648,"caption":"Pr JEAN PAUL MENINGAUD"},{"@type":"BreadcrumbList","@id":"https:\/\/looketmedecine.fr\/en\/lm2-23-editorial-4-changer-de-regard-sur-la-sante-esthetique-des-femmes-victimes-dun-cancer-du-sein-les-relations-complexes-entre-le-lifting-cervico-facial-et-le-cancer-du-sein-pr-j\/#breadcrumb","itemListElement":[{"@type":"ListItem","position":1,"name":"Accueil","item":"https:\/\/looketmedecine.fr\/"},{"@type":"ListItem","position":2,"name":"LM N\u00b02\/2023. \u00c9ditorial 4. Changer de regard sur la sant\u00e9 esth\u00e9tique des femmes victimes d\u2019un cancer du sein.Les relations complexes entre le lifting cervico-facial et le cancer du sein. \u00a0Pr Jean Paul MENINGAUD\u00a0(Paris)"}]},{"@type":"WebSite","@id":"https:\/\/looketmedecine.fr\/#website","url":"https:\/\/looketmedecine.fr\/","name":"N\u00b01 French magazine for research in aesthetic health","description":"Aesthetic health based on scientific evidence","publisher":{"@id":"https:\/\/looketmedecine.fr\/#organization"},"potentialAction":[{"@type":"SearchAction","target":{"@type":"EntryPoint","urlTemplate":"https:\/\/looketmedecine.fr\/?s={search_term_string}"},"query-input":{"@type":"PropertyValueSpecification","valueRequired":true,"valueName":"search_term_string"}}],"inLanguage":"en-US"},{"@type":"Organization","@id":"https:\/\/looketmedecine.fr\/#organization","name":"Looketmedicine","url":"https:\/\/looketmedecine.fr\/","logo":{"@type":"ImageObject","inLanguage":"en-US","@id":"https:\/\/looketmedecine.fr\/#\/schema\/logo\/image\/","url":"https:\/\/looketmedecine.fr\/wp-content\/uploads\/2020\/11\/cropped-LookMedecine_Logo_Textuel_Noir.png","contentUrl":"https:\/\/looketmedecine.fr\/wp-content\/uploads\/2020\/11\/cropped-LookMedecine_Logo_Textuel_Noir.png","width":1500,"height":145,"caption":"Looketmedecine"},"image":{"@id":"https:\/\/looketmedecine.fr\/#\/schema\/logo\/image\/"},"sameAs":["https:\/\/www.facebook.com\/looketmedecine.magazine\/","https:\/\/www.instagram.com\/looketmedecine\/?hl=fr"]},{"@type":"Person","@id":"https:\/\/looketmedecine.fr\/#\/schema\/person\/d674c704426e829b385c4dd691b8e3cc","name":"Albert-Claude Benhamou","image":{"@type":"ImageObject","inLanguage":"en-US","@id":"https:\/\/secure.gravatar.com\/avatar\/f4c13b834cf55e3822893169175e3671a59788fb9e2d84d3a223c96e83a8f09e?s=96&d=mm&r=g","url":"https:\/\/secure.gravatar.com\/avatar\/f4c13b834cf55e3822893169175e3671a59788fb9e2d84d3a223c96e83a8f09e?s=96&d=mm&r=g","contentUrl":"https:\/\/secure.gravatar.com\/avatar\/f4c13b834cf55e3822893169175e3671a59788fb9e2d84d3a223c96e83a8f09e?s=96&d=mm&r=g","caption":"Albert-Claude Benhamou"},"url":"https:\/\/looketmedecine.fr\/en"}]}},"_links":{"self":[{"href":"https:\/\/looketmedecine.fr\/en\/wp-json\/wp\/v2\/posts\/18935","targetHints":{"allow":["GET"]}}],"collection":[{"href":"https:\/\/looketmedecine.fr\/en\/wp-json\/wp\/v2\/posts"}],"about":[{"href":"https:\/\/looketmedecine.fr\/en\/wp-json\/wp\/v2\/types\/post"}],"author":[{"embeddable":true,"href":"https:\/\/looketmedecine.fr\/en\/wp-json\/wp\/v2\/users\/2"}],"replies":[{"embeddable":true,"href":"https:\/\/looketmedecine.fr\/en\/wp-json\/wp\/v2\/comments?post=18935"}],"version-history":[{"count":27,"href":"https:\/\/looketmedecine.fr\/en\/wp-json\/wp\/v2\/posts\/18935\/revisions"}],"predecessor-version":[{"id":23708,"href":"https:\/\/looketmedecine.fr\/en\/wp-json\/wp\/v2\/posts\/18935\/revisions\/23708"}],"wp:featuredmedia":[{"embeddable":true,"href":"https:\/\/looketmedecine.fr\/en\/wp-json\/wp\/v2\/media\/5732"}],"wp:attachment":[{"href":"https:\/\/looketmedecine.fr\/en\/wp-json\/wp\/v2\/media?parent=18935"}],"wp:term":[{"taxonomy":"category","embeddable":true,"href":"https:\/\/looketmedecine.fr\/en\/wp-json\/wp\/v2\/categories?post=18935"},{"taxonomy":"post_tag","embeddable":true,"href":"https:\/\/looketmedecine.fr\/en\/wp-json\/wp\/v2\/tags?post=18935"},{"taxonomy":"auteur","embeddable":true,"href":"https:\/\/looketmedecine.fr\/en\/wp-json\/wp\/v2\/auteur?post=18935"},{"taxonomy":"mots-cles","embeddable":true,"href":"https:\/\/looketmedecine.fr\/en\/wp-json\/wp\/v2\/mots-cles?post=18935"}],"curies":[{"name":"wp","href":"https:\/\/api.w.org\/{rel}","templated":true}]}}