{"id":18905,"date":"2023-10-05T17:15:03","date_gmt":"2023-10-05T15:15:03","guid":{"rendered":"https:\/\/looketmedecine.fr\/?p=18905"},"modified":"2024-10-05T23:33:43","modified_gmt":"2024-10-05T21:33:43","slug":"lm2-23-editorial-3-la-sante-des-femmes-discours-et-realites-pr-pierre-mares-nimes","status":"publish","type":"post","link":"https:\/\/looketmedecine.fr\/en\/lm2-23-editorial-3-la-sante-des-femmes-discours-et-realites-pr-pierre-mares-nimes\/","title":{"rendered":"LM N\u00b0 2 \/ 2023.  Editorial 3. \"Women's health... Discourses and realities... \" Pr Pierre Mares (N\u00eemes)"},"content":{"rendered":"<div data-elementor-type=\"wp-post\" data-elementor-id=\"18905\" class=\"elementor elementor-18905\" data-elementor-post-type=\"post\">\n\t\t\t\t<div class=\"elementor-element elementor-element-3140b33 e-flex e-con-boxed e-con e-parent\" data-id=\"3140b33\" data-element_type=\"container\" data-e-type=\"container\">\n\t\t\t\t\t<div class=\"e-con-inner\">\n\t\t\t\t<div class=\"elementor-element elementor-element-6a67b90 elementor-widget elementor-widget-image\" data-id=\"6a67b90\" data-element_type=\"widget\" data-e-type=\"widget\" data-widget_type=\"image.default\">\n\t\t\t\t<div class=\"elementor-widget-container\">\n\t\t\t\t\t\t\t\t\t\t\t\t\t\t\t<img fetchpriority=\"high\" decoding=\"async\" width=\"800\" height=\"1016\" src=\"https:\/\/looketmedecine.fr\/wp-content\/uploads\/2023\/10\/Capture-decran-2023-10-05-a-23.25.05-806x1024.jpg\" class=\"attachment-large size-large wp-image-19257\" alt=\"\" srcset=\"https:\/\/looketmedecine.fr\/wp-content\/uploads\/2023\/10\/Capture-decran-2023-10-05-a-23.25.05-806x1024.jpg 806w, https:\/\/looketmedecine.fr\/wp-content\/uploads\/2023\/10\/Capture-decran-2023-10-05-a-23.25.05-236x300.jpg 236w, https:\/\/looketmedecine.fr\/wp-content\/uploads\/2023\/10\/Capture-decran-2023-10-05-a-23.25.05-768x976.jpg 768w, https:\/\/looketmedecine.fr\/wp-content\/uploads\/2023\/10\/Capture-decran-2023-10-05-a-23.25.05-9x12.jpg 9w, https:\/\/looketmedecine.fr\/wp-content\/uploads\/2023\/10\/Capture-decran-2023-10-05-a-23.25.05.jpg 878w\" sizes=\"(max-width: 800px) 100vw, 800px\" \/>\t\t\t\t\t\t\t\t\t\t\t\t\t\t\t<\/div>\n\t\t\t\t<\/div>\n\t\t\t\t<div class=\"elementor-element elementor-element-00f721e elementor-widget elementor-widget-heading\" data-id=\"00f721e\" data-element_type=\"widget\" data-e-type=\"widget\" data-widget_type=\"heading.default\">\n\t\t\t\t<div class=\"elementor-widget-container\">\n\t\t\t\t\t<h2 class=\"elementor-heading-title elementor-size-default\">\"Women's health... Discourses and realities...\"<\/h2>\t\t\t\t<\/div>\n\t\t\t\t<\/div>\n\t\t\t\t<div class=\"elementor-element elementor-element-1b74bbb elementor-widget elementor-widget-heading\" data-id=\"1b74bbb\" data-element_type=\"widget\" data-e-type=\"widget\" data-widget_type=\"heading.default\">\n\t\t\t\t<div class=\"elementor-widget-container\">\n\t\t\t\t\t<h2 class=\"elementor-heading-title elementor-size-default\">Prof. Pierre MARES, MD<br>\nHead of the Women and Children Unit, Obstetrics and Gynecology Department\nCHRU N\u00eemes<\/h2>\t\t\t\t<\/div>\n\t\t\t\t<\/div>\n\t\t\t\t<div class=\"elementor-element elementor-element-930f9ea elementor-widget elementor-widget-gallery\" data-id=\"930f9ea\" data-element_type=\"widget\" data-e-type=\"widget\" data-settings=\"{&quot;columns&quot;:2,&quot;lazyload&quot;:&quot;yes&quot;,&quot;gallery_layout&quot;:&quot;grid&quot;,&quot;columns_tablet&quot;:2,&quot;columns_mobile&quot;:1,&quot;gap&quot;:{&quot;unit&quot;:&quot;px&quot;,&quot;size&quot;:10,&quot;sizes&quot;:[]},&quot;gap_tablet&quot;:{&quot;unit&quot;:&quot;px&quot;,&quot;size&quot;:10,&quot;sizes&quot;:[]},&quot;gap_mobile&quot;:{&quot;unit&quot;:&quot;px&quot;,&quot;size&quot;:10,&quot;sizes&quot;:[]},&quot;link_to&quot;:&quot;file&quot;,&quot;aspect_ratio&quot;:&quot;3:2&quot;,&quot;overlay_background&quot;:&quot;yes&quot;,&quot;content_hover_animation&quot;:&quot;fade-in&quot;}\" data-widget_type=\"gallery.default\">\n\t\t\t\t<div class=\"elementor-widget-container\">\n\t\t\t\t\t\t\t<div class=\"elementor-gallery__container\">\n\t\t\t\t\t\t\t<a class=\"e-gallery-item elementor-gallery-item elementor-animated-content\" href=\"https:\/\/looketmedecine.fr\/wp-content\/uploads\/2023\/10\/octobre-sose.jpeg\" data-elementor-open-lightbox=\"yes\" data-elementor-lightbox-slideshow=\"930f9ea\" data-elementor-lightbox-title=\"octobre sose\" data-e-action-hash=\"#elementor-action%3Aaction%3Dlightbox%26settings%3DeyJpZCI6MTgzNjYsInVybCI6Imh0dHBzOlwvXC9sb29rZXRtZWRlY2luZS5mclwvd3AtY29udGVudFwvdXBsb2Fkc1wvMjAyM1wvMTBcL29jdG9icmUtc29zZS5qcGVnIiwic2xpZGVzaG93IjoiOTMwZjllYSJ9\">\n\t\t\t\t\t<div class=\"e-gallery-image elementor-gallery-item__image\" data-thumbnail=\"https:\/\/looketmedecine.fr\/wp-content\/uploads\/2023\/10\/octobre-sose-300x200.jpeg\" data-width=\"300\" data-height=\"200\" aria-label=\"\" role=\"img\" ><\/div>\n\t\t\t\t\t\t\t\t\t\t\t<div class=\"elementor-gallery-item__overlay\"><\/div>\n\t\t\t\t\t\t\t\t\t\t\t\t\t\t<\/a>\n\t\t\t\t\t\t\t<a class=\"e-gallery-item elementor-gallery-item elementor-animated-content\" href=\"https:\/\/looketmedecine.fr\/wp-content\/uploads\/2023\/10\/pierre-mares.png\" data-elementor-open-lightbox=\"yes\" data-elementor-lightbox-slideshow=\"930f9ea\" data-elementor-lightbox-title=\"Pr Pierre MARES\" data-elementor-lightbox-description=\"Pr Pierre MARES\" data-e-action-hash=\"#elementor-action%3Aaction%3Dlightbox%26settings%3DeyJpZCI6MTgzMTksInVybCI6Imh0dHBzOlwvXC9sb29rZXRtZWRlY2luZS5mclwvd3AtY29udGVudFwvdXBsb2Fkc1wvMjAyM1wvMTBcL3BpZXJyZS1tYXJlcy5wbmciLCJzbGlkZXNob3ciOiI5MzBmOWVhIn0%3D\">\n\t\t\t\t\t<div class=\"e-gallery-image elementor-gallery-item__image\" data-thumbnail=\"https:\/\/looketmedecine.fr\/wp-content\/uploads\/2023\/10\/pierre-mares-300x300.png\" data-width=\"300\" data-height=\"300\" aria-label=\"Prof. Pierre MARES\" role=\"img\" ><\/div>\n\t\t\t\t\t\t\t\t\t\t\t<div class=\"elementor-gallery-item__overlay\"><\/div>\n\t\t\t\t\t\t\t\t\t\t\t\t\t\t<\/a>\n\t\t\t\t\t<\/div>\n\t\t\t\t\t<\/div>\n\t\t\t\t<\/div>\n\t\t\t\t<div class=\"elementor-element elementor-element-944326b elementor-widget elementor-widget-text-editor\" data-id=\"944326b\" data-element_type=\"widget\" data-e-type=\"widget\" data-widget_type=\"text-editor.default\">\n\t\t\t\t<div class=\"elementor-widget-container\">\n\t\t\t\t\t\t\t\t\t<h3 style=\"text-align: center;\"><strong><span style=\"color: #800080;\">\"Where is the reality of the discourse on women's health with the assumption of responsibility for these\/its specificities ...???<\/span><\/strong><\/h3><h3 style=\"text-align: center;\"><strong><span style=\"color: #800080;\"> Along with my colleagues, I'm calling on women and women's or patients' associations to urge those in charge to treat these pathologies with effective 21st century treatments.\u00a0<\/span><\/strong><\/h3><p class=\"p3\">\u00a0<\/p>\t\t\t\t\t\t\t\t<\/div>\n\t\t\t\t<\/div>\n\t\t\t\t<div class=\"elementor-element elementor-element-bd54bec elementor-widget elementor-widget-heading\" data-id=\"bd54bec\" data-element_type=\"widget\" data-e-type=\"widget\" data-widget_type=\"heading.default\">\n\t\t\t\t<div class=\"elementor-widget-container\">\n\t\t\t\t\t<h2 class=\"elementor-heading-title elementor-size-default\">Results of the SGUM study - Gynaecological, urinary and sexual side effects of hormone therapy.<\/h2>\t\t\t\t<\/div>\n\t\t\t\t<\/div>\n\t\t\t\t<div class=\"elementor-element elementor-element-ca08532 elementor-widget elementor-widget-video\" data-id=\"ca08532\" data-element_type=\"widget\" data-e-type=\"widget\" data-settings=\"{&quot;youtube_url&quot;:&quot;https:\\\/\\\/www.youtube.com\\\/watch?v=KB_ilekbdlA&quot;,&quot;video_type&quot;:&quot;youtube&quot;,&quot;controls&quot;:&quot;yes&quot;}\" data-widget_type=\"video.default\">\n\t\t\t\t<div class=\"elementor-widget-container\">\n\t\t\t\t\t\t\t<div class=\"elementor-wrapper elementor-open-inline\">\n\t\t\t<div class=\"elementor-video\"><\/div>\t\t<\/div>\n\t\t\t\t\t\t<\/div>\n\t\t\t\t<\/div>\n\t\t\t\t<div class=\"elementor-element elementor-element-90c5bb2 elementor-widget elementor-widget-pdfjs_viewer\" data-id=\"90c5bb2\" data-element_type=\"widget\" data-e-type=\"widget\" data-widget_type=\"pdfjs_viewer.default\">\n\t\t\t\t<div class=\"elementor-widget-container\">\n\t\t\t\t\t<iframe src=\"https:\/\/looketmedecine.fr\/wp-content\/plugins\/pdf-viewer-for-elementor\/assets\/pdfjs\/web\/viewer.html?file=https:\/\/looketmedecine.fr\/wp-content\/uploads\/2023\/10\/MARES-Editos-3_compressed.pdf&amp;embedded=true\" style=\"display: block; margin-left: auto; margin-right: auto; width: 1500px; height: 1020px;\" frameborder=\"1\" marginheight=\"0px\" marginwidth=\"0px\" allowfullscreen><\/iframe>\t\t\t\t<\/div>\n\t\t\t\t<\/div>\n\t\t\t\t<div class=\"elementor-element elementor-element-b36e267 elementor-widget elementor-widget-heading\" data-id=\"b36e267\" data-element_type=\"widget\" data-e-type=\"widget\" data-widget_type=\"heading.default\">\n\t\t\t\t<div class=\"elementor-widget-container\">\n\t\t\t\t\t<h2 class=\"elementor-heading-title elementor-size-default\"> DISCOVER THE \"SEINTINELLES\" PLATFORM<\/h2>\t\t\t\t<\/div>\n\t\t\t\t<\/div>\n\t\t\t\t<div class=\"elementor-element elementor-element-aab5410 elementor-widget elementor-widget-video\" data-id=\"aab5410\" data-element_type=\"widget\" data-e-type=\"widget\" data-settings=\"{&quot;youtube_url&quot;:&quot;https:\\\/\\\/www.youtube.com\\\/watch?v=FyT55bW5YMA&quot;,&quot;video_type&quot;:&quot;youtube&quot;,&quot;controls&quot;:&quot;yes&quot;}\" data-widget_type=\"video.default\">\n\t\t\t\t<div class=\"elementor-widget-container\">\n\t\t\t\t\t\t\t<div class=\"elementor-wrapper elementor-open-inline\">\n\t\t\t<div class=\"elementor-video\"><\/div>\t\t<\/div>\n\t\t\t\t\t\t<\/div>\n\t\t\t\t<\/div>\n\t\t\t\t<div class=\"elementor-element elementor-element-0b6dfd5 elementor-widget elementor-widget-image\" data-id=\"0b6dfd5\" data-element_type=\"widget\" data-e-type=\"widget\" data-widget_type=\"image.default\">\n\t\t\t\t<div class=\"elementor-widget-container\">\n\t\t\t\t\t\t\t\t\t\t\t\t\t\t\t<img decoding=\"async\" width=\"789\" height=\"1024\" src=\"https:\/\/looketmedecine.fr\/wp-content\/uploads\/2023\/10\/Capture-decran-2023-10-02-a-09.45.47-789x1024.jpg\" class=\"attachment-large size-large wp-image-18475\" alt=\"FIGO PARIS VIVACY SYMPOSIUM\" srcset=\"https:\/\/looketmedecine.fr\/wp-content\/uploads\/2023\/10\/Capture-decran-2023-10-02-a-09.45.47-789x1024.jpg 789w, https:\/\/looketmedecine.fr\/wp-content\/uploads\/2023\/10\/Capture-decran-2023-10-02-a-09.45.47-231x300.jpg 231w, https:\/\/looketmedecine.fr\/wp-content\/uploads\/2023\/10\/Capture-decran-2023-10-02-a-09.45.47-768x996.jpg 768w, https:\/\/looketmedecine.fr\/wp-content\/uploads\/2023\/10\/Capture-decran-2023-10-02-a-09.45.47-1184x1536.jpg 1184w, https:\/\/looketmedecine.fr\/wp-content\/uploads\/2023\/10\/Capture-decran-2023-10-02-a-09.45.47-9x12.jpg 9w, https:\/\/looketmedecine.fr\/wp-content\/uploads\/2023\/10\/Capture-decran-2023-10-02-a-09.45.47.jpg 1480w\" sizes=\"(max-width: 789px) 100vw, 789px\" \/>\t\t\t\t\t\t\t\t\t\t\t\t\t\t\t<\/div>\n\t\t\t\t<\/div>\n\t\t\t\t\t<\/div>\n\t\t\t\t<\/div>\n\t\t<div class=\"elementor-element elementor-element-712e595 e-flex e-con-boxed e-con e-parent\" data-id=\"712e595\" data-element_type=\"container\" data-e-type=\"container\">\n\t\t\t\t\t<div class=\"e-con-inner\">\n\t\t\t\t\t<\/div>\n\t\t\t\t<\/div>\n\t\t\t\t<\/div>","protected":false},"excerpt":{"rendered":"<p>\u00abLa sant\u00e9 des femmes\u2026 Discours et r\u00e9alit\u00e9s&#8230;\u00bb Pr Pierre MARES, MD Chef du P\u00f4le Femme Enfant, au service de gyn\u00e9cologie obst\u00e9trique CHRU de N\u00eemes \u00abO\u00f9 est la r\u00e9alit\u00e9 du discours sur la sant\u00e9 de la femme avec la prise en charge de ces\/ ses sp\u00e9cificit\u00e9s \u2026 ??? Avec mes confr\u00e8res, j&rsquo;en appelle aux femmes et [&hellip;]<\/p>\n","protected":false},"author":2,"featured_media":18319,"comment_status":"closed","ping_status":"closed","sticky":false,"template":"","format":"standard","meta":{"_acf_changed":false,"footnotes":""},"categories":[62],"tags":[326,325],"auteur":[438],"mots-cles":[],"class_list":["post-18905","post","type-post","status-publish","format-standard","has-post-thumbnail","hentry","category-editoriaux","tag-lm2-2023-editorials","tag-lm2-2023-replay","auteur-pierre-mares"],"acf":[],"yoast_head":"<!-- This site is optimized with the Yoast SEO plugin v27.5 - https:\/\/yoast.com\/product\/yoast-seo-wordpress\/ -->\n<title>LM N\u00b0 2 \/ 2023. Editorial 3 . &quot;La sant\u00e9 des femmes... Discours et r\u00e9alit\u00e9s\u2026&quot; Pr Pierre Mares (N\u00eemes) - Revue fran\u00e7aise N\u00b01 pour la recherche en sant\u00e9 esth\u00e9tique<\/title>\n<meta name=\"robots\" content=\"index, follow, max-snippet:-1, max-image-preview:large, max-video-preview:-1\" \/>\n<link rel=\"canonical\" href=\"https:\/\/looketmedecine.fr\/en\/wp-json\/wp\/v2\/posts\/18905\" \/>\n<meta property=\"og:locale\" content=\"en_US\" \/>\n<meta property=\"og:type\" content=\"article\" \/>\n<meta property=\"og:title\" content=\"LM N\u00b0 2 \/ 2023. Editorial 3 . &quot;La sant\u00e9 des femmes... Discours et r\u00e9alit\u00e9s\u2026&quot; Pr Pierre Mares (N\u00eemes) - Revue fran\u00e7aise N\u00b01 pour la recherche en sant\u00e9 esth\u00e9tique\" \/>\n<meta property=\"og:description\" content=\"\u00abLa sant\u00e9 des femmes\u2026 Discours et r\u00e9alit\u00e9s&#8230;\u00bb Pr Pierre MARES, MD Chef du P\u00f4le Femme Enfant, au service de gyn\u00e9cologie obst\u00e9trique CHRU de N\u00eemes \u00abO\u00f9 est la r\u00e9alit\u00e9 du discours sur la sant\u00e9 de la femme avec la prise en charge de ces\/ ses sp\u00e9cificit\u00e9s \u2026 ??? Avec mes confr\u00e8res, j&rsquo;en appelle aux femmes et [&hellip;]\" \/>\n<meta property=\"og:url\" content=\"https:\/\/looketmedecine.fr\/en\/lm2-23-editorial-3-la-sante-des-femmes-discours-et-realites-pr-pierre-mares-nimes\/\" \/>\n<meta property=\"og:site_name\" content=\"Revue fran\u00e7aise N\u00b01 pour la recherche en sant\u00e9 esth\u00e9tique\" \/>\n<meta property=\"article:publisher\" content=\"https:\/\/www.facebook.com\/looketmedecine.magazine\/\" \/>\n<meta property=\"article:published_time\" content=\"2023-10-05T15:15:03+00:00\" \/>\n<meta property=\"article:modified_time\" content=\"2024-10-05T21:33:43+00:00\" \/>\n<meta property=\"og:image\" content=\"https:\/\/looketmedecine.fr\/wp-content\/uploads\/2023\/10\/pierre-mares.png\" \/>\n\t<meta property=\"og:image:width\" content=\"400\" \/>\n\t<meta property=\"og:image:height\" content=\"400\" \/>\n\t<meta property=\"og:image:type\" content=\"image\/png\" \/>\n<meta name=\"author\" content=\"Albert-Claude Benhamou\" \/>\n<meta name=\"twitter:card\" content=\"summary_large_image\" \/>\n<meta name=\"twitter:label1\" content=\"Written by\" \/>\n\t<meta name=\"twitter:data1\" content=\"Albert-Claude Benhamou\" \/>\n\t<meta name=\"twitter:label2\" content=\"Est. reading time\" \/>\n\t<meta name=\"twitter:data2\" content=\"1 minute\" \/>\n<script type=\"application\/ld+json\" class=\"yoast-schema-graph\">{\"@context\":\"https:\\\/\\\/schema.org\",\"@graph\":[{\"@type\":\"Article\",\"@id\":\"https:\\\/\\\/looketmedecine.fr\\\/en\\\/lm2-23-editorial-3-la-sante-des-femmes-discours-et-realites-pr-pierre-mares-nimes\\\/#article\",\"isPartOf\":{\"@id\":\"https:\\\/\\\/looketmedecine.fr\\\/en\\\/lm2-23-editorial-3-la-sante-des-femmes-discours-et-realites-pr-pierre-mares-nimes\\\/\"},\"author\":{\"name\":\"Albert-Claude Benhamou\",\"@id\":\"https:\\\/\\\/looketmedecine.fr\\\/#\\\/schema\\\/person\\\/d674c704426e829b385c4dd691b8e3cc\"},\"headline\":\"LM N\u00b0 2 \\\/ 2023. Editorial 3 . \u00ab\u00a0La sant\u00e9 des femmes&#8230; Discours et r\u00e9alit\u00e9s\u2026\u00a0\u00bb Pr Pierre Mares (N\u00eemes)\",\"datePublished\":\"2023-10-05T15:15:03+00:00\",\"dateModified\":\"2024-10-05T21:33:43+00:00\",\"mainEntityOfPage\":{\"@id\":\"https:\\\/\\\/looketmedecine.fr\\\/en\\\/lm2-23-editorial-3-la-sante-des-femmes-discours-et-realites-pr-pierre-mares-nimes\\\/\"},\"wordCount\":149,\"publisher\":{\"@id\":\"https:\\\/\\\/looketmedecine.fr\\\/#organization\"},\"image\":{\"@id\":\"https:\\\/\\\/looketmedecine.fr\\\/en\\\/lm2-23-editorial-3-la-sante-des-femmes-discours-et-realites-pr-pierre-mares-nimes\\\/#primaryimage\"},\"thumbnailUrl\":\"https:\\\/\\\/looketmedecine.fr\\\/wp-content\\\/uploads\\\/2023\\\/10\\\/pierre-mares.png\",\"keywords\":[\"Lm2 2023 Editorials\",\"Lm2 2023 replay\"],\"articleSection\":[\"\u00c9ditoriaux\"],\"inLanguage\":\"en-US\"},{\"@type\":\"WebPage\",\"@id\":\"https:\\\/\\\/looketmedecine.fr\\\/en\\\/lm2-23-editorial-3-la-sante-des-femmes-discours-et-realites-pr-pierre-mares-nimes\\\/\",\"url\":\"https:\\\/\\\/looketmedecine.fr\\\/en\\\/lm2-23-editorial-3-la-sante-des-femmes-discours-et-realites-pr-pierre-mares-nimes\\\/\",\"name\":\"LM N\u00b0 2 \\\/ 2023. Editorial 3 . \\\"La sant\u00e9 des femmes... Discours et r\u00e9alit\u00e9s\u2026\\\" Pr Pierre Mares (N\u00eemes) - Revue fran\u00e7aise N\u00b01 pour la recherche en sant\u00e9 esth\u00e9tique\",\"isPartOf\":{\"@id\":\"https:\\\/\\\/looketmedecine.fr\\\/#website\"},\"primaryImageOfPage\":{\"@id\":\"https:\\\/\\\/looketmedecine.fr\\\/en\\\/lm2-23-editorial-3-la-sante-des-femmes-discours-et-realites-pr-pierre-mares-nimes\\\/#primaryimage\"},\"image\":{\"@id\":\"https:\\\/\\\/looketmedecine.fr\\\/en\\\/lm2-23-editorial-3-la-sante-des-femmes-discours-et-realites-pr-pierre-mares-nimes\\\/#primaryimage\"},\"thumbnailUrl\":\"https:\\\/\\\/looketmedecine.fr\\\/wp-content\\\/uploads\\\/2023\\\/10\\\/pierre-mares.png\",\"datePublished\":\"2023-10-05T15:15:03+00:00\",\"dateModified\":\"2024-10-05T21:33:43+00:00\",\"breadcrumb\":{\"@id\":\"https:\\\/\\\/looketmedecine.fr\\\/en\\\/lm2-23-editorial-3-la-sante-des-femmes-discours-et-realites-pr-pierre-mares-nimes\\\/#breadcrumb\"},\"inLanguage\":\"en-US\",\"potentialAction\":[{\"@type\":\"ReadAction\",\"target\":[\"https:\\\/\\\/looketmedecine.fr\\\/en\\\/lm2-23-editorial-3-la-sante-des-femmes-discours-et-realites-pr-pierre-mares-nimes\\\/\"]}]},{\"@type\":\"ImageObject\",\"inLanguage\":\"en-US\",\"@id\":\"https:\\\/\\\/looketmedecine.fr\\\/en\\\/lm2-23-editorial-3-la-sante-des-femmes-discours-et-realites-pr-pierre-mares-nimes\\\/#primaryimage\",\"url\":\"https:\\\/\\\/looketmedecine.fr\\\/wp-content\\\/uploads\\\/2023\\\/10\\\/pierre-mares.png\",\"contentUrl\":\"https:\\\/\\\/looketmedecine.fr\\\/wp-content\\\/uploads\\\/2023\\\/10\\\/pierre-mares.png\",\"width\":400,\"height\":400,\"caption\":\"Pr Pierre MARES\"},{\"@type\":\"BreadcrumbList\",\"@id\":\"https:\\\/\\\/looketmedecine.fr\\\/en\\\/lm2-23-editorial-3-la-sante-des-femmes-discours-et-realites-pr-pierre-mares-nimes\\\/#breadcrumb\",\"itemListElement\":[{\"@type\":\"ListItem\",\"position\":1,\"name\":\"Accueil\",\"item\":\"https:\\\/\\\/looketmedecine.fr\\\/\"},{\"@type\":\"ListItem\",\"position\":2,\"name\":\"LM N\u00b0 2 \\\/ 2023. Editorial 3 . \u00ab\u00a0La sant\u00e9 des femmes&#8230; Discours et r\u00e9alit\u00e9s\u2026\u00a0\u00bb Pr Pierre Mares (N\u00eemes)\"}]},{\"@type\":\"WebSite\",\"@id\":\"https:\\\/\\\/looketmedecine.fr\\\/#website\",\"url\":\"https:\\\/\\\/looketmedecine.fr\\\/\",\"name\":\"Revue fran\u00e7aise N\u00b01 pour la recherche en sant\u00e9 esth\u00e9tique\",\"description\":\"La sant\u00e9 esth\u00e9tique fond\u00e9e sur des preuves scientifiques\",\"publisher\":{\"@id\":\"https:\\\/\\\/looketmedecine.fr\\\/#organization\"},\"potentialAction\":[{\"@type\":\"SearchAction\",\"target\":{\"@type\":\"EntryPoint\",\"urlTemplate\":\"https:\\\/\\\/looketmedecine.fr\\\/?s={search_term_string}\"},\"query-input\":{\"@type\":\"PropertyValueSpecification\",\"valueRequired\":true,\"valueName\":\"search_term_string\"}}],\"inLanguage\":\"en-US\"},{\"@type\":\"Organization\",\"@id\":\"https:\\\/\\\/looketmedecine.fr\\\/#organization\",\"name\":\"Looketmedecine\",\"url\":\"https:\\\/\\\/looketmedecine.fr\\\/\",\"logo\":{\"@type\":\"ImageObject\",\"inLanguage\":\"en-US\",\"@id\":\"https:\\\/\\\/looketmedecine.fr\\\/#\\\/schema\\\/logo\\\/image\\\/\",\"url\":\"https:\\\/\\\/looketmedecine.fr\\\/wp-content\\\/uploads\\\/2020\\\/11\\\/cropped-LookMedecine_Logo_Textuel_Noir.png\",\"contentUrl\":\"https:\\\/\\\/looketmedecine.fr\\\/wp-content\\\/uploads\\\/2020\\\/11\\\/cropped-LookMedecine_Logo_Textuel_Noir.png\",\"width\":1500,\"height\":145,\"caption\":\"Looketmedecine\"},\"image\":{\"@id\":\"https:\\\/\\\/looketmedecine.fr\\\/#\\\/schema\\\/logo\\\/image\\\/\"},\"sameAs\":[\"https:\\\/\\\/www.facebook.com\\\/looketmedecine.magazine\\\/\",\"https:\\\/\\\/www.instagram.com\\\/looketmedecine\\\/?hl=fr\"]},{\"@type\":\"Person\",\"@id\":\"https:\\\/\\\/looketmedecine.fr\\\/#\\\/schema\\\/person\\\/d674c704426e829b385c4dd691b8e3cc\",\"name\":\"Albert-Claude Benhamou\",\"image\":{\"@type\":\"ImageObject\",\"inLanguage\":\"en-US\",\"@id\":\"https:\\\/\\\/secure.gravatar.com\\\/avatar\\\/f4c13b834cf55e3822893169175e3671a59788fb9e2d84d3a223c96e83a8f09e?s=96&d=mm&r=g\",\"url\":\"https:\\\/\\\/secure.gravatar.com\\\/avatar\\\/f4c13b834cf55e3822893169175e3671a59788fb9e2d84d3a223c96e83a8f09e?s=96&d=mm&r=g\",\"contentUrl\":\"https:\\\/\\\/secure.gravatar.com\\\/avatar\\\/f4c13b834cf55e3822893169175e3671a59788fb9e2d84d3a223c96e83a8f09e?s=96&d=mm&r=g\",\"caption\":\"Albert-Claude Benhamou\"},\"url\":\"https:\\\/\\\/looketmedecine.fr\\\/en\"}]}<\/script>\n<!-- \/ Yoast SEO plugin. -->","yoast_head_json":{"title":"LM N\u00b0 2 \/ 2023. Editorial 3 . \"La sant\u00e9 des femmes... Discours et r\u00e9alit\u00e9s\u2026\" Pr Pierre Mares (N\u00eemes) - Revue fran\u00e7aise N\u00b01 pour la recherche en sant\u00e9 esth\u00e9tique","robots":{"index":"index","follow":"follow","max-snippet":"max-snippet:-1","max-image-preview":"max-image-preview:large","max-video-preview":"max-video-preview:-1"},"canonical":"https:\/\/looketmedecine.fr\/en\/wp-json\/wp\/v2\/posts\/18905","og_locale":"en_US","og_type":"article","og_title":"LM N\u00b0 2 \/ 2023. Editorial 3 . \"La sant\u00e9 des femmes... Discours et r\u00e9alit\u00e9s\u2026\" Pr Pierre Mares (N\u00eemes) - Revue fran\u00e7aise N\u00b01 pour la recherche en sant\u00e9 esth\u00e9tique","og_description":"\u00abLa sant\u00e9 des femmes\u2026 Discours et r\u00e9alit\u00e9s&#8230;\u00bb Pr Pierre MARES, MD Chef du P\u00f4le Femme Enfant, au service de gyn\u00e9cologie obst\u00e9trique CHRU de N\u00eemes \u00abO\u00f9 est la r\u00e9alit\u00e9 du discours sur la sant\u00e9 de la femme avec la prise en charge de ces\/ ses sp\u00e9cificit\u00e9s \u2026 ??? Avec mes confr\u00e8res, j&rsquo;en appelle aux femmes et [&hellip;]","og_url":"https:\/\/looketmedecine.fr\/en\/lm2-23-editorial-3-la-sante-des-femmes-discours-et-realites-pr-pierre-mares-nimes\/","og_site_name":"Revue fran\u00e7aise N\u00b01 pour la recherche en sant\u00e9 esth\u00e9tique","article_publisher":"https:\/\/www.facebook.com\/looketmedecine.magazine\/","article_published_time":"2023-10-05T15:15:03+00:00","article_modified_time":"2024-10-05T21:33:43+00:00","og_image":[{"width":400,"height":400,"url":"https:\/\/looketmedecine.fr\/wp-content\/uploads\/2023\/10\/pierre-mares.png","type":"image\/png"}],"author":"Albert-Claude Benhamou","twitter_card":"summary_large_image","twitter_misc":{"Written by":"Albert-Claude Benhamou","Est. reading time":"1 minute"},"schema":{"@context":"https:\/\/schema.org","@graph":[{"@type":"Article","@id":"https:\/\/looketmedecine.fr\/en\/lm2-23-editorial-3-la-sante-des-femmes-discours-et-realites-pr-pierre-mares-nimes\/#article","isPartOf":{"@id":"https:\/\/looketmedecine.fr\/en\/lm2-23-editorial-3-la-sante-des-femmes-discours-et-realites-pr-pierre-mares-nimes\/"},"author":{"name":"Albert-Claude Benhamou","@id":"https:\/\/looketmedecine.fr\/#\/schema\/person\/d674c704426e829b385c4dd691b8e3cc"},"headline":"LM N\u00b0 2 \/ 2023. Editorial 3 . \u00ab\u00a0La sant\u00e9 des femmes&#8230; Discours et r\u00e9alit\u00e9s\u2026\u00a0\u00bb Pr Pierre Mares (N\u00eemes)","datePublished":"2023-10-05T15:15:03+00:00","dateModified":"2024-10-05T21:33:43+00:00","mainEntityOfPage":{"@id":"https:\/\/looketmedecine.fr\/en\/lm2-23-editorial-3-la-sante-des-femmes-discours-et-realites-pr-pierre-mares-nimes\/"},"wordCount":149,"publisher":{"@id":"https:\/\/looketmedecine.fr\/#organization"},"image":{"@id":"https:\/\/looketmedecine.fr\/en\/lm2-23-editorial-3-la-sante-des-femmes-discours-et-realites-pr-pierre-mares-nimes\/#primaryimage"},"thumbnailUrl":"https:\/\/looketmedecine.fr\/wp-content\/uploads\/2023\/10\/pierre-mares.png","keywords":["Lm2 2023 Editorials","Lm2 2023 replay"],"articleSection":["\u00c9ditoriaux"],"inLanguage":"en-US"},{"@type":"WebPage","@id":"https:\/\/looketmedecine.fr\/en\/lm2-23-editorial-3-la-sante-des-femmes-discours-et-realites-pr-pierre-mares-nimes\/","url":"https:\/\/looketmedecine.fr\/en\/lm2-23-editorial-3-la-sante-des-femmes-discours-et-realites-pr-pierre-mares-nimes\/","name":"LM N\u00b0 2 \/ 2023. Editorial 3 . \"La sant\u00e9 des femmes... Discours et r\u00e9alit\u00e9s\u2026\" Pr Pierre Mares (N\u00eemes) - Revue fran\u00e7aise N\u00b01 pour la recherche en sant\u00e9 esth\u00e9tique","isPartOf":{"@id":"https:\/\/looketmedecine.fr\/#website"},"primaryImageOfPage":{"@id":"https:\/\/looketmedecine.fr\/en\/lm2-23-editorial-3-la-sante-des-femmes-discours-et-realites-pr-pierre-mares-nimes\/#primaryimage"},"image":{"@id":"https:\/\/looketmedecine.fr\/en\/lm2-23-editorial-3-la-sante-des-femmes-discours-et-realites-pr-pierre-mares-nimes\/#primaryimage"},"thumbnailUrl":"https:\/\/looketmedecine.fr\/wp-content\/uploads\/2023\/10\/pierre-mares.png","datePublished":"2023-10-05T15:15:03+00:00","dateModified":"2024-10-05T21:33:43+00:00","breadcrumb":{"@id":"https:\/\/looketmedecine.fr\/en\/lm2-23-editorial-3-la-sante-des-femmes-discours-et-realites-pr-pierre-mares-nimes\/#breadcrumb"},"inLanguage":"en-US","potentialAction":[{"@type":"ReadAction","target":["https:\/\/looketmedecine.fr\/en\/lm2-23-editorial-3-la-sante-des-femmes-discours-et-realites-pr-pierre-mares-nimes\/"]}]},{"@type":"ImageObject","inLanguage":"en-US","@id":"https:\/\/looketmedecine.fr\/en\/lm2-23-editorial-3-la-sante-des-femmes-discours-et-realites-pr-pierre-mares-nimes\/#primaryimage","url":"https:\/\/looketmedecine.fr\/wp-content\/uploads\/2023\/10\/pierre-mares.png","contentUrl":"https:\/\/looketmedecine.fr\/wp-content\/uploads\/2023\/10\/pierre-mares.png","width":400,"height":400,"caption":"Pr Pierre MARES"},{"@type":"BreadcrumbList","@id":"https:\/\/looketmedecine.fr\/en\/lm2-23-editorial-3-la-sante-des-femmes-discours-et-realites-pr-pierre-mares-nimes\/#breadcrumb","itemListElement":[{"@type":"ListItem","position":1,"name":"Accueil","item":"https:\/\/looketmedecine.fr\/"},{"@type":"ListItem","position":2,"name":"LM N\u00b0 2 \/ 2023. Editorial 3 . \u00ab\u00a0La sant\u00e9 des femmes&#8230; Discours et r\u00e9alit\u00e9s\u2026\u00a0\u00bb Pr Pierre Mares (N\u00eemes)"}]},{"@type":"WebSite","@id":"https:\/\/looketmedecine.fr\/#website","url":"https:\/\/looketmedecine.fr\/","name":"N\u00b01 French magazine for research in aesthetic health","description":"Aesthetic health based on scientific evidence","publisher":{"@id":"https:\/\/looketmedecine.fr\/#organization"},"potentialAction":[{"@type":"SearchAction","target":{"@type":"EntryPoint","urlTemplate":"https:\/\/looketmedecine.fr\/?s={search_term_string}"},"query-input":{"@type":"PropertyValueSpecification","valueRequired":true,"valueName":"search_term_string"}}],"inLanguage":"en-US"},{"@type":"Organization","@id":"https:\/\/looketmedecine.fr\/#organization","name":"Looketmedicine","url":"https:\/\/looketmedecine.fr\/","logo":{"@type":"ImageObject","inLanguage":"en-US","@id":"https:\/\/looketmedecine.fr\/#\/schema\/logo\/image\/","url":"https:\/\/looketmedecine.fr\/wp-content\/uploads\/2020\/11\/cropped-LookMedecine_Logo_Textuel_Noir.png","contentUrl":"https:\/\/looketmedecine.fr\/wp-content\/uploads\/2020\/11\/cropped-LookMedecine_Logo_Textuel_Noir.png","width":1500,"height":145,"caption":"Looketmedecine"},"image":{"@id":"https:\/\/looketmedecine.fr\/#\/schema\/logo\/image\/"},"sameAs":["https:\/\/www.facebook.com\/looketmedecine.magazine\/","https:\/\/www.instagram.com\/looketmedecine\/?hl=fr"]},{"@type":"Person","@id":"https:\/\/looketmedecine.fr\/#\/schema\/person\/d674c704426e829b385c4dd691b8e3cc","name":"Albert-Claude Benhamou","image":{"@type":"ImageObject","inLanguage":"en-US","@id":"https:\/\/secure.gravatar.com\/avatar\/f4c13b834cf55e3822893169175e3671a59788fb9e2d84d3a223c96e83a8f09e?s=96&d=mm&r=g","url":"https:\/\/secure.gravatar.com\/avatar\/f4c13b834cf55e3822893169175e3671a59788fb9e2d84d3a223c96e83a8f09e?s=96&d=mm&r=g","contentUrl":"https:\/\/secure.gravatar.com\/avatar\/f4c13b834cf55e3822893169175e3671a59788fb9e2d84d3a223c96e83a8f09e?s=96&d=mm&r=g","caption":"Albert-Claude Benhamou"},"url":"https:\/\/looketmedecine.fr\/en"}]}},"_links":{"self":[{"href":"https:\/\/looketmedecine.fr\/en\/wp-json\/wp\/v2\/posts\/18905","targetHints":{"allow":["GET"]}}],"collection":[{"href":"https:\/\/looketmedecine.fr\/en\/wp-json\/wp\/v2\/posts"}],"about":[{"href":"https:\/\/looketmedecine.fr\/en\/wp-json\/wp\/v2\/types\/post"}],"author":[{"embeddable":true,"href":"https:\/\/looketmedecine.fr\/en\/wp-json\/wp\/v2\/users\/2"}],"replies":[{"embeddable":true,"href":"https:\/\/looketmedecine.fr\/en\/wp-json\/wp\/v2\/comments?post=18905"}],"version-history":[{"count":31,"href":"https:\/\/looketmedecine.fr\/en\/wp-json\/wp\/v2\/posts\/18905\/revisions"}],"predecessor-version":[{"id":23791,"href":"https:\/\/looketmedecine.fr\/en\/wp-json\/wp\/v2\/posts\/18905\/revisions\/23791"}],"wp:featuredmedia":[{"embeddable":true,"href":"https:\/\/looketmedecine.fr\/en\/wp-json\/wp\/v2\/media\/18319"}],"wp:attachment":[{"href":"https:\/\/looketmedecine.fr\/en\/wp-json\/wp\/v2\/media?parent=18905"}],"wp:term":[{"taxonomy":"category","embeddable":true,"href":"https:\/\/looketmedecine.fr\/en\/wp-json\/wp\/v2\/categories?post=18905"},{"taxonomy":"post_tag","embeddable":true,"href":"https:\/\/looketmedecine.fr\/en\/wp-json\/wp\/v2\/tags?post=18905"},{"taxonomy":"auteur","embeddable":true,"href":"https:\/\/looketmedecine.fr\/en\/wp-json\/wp\/v2\/auteur?post=18905"},{"taxonomy":"mots-cles","embeddable":true,"href":"https:\/\/looketmedecine.fr\/en\/wp-json\/wp\/v2\/mots-cles?post=18905"}],"curies":[{"name":"wp","href":"https:\/\/api.w.org\/{rel}","templated":true}]}}