{"id":1659,"date":"2020-10-30T12:25:46","date_gmt":"2020-10-30T11:25:46","guid":{"rendered":"http:\/\/www.looketmedecine.com\/?p=1659"},"modified":"2024-10-05T00:23:27","modified_gmt":"2024-10-04T22:23:27","slug":"environment-and-aging-facial-asymmetry-a-way-to-quantify-photo-aging","status":"publish","type":"post","link":"https:\/\/looketmedecine.fr\/en\/environment-and-aging-facial-asymmetry-a-way-to-quantify-photo-aging\/","title":{"rendered":"LM N\u00b01\/2020. Facial asymmetry a way to quantify photo-aging. Pr Philippe HUMBERT."},"content":{"rendered":"\t\t<div data-elementor-type=\"wp-post\" data-elementor-id=\"1659\" class=\"elementor elementor-1659\" data-elementor-post-type=\"post\">\n\t\t\t\t\t\t<section class=\"elementor-section elementor-top-section elementor-element elementor-element-ba4e67a elementor-section-boxed elementor-section-height-default elementor-section-height-default\" data-id=\"ba4e67a\" data-element_type=\"section\" data-e-type=\"section\">\n\t\t\t\t\t\t<div class=\"elementor-container elementor-column-gap-default\">\n\t\t\t\t\t<div class=\"elementor-column elementor-col-100 elementor-top-column elementor-element elementor-element-ddd450b\" data-id=\"ddd450b\" data-element_type=\"column\" data-e-type=\"column\">\n\t\t\t<div class=\"elementor-widget-wrap elementor-element-populated\">\n\t\t\t\t\t\t<div class=\"elementor-element elementor-element-5105682 elementor-widget elementor-widget-text-editor\" data-id=\"5105682\" data-element_type=\"widget\" data-e-type=\"widget\" data-widget_type=\"text-editor.default\">\n\t\t\t\t<div class=\"elementor-widget-container\">\n\t\t\t\t\t\t\t\t\t<h2 style=\"text-align: center;\"><span style=\"color: #0000ff;\">Pr Philippe HUMBERT<\/span><\/h2>\t\t\t\t\t\t\t\t<\/div>\n\t\t\t\t<\/div>\n\t\t\t\t\t<\/div>\n\t\t<\/div>\n\t\t\t\t\t<\/div>\n\t\t<\/section>\n\t\t\t\t<section class=\"elementor-section elementor-top-section elementor-element elementor-element-c3f8f5a elementor-section-boxed elementor-section-height-default elementor-section-height-default\" data-id=\"c3f8f5a\" data-element_type=\"section\" data-e-type=\"section\">\n\t\t\t\t\t\t<div class=\"elementor-container elementor-column-gap-default\">\n\t\t\t\t\t<div class=\"elementor-column elementor-col-100 elementor-top-column elementor-element elementor-element-4a58424\" data-id=\"4a58424\" data-element_type=\"column\" data-e-type=\"column\">\n\t\t\t<div class=\"elementor-widget-wrap elementor-element-populated\">\n\t\t\t\t\t\t<div class=\"elementor-element elementor-element-48d41ac elementor-widget elementor-widget-image\" data-id=\"48d41ac\" data-element_type=\"widget\" data-e-type=\"widget\" data-widget_type=\"image.default\">\n\t\t\t\t<div class=\"elementor-widget-container\">\n\t\t\t\t\t\t\t\t\t\t\t\t\t\t\t<img fetchpriority=\"high\" decoding=\"async\" width=\"300\" height=\"277\" src=\"https:\/\/looketmedecine.fr\/wp-content\/uploads\/2020\/10\/Capture-de\u0301cran-2020-12-18-a\u0300-09.43.12-1-300x277.png\" class=\"attachment-medium size-medium wp-image-3609\" alt=\"\" srcset=\"https:\/\/looketmedecine.fr\/wp-content\/uploads\/2020\/10\/Capture-de\u0301cran-2020-12-18-a\u0300-09.43.12-1-300x277.png 300w, https:\/\/looketmedecine.fr\/wp-content\/uploads\/2020\/10\/Capture-de\u0301cran-2020-12-18-a\u0300-09.43.12-1-768x710.png 768w, https:\/\/looketmedecine.fr\/wp-content\/uploads\/2020\/10\/Capture-de\u0301cran-2020-12-18-a\u0300-09.43.12-1.png 930w\" sizes=\"(max-width: 300px) 100vw, 300px\" \/>\t\t\t\t\t\t\t\t\t\t\t\t\t\t\t<\/div>\n\t\t\t\t<\/div>\n\t\t\t\t<div class=\"elementor-element elementor-element-bdabee0 elementor-widget-divider--view-line elementor-widget elementor-widget-divider\" data-id=\"bdabee0\" data-element_type=\"widget\" data-e-type=\"widget\" data-widget_type=\"divider.default\">\n\t\t\t\t<div class=\"elementor-widget-container\">\n\t\t\t\t\t\t\t<div class=\"elementor-divider\">\n\t\t\t<span class=\"elementor-divider-separator\">\n\t\t\t\t\t\t<\/span>\n\t\t<\/div>\n\t\t\t\t\t\t<\/div>\n\t\t\t\t<\/div>\n\t\t\t\t\t<\/div>\n\t\t<\/div>\n\t\t\t\t\t<\/div>\n\t\t<\/section>\n\t\t\t\t<section class=\"elementor-section elementor-top-section elementor-element elementor-element-d5940df elementor-section-boxed elementor-section-height-default elementor-section-height-default\" data-id=\"d5940df\" data-element_type=\"section\" data-e-type=\"section\">\n\t\t\t\t\t\t<div class=\"elementor-container elementor-column-gap-default\">\n\t\t\t\t\t<div class=\"elementor-column elementor-col-100 elementor-top-column elementor-element elementor-element-ddac564\" data-id=\"ddac564\" data-element_type=\"column\" data-e-type=\"column\">\n\t\t\t<div class=\"elementor-widget-wrap elementor-element-populated\">\n\t\t\t\t\t\t<div class=\"elementor-element elementor-element-0791722 elementor-widget elementor-widget-text-editor\" data-id=\"0791722\" data-element_type=\"widget\" data-e-type=\"widget\" data-widget_type=\"text-editor.default\">\n\t\t\t\t<div class=\"elementor-widget-container\">\n\t\t\t\t\t\t\t\t\t<h2 style=\"text-align: center;\"><span style=\"color: #0000ff;\">Abstract<\/span><\/h2><h4><span style=\"color: #000000;\">This study highlights the role of photoaging and predominantly lateralized ultraviolet exposure as a determinant of facial asymmetry. <\/span><\/h4><h4><span style=\"color: #000000;\">Photoaging is a phenotype of an individual that is considered to be the part of aging related to solar irradiation, which can be summarized as ultraviolet irradiation if we disregard infrared.<\/span><\/h4><h4><span style=\"color: #000000;\">More than appearance, photoaging is also about histo-pathological disorders such as dystrophic elastic fibres, reduction in the collagen content of skin tissue and increased activity of prosthetic enzymes such as metalloprotease1 (MMP1). <\/span><\/h4><h4><span style=\"color: #000000;\">UVA has the ability to modify skin cells in culture as well as in vivo.<\/span><\/h4><h4><span style=\"color: #000000;\">Thus, for the first time it has been possible to quantify in terms of additional age the proportion of ageing due to exposure to ultraviolet radiation. <\/span><\/h4><h4><span style=\"color: #000000;\">This part of ageing which is called photoageing is on average six years for 30 years of exposure (number of years of professional activity).<\/span><\/h4><h4><span style=\"color: #000000;\">Thus, every five years, each individual can be considered to age an additional year as a result of exposure to the sun. <\/span><\/h4><h4><span style=\"color: #000000;\">These findings provide important support for recommendations on photo-protection by any means.<\/span><\/h4><h4><span style=\"color: #000000;\">The author concludes this work by insisting on the implementation of adapted preventive and curative methods, both topical and oral, with the administration of nutrients and food supplements with antioxidant properties.<\/span><\/h4><h4><span style=\"color: #000000;\"><span style=\"color: #0000ff;\">Keywords:<\/span> photo-aging, face, asymmetry, ultraviolet radiation, UVA, biometrology.<\/span><\/h4>\t\t\t\t\t\t\t\t<\/div>\n\t\t\t\t<\/div>\n\t\t\t\t\t<\/div>\n\t\t<\/div>\n\t\t\t\t\t<\/div>\n\t\t<\/section>\n\t\t\t\t<section class=\"elementor-section elementor-top-section elementor-element elementor-element-da695ba elementor-section-boxed elementor-section-height-default elementor-section-height-default\" data-id=\"da695ba\" data-element_type=\"section\" data-e-type=\"section\">\n\t\t\t\t\t\t<div class=\"elementor-container elementor-column-gap-default\">\n\t\t\t\t\t<div class=\"elementor-column elementor-col-100 elementor-top-column elementor-element elementor-element-0fdda53\" data-id=\"0fdda53\" data-element_type=\"column\" data-e-type=\"column\">\n\t\t\t<div class=\"elementor-widget-wrap elementor-element-populated\">\n\t\t\t\t\t\t<div class=\"elementor-element elementor-element-a13fa7f elementor-widget elementor-widget-text-editor\" data-id=\"a13fa7f\" data-element_type=\"widget\" data-e-type=\"widget\" data-widget_type=\"text-editor.default\">\n\t\t\t\t<div class=\"elementor-widget-container\">\n\t\t\t\t\t\t\t\t\t<h2 style=\"text-align: center;\"><span style=\"color: #0000ff;\">The human body is not symmetrical<\/span><\/h2><h4><span style=\"color: #000000;\">It has always been noticed that the human body, despite its great perfection, is not symmetrical.<\/span><\/h4><ul><li><h4><span style=\"color: #000000;\">Seen from the outside, symmetry seems to be one of the characteristics of this body made up of even parts (limbs&#8230;) and odd parts (face&#8230;).<\/span><\/h4><\/li><li><h4><span style=\"color: #000000;\">However, it would have been observed that the breasts of a woman are not totally superimposable, that the scrotum in the man, which the sculptors perfectly noticed (Michel-Angelo), was made up of a lower left bursa. <\/span><\/h4><\/li><li><h4><span style=\"color: #000000;\">These are the most remarkable elements.<\/span><\/h4><\/li><li><h4><span style=\"color: #000000;\">Inside this body, the asymmetry is even greater. <\/span><\/h4><\/li><li><h4><span style=\"color: #000000;\">The lungs have three lobes on the right and two on the left. <\/span><\/h4><\/li><li><h4><span style=\"color: #000000;\">The stomach is not medial but shifted to the left and so on&#8230;<\/span><\/h4><\/li><li><h4><span style=\"color: #000000;\">As for the face, since we take special care in analyzing it, we will have noticed how asymmetrical it is.<\/span><\/h4><\/li><li><h4><span style=\"color: #000000;\">This has been the subject of several medical publications, so-called \u201cclinical cases\u201d when it comes to showing the left side of a person who has been exposed to solar radiation for many, many years.<\/span><\/h4><\/li><\/ul><h4><span style=\"color: #000000;\">This was the case of a patient of Professor Moulin, who very sympathetically entrusted us with these photographs, as this person is a teacher.<\/span><\/h4>\t\t\t\t\t\t\t\t<\/div>\n\t\t\t\t<\/div>\n\t\t\t\t\t<\/div>\n\t\t<\/div>\n\t\t\t\t\t<\/div>\n\t\t<\/section>\n\t\t\t\t<section class=\"elementor-section elementor-top-section elementor-element elementor-element-1aad68b elementor-section-boxed elementor-section-height-default elementor-section-height-default\" data-id=\"1aad68b\" data-element_type=\"section\" data-e-type=\"section\">\n\t\t\t\t\t\t<div class=\"elementor-container elementor-column-gap-default\">\n\t\t\t\t\t<div class=\"elementor-column elementor-col-100 elementor-top-column elementor-element elementor-element-5428bce\" data-id=\"5428bce\" data-element_type=\"column\" data-e-type=\"column\">\n\t\t\t<div class=\"elementor-widget-wrap elementor-element-populated\">\n\t\t\t\t\t\t<div class=\"elementor-element elementor-element-9b8b3c2 elementor-widget elementor-widget-text-editor\" data-id=\"9b8b3c2\" data-element_type=\"widget\" data-e-type=\"widget\" data-widget_type=\"text-editor.default\">\n\t\t\t\t<div class=\"elementor-widget-container\">\n\t\t\t\t\t\t\t\t\t<h2 style=\"text-align: center;\"><span style=\"color: #0000ff;\">Photoageing of the face dus to ultraviolet radiation<\/span><\/h2><h4><span style=\"color: #000000;\">The ultraviolet radiation to which the earth\u2019s globe is subjected includes:<\/span><\/h4><ol><li><h4><span style=\"color: #000000;\"><span style=\"color: #ff0000;\">Ultraviolet B<\/span> (280-315 nm),<\/span><\/h4><\/li><li><h4><span style=\"color: #000000;\"><span style=\"color: #ff0000;\">Ultraviolet A<\/span> (315-400 nm),<\/span><\/h4><\/li><li><h4><span style=\"color: #000000;\"><span style=\"color: #ff0000;\">Ultraviolet C<\/span> (100-280 nm), is totally absorbed in the atmosphere. Thus, during a summer day<\/span><\/h4><ol><li><h4><span style=\"color: #0000ff;\">About 3.5% of the ultraviolet radiation reaching the earth is <span style=\"color: #ff0000;\">UVB<\/span>,<\/span><\/h4><\/li><li><h4><span style=\"color: #0000ff;\">While 96.5% is <span style=\"color: #ff0000;\">UVA<\/span>.<\/span><\/h4><\/li><\/ol><\/li><\/ol><h4><span style=\"color: #000000;\"><span style=\"color: #ff0000;\">Ultraviolet B<\/span> rays are almost entirely absorbed by the glass, while almost half of the <span style=\"color: #ff0000;\">UVA rays<\/span> pass through it.<\/span><\/h4><h4><span style=\"color: #000000;\">Although 1000 times less energetic than UVB photons, <span style=\"color: #ff0000;\">UVA photons<\/span> are able to induce age-related changes even deep in the dermis due to their great capacity to penetrate deep into the skin.<\/span><\/h4><h4><span style=\"color: #000000;\"><span style=\"color: #000000;\">Photo-aging is a phenotype of an individual that is considered to be the part of aging related to solar irradiation, which can be summarized as ultraviolet irradiation if we disregard infrared. <\/span><\/span><\/h4><h4><span style=\"color: #000000;\"><span style=\"color: #000000;\">At least this was the case in recent years, since the role of infrared radiation was underestimated.<\/span><\/span><\/h4>\t\t\t\t\t\t\t\t<\/div>\n\t\t\t\t<\/div>\n\t\t\t\t\t<\/div>\n\t\t<\/div>\n\t\t\t\t\t<\/div>\n\t\t<\/section>\n\t\t\t\t<section class=\"elementor-section elementor-top-section elementor-element elementor-element-61c8bc3 elementor-section-boxed elementor-section-height-default elementor-section-height-default\" data-id=\"61c8bc3\" data-element_type=\"section\" data-e-type=\"section\">\n\t\t\t\t\t\t<div class=\"elementor-container elementor-column-gap-default\">\n\t\t\t\t\t<div class=\"elementor-column elementor-col-100 elementor-top-column elementor-element elementor-element-c76babd\" data-id=\"c76babd\" data-element_type=\"column\" data-e-type=\"column\">\n\t\t\t<div class=\"elementor-widget-wrap elementor-element-populated\">\n\t\t\t\t\t\t<div class=\"elementor-element elementor-element-3b50fa1 elementor-widget elementor-widget-image\" data-id=\"3b50fa1\" data-element_type=\"widget\" data-e-type=\"widget\" data-widget_type=\"image.default\">\n\t\t\t\t<div class=\"elementor-widget-container\">\n\t\t\t\t\t\t\t\t\t\t\t\t\t\t\t<img decoding=\"async\" width=\"693\" height=\"328\" src=\"https:\/\/looketmedecine.fr\/wp-content\/uploads\/2020\/10\/asymetric1.png\" class=\"attachment-large size-large wp-image-1678\" alt=\"\" srcset=\"https:\/\/looketmedecine.fr\/wp-content\/uploads\/2020\/10\/asymetric1.png 693w, https:\/\/looketmedecine.fr\/wp-content\/uploads\/2020\/10\/asymetric1-300x142.png 300w\" sizes=\"(max-width: 693px) 100vw, 693px\" \/>\t\t\t\t\t\t\t\t\t\t\t\t\t\t\t<\/div>\n\t\t\t\t<\/div>\n\t\t\t\t\t<\/div>\n\t\t<\/div>\n\t\t\t\t\t<\/div>\n\t\t<\/section>\n\t\t\t\t<section class=\"elementor-section elementor-top-section elementor-element elementor-element-1fab6b1 elementor-section-boxed elementor-section-height-default elementor-section-height-default\" data-id=\"1fab6b1\" data-element_type=\"section\" data-e-type=\"section\">\n\t\t\t\t\t\t<div class=\"elementor-container elementor-column-gap-default\">\n\t\t\t\t\t<div class=\"elementor-column elementor-col-100 elementor-top-column elementor-element elementor-element-e1eb8e4\" data-id=\"e1eb8e4\" data-element_type=\"column\" data-e-type=\"column\">\n\t\t\t<div class=\"elementor-widget-wrap elementor-element-populated\">\n\t\t\t\t\t\t<div class=\"elementor-element elementor-element-78b5ff5 elementor-widget elementor-widget-image\" data-id=\"78b5ff5\" data-element_type=\"widget\" data-e-type=\"widget\" data-widget_type=\"image.default\">\n\t\t\t\t<div class=\"elementor-widget-container\">\n\t\t\t\t\t\t\t\t\t\t\t\t\t\t\t<img decoding=\"async\" width=\"691\" height=\"530\" src=\"https:\/\/looketmedecine.fr\/wp-content\/uploads\/2020\/10\/asymetric2.png\" class=\"attachment-large size-large wp-image-1679\" alt=\"\" srcset=\"https:\/\/looketmedecine.fr\/wp-content\/uploads\/2020\/10\/asymetric2.png 691w, https:\/\/looketmedecine.fr\/wp-content\/uploads\/2020\/10\/asymetric2-300x230.png 300w\" sizes=\"(max-width: 691px) 100vw, 691px\" \/>\t\t\t\t\t\t\t\t\t\t\t\t\t\t\t<\/div>\n\t\t\t\t<\/div>\n\t\t\t\t\t<\/div>\n\t\t<\/div>\n\t\t\t\t\t<\/div>\n\t\t<\/section>\n\t\t\t\t<section class=\"elementor-section elementor-top-section elementor-element elementor-element-4305e3b elementor-section-boxed elementor-section-height-default elementor-section-height-default\" data-id=\"4305e3b\" data-element_type=\"section\" data-e-type=\"section\">\n\t\t\t\t\t\t<div class=\"elementor-container elementor-column-gap-default\">\n\t\t\t\t\t<div class=\"elementor-column elementor-col-100 elementor-top-column elementor-element elementor-element-1ed4f37\" data-id=\"1ed4f37\" data-element_type=\"column\" data-e-type=\"column\">\n\t\t\t<div class=\"elementor-widget-wrap elementor-element-populated\">\n\t\t\t\t\t\t<div class=\"elementor-element elementor-element-c22c5de elementor-widget elementor-widget-text-editor\" data-id=\"c22c5de\" data-element_type=\"widget\" data-e-type=\"widget\" data-widget_type=\"text-editor.default\">\n\t\t\t\t<div class=\"elementor-widget-container\">\n\t\t\t\t\t\t\t\t\t<h4>If we look at the ageing of a person who has been exposed throughout his or her working life to intense heat, such as people working in front of cauldrons, ovens and fireplaces, particularly in ironwork shops, we cannot ignore the role of this heat in skin ageing.<\/h4><h2 style=\"text-align: center;\"><span style=\"color: #0000ff;\">What is the role of UVA in ageing faces<\/span><\/h2><h4><span style=\"color: #000000;\">More than appearance, photoaging is also about histopathological disorders such as:<\/span><\/h4><ol><li><h4><span style=\"color: #000000;\">Dystrophic elastic fibres,<\/span><\/h4><\/li><li><h4><span style=\"color: #000000;\">Reduction in the collagen content of skin tissue<\/span><\/h4><\/li><li><h4><span style=\"color: #000000;\">And increased activity of prosthetic enzymes such as metalloprotease 1 (MMP1). <\/span><\/h4><\/li><li><h4><span style=\"color: #000000;\">UVA has the ability to modify skin cells in culture but also in vivo.<\/span><\/h4><\/li><\/ol><h4><span style=\"color: #000000;\">These effects are due to reactive oxygen species generated through endogenous chromophores such as trans-urocanic acid and porphyrins that act as photosensitizers.<\/span><\/h4><h4><span style=\"color: #000000;\">This oxidative stress leads to damage to the structural proteins, lipids and DNA, especially as we observe in parallel the reduction of these key enzymes in the purification of free radicals such as catalase and superoxide dismutase.<\/span><\/h4>\t\t\t\t\t\t\t\t<\/div>\n\t\t\t\t<\/div>\n\t\t\t\t\t<\/div>\n\t\t<\/div>\n\t\t\t\t\t<\/div>\n\t\t<\/section>\n\t\t\t\t<section class=\"elementor-section elementor-top-section elementor-element elementor-element-7700daf elementor-section-boxed elementor-section-height-default elementor-section-height-default\" data-id=\"7700daf\" data-element_type=\"section\" data-e-type=\"section\">\n\t\t\t\t\t\t<div class=\"elementor-container elementor-column-gap-default\">\n\t\t\t\t\t<div class=\"elementor-column elementor-col-100 elementor-top-column elementor-element elementor-element-e82845c\" data-id=\"e82845c\" data-element_type=\"column\" data-e-type=\"column\">\n\t\t\t<div class=\"elementor-widget-wrap elementor-element-populated\">\n\t\t\t\t\t\t<div class=\"elementor-element elementor-element-06787b4 elementor-widget elementor-widget-text-editor\" data-id=\"06787b4\" data-element_type=\"widget\" data-e-type=\"widget\" data-widget_type=\"text-editor.default\">\n\t\t\t\t<div class=\"elementor-widget-container\">\n\t\t\t\t\t\t\t\t\t<h2 style=\"text-align: center;\"><span style=\"color: #0000ff;\">The clinical and biometrological study in facial asymmetry,which quantities photo-ageing due to UVA<\/span><\/h2><h4><span style=\"color: #000000;\">The author\u2019s team (University of Franche-Comt\u00e9) carried out an original clinical study under the direction of Mac-Mary S. [2, 4] using people who had noticed a certain asymmetry in their faces.<\/span><\/h4><h4><span style=\"color: #000000;\">And so, a wide variety of \u201cresponders\u201d were interviewed and each had professional activities that allowed them to be considered as responsible for the asymmetry.<\/span><\/h4><h4><span style=\"color: #000000;\">The trades involved were represented by drivers, teachers, store salesmen, sales representatives.<\/span><\/h4><h4><span style=\"color: #000000;\">On this basis, a bio-metrological study was conducted to try to determine the amount of radiation needed to observe at a certain age the role of photoageing in the ageing of the individual.<\/span><\/h4><h4><span style=\"color: #000000;\">10 people were selected: eight women aged 65 on average and two men aged 60 on average living in Eastern France, all of whom had a profession related to driving.<\/span><\/h4><h4><span style=\"color: #000000;\">They were therefore subjected almost exclusively to additional UVA irradiation on the left side of their faces.<\/span><\/h4><ul><li><h4><span style=\"color: #000000;\">Clinical scores for wrinkles in the cheeks, eye contour, crow\u2019s feet and laxity measurements were rated more severely on the left frame.<\/span><\/h4><\/li><li><h4><span style=\"color: #000000;\">Curiously, less heterogeneity in skin colour was observed on the most exposed side.<\/span><\/h4><\/li><li><h4><span style=\"color: #000000;\">Wrinkles were more pronounced in volume and skin roughness was greater in half of the exposed face.<\/span><\/h4><\/li><\/ul>\t\t\t\t\t\t\t\t<\/div>\n\t\t\t\t<\/div>\n\t\t\t\t\t<\/div>\n\t\t<\/div>\n\t\t\t\t\t<\/div>\n\t\t<\/section>\n\t\t\t\t<section class=\"elementor-section elementor-top-section elementor-element elementor-element-801093d elementor-section-boxed elementor-section-height-default elementor-section-height-default\" data-id=\"801093d\" data-element_type=\"section\" data-e-type=\"section\">\n\t\t\t\t\t\t<div class=\"elementor-container elementor-column-gap-default\">\n\t\t\t\t\t<div class=\"elementor-column elementor-col-100 elementor-top-column elementor-element elementor-element-c4c2149\" data-id=\"c4c2149\" data-element_type=\"column\" data-e-type=\"column\">\n\t\t\t<div class=\"elementor-widget-wrap elementor-element-populated\">\n\t\t\t\t\t\t<div class=\"elementor-element elementor-element-6edcdf6 elementor-widget elementor-widget-image\" data-id=\"6edcdf6\" data-element_type=\"widget\" data-e-type=\"widget\" data-widget_type=\"image.default\">\n\t\t\t\t<div class=\"elementor-widget-container\">\n\t\t\t\t\t\t\t\t\t\t\t\t\t\t\t<img loading=\"lazy\" decoding=\"async\" width=\"650\" height=\"419\" src=\"https:\/\/looketmedecine.fr\/wp-content\/uploads\/2020\/10\/asymetric3.png\" class=\"attachment-large size-large wp-image-1680\" alt=\"\" srcset=\"https:\/\/looketmedecine.fr\/wp-content\/uploads\/2020\/10\/asymetric3.png 650w, https:\/\/looketmedecine.fr\/wp-content\/uploads\/2020\/10\/asymetric3-300x193.png 300w\" sizes=\"(max-width: 650px) 100vw, 650px\" \/>\t\t\t\t\t\t\t\t\t\t\t\t\t\t\t<\/div>\n\t\t\t\t<\/div>\n\t\t\t\t\t<\/div>\n\t\t<\/div>\n\t\t\t\t\t<\/div>\n\t\t<\/section>\n\t\t\t\t<section class=\"elementor-section elementor-top-section elementor-element elementor-element-27064d5 elementor-section-boxed elementor-section-height-default elementor-section-height-default\" data-id=\"27064d5\" data-element_type=\"section\" data-e-type=\"section\">\n\t\t\t\t\t\t<div class=\"elementor-container elementor-column-gap-default\">\n\t\t\t\t\t<div class=\"elementor-column elementor-col-100 elementor-top-column elementor-element elementor-element-c7d09cb\" data-id=\"c7d09cb\" data-element_type=\"column\" data-e-type=\"column\">\n\t\t\t<div class=\"elementor-widget-wrap elementor-element-populated\">\n\t\t\t\t\t\t<div class=\"elementor-element elementor-element-7034d17 elementor-widget elementor-widget-image\" data-id=\"7034d17\" data-element_type=\"widget\" data-e-type=\"widget\" data-widget_type=\"image.default\">\n\t\t\t\t<div class=\"elementor-widget-container\">\n\t\t\t\t\t\t\t\t\t\t\t\t\t\t\t<img loading=\"lazy\" decoding=\"async\" width=\"652\" height=\"483\" src=\"https:\/\/looketmedecine.fr\/wp-content\/uploads\/2020\/10\/asymetric4.png\" class=\"attachment-large size-large wp-image-1681\" alt=\"\" srcset=\"https:\/\/looketmedecine.fr\/wp-content\/uploads\/2020\/10\/asymetric4.png 652w, https:\/\/looketmedecine.fr\/wp-content\/uploads\/2020\/10\/asymetric4-300x222.png 300w\" sizes=\"(max-width: 652px) 100vw, 652px\" \/>\t\t\t\t\t\t\t\t\t\t\t\t\t\t\t<\/div>\n\t\t\t\t<\/div>\n\t\t\t\t\t<\/div>\n\t\t<\/div>\n\t\t\t\t\t<\/div>\n\t\t<\/section>\n\t\t\t\t<section class=\"elementor-section elementor-top-section elementor-element elementor-element-d71773e elementor-section-boxed elementor-section-height-default elementor-section-height-default\" data-id=\"d71773e\" data-element_type=\"section\" data-e-type=\"section\">\n\t\t\t\t\t\t<div class=\"elementor-container elementor-column-gap-default\">\n\t\t\t\t\t<div class=\"elementor-column elementor-col-100 elementor-top-column elementor-element elementor-element-2b6fa50\" data-id=\"2b6fa50\" data-element_type=\"column\" data-e-type=\"column\">\n\t\t\t<div class=\"elementor-widget-wrap elementor-element-populated\">\n\t\t\t\t\t\t<div class=\"elementor-element elementor-element-08d4f1a elementor-widget elementor-widget-image\" data-id=\"08d4f1a\" data-element_type=\"widget\" data-e-type=\"widget\" data-widget_type=\"image.default\">\n\t\t\t\t<div class=\"elementor-widget-container\">\n\t\t\t\t\t\t\t\t\t\t\t\t\t\t\t<img loading=\"lazy\" decoding=\"async\" width=\"800\" height=\"366\" src=\"https:\/\/looketmedecine.fr\/wp-content\/uploads\/2020\/10\/Capture-de\u0301cran-2020-12-18-a\u0300-09.37.17-1024x469.png\" class=\"attachment-large size-large wp-image-2810\" alt=\"\" srcset=\"https:\/\/looketmedecine.fr\/wp-content\/uploads\/2020\/10\/Capture-de\u0301cran-2020-12-18-a\u0300-09.37.17-1024x469.png 1024w, https:\/\/looketmedecine.fr\/wp-content\/uploads\/2020\/10\/Capture-de\u0301cran-2020-12-18-a\u0300-09.37.17-300x138.png 300w, https:\/\/looketmedecine.fr\/wp-content\/uploads\/2020\/10\/Capture-de\u0301cran-2020-12-18-a\u0300-09.37.17-768x352.png 768w, https:\/\/looketmedecine.fr\/wp-content\/uploads\/2020\/10\/Capture-de\u0301cran-2020-12-18-a\u0300-09.37.17.png 1178w\" sizes=\"(max-width: 800px) 100vw, 800px\" \/>\t\t\t\t\t\t\t\t\t\t\t\t\t\t\t<\/div>\n\t\t\t\t<\/div>\n\t\t\t\t\t<\/div>\n\t\t<\/div>\n\t\t\t\t\t<\/div>\n\t\t<\/section>\n\t\t\t\t<section class=\"elementor-section elementor-top-section elementor-element elementor-element-35fc961 elementor-section-boxed elementor-section-height-default elementor-section-height-default\" data-id=\"35fc961\" data-element_type=\"section\" data-e-type=\"section\">\n\t\t\t\t\t\t<div class=\"elementor-container elementor-column-gap-default\">\n\t\t\t\t\t<div class=\"elementor-column elementor-col-100 elementor-top-column elementor-element elementor-element-7748df7\" data-id=\"7748df7\" data-element_type=\"column\" data-e-type=\"column\">\n\t\t\t<div class=\"elementor-widget-wrap elementor-element-populated\">\n\t\t\t\t\t\t<div class=\"elementor-element elementor-element-4aa3898 elementor-widget elementor-widget-image\" data-id=\"4aa3898\" data-element_type=\"widget\" data-e-type=\"widget\" data-widget_type=\"image.default\">\n\t\t\t\t<div class=\"elementor-widget-container\">\n\t\t\t\t\t\t\t\t\t\t\t\t\t\t\t<img loading=\"lazy\" decoding=\"async\" width=\"639\" height=\"303\" src=\"https:\/\/looketmedecine.fr\/wp-content\/uploads\/2020\/10\/asymetric6.png\" class=\"attachment-large size-large wp-image-1683\" alt=\"\" srcset=\"https:\/\/looketmedecine.fr\/wp-content\/uploads\/2020\/10\/asymetric6.png 639w, https:\/\/looketmedecine.fr\/wp-content\/uploads\/2020\/10\/asymetric6-300x142.png 300w\" sizes=\"(max-width: 639px) 100vw, 639px\" \/>\t\t\t\t\t\t\t\t\t\t\t\t\t\t\t<\/div>\n\t\t\t\t<\/div>\n\t\t\t\t\t<\/div>\n\t\t<\/div>\n\t\t\t\t\t<\/div>\n\t\t<\/section>\n\t\t\t\t<section class=\"elementor-section elementor-top-section elementor-element elementor-element-1dec372 elementor-section-boxed elementor-section-height-default elementor-section-height-default\" data-id=\"1dec372\" data-element_type=\"section\" data-e-type=\"section\">\n\t\t\t\t\t\t<div class=\"elementor-container elementor-column-gap-default\">\n\t\t\t\t\t<div class=\"elementor-column elementor-col-100 elementor-top-column elementor-element elementor-element-d602d83\" data-id=\"d602d83\" data-element_type=\"column\" data-e-type=\"column\">\n\t\t\t<div class=\"elementor-widget-wrap elementor-element-populated\">\n\t\t\t\t\t\t<div class=\"elementor-element elementor-element-815f139 elementor-widget elementor-widget-text-editor\" data-id=\"815f139\" data-element_type=\"widget\" data-e-type=\"widget\" data-widget_type=\"text-editor.default\">\n\t\t\t\t<div class=\"elementor-widget-container\">\n\t\t\t\t\t\t\t\t\t<h2 style=\"text-align: center;\"><span style=\"color: #0000ff;\">Results: this study showed the strong impact of cumulative exposure from facial skin to UVA<\/span><\/h2><h4><span style=\"color: #000000;\">Since Lowe\u2019s work, it has been established that even repeated non-erythematous doses of UVA are capable of inducing photoaging.<\/span><\/h4><h4><span style=\"color: #000000;\">The result is a thickening of the epidermis and lysozyme deposits in the elastic fibres. <\/span><\/h4><h4><span style=\"color: #000000;\">This study, using computer tools, led to the creation of two new faces for each volunteer:<\/span><\/h4><ul><li><h4><span style=\"color: #000000;\">One consisting of twice the most affected haemiface, i.e. the left haemiface,<\/span><\/h4><\/li><li><h4><span style=\"color: #000000;\">And for the other a face consisting of twice the right haemiface,<\/span><\/h4><\/li><li><h4><span style=\"color: #000000;\">Thus, for each volunteer there were two faces that could represent two different people, one appearing significantly older than the other,<\/span><\/h4><\/li><li><h4><span style=\"color: #000000;\"><span style=\"color: #000000;\">By randomly presenting its faces to a panel of 98 experts, we were able to observe that the apparent age of the hemi-face<\/span> reconstructed from half the left face appeared five to seven years older than the other.<\/span><\/h4><\/li><\/ul><h4><span style=\"color: #000000;\">Thus, for the first time it has been possible to quantify in terms of additional age the proportion of ageing due to exposure to ultraviolet radiation.<\/span><\/h4><h4><span style=\"color: #000000;\">This part of ageing which is called photoageing is on average six years for 30 years of exposure (number of years of professional activity).<\/span><\/h4><h4><span style=\"color: #000000;\">Thus, every five years, we can consider that each individual ages an additional year due to exposure to the sun.<\/span><\/h4>\t\t\t\t\t\t\t\t<\/div>\n\t\t\t\t<\/div>\n\t\t\t\t\t<\/div>\n\t\t<\/div>\n\t\t\t\t\t<\/div>\n\t\t<\/section>\n\t\t\t\t<section class=\"elementor-section elementor-top-section elementor-element elementor-element-233027b elementor-section-boxed elementor-section-height-default elementor-section-height-default\" data-id=\"233027b\" data-element_type=\"section\" data-e-type=\"section\">\n\t\t\t\t\t\t<div class=\"elementor-container elementor-column-gap-default\">\n\t\t\t\t\t<div class=\"elementor-column elementor-col-100 elementor-top-column elementor-element elementor-element-afea7c0\" data-id=\"afea7c0\" data-element_type=\"column\" data-e-type=\"column\">\n\t\t\t<div class=\"elementor-widget-wrap elementor-element-populated\">\n\t\t\t\t\t\t<div class=\"elementor-element elementor-element-d0bf4f6 elementor-widget elementor-widget-text-editor\" data-id=\"d0bf4f6\" data-element_type=\"widget\" data-e-type=\"widget\" data-widget_type=\"text-editor.default\">\n\t\t\t\t<div class=\"elementor-widget-container\">\n\t\t\t\t\t\t\t\t\t<h2 style=\"text-align: center;\"><span style=\"color: #0000ff;\">Prevention of multiple effects of exposure solar radiation<\/span><\/h2><h4><span style=\"color: #000000;\">These findings, not to say these revelations, of course provide important support for the recommendations on photoprotection by whatever means. <\/span><span style=\"color: #000000;\">But sun exposure is not only ageing, it also causes other losses of skin functions such as:<\/span><\/h4><ul><li><h4><span style=\"color: #000000;\">Mechanical functions,<\/span><\/h4><\/li><li><h4><span style=\"color: #000000;\">Metabolic functions,<\/span><\/h4><\/li><li><h4><span style=\"color: #000000;\">Immunological functions<\/span><\/h4><\/li><li><h4><span style=\"color: #000000;\">And protective functions against the development of cancers.<\/span><\/h4><\/li><\/ul><h4><span style=\"color: #000000;\">This is why it is important to consider that with age, the skin depletes anti-radical factors, i.e. antioxidant factors such as:<\/span><\/h4><ul><li><h4><span style=\"color: #000000;\">Endogenous antioxidants catalase,<\/span><\/h4><\/li><li><h4><span style=\"color: #000000;\">Super Oxide Dismutase, SOD,<\/span><\/h4><\/li><li><h4><span style=\"color: #000000;\">And exogenous antioxidants: trace elements, vitamin C.<\/span><\/h4><\/li><\/ul>\t\t\t\t\t\t\t\t<\/div>\n\t\t\t\t<\/div>\n\t\t\t\t\t<\/div>\n\t\t<\/div>\n\t\t\t\t\t<\/div>\n\t\t<\/section>\n\t\t\t\t<section class=\"elementor-section elementor-top-section elementor-element elementor-element-e3cfa11 elementor-section-boxed elementor-section-height-default elementor-section-height-default\" data-id=\"e3cfa11\" data-element_type=\"section\" data-e-type=\"section\">\n\t\t\t\t\t\t<div class=\"elementor-container elementor-column-gap-default\">\n\t\t\t\t\t<div class=\"elementor-column elementor-col-100 elementor-top-column elementor-element elementor-element-981a986\" data-id=\"981a986\" data-element_type=\"column\" data-e-type=\"column\">\n\t\t\t<div class=\"elementor-widget-wrap elementor-element-populated\">\n\t\t\t\t\t\t<div class=\"elementor-element elementor-element-2523d1b elementor-widget elementor-widget-text-editor\" data-id=\"2523d1b\" data-element_type=\"widget\" data-e-type=\"widget\" data-widget_type=\"text-editor.default\">\n\t\t\t\t<div class=\"elementor-widget-container\">\n\t\t\t\t\t\t\t\t\t<h2 style=\"text-align: center;\"><span style=\"color: #0000ff;\">Preventive treatments for facial photo-ageing<\/span><\/h2><h4><span style=\"color: #000000;\">If we consider the main antioxidant of exogenous origin, namely vitamin C, we must know the results of this original study published in 2003, which for the first time quantified the dermis vitamin C content, and was able to demonstrate that at age 60 the amount of vitamin C in the skin, it was not only the skin photos exposed, was half that of 20 years old.<\/span><\/h4><h4><span style=\"color: #000000;\">However, considering that vitamin C is the body\u2019s:<\/span><\/h4><ul><li><h4><span style=\"color: #000000;\">Main antioxidant factor,<\/span><\/h4><\/li><li><h4><span style=\"color: #000000;\">Main factor in collagen synthesis.<\/span><\/h4><\/li><\/ul><h4><span style=\"color: #000000;\">It is important to provide the skin, both systemically and topically, with vitamin C, in a form that is not oxidizable and that can be proven to penetrate transcutaneously.<\/span><\/h4><h4><span style=\"color: #000000;\">The same is true of the essential need for Super Oxide Dismutase (SOD) intake, given the widely demonstrated need for SOD during ageing, and the interest that has also been widely demonstrated in the intake of Glisodine [4, 5].<\/span><\/h4>\t\t\t\t\t\t\t\t<\/div>\n\t\t\t\t<\/div>\n\t\t\t\t\t<\/div>\n\t\t<\/div>\n\t\t\t\t\t<\/div>\n\t\t<\/section>\n\t\t\t\t<section class=\"elementor-section elementor-top-section elementor-element elementor-element-bcee5cc elementor-section-boxed elementor-section-height-default elementor-section-height-default\" data-id=\"bcee5cc\" data-element_type=\"section\" data-e-type=\"section\">\n\t\t\t\t\t\t<div class=\"elementor-container elementor-column-gap-default\">\n\t\t\t\t\t<div class=\"elementor-column elementor-col-100 elementor-top-column elementor-element elementor-element-9ea1545\" data-id=\"9ea1545\" data-element_type=\"column\" data-e-type=\"column\">\n\t\t\t<div class=\"elementor-widget-wrap elementor-element-populated\">\n\t\t\t\t\t\t<div class=\"elementor-element elementor-element-3b78d32 elementor-widget elementor-widget-image\" data-id=\"3b78d32\" data-element_type=\"widget\" data-e-type=\"widget\" data-widget_type=\"image.default\">\n\t\t\t\t<div class=\"elementor-widget-container\">\n\t\t\t\t\t\t\t\t\t\t\t\t\t\t\t<img loading=\"lazy\" decoding=\"async\" width=\"480\" height=\"352\" src=\"https:\/\/looketmedecine.fr\/wp-content\/uploads\/2020\/10\/asymetric7.png\" class=\"attachment-large size-large wp-image-1684\" alt=\"\" srcset=\"https:\/\/looketmedecine.fr\/wp-content\/uploads\/2020\/10\/asymetric7.png 480w, https:\/\/looketmedecine.fr\/wp-content\/uploads\/2020\/10\/asymetric7-300x220.png 300w\" sizes=\"(max-width: 480px) 100vw, 480px\" \/>\t\t\t\t\t\t\t\t\t\t\t\t\t\t\t<\/div>\n\t\t\t\t<\/div>\n\t\t\t\t\t<\/div>\n\t\t<\/div>\n\t\t\t\t\t<\/div>\n\t\t<\/section>\n\t\t\t\t<section class=\"elementor-section elementor-top-section elementor-element elementor-element-5ff03e5 elementor-section-boxed elementor-section-height-default elementor-section-height-default\" data-id=\"5ff03e5\" data-element_type=\"section\" data-e-type=\"section\">\n\t\t\t\t\t\t<div class=\"elementor-container elementor-column-gap-default\">\n\t\t\t\t\t<div class=\"elementor-column elementor-col-100 elementor-top-column elementor-element elementor-element-63a11fc\" data-id=\"63a11fc\" data-element_type=\"column\" data-e-type=\"column\">\n\t\t\t<div class=\"elementor-widget-wrap elementor-element-populated\">\n\t\t\t\t\t\t<div class=\"elementor-element elementor-element-533ad93 elementor-widget elementor-widget-image\" data-id=\"533ad93\" data-element_type=\"widget\" data-e-type=\"widget\" data-widget_type=\"image.default\">\n\t\t\t\t<div class=\"elementor-widget-container\">\n\t\t\t\t\t\t\t\t\t\t\t\t\t\t\t<img loading=\"lazy\" decoding=\"async\" width=\"549\" height=\"365\" src=\"https:\/\/looketmedecine.fr\/wp-content\/uploads\/2020\/10\/asymetric8.png\" class=\"attachment-large size-large wp-image-1685\" alt=\"\" srcset=\"https:\/\/looketmedecine.fr\/wp-content\/uploads\/2020\/10\/asymetric8.png 549w, https:\/\/looketmedecine.fr\/wp-content\/uploads\/2020\/10\/asymetric8-300x199.png 300w\" sizes=\"(max-width: 549px) 100vw, 549px\" \/>\t\t\t\t\t\t\t\t\t\t\t\t\t\t\t<\/div>\n\t\t\t\t<\/div>\n\t\t\t\t\t<\/div>\n\t\t<\/div>\n\t\t\t\t\t<\/div>\n\t\t<\/section>\n\t\t\t\t<section class=\"elementor-section elementor-top-section elementor-element elementor-element-32839a5 elementor-section-boxed elementor-section-height-default elementor-section-height-default\" data-id=\"32839a5\" data-element_type=\"section\" data-e-type=\"section\">\n\t\t\t\t\t\t<div class=\"elementor-container elementor-column-gap-default\">\n\t\t\t\t\t<div class=\"elementor-column elementor-col-100 elementor-top-column elementor-element elementor-element-a6a6a66\" data-id=\"a6a6a66\" data-element_type=\"column\" data-e-type=\"column\">\n\t\t\t<div class=\"elementor-widget-wrap elementor-element-populated\">\n\t\t\t\t\t\t<div class=\"elementor-element elementor-element-a346e75 elementor-widget elementor-widget-image\" data-id=\"a346e75\" data-element_type=\"widget\" data-e-type=\"widget\" data-widget_type=\"image.default\">\n\t\t\t\t<div class=\"elementor-widget-container\">\n\t\t\t\t\t\t\t\t\t\t\t\t\t\t\t<img loading=\"lazy\" decoding=\"async\" width=\"800\" height=\"450\" src=\"https:\/\/looketmedecine.fr\/wp-content\/uploads\/2020\/10\/asymetric9-1024x576.png\" class=\"attachment-large size-large wp-image-1686\" alt=\"\" srcset=\"https:\/\/looketmedecine.fr\/wp-content\/uploads\/2020\/10\/asymetric9-1024x576.png 1024w, https:\/\/looketmedecine.fr\/wp-content\/uploads\/2020\/10\/asymetric9-300x169.png 300w, https:\/\/looketmedecine.fr\/wp-content\/uploads\/2020\/10\/asymetric9-768x432.png 768w, https:\/\/looketmedecine.fr\/wp-content\/uploads\/2020\/10\/asymetric9-1200x675.png 1200w, https:\/\/looketmedecine.fr\/wp-content\/uploads\/2020\/10\/asymetric9.png 1366w\" sizes=\"(max-width: 800px) 100vw, 800px\" \/>\t\t\t\t\t\t\t\t\t\t\t\t\t\t\t<\/div>\n\t\t\t\t<\/div>\n\t\t\t\t\t<\/div>\n\t\t<\/div>\n\t\t\t\t\t<\/div>\n\t\t<\/section>\n\t\t\t\t<section class=\"elementor-section elementor-top-section elementor-element elementor-element-607ea00 elementor-section-boxed elementor-section-height-default elementor-section-height-default\" data-id=\"607ea00\" data-element_type=\"section\" data-e-type=\"section\">\n\t\t\t\t\t\t<div class=\"elementor-container elementor-column-gap-default\">\n\t\t\t\t\t<div class=\"elementor-column elementor-col-100 elementor-top-column elementor-element elementor-element-2d5edb6\" data-id=\"2d5edb6\" data-element_type=\"column\" data-e-type=\"column\">\n\t\t\t<div class=\"elementor-widget-wrap elementor-element-populated\">\n\t\t\t\t\t\t<div class=\"elementor-element elementor-element-e6a6799 elementor-widget elementor-widget-image\" data-id=\"e6a6799\" data-element_type=\"widget\" data-e-type=\"widget\" data-widget_type=\"image.default\">\n\t\t\t\t<div class=\"elementor-widget-container\">\n\t\t\t\t\t\t\t\t\t\t\t\t\t\t\t<img loading=\"lazy\" decoding=\"async\" width=\"653\" height=\"463\" src=\"https:\/\/looketmedecine.fr\/wp-content\/uploads\/2020\/10\/asymetric10.png\" class=\"attachment-large size-large wp-image-1687\" alt=\"\" srcset=\"https:\/\/looketmedecine.fr\/wp-content\/uploads\/2020\/10\/asymetric10.png 653w, https:\/\/looketmedecine.fr\/wp-content\/uploads\/2020\/10\/asymetric10-300x213.png 300w\" sizes=\"(max-width: 653px) 100vw, 653px\" \/>\t\t\t\t\t\t\t\t\t\t\t\t\t\t\t<\/div>\n\t\t\t\t<\/div>\n\t\t\t\t\t<\/div>\n\t\t<\/div>\n\t\t\t\t\t<\/div>\n\t\t<\/section>\n\t\t\t\t<section class=\"elementor-section elementor-top-section elementor-element elementor-element-d5f21af elementor-section-boxed elementor-section-height-default elementor-section-height-default\" data-id=\"d5f21af\" data-element_type=\"section\" data-e-type=\"section\">\n\t\t\t\t\t\t<div class=\"elementor-container elementor-column-gap-default\">\n\t\t\t\t\t<div class=\"elementor-column elementor-col-100 elementor-top-column elementor-element elementor-element-582e83b\" data-id=\"582e83b\" data-element_type=\"column\" data-e-type=\"column\">\n\t\t\t<div class=\"elementor-widget-wrap elementor-element-populated\">\n\t\t\t\t\t\t<div class=\"elementor-element elementor-element-0126d43 elementor-widget elementor-widget-image\" data-id=\"0126d43\" data-element_type=\"widget\" data-e-type=\"widget\" data-widget_type=\"image.default\">\n\t\t\t\t<div class=\"elementor-widget-container\">\n\t\t\t\t\t\t\t\t\t\t\t\t\t\t\t<img loading=\"lazy\" decoding=\"async\" width=\"650\" height=\"383\" src=\"https:\/\/looketmedecine.fr\/wp-content\/uploads\/2020\/10\/asymetric11.png\" class=\"attachment-large size-large wp-image-1688\" alt=\"\" srcset=\"https:\/\/looketmedecine.fr\/wp-content\/uploads\/2020\/10\/asymetric11.png 650w, https:\/\/looketmedecine.fr\/wp-content\/uploads\/2020\/10\/asymetric11-300x177.png 300w\" sizes=\"(max-width: 650px) 100vw, 650px\" \/>\t\t\t\t\t\t\t\t\t\t\t\t\t\t\t<\/div>\n\t\t\t\t<\/div>\n\t\t\t\t\t<\/div>\n\t\t<\/div>\n\t\t\t\t\t<\/div>\n\t\t<\/section>\n\t\t\t\t<section class=\"elementor-section elementor-top-section elementor-element elementor-element-54f8f20 elementor-section-boxed elementor-section-height-default elementor-section-height-default\" data-id=\"54f8f20\" data-element_type=\"section\" data-e-type=\"section\">\n\t\t\t\t\t\t<div class=\"elementor-container elementor-column-gap-default\">\n\t\t\t\t\t<div class=\"elementor-column elementor-col-100 elementor-top-column elementor-element elementor-element-8b48dfd\" data-id=\"8b48dfd\" data-element_type=\"column\" data-e-type=\"column\">\n\t\t\t<div class=\"elementor-widget-wrap elementor-element-populated\">\n\t\t\t\t\t\t<div class=\"elementor-element elementor-element-3bf5f96 elementor-widget elementor-widget-image\" data-id=\"3bf5f96\" data-element_type=\"widget\" data-e-type=\"widget\" data-widget_type=\"image.default\">\n\t\t\t\t<div class=\"elementor-widget-container\">\n\t\t\t\t\t\t\t\t\t\t\t\t\t\t\t<img loading=\"lazy\" decoding=\"async\" width=\"435\" height=\"528\" src=\"https:\/\/looketmedecine.fr\/wp-content\/uploads\/2020\/10\/asymetric12.png\" class=\"attachment-large size-large wp-image-1689\" alt=\"\" srcset=\"https:\/\/looketmedecine.fr\/wp-content\/uploads\/2020\/10\/asymetric12.png 435w, https:\/\/looketmedecine.fr\/wp-content\/uploads\/2020\/10\/asymetric12-247x300.png 247w\" sizes=\"(max-width: 435px) 100vw, 435px\" \/>\t\t\t\t\t\t\t\t\t\t\t\t\t\t\t<\/div>\n\t\t\t\t<\/div>\n\t\t\t\t\t<\/div>\n\t\t<\/div>\n\t\t\t\t\t<\/div>\n\t\t<\/section>\n\t\t\t\t<section class=\"elementor-section elementor-top-section elementor-element elementor-element-3d886c0 elementor-section-boxed elementor-section-height-default elementor-section-height-default\" data-id=\"3d886c0\" data-element_type=\"section\" data-e-type=\"section\">\n\t\t\t\t\t\t<div class=\"elementor-container elementor-column-gap-default\">\n\t\t\t\t\t<div class=\"elementor-column elementor-col-100 elementor-top-column elementor-element elementor-element-86e9aad\" data-id=\"86e9aad\" data-element_type=\"column\" data-e-type=\"column\">\n\t\t\t<div class=\"elementor-widget-wrap elementor-element-populated\">\n\t\t\t\t\t\t<div class=\"elementor-element elementor-element-4e0d8de elementor-widget elementor-widget-text-editor\" data-id=\"4e0d8de\" data-element_type=\"widget\" data-e-type=\"widget\" data-widget_type=\"text-editor.default\">\n\t\t\t\t<div class=\"elementor-widget-container\">\n\t\t\t\t\t\t\t\t\t<h2 style=\"text-align: center;\"><span style=\"color: #0000ff;\">Conclusion<\/span><\/h2><h4><span style=\"color: #000000;\">In aesthetic medicine, we cannot ignore the role of photoaging and ultraviolet exposure as a determining factor in the asymmetry of a face. <\/span><\/h4><h4><span style=\"color: #000000;\">Therefore, appropriate preventive and curative methods, both topical and oral, should be implemented and the administration of nutrients and dietary supplements with research-based evidence of their antioxidant properties should be advised.<\/span><\/h4>\t\t\t\t\t\t\t\t<\/div>\n\t\t\t\t<\/div>\n\t\t\t\t\t<\/div>\n\t\t<\/div>\n\t\t\t\t\t<\/div>\n\t\t<\/section>\n\t\t\t\t<section class=\"elementor-section elementor-top-section elementor-element elementor-element-dfaa59a elementor-section-boxed elementor-section-height-default elementor-section-height-default\" data-id=\"dfaa59a\" data-element_type=\"section\" data-e-type=\"section\">\n\t\t\t\t\t\t<div class=\"elementor-container elementor-column-gap-default\">\n\t\t\t\t\t<div class=\"elementor-column elementor-col-100 elementor-top-column elementor-element elementor-element-a1fe542\" data-id=\"a1fe542\" data-element_type=\"column\" data-e-type=\"column\">\n\t\t\t<div class=\"elementor-widget-wrap elementor-element-populated\">\n\t\t\t\t\t\t<div class=\"elementor-element elementor-element-9780802 elementor-widget elementor-widget-text-editor\" data-id=\"9780802\" data-element_type=\"widget\" data-e-type=\"widget\" data-widget_type=\"text-editor.default\">\n\t\t\t\t<div class=\"elementor-widget-container\">\n\t\t\t\t\t\t\t\t\t<h2 style=\"text-align: center;\"><span style=\"color: #0000ff;\">References<\/span><\/h2><p><em><span style=\"color: #000000;\">1. Moulin G, Thomas L, Vigneau M, Fiere A. A case of unilateral elastosis with cysts and comedone. Favre-Racouchot syndrome. Ann Dermatol Venereol 1994;121:721-3.<\/span><\/em><\/p><p><em><span style=\"color: #000000;\">2. Mac-Mary S, Sainthillier JM, Jeudy A, Sladen C, Williams C, Bell M., Humbert P. Assessment of cumulative exposure to UVA through the study of asymmetrical facial skin aging. Clinical Interventions in Aging, 2010;5:277-84.<\/span><\/em><\/p><p><em><span style=\"color: #000000;\">3. Leveque N, Robin S, Makki S, Muret P, Rougier A, Humbert P. Iron and ascorbic acid concentrations in human dermis with regards to age and body sites. Gerontology 2003;49:117-22.<\/span><\/em><\/p><p><em><span style=\"color: #000000;\">4. Mac-Mary S, Sainthillier JM, Courderotmasuyer C, Creidi P, Humbert P. Could a photobiological test be a suitable method to assess the anti-oxidant effect of a nutritional supplement Glisodin ? Eur J Dermatol 2007;17:254-5.<\/span><\/em><\/p><p><em><span style=\"color: #000000;\">5. Vouldoukis I, Conti M, Krauss P, Kamate C, Blazquez S, Tefit M, Mazier D, Calenda A, Dugas B. Supplementation with gliadin-combined plant superoxide dismutase extract promotes antioxidant defences and protects against oxidative stress. Phytother Res 2004;18:957-62.<\/span><\/em><\/p>\t\t\t\t\t\t\t\t<\/div>\n\t\t\t\t<\/div>\n\t\t\t\t\t<\/div>\n\t\t<\/div>\n\t\t\t\t\t<\/div>\n\t\t<\/section>\n\t\t\t\t<section class=\"elementor-section elementor-top-section elementor-element elementor-element-0e50621 elementor-section-boxed elementor-section-height-default elementor-section-height-default\" data-id=\"0e50621\" data-element_type=\"section\" data-e-type=\"section\">\n\t\t\t\t\t\t<div class=\"elementor-container elementor-column-gap-default\">\n\t\t\t\t\t<div class=\"elementor-column elementor-col-100 elementor-top-column elementor-element elementor-element-e69f7bc\" data-id=\"e69f7bc\" data-element_type=\"column\" data-e-type=\"column\">\n\t\t\t<div class=\"elementor-widget-wrap elementor-element-populated\">\n\t\t\t\t\t\t<div class=\"elementor-element elementor-element-2194bb9 elementor-widget elementor-widget-image\" data-id=\"2194bb9\" data-element_type=\"widget\" data-e-type=\"widget\" data-widget_type=\"image.default\">\n\t\t\t\t<div class=\"elementor-widget-container\">\n\t\t\t\t\t\t\t\t\t\t\t\t\t\t\t<img loading=\"lazy\" decoding=\"async\" width=\"180\" height=\"173\" src=\"https:\/\/looketmedecine.fr\/wp-content\/uploads\/2020\/11\/LOGO-BM-NOIR-.png\" class=\"attachment-large size-large wp-image-2752\" alt=\"\" \/>\t\t\t\t\t\t\t\t\t\t\t\t\t\t\t<\/div>\n\t\t\t\t<\/div>\n\t\t\t\t\t<\/div>\n\t\t<\/div>\n\t\t\t\t\t<\/div>\n\t\t<\/section>\n\t\t\t\t<\/div>\n\t\t","protected":false},"excerpt":{"rendered":"<p>Pr Philippe HUMBERT Abstract This study highlights the role of photoaging and predominantly lateralized ultraviolet exposure as a determinant of facial asymmetry. Photoaging is a phenotype of an individual that is considered to be the part of aging related to solar irradiation, which can be summarized as ultraviolet irradiation if we disregard infrared. More than [&hellip;]<\/p>\n","protected":false},"author":2,"featured_media":1689,"comment_status":"closed","ping_status":"closed","sticky":false,"template":"","format":"standard","meta":{"_acf_changed":false,"footnotes":""},"categories":[1],"tags":[],"auteur":[404],"mots-cles":[],"class_list":["post-1659","post","type-post","status-publish","format-standard","has-post-thumbnail","hentry","category-nos-partenaires","auteur-philippe-humbert"],"acf":[],"yoast_head":"<!-- This site is optimized with the Yoast SEO plugin v27.5 - https:\/\/yoast.com\/product\/yoast-seo-wordpress\/ -->\n<title>LM N\u00b01\/2020. Facial asymmetry a way to quantify photo-aging. Pr Philippe HUMBERT. - Revue fran\u00e7aise N\u00b01 pour la recherche en sant\u00e9 esth\u00e9tique<\/title>\n<meta name=\"robots\" content=\"index, follow, max-snippet:-1, max-image-preview:large, max-video-preview:-1\" \/>\n<link rel=\"canonical\" href=\"https:\/\/looketmedecine.fr\/en\/wp-json\/wp\/v2\/posts\/1659\" \/>\n<meta property=\"og:locale\" content=\"en_US\" \/>\n<meta property=\"og:type\" content=\"article\" \/>\n<meta property=\"og:title\" content=\"LM N\u00b01\/2020. Facial asymmetry a way to quantify photo-aging. Pr Philippe HUMBERT. - Revue fran\u00e7aise N\u00b01 pour la recherche en sant\u00e9 esth\u00e9tique\" \/>\n<meta property=\"og:description\" content=\"Pr Philippe HUMBERT Abstract This study highlights the role of photoaging and predominantly lateralized ultraviolet exposure as a determinant of facial asymmetry. Photoaging is a phenotype of an individual that is considered to be the part of aging related to solar irradiation, which can be summarized as ultraviolet irradiation if we disregard infrared. More than [&hellip;]\" \/>\n<meta property=\"og:url\" content=\"https:\/\/looketmedecine.fr\/en\/environment-and-aging-facial-asymmetry-a-way-to-quantify-photo-aging\/\" \/>\n<meta property=\"og:site_name\" content=\"Revue fran\u00e7aise N\u00b01 pour la recherche en sant\u00e9 esth\u00e9tique\" \/>\n<meta property=\"article:publisher\" content=\"https:\/\/www.facebook.com\/looketmedecine.magazine\/\" \/>\n<meta property=\"article:published_time\" content=\"2020-10-30T11:25:46+00:00\" \/>\n<meta property=\"article:modified_time\" content=\"2024-10-04T22:23:27+00:00\" \/>\n<meta property=\"og:image\" content=\"https:\/\/looketmedecine.fr\/wp-content\/uploads\/2020\/10\/asymetric12.png\" \/>\n\t<meta property=\"og:image:width\" content=\"435\" \/>\n\t<meta property=\"og:image:height\" content=\"528\" \/>\n\t<meta property=\"og:image:type\" content=\"image\/png\" \/>\n<meta name=\"author\" content=\"Albert-Claude Benhamou\" \/>\n<meta name=\"twitter:card\" content=\"summary_large_image\" \/>\n<meta name=\"twitter:label1\" content=\"Written by\" \/>\n\t<meta name=\"twitter:data1\" content=\"Albert-Claude Benhamou\" \/>\n\t<meta name=\"twitter:label2\" content=\"Est. reading time\" \/>\n\t<meta name=\"twitter:data2\" content=\"8 minutes\" \/>\n<script type=\"application\/ld+json\" class=\"yoast-schema-graph\">{\"@context\":\"https:\\\/\\\/schema.org\",\"@graph\":[{\"@type\":\"Article\",\"@id\":\"https:\\\/\\\/looketmedecine.fr\\\/en\\\/environment-and-aging-facial-asymmetry-a-way-to-quantify-photo-aging\\\/#article\",\"isPartOf\":{\"@id\":\"https:\\\/\\\/looketmedecine.fr\\\/en\\\/environment-and-aging-facial-asymmetry-a-way-to-quantify-photo-aging\\\/\"},\"author\":{\"name\":\"Albert-Claude Benhamou\",\"@id\":\"https:\\\/\\\/looketmedecine.fr\\\/#\\\/schema\\\/person\\\/d674c704426e829b385c4dd691b8e3cc\"},\"headline\":\"LM N\u00b01\\\/2020. Facial asymmetry a way to quantify photo-aging. Pr Philippe HUMBERT.\",\"datePublished\":\"2020-10-30T11:25:46+00:00\",\"dateModified\":\"2024-10-04T22:23:27+00:00\",\"mainEntityOfPage\":{\"@id\":\"https:\\\/\\\/looketmedecine.fr\\\/en\\\/environment-and-aging-facial-asymmetry-a-way-to-quantify-photo-aging\\\/\"},\"wordCount\":1637,\"publisher\":{\"@id\":\"https:\\\/\\\/looketmedecine.fr\\\/#organization\"},\"image\":{\"@id\":\"https:\\\/\\\/looketmedecine.fr\\\/en\\\/environment-and-aging-facial-asymmetry-a-way-to-quantify-photo-aging\\\/#primaryimage\"},\"thumbnailUrl\":\"https:\\\/\\\/looketmedecine.fr\\\/wp-content\\\/uploads\\\/2020\\\/10\\\/asymetric12.png\",\"articleSection\":[\"Nos partenaires\"],\"inLanguage\":\"en-US\"},{\"@type\":\"WebPage\",\"@id\":\"https:\\\/\\\/looketmedecine.fr\\\/en\\\/environment-and-aging-facial-asymmetry-a-way-to-quantify-photo-aging\\\/\",\"url\":\"https:\\\/\\\/looketmedecine.fr\\\/en\\\/environment-and-aging-facial-asymmetry-a-way-to-quantify-photo-aging\\\/\",\"name\":\"LM N\u00b01\\\/2020. Facial asymmetry a way to quantify photo-aging. Pr Philippe HUMBERT. - Revue fran\u00e7aise N\u00b01 pour la recherche en sant\u00e9 esth\u00e9tique\",\"isPartOf\":{\"@id\":\"https:\\\/\\\/looketmedecine.fr\\\/#website\"},\"primaryImageOfPage\":{\"@id\":\"https:\\\/\\\/looketmedecine.fr\\\/en\\\/environment-and-aging-facial-asymmetry-a-way-to-quantify-photo-aging\\\/#primaryimage\"},\"image\":{\"@id\":\"https:\\\/\\\/looketmedecine.fr\\\/en\\\/environment-and-aging-facial-asymmetry-a-way-to-quantify-photo-aging\\\/#primaryimage\"},\"thumbnailUrl\":\"https:\\\/\\\/looketmedecine.fr\\\/wp-content\\\/uploads\\\/2020\\\/10\\\/asymetric12.png\",\"datePublished\":\"2020-10-30T11:25:46+00:00\",\"dateModified\":\"2024-10-04T22:23:27+00:00\",\"breadcrumb\":{\"@id\":\"https:\\\/\\\/looketmedecine.fr\\\/en\\\/environment-and-aging-facial-asymmetry-a-way-to-quantify-photo-aging\\\/#breadcrumb\"},\"inLanguage\":\"en-US\",\"potentialAction\":[{\"@type\":\"ReadAction\",\"target\":[\"https:\\\/\\\/looketmedecine.fr\\\/en\\\/environment-and-aging-facial-asymmetry-a-way-to-quantify-photo-aging\\\/\"]}]},{\"@type\":\"ImageObject\",\"inLanguage\":\"en-US\",\"@id\":\"https:\\\/\\\/looketmedecine.fr\\\/en\\\/environment-and-aging-facial-asymmetry-a-way-to-quantify-photo-aging\\\/#primaryimage\",\"url\":\"https:\\\/\\\/looketmedecine.fr\\\/wp-content\\\/uploads\\\/2020\\\/10\\\/asymetric12.png\",\"contentUrl\":\"https:\\\/\\\/looketmedecine.fr\\\/wp-content\\\/uploads\\\/2020\\\/10\\\/asymetric12.png\",\"width\":435,\"height\":528},{\"@type\":\"BreadcrumbList\",\"@id\":\"https:\\\/\\\/looketmedecine.fr\\\/en\\\/environment-and-aging-facial-asymmetry-a-way-to-quantify-photo-aging\\\/#breadcrumb\",\"itemListElement\":[{\"@type\":\"ListItem\",\"position\":1,\"name\":\"Accueil\",\"item\":\"https:\\\/\\\/looketmedecine.fr\\\/\"},{\"@type\":\"ListItem\",\"position\":2,\"name\":\"LM N\u00b01\\\/2020. Facial asymmetry a way to quantify photo-aging. Pr Philippe HUMBERT.\"}]},{\"@type\":\"WebSite\",\"@id\":\"https:\\\/\\\/looketmedecine.fr\\\/#website\",\"url\":\"https:\\\/\\\/looketmedecine.fr\\\/\",\"name\":\"Revue fran\u00e7aise N\u00b01 pour la recherche en sant\u00e9 esth\u00e9tique\",\"description\":\"La sant\u00e9 esth\u00e9tique fond\u00e9e sur des preuves scientifiques\",\"publisher\":{\"@id\":\"https:\\\/\\\/looketmedecine.fr\\\/#organization\"},\"potentialAction\":[{\"@type\":\"SearchAction\",\"target\":{\"@type\":\"EntryPoint\",\"urlTemplate\":\"https:\\\/\\\/looketmedecine.fr\\\/?s={search_term_string}\"},\"query-input\":{\"@type\":\"PropertyValueSpecification\",\"valueRequired\":true,\"valueName\":\"search_term_string\"}}],\"inLanguage\":\"en-US\"},{\"@type\":\"Organization\",\"@id\":\"https:\\\/\\\/looketmedecine.fr\\\/#organization\",\"name\":\"Looketmedecine\",\"url\":\"https:\\\/\\\/looketmedecine.fr\\\/\",\"logo\":{\"@type\":\"ImageObject\",\"inLanguage\":\"en-US\",\"@id\":\"https:\\\/\\\/looketmedecine.fr\\\/#\\\/schema\\\/logo\\\/image\\\/\",\"url\":\"https:\\\/\\\/looketmedecine.fr\\\/wp-content\\\/uploads\\\/2020\\\/11\\\/cropped-LookMedecine_Logo_Textuel_Noir.png\",\"contentUrl\":\"https:\\\/\\\/looketmedecine.fr\\\/wp-content\\\/uploads\\\/2020\\\/11\\\/cropped-LookMedecine_Logo_Textuel_Noir.png\",\"width\":1500,\"height\":145,\"caption\":\"Looketmedecine\"},\"image\":{\"@id\":\"https:\\\/\\\/looketmedecine.fr\\\/#\\\/schema\\\/logo\\\/image\\\/\"},\"sameAs\":[\"https:\\\/\\\/www.facebook.com\\\/looketmedecine.magazine\\\/\",\"https:\\\/\\\/www.instagram.com\\\/looketmedecine\\\/?hl=fr\"]},{\"@type\":\"Person\",\"@id\":\"https:\\\/\\\/looketmedecine.fr\\\/#\\\/schema\\\/person\\\/d674c704426e829b385c4dd691b8e3cc\",\"name\":\"Albert-Claude Benhamou\",\"image\":{\"@type\":\"ImageObject\",\"inLanguage\":\"en-US\",\"@id\":\"https:\\\/\\\/secure.gravatar.com\\\/avatar\\\/f4c13b834cf55e3822893169175e3671a59788fb9e2d84d3a223c96e83a8f09e?s=96&d=mm&r=g\",\"url\":\"https:\\\/\\\/secure.gravatar.com\\\/avatar\\\/f4c13b834cf55e3822893169175e3671a59788fb9e2d84d3a223c96e83a8f09e?s=96&d=mm&r=g\",\"contentUrl\":\"https:\\\/\\\/secure.gravatar.com\\\/avatar\\\/f4c13b834cf55e3822893169175e3671a59788fb9e2d84d3a223c96e83a8f09e?s=96&d=mm&r=g\",\"caption\":\"Albert-Claude Benhamou\"},\"url\":\"https:\\\/\\\/looketmedecine.fr\\\/en\"}]}<\/script>\n<!-- \/ Yoast SEO plugin. -->","yoast_head_json":{"title":"LM N\u00b01\/2020. Facial asymmetry a way to quantify photo-aging. Pr Philippe HUMBERT. - Revue fran\u00e7aise N\u00b01 pour la recherche en sant\u00e9 esth\u00e9tique","robots":{"index":"index","follow":"follow","max-snippet":"max-snippet:-1","max-image-preview":"max-image-preview:large","max-video-preview":"max-video-preview:-1"},"canonical":"https:\/\/looketmedecine.fr\/en\/wp-json\/wp\/v2\/posts\/1659","og_locale":"en_US","og_type":"article","og_title":"LM N\u00b01\/2020. Facial asymmetry a way to quantify photo-aging. Pr Philippe HUMBERT. - Revue fran\u00e7aise N\u00b01 pour la recherche en sant\u00e9 esth\u00e9tique","og_description":"Pr Philippe HUMBERT Abstract This study highlights the role of photoaging and predominantly lateralized ultraviolet exposure as a determinant of facial asymmetry. Photoaging is a phenotype of an individual that is considered to be the part of aging related to solar irradiation, which can be summarized as ultraviolet irradiation if we disregard infrared. More than [&hellip;]","og_url":"https:\/\/looketmedecine.fr\/en\/environment-and-aging-facial-asymmetry-a-way-to-quantify-photo-aging\/","og_site_name":"Revue fran\u00e7aise N\u00b01 pour la recherche en sant\u00e9 esth\u00e9tique","article_publisher":"https:\/\/www.facebook.com\/looketmedecine.magazine\/","article_published_time":"2020-10-30T11:25:46+00:00","article_modified_time":"2024-10-04T22:23:27+00:00","og_image":[{"width":435,"height":528,"url":"https:\/\/looketmedecine.fr\/wp-content\/uploads\/2020\/10\/asymetric12.png","type":"image\/png"}],"author":"Albert-Claude Benhamou","twitter_card":"summary_large_image","twitter_misc":{"Written by":"Albert-Claude Benhamou","Est. reading time":"8 minutes"},"schema":{"@context":"https:\/\/schema.org","@graph":[{"@type":"Article","@id":"https:\/\/looketmedecine.fr\/en\/environment-and-aging-facial-asymmetry-a-way-to-quantify-photo-aging\/#article","isPartOf":{"@id":"https:\/\/looketmedecine.fr\/en\/environment-and-aging-facial-asymmetry-a-way-to-quantify-photo-aging\/"},"author":{"name":"Albert-Claude Benhamou","@id":"https:\/\/looketmedecine.fr\/#\/schema\/person\/d674c704426e829b385c4dd691b8e3cc"},"headline":"LM N\u00b01\/2020. Facial asymmetry a way to quantify photo-aging. Pr Philippe HUMBERT.","datePublished":"2020-10-30T11:25:46+00:00","dateModified":"2024-10-04T22:23:27+00:00","mainEntityOfPage":{"@id":"https:\/\/looketmedecine.fr\/en\/environment-and-aging-facial-asymmetry-a-way-to-quantify-photo-aging\/"},"wordCount":1637,"publisher":{"@id":"https:\/\/looketmedecine.fr\/#organization"},"image":{"@id":"https:\/\/looketmedecine.fr\/en\/environment-and-aging-facial-asymmetry-a-way-to-quantify-photo-aging\/#primaryimage"},"thumbnailUrl":"https:\/\/looketmedecine.fr\/wp-content\/uploads\/2020\/10\/asymetric12.png","articleSection":["Nos partenaires"],"inLanguage":"en-US"},{"@type":"WebPage","@id":"https:\/\/looketmedecine.fr\/en\/environment-and-aging-facial-asymmetry-a-way-to-quantify-photo-aging\/","url":"https:\/\/looketmedecine.fr\/en\/environment-and-aging-facial-asymmetry-a-way-to-quantify-photo-aging\/","name":"LM N\u00b01\/2020. Facial asymmetry a way to quantify photo-aging. Pr Philippe HUMBERT. - Revue fran\u00e7aise N\u00b01 pour la recherche en sant\u00e9 esth\u00e9tique","isPartOf":{"@id":"https:\/\/looketmedecine.fr\/#website"},"primaryImageOfPage":{"@id":"https:\/\/looketmedecine.fr\/en\/environment-and-aging-facial-asymmetry-a-way-to-quantify-photo-aging\/#primaryimage"},"image":{"@id":"https:\/\/looketmedecine.fr\/en\/environment-and-aging-facial-asymmetry-a-way-to-quantify-photo-aging\/#primaryimage"},"thumbnailUrl":"https:\/\/looketmedecine.fr\/wp-content\/uploads\/2020\/10\/asymetric12.png","datePublished":"2020-10-30T11:25:46+00:00","dateModified":"2024-10-04T22:23:27+00:00","breadcrumb":{"@id":"https:\/\/looketmedecine.fr\/en\/environment-and-aging-facial-asymmetry-a-way-to-quantify-photo-aging\/#breadcrumb"},"inLanguage":"en-US","potentialAction":[{"@type":"ReadAction","target":["https:\/\/looketmedecine.fr\/en\/environment-and-aging-facial-asymmetry-a-way-to-quantify-photo-aging\/"]}]},{"@type":"ImageObject","inLanguage":"en-US","@id":"https:\/\/looketmedecine.fr\/en\/environment-and-aging-facial-asymmetry-a-way-to-quantify-photo-aging\/#primaryimage","url":"https:\/\/looketmedecine.fr\/wp-content\/uploads\/2020\/10\/asymetric12.png","contentUrl":"https:\/\/looketmedecine.fr\/wp-content\/uploads\/2020\/10\/asymetric12.png","width":435,"height":528},{"@type":"BreadcrumbList","@id":"https:\/\/looketmedecine.fr\/en\/environment-and-aging-facial-asymmetry-a-way-to-quantify-photo-aging\/#breadcrumb","itemListElement":[{"@type":"ListItem","position":1,"name":"Accueil","item":"https:\/\/looketmedecine.fr\/"},{"@type":"ListItem","position":2,"name":"LM N\u00b01\/2020. Facial asymmetry a way to quantify photo-aging. Pr Philippe HUMBERT."}]},{"@type":"WebSite","@id":"https:\/\/looketmedecine.fr\/#website","url":"https:\/\/looketmedecine.fr\/","name":"N\u00b01 French magazine for research in aesthetic health","description":"Aesthetic health based on scientific evidence","publisher":{"@id":"https:\/\/looketmedecine.fr\/#organization"},"potentialAction":[{"@type":"SearchAction","target":{"@type":"EntryPoint","urlTemplate":"https:\/\/looketmedecine.fr\/?s={search_term_string}"},"query-input":{"@type":"PropertyValueSpecification","valueRequired":true,"valueName":"search_term_string"}}],"inLanguage":"en-US"},{"@type":"Organization","@id":"https:\/\/looketmedecine.fr\/#organization","name":"Looketmedicine","url":"https:\/\/looketmedecine.fr\/","logo":{"@type":"ImageObject","inLanguage":"en-US","@id":"https:\/\/looketmedecine.fr\/#\/schema\/logo\/image\/","url":"https:\/\/looketmedecine.fr\/wp-content\/uploads\/2020\/11\/cropped-LookMedecine_Logo_Textuel_Noir.png","contentUrl":"https:\/\/looketmedecine.fr\/wp-content\/uploads\/2020\/11\/cropped-LookMedecine_Logo_Textuel_Noir.png","width":1500,"height":145,"caption":"Looketmedecine"},"image":{"@id":"https:\/\/looketmedecine.fr\/#\/schema\/logo\/image\/"},"sameAs":["https:\/\/www.facebook.com\/looketmedecine.magazine\/","https:\/\/www.instagram.com\/looketmedecine\/?hl=fr"]},{"@type":"Person","@id":"https:\/\/looketmedecine.fr\/#\/schema\/person\/d674c704426e829b385c4dd691b8e3cc","name":"Albert-Claude Benhamou","image":{"@type":"ImageObject","inLanguage":"en-US","@id":"https:\/\/secure.gravatar.com\/avatar\/f4c13b834cf55e3822893169175e3671a59788fb9e2d84d3a223c96e83a8f09e?s=96&d=mm&r=g","url":"https:\/\/secure.gravatar.com\/avatar\/f4c13b834cf55e3822893169175e3671a59788fb9e2d84d3a223c96e83a8f09e?s=96&d=mm&r=g","contentUrl":"https:\/\/secure.gravatar.com\/avatar\/f4c13b834cf55e3822893169175e3671a59788fb9e2d84d3a223c96e83a8f09e?s=96&d=mm&r=g","caption":"Albert-Claude Benhamou"},"url":"https:\/\/looketmedecine.fr\/en"}]}},"_links":{"self":[{"href":"https:\/\/looketmedecine.fr\/en\/wp-json\/wp\/v2\/posts\/1659","targetHints":{"allow":["GET"]}}],"collection":[{"href":"https:\/\/looketmedecine.fr\/en\/wp-json\/wp\/v2\/posts"}],"about":[{"href":"https:\/\/looketmedecine.fr\/en\/wp-json\/wp\/v2\/types\/post"}],"author":[{"embeddable":true,"href":"https:\/\/looketmedecine.fr\/en\/wp-json\/wp\/v2\/users\/2"}],"replies":[{"embeddable":true,"href":"https:\/\/looketmedecine.fr\/en\/wp-json\/wp\/v2\/comments?post=1659"}],"version-history":[{"count":53,"href":"https:\/\/looketmedecine.fr\/en\/wp-json\/wp\/v2\/posts\/1659\/revisions"}],"predecessor-version":[{"id":23720,"href":"https:\/\/looketmedecine.fr\/en\/wp-json\/wp\/v2\/posts\/1659\/revisions\/23720"}],"wp:featuredmedia":[{"embeddable":true,"href":"https:\/\/looketmedecine.fr\/en\/wp-json\/wp\/v2\/media\/1689"}],"wp:attachment":[{"href":"https:\/\/looketmedecine.fr\/en\/wp-json\/wp\/v2\/media?parent=1659"}],"wp:term":[{"taxonomy":"category","embeddable":true,"href":"https:\/\/looketmedecine.fr\/en\/wp-json\/wp\/v2\/categories?post=1659"},{"taxonomy":"post_tag","embeddable":true,"href":"https:\/\/looketmedecine.fr\/en\/wp-json\/wp\/v2\/tags?post=1659"},{"taxonomy":"auteur","embeddable":true,"href":"https:\/\/looketmedecine.fr\/en\/wp-json\/wp\/v2\/auteur?post=1659"},{"taxonomy":"mots-cles","embeddable":true,"href":"https:\/\/looketmedecine.fr\/en\/wp-json\/wp\/v2\/mots-cles?post=1659"}],"curies":[{"name":"wp","href":"https:\/\/api.w.org\/{rel}","templated":true}]}}