{"id":15642,"date":"2023-05-10T23:50:45","date_gmt":"2023-05-10T21:50:45","guid":{"rendered":"https:\/\/looketmedecine.fr\/?p=15642"},"modified":"2024-10-05T23:29:46","modified_gmt":"2024-10-05T21:29:46","slug":"lembellissement-naturel-du-visage-a-propos-dun-modele","status":"publish","type":"post","link":"https:\/\/looketmedecine.fr\/en\/lembellissement-naturel-du-visage-a-propos-dun-modele\/","title":{"rendered":"LM N\u00b01 \/ 2023. The natural beautification of the face. About a model. Jean-Pierre AMSELLEM"},"content":{"rendered":"<div data-elementor-type=\"wp-post\" data-elementor-id=\"15642\" class=\"elementor elementor-15642\" data-elementor-post-type=\"post\">\n\t\t\t\t<div class=\"elementor-element elementor-element-2b6aa15 e-con-full e-flex e-con e-parent\" data-id=\"2b6aa15\" data-element_type=\"container\" data-e-type=\"container\">\n\t\t\t\t<div class=\"elementor-element elementor-element-60c603e elementor-widget elementor-widget-heading\" data-id=\"60c603e\" data-element_type=\"widget\" data-e-type=\"widget\" data-widget_type=\"heading.default\">\n\t\t\t\t<div class=\"elementor-widget-container\">\n\t\t\t\t\t<h2 class=\"elementor-heading-title elementor-size-default\">Another look at facial aesthetics \n\n<\/h2>\t\t\t\t<\/div>\n\t\t\t\t<\/div>\n\t\t\t\t<div class=\"elementor-element elementor-element-c2e9f9c elementor-widget elementor-widget-text-editor\" data-id=\"c2e9f9c\" data-element_type=\"widget\" data-e-type=\"widget\" data-widget_type=\"text-editor.default\">\n\t\t\t\t<div class=\"elementor-widget-container\">\n\t\t\t\t\t\t\t\t\t<h2 style=\"text-align: center;\"><strong><span style=\"color: #0000ff;\">Natural facial beautification.<\/span> <span style=\"color: #0000ff;\">About a model.<\/span><\/strong><\/h2>\t\t\t\t\t\t\t\t<\/div>\n\t\t\t\t<\/div>\n\t\t\t\t<div class=\"elementor-element elementor-element-7f1c790 elementor-widget elementor-widget-image\" data-id=\"7f1c790\" data-element_type=\"widget\" data-e-type=\"widget\" data-widget_type=\"image.default\">\n\t\t\t\t<div class=\"elementor-widget-container\">\n\t\t\t\t\t\t\t\t\t\t\t\t\t\t\t<img fetchpriority=\"high\" decoding=\"async\" width=\"247\" height=\"358\" src=\"https:\/\/looketmedecine.fr\/wp-content\/uploads\/2023\/05\/JPE-.png\" class=\"attachment-large size-large wp-image-15643\" alt=\"\" srcset=\"https:\/\/looketmedecine.fr\/wp-content\/uploads\/2023\/05\/JPE-.png 247w, https:\/\/looketmedecine.fr\/wp-content\/uploads\/2023\/05\/JPE--207x300.png 207w, https:\/\/looketmedecine.fr\/wp-content\/uploads\/2023\/05\/JPE--8x12.png 8w\" sizes=\"(max-width: 247px) 100vw, 247px\" \/>\t\t\t\t\t\t\t\t\t\t\t\t\t\t\t<\/div>\n\t\t\t\t<\/div>\n\t\t\t\t<div class=\"elementor-element elementor-element-83306f3 elementor-widget elementor-widget-heading\" data-id=\"83306f3\" data-element_type=\"widget\" data-e-type=\"widget\" data-widget_type=\"heading.default\">\n\t\t\t\t<div class=\"elementor-widget-container\">\n\t\t\t\t\t<h2 class=\"elementor-heading-title elementor-size-default\">Jean-Pierre AMSELLEM, MD<br>\nFrench Association of Aesthetic and Anti-Aging Medicine\n<\/h2>\t\t\t\t<\/div>\n\t\t\t\t<\/div>\n\t\t\t\t<div class=\"elementor-element elementor-element-f100a22 elementor-widget elementor-widget-text-editor\" data-id=\"f100a22\" data-element_type=\"widget\" data-e-type=\"widget\" data-widget_type=\"text-editor.default\">\n\t\t\t\t<div class=\"elementor-widget-container\">\n\t\t\t\t\t\t\t\t\t<h5><span style=\"color: #0000ff;\"><strong>INTRODUCTION<\/strong><\/span><\/h5><h5><span style=\"color: #0000ff;\"><strong>Rejuvenate, of course, but above all beautify: what's the point of rejuvenating a face that's never been beautiful before?<\/strong><\/span><\/h5><h5><span style=\"color: #0000ff;\"><strong>What our patients want above all is to regain their beauty, for those who have lost it, and to become beautiful, for those who never were.<\/strong><\/span><\/h5><h5><span style=\"color: #0000ff;\"><strong>Embellishing a face, giving it a new freshness, a second youth, should not remain a purely medical technical procedure, even if surgical skill is the first priority.<\/strong><\/span><\/h5><h5><span style=\"color: #0000ff;\"><strong>Creating or recreating Beauty is an art, just like painting a portrait or sculpting shapes.<\/strong><\/span><\/h5>\t\t\t\t\t\t\t\t<\/div>\n\t\t\t\t<\/div>\n\t\t\t\t<div class=\"elementor-element elementor-element-949d373 elementor-widget elementor-widget-text-editor\" data-id=\"949d373\" data-element_type=\"widget\" data-e-type=\"widget\" data-widget_type=\"text-editor.default\">\n\t\t\t\t<div class=\"elementor-widget-container\">\n\t\t\t\t\t\t\t\t\t<h5><span style=\"color: #0000ff;\"><strong>MODEL PRESENTATION <\/strong><\/span><\/h5><h5><span style=\"color: #0000ff;\"><strong>35-year-old patient with no particular medical history.<\/strong><\/span><\/h5><h5><span style=\"color: #0000ff;\"><strong>Rhinoplasty at the age of 28.<\/strong><\/span><\/h5><h5><span style=\"color: #0000ff;\"><strong>Augmentation of oral lips with HA 4 months previously.<\/strong><\/span><\/h5><h5><span style=\"color: #0000ff;\"><strong>It is very important to separate the medical act from the artistic scheme that should precede any aesthetic procedure.<\/strong><\/span><\/h5><h5><span style=\"color: #0000ff;\"><strong>WHAT ARE THE PATIENT'S WISHES?\u00a0\u00a0<\/strong><\/span><\/h5><h5><span style=\"color: #0000ff;\"><strong>\u00a0\u00a0\u00a0\u00a0\u00a0\u00a0\u00a0 -increase cheek size,<\/strong><\/span><\/h5><h5><span style=\"color: #0000ff;\"><strong>\u00a0\u00a0\u00a0\u00a0\u00a0\u00a0\u00a0 -raise the lips,<\/strong><\/span><\/h5><h5><span style=\"color: #0000ff;\"><strong>\u00a0\u00a0\u00a0\u00a0\u00a0\u00a0\u00a0 -treat bitterness folds.<\/strong><\/span><\/h5>\t\t\t\t\t\t\t\t<\/div>\n\t\t\t\t<\/div>\n\t\t\t\t<div class=\"elementor-element elementor-element-3a71b2e elementor-widget elementor-widget-image\" data-id=\"3a71b2e\" data-element_type=\"widget\" data-e-type=\"widget\" data-widget_type=\"image.default\">\n\t\t\t\t<div class=\"elementor-widget-container\">\n\t\t\t\t\t\t\t\t\t\t\t\t\t\t\t<img decoding=\"async\" width=\"800\" height=\"450\" src=\"https:\/\/looketmedecine.fr\/wp-content\/uploads\/2023\/05\/MODELE-.png\" class=\"attachment-large size-large wp-image-15648\" alt=\"\" srcset=\"https:\/\/looketmedecine.fr\/wp-content\/uploads\/2023\/05\/MODELE-.png 941w, https:\/\/looketmedecine.fr\/wp-content\/uploads\/2023\/05\/MODELE--300x169.png 300w, https:\/\/looketmedecine.fr\/wp-content\/uploads\/2023\/05\/MODELE--768x432.png 768w, https:\/\/looketmedecine.fr\/wp-content\/uploads\/2023\/05\/MODELE--18x10.png 18w\" sizes=\"(max-width: 800px) 100vw, 800px\" \/>\t\t\t\t\t\t\t\t\t\t\t\t\t\t\t<\/div>\n\t\t\t\t<\/div>\n\t\t\t\t<div class=\"elementor-element elementor-element-1b06a5d elementor-widget elementor-widget-text-editor\" data-id=\"1b06a5d\" data-element_type=\"widget\" data-e-type=\"widget\" data-widget_type=\"text-editor.default\">\n\t\t\t\t<div class=\"elementor-widget-container\">\n\t\t\t\t\t\t\t\t\t<h5><span style=\"color: #0000ff;\"><strong>CLINICAL EXAMINATION OF THE PATIENT \u00a0\u00a0<\/strong><\/span><\/h5><h5><span style=\"color: #0000ff;\"><strong>\u00a0\u00a0\u00a0\u00a0\u00a0\u00a0\u00a0 <\/strong>-confirmation of the patient's wishes.<\/span><\/h5><h5><span style=\"color: #0000ff;\">\u00a0\u00a0\u00a0\u00a0\u00a0\u00a0\u00a0 -other proposals :<\/span><\/h5><h5><span style=\"color: #0000ff;\">\u00a0\u00a0\u00a0\u00a0\u00a0\u00a0\u00a0\u00a0\u00a0\u00a0\u00a0\u00a0\u00a0\u00a0\u00a0\u00a0\u00a0\u00a0 - filling of the temporal fossa,<\/span><\/h5><h5><span style=\"color: #0000ff;\">\u00a0\u00a0\u00a0\u00a0\u00a0\u00a0\u00a0\u00a0\u00a0\u00a0\u00a0\u00a0\u00a0\u00a0\u00a0\u00a0\u00a0\u00a0 - treatment of dark circles,<\/span><\/h5><h5><span style=\"color: #0000ff;\">\u00a0\u00a0\u00a0\u00a0\u00a0\u00a0\u00a0\u00a0\u00a0\u00a0\u00a0\u00a0\u00a0\u00a0\u00a0\u00a0\u00a0\u00a0 - rhinoplasty correction,<\/span><\/h5><h5><span style=\"color: #0000ff;\">\u00a0\u00a0\u00a0\u00a0\u00a0\u00a0\u00a0\u00a0\u00a0\u00a0\u00a0\u00a0\u00a0\u00a0\u00a0\u00a0\u00a0\u00a0 - volumetric chin augmentation.<\/span><\/h5>\t\t\t\t\t\t\t\t<\/div>\n\t\t\t\t<\/div>\n\t\t\t\t<div class=\"elementor-element elementor-element-a8cb8ad elementor-widget elementor-widget-image\" data-id=\"a8cb8ad\" data-element_type=\"widget\" data-e-type=\"widget\" data-widget_type=\"image.default\">\n\t\t\t\t<div class=\"elementor-widget-container\">\n\t\t\t\t\t\t\t\t\t\t\t\t\t\t\t<img decoding=\"async\" width=\"800\" height=\"450\" src=\"https:\/\/looketmedecine.fr\/wp-content\/uploads\/2023\/05\/MODELE.png\" class=\"attachment-large size-large wp-image-15649\" alt=\"\" srcset=\"https:\/\/looketmedecine.fr\/wp-content\/uploads\/2023\/05\/MODELE.png 945w, https:\/\/looketmedecine.fr\/wp-content\/uploads\/2023\/05\/MODELE-300x169.png 300w, https:\/\/looketmedecine.fr\/wp-content\/uploads\/2023\/05\/MODELE-768x432.png 768w, https:\/\/looketmedecine.fr\/wp-content\/uploads\/2023\/05\/MODELE-18x10.png 18w\" sizes=\"(max-width: 800px) 100vw, 800px\" \/>\t\t\t\t\t\t\t\t\t\t\t\t\t\t\t<\/div>\n\t\t\t\t<\/div>\n\t\t\t\t<div class=\"elementor-element elementor-element-1cefd17 elementor-widget elementor-widget-text-editor\" data-id=\"1cefd17\" data-element_type=\"widget\" data-e-type=\"widget\" data-widget_type=\"text-editor.default\">\n\t\t\t\t<div class=\"elementor-widget-container\">\n\t\t\t\t\t\t\t\t\t<h5><span style=\"color: #0000ff;\">After consultation with the patient, we decided to perform all indications in the following order: cheeks, mouth, bitterness folds, forehead and temporal fossa, dark circles, nose and chin.<\/span><\/h5><h5><span style=\"color: #0000ff;\">We have decided to perform each of these indications on different patients in order to see the different possible results, but of course in the end we will show the complete result of the model patient.<\/span><\/h5>\t\t\t\t\t\t\t\t<\/div>\n\t\t\t\t<\/div>\n\t\t\t\t<div class=\"elementor-element elementor-element-437a714 elementor-widget elementor-widget-image\" data-id=\"437a714\" data-element_type=\"widget\" data-e-type=\"widget\" data-widget_type=\"image.default\">\n\t\t\t\t<div class=\"elementor-widget-container\">\n\t\t\t\t\t\t\t\t\t\t\t\t\t\t\t<img loading=\"lazy\" decoding=\"async\" width=\"800\" height=\"451\" src=\"https:\/\/looketmedecine.fr\/wp-content\/uploads\/2023\/05\/Sans-titre-3.png\" class=\"attachment-large size-large wp-image-15651\" alt=\"\" srcset=\"https:\/\/looketmedecine.fr\/wp-content\/uploads\/2023\/05\/Sans-titre-3.png 931w, https:\/\/looketmedecine.fr\/wp-content\/uploads\/2023\/05\/Sans-titre-3-300x169.png 300w, https:\/\/looketmedecine.fr\/wp-content\/uploads\/2023\/05\/Sans-titre-3-768x433.png 768w, https:\/\/looketmedecine.fr\/wp-content\/uploads\/2023\/05\/Sans-titre-3-18x10.png 18w\" sizes=\"(max-width: 800px) 100vw, 800px\" \/>\t\t\t\t\t\t\t\t\t\t\t\t\t\t\t<\/div>\n\t\t\t\t<\/div>\n\t\t\t\t<div class=\"elementor-element elementor-element-f428b0c elementor-widget elementor-widget-heading\" data-id=\"f428b0c\" data-element_type=\"widget\" data-e-type=\"widget\" data-widget_type=\"heading.default\">\n\t\t\t\t<div class=\"elementor-widget-container\">\n\t\t\t\t\t<h2 class=\"elementor-heading-title elementor-size-default\">PERFORMING ACTS<br>\n<br>STEP 1: CHEEK AUGMENTATION\n<\/h2>\t\t\t\t<\/div>\n\t\t\t\t<\/div>\n\t\t\t\t<div class=\"elementor-element elementor-element-35dca34 elementor-widget elementor-widget-image\" data-id=\"35dca34\" data-element_type=\"widget\" data-e-type=\"widget\" data-widget_type=\"image.default\">\n\t\t\t\t<div class=\"elementor-widget-container\">\n\t\t\t\t\t\t\t\t\t\t\t\t\t\t\t<img loading=\"lazy\" decoding=\"async\" width=\"800\" height=\"449\" src=\"https:\/\/looketmedecine.fr\/wp-content\/uploads\/2023\/05\/Sans-titre-4.png\" class=\"attachment-large size-large wp-image-15655\" alt=\"\" srcset=\"https:\/\/looketmedecine.fr\/wp-content\/uploads\/2023\/05\/Sans-titre-4.png 970w, https:\/\/looketmedecine.fr\/wp-content\/uploads\/2023\/05\/Sans-titre-4-300x169.png 300w, https:\/\/looketmedecine.fr\/wp-content\/uploads\/2023\/05\/Sans-titre-4-768x432.png 768w, https:\/\/looketmedecine.fr\/wp-content\/uploads\/2023\/05\/Sans-titre-4-18x10.png 18w\" sizes=\"(max-width: 800px) 100vw, 800px\" \/>\t\t\t\t\t\t\t\t\t\t\t\t\t\t\t<\/div>\n\t\t\t\t<\/div>\n\t\t\t\t<div class=\"elementor-element elementor-element-0089eb8 elementor-widget elementor-widget-text-editor\" data-id=\"0089eb8\" data-element_type=\"widget\" data-e-type=\"widget\" data-widget_type=\"text-editor.default\">\n\t\t\t\t<div class=\"elementor-widget-container\">\n\t\t\t\t\t\t\t\t\t<h5><span style=\"color: #0000ff;\">This is surely the most important area of the face, and requires special attention.<\/span><\/h5><ul><li><h5><span style=\"color: #0000ff;\">The cheekbones are the main structure of the middle third of the face.<\/span><\/h5><\/li><li><h5><span style=\"color: #0000ff;\">The cheekbone is a relief centered on the malar bone.<\/span><\/h5><\/li><li><h5><span style=\"color: #0000ff;\">The cheekbone area lies below the eyebrow ring, outside the nose and the corner of the mouth, and extends externally to the zygomatic arch.<\/span><\/h5><\/li><li><h5><span style=\"color: #0000ff;\">The cheekbone is often hollowed out in the middle by an oblique groove that starts at the rim of the eye and extends downwards: the palpebro-jugal groove.<\/span><\/h5><\/li><li><h5><span style=\"color: #0000ff;\">The relief of the cheekbone should be neither too high nor too low, but centered on the relief of the malar bone.<\/span><\/h5><\/li><\/ul>\t\t\t\t\t\t\t\t<\/div>\n\t\t\t\t<\/div>\n\t\t\t\t<div class=\"elementor-element elementor-element-1d9758a elementor-widget elementor-widget-image\" data-id=\"1d9758a\" data-element_type=\"widget\" data-e-type=\"widget\" data-widget_type=\"image.default\">\n\t\t\t\t<div class=\"elementor-widget-container\">\n\t\t\t\t\t\t\t\t\t\t\t\t\t\t\t<img loading=\"lazy\" decoding=\"async\" width=\"800\" height=\"451\" src=\"https:\/\/looketmedecine.fr\/wp-content\/uploads\/2023\/05\/Sans-titre-5.png\" class=\"attachment-large size-large wp-image-15659\" alt=\"\" srcset=\"https:\/\/looketmedecine.fr\/wp-content\/uploads\/2023\/05\/Sans-titre-5.png 949w, https:\/\/looketmedecine.fr\/wp-content\/uploads\/2023\/05\/Sans-titre-5-300x169.png 300w, https:\/\/looketmedecine.fr\/wp-content\/uploads\/2023\/05\/Sans-titre-5-768x433.png 768w, https:\/\/looketmedecine.fr\/wp-content\/uploads\/2023\/05\/Sans-titre-5-18x10.png 18w\" sizes=\"(max-width: 800px) 100vw, 800px\" \/>\t\t\t\t\t\t\t\t\t\t\t\t\t\t\t<\/div>\n\t\t\t\t<\/div>\n\t\t\t\t<div class=\"elementor-element elementor-element-6ed9b4a elementor-widget elementor-widget-text-editor\" data-id=\"6ed9b4a\" data-element_type=\"widget\" data-e-type=\"widget\" data-widget_type=\"text-editor.default\">\n\t\t\t\t<div class=\"elementor-widget-container\">\n\t\t\t\t\t\t\t\t\t<h5><span style=\"color: #0000ff;\">Recent studies by VAL LAMBROS have shown that, over time, the cheekbone loses its fatty mass and flattens. The other hypothesis is a vertical sagging of the face under the effect of gravity.<\/span><\/h5><h5><span style=\"color: #0000ff;\">For my part, I believe that aging is due to facial fat delocalization, but also to gravity, which explains the vertical vector of aging. But to be precise, aging is also a latero-internal vector due to the anatomical fixed point of the lower 1\/3 of the nasolabial fold, which explains the formation of nasolabial folds. You could say that the nasolabial fold is simply the result of the cheek sagging with internal rotation.<\/span><\/h5><h5><span style=\"color: #0000ff;\">To obtain a natural result, we perform a vector face lift, which involves using the 4 anatomical fixed points of the face and repositioning the cheekbone in its aesthetic context.<\/span><\/h5><h5><span style=\"color: #0000ff;\">A cross-linked HA is injected between these four fixed anatomical points to achieve a lifting effect, using a 22G, 70 mm-long cannula. Quantity injected 3 cc.<\/span><\/h5>\t\t\t\t\t\t\t\t<\/div>\n\t\t\t\t<\/div>\n\t\t\t\t<div class=\"elementor-element elementor-element-7a00a09 elementor-widget elementor-widget-heading\" data-id=\"7a00a09\" data-element_type=\"widget\" data-e-type=\"widget\" data-widget_type=\"heading.default\">\n\t\t\t\t<div class=\"elementor-widget-container\">\n\t\t\t\t\t<h2 class=\"elementor-heading-title elementor-size-default\">PERFORMING ACTS <br>\n<br>STEP 2: THE MOUTH <\/h2>\t\t\t\t<\/div>\n\t\t\t\t<\/div>\n\t\t\t\t<div class=\"elementor-element elementor-element-830759d elementor-widget elementor-widget-text-editor\" data-id=\"830759d\" data-element_type=\"widget\" data-e-type=\"widget\" data-widget_type=\"text-editor.default\">\n\t\t\t\t<div class=\"elementor-widget-container\">\n\t\t\t\t\t\t\t\t\t<h5><span style=\"color: #0000ff;\">Well-hemmed, generous lips are a woman's charm.<\/span><\/h5><h5><span style=\"color: #0000ff;\">Moreover, the volume of the lips sometimes reflects a person's character: lips that are slightly stretched upwards from the corners indicate gentleness, rounded lips denote seduction, while those that are very thin and drooping give the impression that the person is disdainful and arrogant.<\/span><\/h5><h5><span style=\"color: #0000ff;\">The mouth also ages, losing volume and changing its curves, with a lengthening of the philtrum. But in my opinion, the most detrimental sign is the lengthening of the white lip due to gravity, which absolutely must be corrected.<\/span><\/h5><h5><span style=\"color: #0000ff;\">The treatment consists of correcting the lip hemline and philtrum volume when justified. The most appropriate filler is undoubtedly hyaluronic acid.<\/span><\/h5><h5><span style=\"color: #0000ff;\">For this patient, we use the Russian method, which consists of a vertical, superficial injection. Quantity injected 0.4cc.<\/span><\/h5><h5><span style=\"color: #0000ff;\">The injection was made only in the upper lip to obtain an upper lip equal to the lower lip instead of 1\/3- 2\/3 as stipulated in all aesthetic medicine books.<\/span><\/h5>\t\t\t\t\t\t\t\t<\/div>\n\t\t\t\t<\/div>\n\t\t\t\t<div class=\"elementor-element elementor-element-f788b93 elementor-widget elementor-widget-image\" data-id=\"f788b93\" data-element_type=\"widget\" data-e-type=\"widget\" data-widget_type=\"image.default\">\n\t\t\t\t<div class=\"elementor-widget-container\">\n\t\t\t\t\t\t\t\t\t\t\t\t\t\t\t<img loading=\"lazy\" decoding=\"async\" width=\"800\" height=\"450\" src=\"https:\/\/looketmedecine.fr\/wp-content\/uploads\/2023\/05\/Sans-titre-6.png\" class=\"attachment-large size-large wp-image-15682\" alt=\"\" srcset=\"https:\/\/looketmedecine.fr\/wp-content\/uploads\/2023\/05\/Sans-titre-6.png 945w, https:\/\/looketmedecine.fr\/wp-content\/uploads\/2023\/05\/Sans-titre-6-300x169.png 300w, https:\/\/looketmedecine.fr\/wp-content\/uploads\/2023\/05\/Sans-titre-6-768x432.png 768w, https:\/\/looketmedecine.fr\/wp-content\/uploads\/2023\/05\/Sans-titre-6-18x10.png 18w\" sizes=\"(max-width: 800px) 100vw, 800px\" \/>\t\t\t\t\t\t\t\t\t\t\t\t\t\t\t<\/div>\n\t\t\t\t<\/div>\n\t\t\t\t<div class=\"elementor-element elementor-element-3f0187a elementor-widget elementor-widget-image\" data-id=\"3f0187a\" data-element_type=\"widget\" data-e-type=\"widget\" data-widget_type=\"image.default\">\n\t\t\t\t<div class=\"elementor-widget-container\">\n\t\t\t\t\t\t\t\t\t\t\t\t\t\t\t<img loading=\"lazy\" decoding=\"async\" width=\"800\" height=\"450\" src=\"https:\/\/looketmedecine.fr\/wp-content\/uploads\/2023\/05\/Sans-titre-7.png\" class=\"attachment-large size-large wp-image-15683\" alt=\"\" srcset=\"https:\/\/looketmedecine.fr\/wp-content\/uploads\/2023\/05\/Sans-titre-7.png 945w, https:\/\/looketmedecine.fr\/wp-content\/uploads\/2023\/05\/Sans-titre-7-300x169.png 300w, https:\/\/looketmedecine.fr\/wp-content\/uploads\/2023\/05\/Sans-titre-7-768x432.png 768w, https:\/\/looketmedecine.fr\/wp-content\/uploads\/2023\/05\/Sans-titre-7-18x10.png 18w\" sizes=\"(max-width: 800px) 100vw, 800px\" \/>\t\t\t\t\t\t\t\t\t\t\t\t\t\t\t<\/div>\n\t\t\t\t<\/div>\n\t\t\t\t<div class=\"elementor-element elementor-element-6277b32 elementor-widget elementor-widget-heading\" data-id=\"6277b32\" data-element_type=\"widget\" data-e-type=\"widget\" data-widget_type=\"heading.default\">\n\t\t\t\t<div class=\"elementor-widget-container\">\n\t\t\t\t\t<h2 class=\"elementor-heading-title elementor-size-default\">PERFORMING ACTS <br>\n<br>STEP 3: BITTERNESS FOLDS <\/h2>\t\t\t\t<\/div>\n\t\t\t\t<\/div>\n\t\t\t\t<div class=\"elementor-element elementor-element-2c6c916 elementor-widget elementor-widget-text-editor\" data-id=\"2c6c916\" data-element_type=\"widget\" data-e-type=\"widget\" data-widget_type=\"text-editor.default\">\n\t\t\t\t<div class=\"elementor-widget-container\">\n\t\t\t\t\t\t\t\t\t<h5><span style=\"color: #0000ff;\">This area is marked by a complex muscular zone associating the Orbicularis Oris, the Depressor Anguli Oris, the Mentalis and the Depressor Labii inferiori.<\/span><\/h5><h5><span style=\"color: #0000ff;\">Botulinum toxin was injected into the DAO in 2 points, one superior and superficial at the level of the motor plate of 2 U and a second point one cm lower and deeper of 2 U as well.<\/span><\/h5><h5><span style=\"color: #0000ff;\">15 days later, a top-up with HA to perfect the result.<\/span><\/h5>\t\t\t\t\t\t\t\t<\/div>\n\t\t\t\t<\/div>\n\t\t\t\t<div class=\"elementor-element elementor-element-11d2801 elementor-widget elementor-widget-image\" data-id=\"11d2801\" data-element_type=\"widget\" data-e-type=\"widget\" data-widget_type=\"image.default\">\n\t\t\t\t<div class=\"elementor-widget-container\">\n\t\t\t\t\t\t\t\t\t\t\t\t\t\t\t<img loading=\"lazy\" decoding=\"async\" width=\"800\" height=\"450\" src=\"https:\/\/looketmedecine.fr\/wp-content\/uploads\/2023\/05\/Sans-titre-8.png\" class=\"attachment-large size-large wp-image-15687\" alt=\"\" srcset=\"https:\/\/looketmedecine.fr\/wp-content\/uploads\/2023\/05\/Sans-titre-8.png 945w, https:\/\/looketmedecine.fr\/wp-content\/uploads\/2023\/05\/Sans-titre-8-300x169.png 300w, https:\/\/looketmedecine.fr\/wp-content\/uploads\/2023\/05\/Sans-titre-8-768x432.png 768w, https:\/\/looketmedecine.fr\/wp-content\/uploads\/2023\/05\/Sans-titre-8-18x10.png 18w\" sizes=\"(max-width: 800px) 100vw, 800px\" \/>\t\t\t\t\t\t\t\t\t\t\t\t\t\t\t<\/div>\n\t\t\t\t<\/div>\n\t\t\t\t<div class=\"elementor-element elementor-element-e1ba6b5 elementor-widget elementor-widget-heading\" data-id=\"e1ba6b5\" data-element_type=\"widget\" data-e-type=\"widget\" data-widget_type=\"heading.default\">\n\t\t\t\t<div class=\"elementor-widget-container\">\n\t\t\t\t\t<h2 class=\"elementor-heading-title elementor-size-default\">PERFORMING ACTS <br>\n<br>STEP 4: FOREHEAD AND TEMPORAL FOSSA <\/h2>\t\t\t\t<\/div>\n\t\t\t\t<\/div>\n\t\t\t\t<div class=\"elementor-element elementor-element-7f48cf7 elementor-widget elementor-widget-text-editor\" data-id=\"7f48cf7\" data-element_type=\"widget\" data-e-type=\"widget\" data-widget_type=\"text-editor.default\">\n\t\t\t\t<div class=\"elementor-widget-container\">\n\t\t\t\t\t\t\t\t\t<h5><span style=\"color: #0000ff;\">This is probably the most important area after the cheekbones, because as we age, fat melts from this region, inverting the beauty triangle. In fact, the young face is a triangle whose base is represented by a line passing through the two temporal areas, the apex being represented by the chin. As the fat melts from the temporal area, the beauty triangle is inverted, which is why it's so important to fill out this area in order to recreate the lost beauty.<\/span><\/h5><h5><span style=\"color: #0000ff;\">The temporal fossa can be injected in two ways: either with a minimum 25G cannula deep into the temporalis muscle, or with a 27G needle in contact with the temporal bone. The needle is preferable if the temporal fossa is small, and the cannula if larger, to avoid iterative injections.<\/span><\/h5><h5><span style=\"color: #0000ff;\">For the forehead, after a truncal anesthesia of the supraorbital and supratrochlear nerves, we perform a hydrotomy, then after a 20-minute latency period, we inject a reticulated HA to naturally curve the forehead, creating that perfect continuity between the forehead and the temporal fossa that represents a beauty criterion for the upper 1\/3 of the face.<\/span><\/h5><h5><span style=\"color: #0000ff;\">The forehead is the largest anatomical unit of the face, and plays an important role in facial balance and harmony.<\/span><\/h5><h5><span style=\"color: #0000ff;\">A beautiful, youthful forehead is one that is wide and, above all, forms a perfect curve with the temporal region. Sometimes there's a break between the temporal area and the forehead, and we need to work hard to transform this break into a perfect curve.<\/span><\/h5><h5><span style=\"color: #0000ff;\">AH 2CC was injected with a 22G 70 mm cannula.<\/span><\/h5>\t\t\t\t\t\t\t\t<\/div>\n\t\t\t\t<\/div>\n\t\t\t\t<div class=\"elementor-element elementor-element-b115b0f elementor-widget elementor-widget-image\" data-id=\"b115b0f\" data-element_type=\"widget\" data-e-type=\"widget\" data-widget_type=\"image.default\">\n\t\t\t\t<div class=\"elementor-widget-container\">\n\t\t\t\t\t\t\t\t\t\t\t\t\t\t\t<img loading=\"lazy\" decoding=\"async\" width=\"800\" height=\"450\" src=\"https:\/\/looketmedecine.fr\/wp-content\/uploads\/2023\/05\/Sans-titre-9.png\" class=\"attachment-large size-large wp-image-15691\" alt=\"\" srcset=\"https:\/\/looketmedecine.fr\/wp-content\/uploads\/2023\/05\/Sans-titre-9.png 945w, https:\/\/looketmedecine.fr\/wp-content\/uploads\/2023\/05\/Sans-titre-9-300x169.png 300w, https:\/\/looketmedecine.fr\/wp-content\/uploads\/2023\/05\/Sans-titre-9-768x432.png 768w, https:\/\/looketmedecine.fr\/wp-content\/uploads\/2023\/05\/Sans-titre-9-18x10.png 18w\" sizes=\"(max-width: 800px) 100vw, 800px\" \/>\t\t\t\t\t\t\t\t\t\t\t\t\t\t\t<\/div>\n\t\t\t\t<\/div>\n\t\t\t\t<div class=\"elementor-element elementor-element-9944cdc elementor-widget elementor-widget-heading\" data-id=\"9944cdc\" data-element_type=\"widget\" data-e-type=\"widget\" data-widget_type=\"heading.default\">\n\t\t\t\t<div class=\"elementor-widget-container\">\n\t\t\t\t\t<h2 class=\"elementor-heading-title elementor-size-default\">PERFORMING ACTS <br>\n<br>STEP 5: VALLEY OF TEARS <\/h2>\t\t\t\t<\/div>\n\t\t\t\t<\/div>\n\t\t\t\t<div class=\"elementor-element elementor-element-dc84237 elementor-widget elementor-widget-text-editor\" data-id=\"dc84237\" data-element_type=\"widget\" data-e-type=\"widget\" data-widget_type=\"text-editor.default\">\n\t\t\t\t<div class=\"elementor-widget-container\">\n\t\t\t\t\t\t\t\t\t<h5><span style=\"color: #0000ff;\">The appearance of dark circles or tear troughs gives the face a tired look that our patients don't like. The loss of volume at this level leads to a skeletonization of the eyes, resulting in aging of the area. It's not enough just to fill in the dark circles, but also to create a new curve between the lower eyelid and the nasolabial fold, the beauty criterion of the middle third of the face.<\/span><\/h5><h5><span style=\"color: #0000ff;\">Bone-contact needle injection, slightly cross-linked AH injected with a 30G needle. Alternatively, use a 50 mm-long, 25 G cannula. Quantity 0.3 cc per side.<\/span><\/h5>\t\t\t\t\t\t\t\t<\/div>\n\t\t\t\t<\/div>\n\t\t\t\t<div class=\"elementor-element elementor-element-92bde92 elementor-widget elementor-widget-image\" data-id=\"92bde92\" data-element_type=\"widget\" data-e-type=\"widget\" data-widget_type=\"image.default\">\n\t\t\t\t<div class=\"elementor-widget-container\">\n\t\t\t\t\t\t\t\t\t\t\t\t\t\t\t<img loading=\"lazy\" decoding=\"async\" width=\"800\" height=\"450\" src=\"https:\/\/looketmedecine.fr\/wp-content\/uploads\/2023\/05\/Sans-titre-10.png\" class=\"attachment-large size-large wp-image-15692\" alt=\"\" srcset=\"https:\/\/looketmedecine.fr\/wp-content\/uploads\/2023\/05\/Sans-titre-10.png 945w, https:\/\/looketmedecine.fr\/wp-content\/uploads\/2023\/05\/Sans-titre-10-300x169.png 300w, https:\/\/looketmedecine.fr\/wp-content\/uploads\/2023\/05\/Sans-titre-10-768x432.png 768w, https:\/\/looketmedecine.fr\/wp-content\/uploads\/2023\/05\/Sans-titre-10-18x10.png 18w\" sizes=\"(max-width: 800px) 100vw, 800px\" \/>\t\t\t\t\t\t\t\t\t\t\t\t\t\t\t<\/div>\n\t\t\t\t<\/div>\n\t\t\t\t<div class=\"elementor-element elementor-element-8e2a2bb elementor-widget elementor-widget-heading\" data-id=\"8e2a2bb\" data-element_type=\"widget\" data-e-type=\"widget\" data-widget_type=\"heading.default\">\n\t\t\t\t<div class=\"elementor-widget-container\">\n\t\t\t\t\t<h2 class=\"elementor-heading-title elementor-size-default\">PERFORMING ACTS <br>\n<br>STEP 6: THE CHIN<\/h2>\t\t\t\t<\/div>\n\t\t\t\t<\/div>\n\t\t\t\t<div class=\"elementor-element elementor-element-f8fbeb6 elementor-widget elementor-widget-text-editor\" data-id=\"f8fbeb6\" data-element_type=\"widget\" data-e-type=\"widget\" data-widget_type=\"text-editor.default\">\n\t\t\t\t<div class=\"elementor-widget-container\">\n\t\t\t\t\t\t\t\t\t<h5><span style=\"color: #0000ff;\">The injection must be made with a needle in contact with the bone, but the cannula is also very useful in this area when you want to enlarge the volumization zone.<\/span><\/h5><h5><span style=\"color: #0000ff;\">The beauty criterion for the lower 1\/3 of the face: the chin must be in line with the upper lip.<\/span><\/h5><h5><span style=\"color: #0000ff;\">The chin plays a very important role in the beauty of the lower 1\/3 of the face, which is why it's so important to examine our patients in profile too.<\/span><\/h5><h5><span style=\"color: #0000ff;\">In addition, projecting the chin will significantly improve the oval shape of the face, which is a concern for our patients from their fifties onwards.<\/span><\/h5><h5><span style=\"color: #0000ff;\">Quantity injected: 0.3 cc.<\/span><\/h5>\t\t\t\t\t\t\t\t<\/div>\n\t\t\t\t<\/div>\n\t\t\t\t<div class=\"elementor-element elementor-element-142474f elementor-widget elementor-widget-image\" data-id=\"142474f\" data-element_type=\"widget\" data-e-type=\"widget\" data-widget_type=\"image.default\">\n\t\t\t\t<div class=\"elementor-widget-container\">\n\t\t\t\t\t\t\t\t\t\t\t\t\t\t\t<img loading=\"lazy\" decoding=\"async\" width=\"800\" height=\"450\" src=\"https:\/\/looketmedecine.fr\/wp-content\/uploads\/2023\/05\/Sans-titre-11.png\" class=\"attachment-large size-large wp-image-15693\" alt=\"\" srcset=\"https:\/\/looketmedecine.fr\/wp-content\/uploads\/2023\/05\/Sans-titre-11.png 904w, https:\/\/looketmedecine.fr\/wp-content\/uploads\/2023\/05\/Sans-titre-11-300x169.png 300w, https:\/\/looketmedecine.fr\/wp-content\/uploads\/2023\/05\/Sans-titre-11-768x432.png 768w, https:\/\/looketmedecine.fr\/wp-content\/uploads\/2023\/05\/Sans-titre-11-18x10.png 18w\" sizes=\"(max-width: 800px) 100vw, 800px\" \/>\t\t\t\t\t\t\t\t\t\t\t\t\t\t\t<\/div>\n\t\t\t\t<\/div>\n\t\t\t\t<div class=\"elementor-element elementor-element-95699f4 elementor-widget elementor-widget-heading\" data-id=\"95699f4\" data-element_type=\"widget\" data-e-type=\"widget\" data-widget_type=\"heading.default\">\n\t\t\t\t<div class=\"elementor-widget-container\">\n\t\t\t\t\t<h2 class=\"elementor-heading-title elementor-size-default\">PERFORMING ACTS <br>\n<br>STEP 7: THE NOSE <\/h2>\t\t\t\t<\/div>\n\t\t\t\t<\/div>\n\t\t\t\t<div class=\"elementor-element elementor-element-c13e73a elementor-widget elementor-widget-text-editor\" data-id=\"c13e73a\" data-element_type=\"widget\" data-e-type=\"widget\" data-widget_type=\"text-editor.default\">\n\t\t\t\t<div class=\"elementor-widget-container\">\n\t\t\t\t\t\t\t\t\t<h5><span style=\"color: #0000ff;\">The nose plays a major role in the beauty of the face. Over the years, there is a moderate ptosis of the tip, and simply raising the tip by even 2 mm will significantly rejuvenate and beautify the face.<\/span><\/h5><h5><span style=\"color: #0000ff;\">The nose is a highly vascularized anatomical zone, so the 25G 50mm cannula is the preferred choice, especially to avoid the risk of necrosis.<\/span><\/h5><h5><span style=\"color: #0000ff;\">The criterion of beauty must be a straight nose, for men as well as women, whereas 20 years ago all women wanted a little snub nose.<\/span><\/h5><h5><span style=\"color: #0000ff;\">The nose and chin are extremely closely linked in the beauty of the lower 1\/3 of the face, and there is a real harmony between these 2 anatomical zones that needs to be respected or corrected.<\/span><\/h5><h5><span style=\"color: #0000ff;\">Quantity injected: 0.2 cc.<\/span><\/h5>\t\t\t\t\t\t\t\t<\/div>\n\t\t\t\t<\/div>\n\t\t\t\t<div class=\"elementor-element elementor-element-66dad33 elementor-widget elementor-widget-image\" data-id=\"66dad33\" data-element_type=\"widget\" data-e-type=\"widget\" data-widget_type=\"image.default\">\n\t\t\t\t<div class=\"elementor-widget-container\">\n\t\t\t\t\t\t\t\t\t\t\t\t\t\t\t<img loading=\"lazy\" decoding=\"async\" width=\"800\" height=\"451\" src=\"https:\/\/looketmedecine.fr\/wp-content\/uploads\/2023\/05\/Sans-titre-12.png\" class=\"attachment-large size-large wp-image-15700\" alt=\"\" srcset=\"https:\/\/looketmedecine.fr\/wp-content\/uploads\/2023\/05\/Sans-titre-12.png 902w, https:\/\/looketmedecine.fr\/wp-content\/uploads\/2023\/05\/Sans-titre-12-300x169.png 300w, https:\/\/looketmedecine.fr\/wp-content\/uploads\/2023\/05\/Sans-titre-12-768x433.png 768w, https:\/\/looketmedecine.fr\/wp-content\/uploads\/2023\/05\/Sans-titre-12-18x10.png 18w\" sizes=\"(max-width: 800px) 100vw, 800px\" \/>\t\t\t\t\t\t\t\t\t\t\t\t\t\t\t<\/div>\n\t\t\t\t<\/div>\n\t\t\t\t<div class=\"elementor-element elementor-element-deea971 elementor-widget elementor-widget-heading\" data-id=\"deea971\" data-element_type=\"widget\" data-e-type=\"widget\" data-widget_type=\"heading.default\">\n\t\t\t\t<div class=\"elementor-widget-container\">\n\t\t\t\t\t<h2 class=\"elementor-heading-title elementor-size-default\">MODEL RESULTS <\/h2>\t\t\t\t<\/div>\n\t\t\t\t<\/div>\n\t\t\t\t<div class=\"elementor-element elementor-element-0b004e1 elementor-widget elementor-widget-text-editor\" data-id=\"0b004e1\" data-element_type=\"widget\" data-e-type=\"widget\" data-widget_type=\"text-editor.default\">\n\t\t\t\t<div class=\"elementor-widget-container\">\n\t\t\t\t\t\t\t\t\t<h5><span style=\"color: #0000ff;\"><strong>All these areas were treated on the same patient, with a very natural result.<\/strong><\/span><\/h5><h5><span style=\"color: #0000ff;\"><strong>For the entire face, we used 6.5 cc of Hyaluronic Acid and 4 units of Botulinum Toxin.<\/strong><\/span><\/h5>\t\t\t\t\t\t\t\t<\/div>\n\t\t\t\t<\/div>\n\t\t\t\t<div class=\"elementor-element elementor-element-694201b elementor-widget elementor-widget-gallery\" data-id=\"694201b\" data-element_type=\"widget\" data-e-type=\"widget\" data-settings=\"{&quot;gallery_layout&quot;:&quot;justified&quot;,&quot;ideal_row_height&quot;:{&quot;unit&quot;:&quot;px&quot;,&quot;size&quot;:434,&quot;sizes&quot;:[]},&quot;lazyload&quot;:&quot;yes&quot;,&quot;ideal_row_height_tablet&quot;:{&quot;unit&quot;:&quot;px&quot;,&quot;size&quot;:150,&quot;sizes&quot;:[]},&quot;ideal_row_height_mobile&quot;:{&quot;unit&quot;:&quot;px&quot;,&quot;size&quot;:150,&quot;sizes&quot;:[]},&quot;gap&quot;:{&quot;unit&quot;:&quot;px&quot;,&quot;size&quot;:10,&quot;sizes&quot;:[]},&quot;gap_tablet&quot;:{&quot;unit&quot;:&quot;px&quot;,&quot;size&quot;:10,&quot;sizes&quot;:[]},&quot;gap_mobile&quot;:{&quot;unit&quot;:&quot;px&quot;,&quot;size&quot;:10,&quot;sizes&quot;:[]},&quot;link_to&quot;:&quot;file&quot;,&quot;overlay_background&quot;:&quot;yes&quot;,&quot;content_hover_animation&quot;:&quot;fade-in&quot;}\" data-widget_type=\"gallery.default\">\n\t\t\t\t<div class=\"elementor-widget-container\">\n\t\t\t\t\t\t\t<div class=\"elementor-gallery__container\">\n\t\t\t\t\t\t\t<a class=\"e-gallery-item elementor-gallery-item elementor-animated-content\" href=\"https:\/\/looketmedecine.fr\/wp-content\/uploads\/2023\/05\/Sans-titre-13.png\" data-elementor-open-lightbox=\"yes\" data-elementor-lightbox-slideshow=\"694201b\" data-elementor-lightbox-title=\"Sans titre\" data-e-action-hash=\"#elementor-action%3Aaction%3Dlightbox%26settings%3DeyJpZCI6MTU3MDQsInVybCI6Imh0dHBzOlwvXC9sb29rZXRtZWRlY2luZS5mclwvd3AtY29udGVudFwvdXBsb2Fkc1wvMjAyM1wvMDVcL1NhbnMtdGl0cmUtMTMucG5nIiwic2xpZGVzaG93IjoiNjk0MjAxYiJ9\">\n\t\t\t\t\t<div class=\"e-gallery-image elementor-gallery-item__image\" data-thumbnail=\"https:\/\/looketmedecine.fr\/wp-content\/uploads\/2023\/05\/Sans-titre-13.png\" data-width=\"991\" data-height=\"558\" aria-label=\"\" role=\"img\" ><\/div>\n\t\t\t\t\t\t\t\t\t\t\t<div class=\"elementor-gallery-item__overlay\"><\/div>\n\t\t\t\t\t\t\t\t\t\t\t\t\t\t<\/a>\n\t\t\t\t\t\t\t<a class=\"e-gallery-item elementor-gallery-item elementor-animated-content\" href=\"https:\/\/looketmedecine.fr\/wp-content\/uploads\/2023\/05\/Sans-titre-14.png\" data-elementor-open-lightbox=\"yes\" data-elementor-lightbox-slideshow=\"694201b\" data-elementor-lightbox-title=\"Sans titre\" data-e-action-hash=\"#elementor-action%3Aaction%3Dlightbox%26settings%3DeyJpZCI6MTU3MDUsInVybCI6Imh0dHBzOlwvXC9sb29rZXRtZWRlY2luZS5mclwvd3AtY29udGVudFwvdXBsb2Fkc1wvMjAyM1wvMDVcL1NhbnMtdGl0cmUtMTQucG5nIiwic2xpZGVzaG93IjoiNjk0MjAxYiJ9\">\n\t\t\t\t\t<div class=\"e-gallery-image elementor-gallery-item__image\" data-thumbnail=\"https:\/\/looketmedecine.fr\/wp-content\/uploads\/2023\/05\/Sans-titre-14.png\" data-width=\"945\" data-height=\"531\" aria-label=\"\" role=\"img\" ><\/div>\n\t\t\t\t\t\t\t\t\t\t\t<div class=\"elementor-gallery-item__overlay\"><\/div>\n\t\t\t\t\t\t\t\t\t\t\t\t\t\t<\/a>\n\t\t\t\t\t\t\t<a class=\"e-gallery-item elementor-gallery-item elementor-animated-content\" href=\"https:\/\/looketmedecine.fr\/wp-content\/uploads\/2023\/05\/Sans-titre-15.png\" data-elementor-open-lightbox=\"yes\" data-elementor-lightbox-slideshow=\"694201b\" data-elementor-lightbox-title=\"Sans titre\" data-e-action-hash=\"#elementor-action%3Aaction%3Dlightbox%26settings%3DeyJpZCI6MTU3MDcsInVybCI6Imh0dHBzOlwvXC9sb29rZXRtZWRlY2luZS5mclwvd3AtY29udGVudFwvdXBsb2Fkc1wvMjAyM1wvMDVcL1NhbnMtdGl0cmUtMTUucG5nIiwic2xpZGVzaG93IjoiNjk0MjAxYiJ9\">\n\t\t\t\t\t<div class=\"e-gallery-image elementor-gallery-item__image\" data-thumbnail=\"https:\/\/looketmedecine.fr\/wp-content\/uploads\/2023\/05\/Sans-titre-15.png\" data-width=\"945\" data-height=\"531\" aria-label=\"\" role=\"img\" ><\/div>\n\t\t\t\t\t\t\t\t\t\t\t<div class=\"elementor-gallery-item__overlay\"><\/div>\n\t\t\t\t\t\t\t\t\t\t\t\t\t\t<\/a>\n\t\t\t\t\t\t\t<a class=\"e-gallery-item elementor-gallery-item elementor-animated-content\" href=\"https:\/\/looketmedecine.fr\/wp-content\/uploads\/2023\/05\/Sans-titre-16.png\" data-elementor-open-lightbox=\"yes\" data-elementor-lightbox-slideshow=\"694201b\" data-elementor-lightbox-title=\"Sans titre\" data-e-action-hash=\"#elementor-action%3Aaction%3Dlightbox%26settings%3DeyJpZCI6MTU3MDgsInVybCI6Imh0dHBzOlwvXC9sb29rZXRtZWRlY2luZS5mclwvd3AtY29udGVudFwvdXBsb2Fkc1wvMjAyM1wvMDVcL1NhbnMtdGl0cmUtMTYucG5nIiwic2xpZGVzaG93IjoiNjk0MjAxYiJ9\">\n\t\t\t\t\t<div class=\"e-gallery-image elementor-gallery-item__image\" data-thumbnail=\"https:\/\/looketmedecine.fr\/wp-content\/uploads\/2023\/05\/Sans-titre-16.png\" data-width=\"945\" data-height=\"531\" aria-label=\"\" role=\"img\" ><\/div>\n\t\t\t\t\t\t\t\t\t\t\t<div class=\"elementor-gallery-item__overlay\"><\/div>\n\t\t\t\t\t\t\t\t\t\t\t\t\t\t<\/a>\n\t\t\t\t\t<\/div>\n\t\t\t\t\t<\/div>\n\t\t\t\t<\/div>\n\t\t\t\t<div class=\"elementor-element elementor-element-044057d elementor-widget elementor-widget-image\" data-id=\"044057d\" data-element_type=\"widget\" data-e-type=\"widget\" data-widget_type=\"image.default\">\n\t\t\t\t<div class=\"elementor-widget-container\">\n\t\t\t\t\t\t\t\t\t\t\t\t\t\t\t<img loading=\"lazy\" decoding=\"async\" width=\"945\" height=\"531\" src=\"https:\/\/looketmedecine.fr\/wp-content\/uploads\/2023\/05\/Sans-titre-18.png\" class=\"attachment-2048x2048 size-2048x2048 wp-image-15716\" alt=\"\" srcset=\"https:\/\/looketmedecine.fr\/wp-content\/uploads\/2023\/05\/Sans-titre-18.png 945w, https:\/\/looketmedecine.fr\/wp-content\/uploads\/2023\/05\/Sans-titre-18-300x169.png 300w, https:\/\/looketmedecine.fr\/wp-content\/uploads\/2023\/05\/Sans-titre-18-768x432.png 768w, https:\/\/looketmedecine.fr\/wp-content\/uploads\/2023\/05\/Sans-titre-18-18x10.png 18w\" sizes=\"(max-width: 945px) 100vw, 945px\" \/>\t\t\t\t\t\t\t\t\t\t\t\t\t\t\t<\/div>\n\t\t\t\t<\/div>\n\t\t\t\t<div class=\"elementor-element elementor-element-fefd6fd elementor-widget elementor-widget-image\" data-id=\"fefd6fd\" data-element_type=\"widget\" data-e-type=\"widget\" data-widget_type=\"image.default\">\n\t\t\t\t<div class=\"elementor-widget-container\">\n\t\t\t\t\t\t\t\t\t\t\t\t\t\t\t<img loading=\"lazy\" decoding=\"async\" width=\"945\" height=\"531\" src=\"https:\/\/looketmedecine.fr\/wp-content\/uploads\/2023\/05\/Sans-titre-19.png\" class=\"attachment-2048x2048 size-2048x2048 wp-image-15717\" alt=\"\" srcset=\"https:\/\/looketmedecine.fr\/wp-content\/uploads\/2023\/05\/Sans-titre-19.png 945w, https:\/\/looketmedecine.fr\/wp-content\/uploads\/2023\/05\/Sans-titre-19-300x169.png 300w, https:\/\/looketmedecine.fr\/wp-content\/uploads\/2023\/05\/Sans-titre-19-768x432.png 768w, https:\/\/looketmedecine.fr\/wp-content\/uploads\/2023\/05\/Sans-titre-19-18x10.png 18w\" sizes=\"(max-width: 945px) 100vw, 945px\" \/>\t\t\t\t\t\t\t\t\t\t\t\t\t\t\t<\/div>\n\t\t\t\t<\/div>\n\t\t\t\t<div class=\"elementor-element elementor-element-698f73a elementor-widget elementor-widget-heading\" data-id=\"698f73a\" data-element_type=\"widget\" data-e-type=\"widget\" data-widget_type=\"heading.default\">\n\t\t\t\t<div class=\"elementor-widget-container\">\n\t\t\t\t\t<h2 class=\"elementor-heading-title elementor-size-default\">CONCLUSION<\/h2>\t\t\t\t<\/div>\n\t\t\t\t<\/div>\n\t\t\t\t<div class=\"elementor-element elementor-element-8d559a0 elementor-widget elementor-widget-text-editor\" data-id=\"8d559a0\" data-element_type=\"widget\" data-e-type=\"widget\" data-widget_type=\"text-editor.default\">\n\t\t\t\t<div class=\"elementor-widget-container\">\n\t\t\t\t\t\t\t\t\t<h5><span style=\"color: #0000ff;\">We must never forget that a detail can change everything for the better or for the worse. Didn't Leonardo da Vinci say: \"Details make beauty, but beauty is not a detail.<\/span><\/h5><h5><span style=\"color: #0000ff;\">In conclusion, hollow means shadow, and shadow means ageing, while volume means light, and light means beauty and youth.<\/span><\/h5><h5><span style=\"color: #0000ff;\">Beauty pleases the eye and charm pleases the heart. In other words, when we find someone beautiful, it's our eyes that speak, and when we find someone charming, it's our heart that speaks.<\/span><\/h5>\t\t\t\t\t\t\t\t<\/div>\n\t\t\t\t<\/div>\n\t\t\t\t<div class=\"elementor-element elementor-element-0aa5f73 elementor-widget elementor-widget-text-editor\" data-id=\"0aa5f73\" data-element_type=\"widget\" data-e-type=\"widget\" data-widget_type=\"text-editor.default\">\n\t\t\t\t<div class=\"elementor-widget-container\">\n\t\t\t\t\t\t\t\t\t<h6><span style=\"color: #800080;\"><strong>BIBLIOGRAPHY <\/strong><\/span><\/h6><h6><span style=\"color: #800080;\">Fournier PF. Facial recontouring with fat grafting. Dermatol. Clin. 1990; 8: 523<\/span><\/h6><h6><span style=\"color: #800080;\">Pitanguy Yvon. Aesthetics of the face. Revista Medica. March 2003<\/span><\/h6><h6><span style=\"color: #800080;\">Ramirez OM. Full face rejuvenation in three dimensions: A \"face-lifting\" for the new millennium. Aesth Plast Surg 2001; 25: 152-164.<\/span><\/h6><h6><span style=\"color: #800080;\">Coleman S.E. Facial recontouring with lipostructure. Clin. Plast. Surg. 1997; 24: 347.<\/span><\/h6><h6><span style=\"color: #800080;\">Amsellem J.P. La lipoplastie cervico-faciale. Journal de l'AFME. <a style=\"color: #800080;\" href=\"https:\/\/www.afme.org\/visage\/fillers\/embellissement-naturel-du-visage-a-propos-dun-modele\/\" target=\"_blank\" rel=\"noopener noreferrer nofollow\">https:\/\/www.afme.org\/visage\/fillers\/embellissement-naturel-du-visage-a-propos-dun-modele\/<\/a><\/span><\/h6><h6><span style=\"color: #800080;\">Amsellem JP.  Beauty is in the fat. Book 2010<\/span><\/h6><h6><span style=\"color: #800080;\">Amsellem JP. Beauty sublimated.  Book 2018<\/span><\/h6><h6><span style=\"color: #800080;\">Amsellem JP. Angular rhinomodulation. Book 2009<\/span><\/h6><h6><span style=\"color: #800080;\">Amsellem JP. The vector face lift. Book 2011<\/span><\/h6><h6><span style=\"color: #800080;\">Amsellem JP. Ombre et lumi\u00e8re. Book 2010<\/span><\/h6>\t\t\t\t\t\t\t\t<\/div>\n\t\t\t\t<\/div>\n\t\t\t\t<div class=\"elementor-element elementor-element-9a69411 elementor-widget elementor-widget-image\" data-id=\"9a69411\" data-element_type=\"widget\" data-e-type=\"widget\" data-widget_type=\"image.default\">\n\t\t\t\t<div class=\"elementor-widget-container\">\n\t\t\t\t\t\t\t\t\t\t\t\t\t\t\t<img loading=\"lazy\" decoding=\"async\" width=\"481\" height=\"482\" src=\"https:\/\/looketmedecine.fr\/wp-content\/uploads\/2023\/04\/Capture-decran-2023-04-23-a-09.36.17.png\" class=\"attachment-large size-large wp-image-14687\" alt=\"loves paris 2023\" srcset=\"https:\/\/looketmedecine.fr\/wp-content\/uploads\/2023\/04\/Capture-decran-2023-04-23-a-09.36.17.png 481w, https:\/\/looketmedecine.fr\/wp-content\/uploads\/2023\/04\/Capture-decran-2023-04-23-a-09.36.17-300x300.png 300w, https:\/\/looketmedecine.fr\/wp-content\/uploads\/2023\/04\/Capture-decran-2023-04-23-a-09.36.17-150x150.png 150w, https:\/\/looketmedecine.fr\/wp-content\/uploads\/2023\/04\/Capture-decran-2023-04-23-a-09.36.17-12x12.png 12w\" sizes=\"(max-width: 481px) 100vw, 481px\" \/>\t\t\t\t\t\t\t\t\t\t\t\t\t\t\t<\/div>\n\t\t\t\t<\/div>\n\t\t\t\t<\/div>\n\t\t\t\t<\/div>","protected":false},"excerpt":{"rendered":"<p>Un autre regard sur la sant\u00e9 esth\u00e9tique du visage L\u2019embellissement naturel du visage. \u00c0 propos d\u2019un mod\u00e8le. Jean-Pierre AMSELLEM, MD Association fran\u00e7aise de m\u00e9decine esth\u00e9tique et anti-\u00e2ge INTRODUCTION Rajeunir bien s\u00fbr mais surtout embellir\u00a0: \u00e0 quoi servirait de rajeunir un visage qui n\u2019aurait jamais \u00e9t\u00e9 beau\u00a0auparavant ? Ce que veulent nos patientes c\u2019est surtout retrouver [&hellip;]<\/p>\n","protected":false},"author":2,"featured_media":15643,"comment_status":"closed","ping_status":"closed","sticky":false,"template":"","format":"standard","meta":{"_acf_changed":false,"footnotes":""},"categories":[156,152],"tags":[316,319,307],"auteur":[405],"mots-cles":[],"class_list":["post-15642","post","type-post","status-publish","format-standard","has-post-thumbnail","hentry","category-procedures-therapeutiques-fr","category-un-autre-regards","tag-lm1-theme-un-autre-regard-2023","tag-lm1-tout-ce-que-vous-voulez-savoir-2023","tag-replay-lm1-2023","auteur-jean-pierre-amsellem"],"acf":[],"yoast_head":"<!-- This site is optimized with the Yoast SEO plugin v27.5 - https:\/\/yoast.com\/product\/yoast-seo-wordpress\/ -->\n<title>LM N\u00b01 \/ 2023. L&#039;embellissement naturel du visage. \u00c0 propos d\u2019un mod\u00e8le. Jean-Pierre AMSELLEM - Revue fran\u00e7aise N\u00b01 pour la recherche en sant\u00e9 esth\u00e9tique<\/title>\n<meta name=\"robots\" content=\"index, follow, max-snippet:-1, max-image-preview:large, max-video-preview:-1\" \/>\n<link rel=\"canonical\" href=\"https:\/\/looketmedecine.fr\/en\/wp-json\/wp\/v2\/posts\/15642\" \/>\n<meta property=\"og:locale\" content=\"en_US\" \/>\n<meta property=\"og:type\" content=\"article\" \/>\n<meta property=\"og:title\" content=\"LM N\u00b01 \/ 2023. L&#039;embellissement naturel du visage. \u00c0 propos d\u2019un mod\u00e8le. Jean-Pierre AMSELLEM - Revue fran\u00e7aise N\u00b01 pour la recherche en sant\u00e9 esth\u00e9tique\" \/>\n<meta property=\"og:description\" content=\"Un autre regard sur la sant\u00e9 esth\u00e9tique du visage L\u2019embellissement naturel du visage. \u00c0 propos d\u2019un mod\u00e8le. Jean-Pierre AMSELLEM, MD Association fran\u00e7aise de m\u00e9decine esth\u00e9tique et anti-\u00e2ge INTRODUCTION Rajeunir bien s\u00fbr mais surtout embellir\u00a0: \u00e0 quoi servirait de rajeunir un visage qui n\u2019aurait jamais \u00e9t\u00e9 beau\u00a0auparavant ? Ce que veulent nos patientes c\u2019est surtout retrouver [&hellip;]\" \/>\n<meta property=\"og:url\" content=\"https:\/\/looketmedecine.fr\/en\/lembellissement-naturel-du-visage-a-propos-dun-modele\/\" \/>\n<meta property=\"og:site_name\" content=\"Revue fran\u00e7aise N\u00b01 pour la recherche en sant\u00e9 esth\u00e9tique\" \/>\n<meta property=\"article:publisher\" content=\"https:\/\/www.facebook.com\/looketmedecine.magazine\/\" \/>\n<meta property=\"article:published_time\" content=\"2023-05-10T21:50:45+00:00\" \/>\n<meta property=\"article:modified_time\" content=\"2024-10-05T21:29:46+00:00\" \/>\n<meta property=\"og:image\" content=\"https:\/\/looketmedecine.fr\/wp-content\/uploads\/2023\/05\/JPE-.png\" \/>\n\t<meta property=\"og:image:width\" content=\"247\" \/>\n\t<meta property=\"og:image:height\" content=\"358\" \/>\n\t<meta property=\"og:image:type\" content=\"image\/png\" \/>\n<meta name=\"author\" content=\"Albert-Claude Benhamou\" \/>\n<meta name=\"twitter:card\" content=\"summary_large_image\" \/>\n<meta name=\"twitter:label1\" content=\"Written by\" \/>\n\t<meta name=\"twitter:data1\" content=\"Albert-Claude Benhamou\" \/>\n\t<meta name=\"twitter:label2\" content=\"Est. reading time\" \/>\n\t<meta name=\"twitter:data2\" content=\"10 minutes\" \/>\n<script type=\"application\/ld+json\" class=\"yoast-schema-graph\">{\"@context\":\"https:\\\/\\\/schema.org\",\"@graph\":[{\"@type\":\"Article\",\"@id\":\"https:\\\/\\\/looketmedecine.fr\\\/en\\\/lembellissement-naturel-du-visage-a-propos-dun-modele\\\/#article\",\"isPartOf\":{\"@id\":\"https:\\\/\\\/looketmedecine.fr\\\/en\\\/lembellissement-naturel-du-visage-a-propos-dun-modele\\\/\"},\"author\":{\"name\":\"Albert-Claude Benhamou\",\"@id\":\"https:\\\/\\\/looketmedecine.fr\\\/#\\\/schema\\\/person\\\/d674c704426e829b385c4dd691b8e3cc\"},\"headline\":\"LM N\u00b01 \\\/ 2023. L&#8217;embellissement naturel du visage. \u00c0 propos d\u2019un mod\u00e8le. Jean-Pierre AMSELLEM\",\"datePublished\":\"2023-05-10T21:50:45+00:00\",\"dateModified\":\"2024-10-05T21:29:46+00:00\",\"mainEntityOfPage\":{\"@id\":\"https:\\\/\\\/looketmedecine.fr\\\/en\\\/lembellissement-naturel-du-visage-a-propos-dun-modele\\\/\"},\"wordCount\":1980,\"publisher\":{\"@id\":\"https:\\\/\\\/looketmedecine.fr\\\/#organization\"},\"image\":{\"@id\":\"https:\\\/\\\/looketmedecine.fr\\\/en\\\/lembellissement-naturel-du-visage-a-propos-dun-modele\\\/#primaryimage\"},\"thumbnailUrl\":\"https:\\\/\\\/looketmedecine.fr\\\/wp-content\\\/uploads\\\/2023\\\/05\\\/JPE-.png\",\"keywords\":[\"Lm1 2023 th\u00e8me un autre regard\",\"lm1 2023 tout ce que vous voulez savoir\",\"Replay Lm1 2023\"],\"articleSection\":[\"Proc\u00e9dures th\u00e9rapeutiques\",\"Un autre regard\"],\"inLanguage\":\"en-US\"},{\"@type\":\"WebPage\",\"@id\":\"https:\\\/\\\/looketmedecine.fr\\\/en\\\/lembellissement-naturel-du-visage-a-propos-dun-modele\\\/\",\"url\":\"https:\\\/\\\/looketmedecine.fr\\\/en\\\/lembellissement-naturel-du-visage-a-propos-dun-modele\\\/\",\"name\":\"LM N\u00b01 \\\/ 2023. L'embellissement naturel du visage. \u00c0 propos d\u2019un mod\u00e8le. Jean-Pierre AMSELLEM - Revue fran\u00e7aise N\u00b01 pour la recherche en sant\u00e9 esth\u00e9tique\",\"isPartOf\":{\"@id\":\"https:\\\/\\\/looketmedecine.fr\\\/#website\"},\"primaryImageOfPage\":{\"@id\":\"https:\\\/\\\/looketmedecine.fr\\\/en\\\/lembellissement-naturel-du-visage-a-propos-dun-modele\\\/#primaryimage\"},\"image\":{\"@id\":\"https:\\\/\\\/looketmedecine.fr\\\/en\\\/lembellissement-naturel-du-visage-a-propos-dun-modele\\\/#primaryimage\"},\"thumbnailUrl\":\"https:\\\/\\\/looketmedecine.fr\\\/wp-content\\\/uploads\\\/2023\\\/05\\\/JPE-.png\",\"datePublished\":\"2023-05-10T21:50:45+00:00\",\"dateModified\":\"2024-10-05T21:29:46+00:00\",\"breadcrumb\":{\"@id\":\"https:\\\/\\\/looketmedecine.fr\\\/en\\\/lembellissement-naturel-du-visage-a-propos-dun-modele\\\/#breadcrumb\"},\"inLanguage\":\"en-US\",\"potentialAction\":[{\"@type\":\"ReadAction\",\"target\":[\"https:\\\/\\\/looketmedecine.fr\\\/en\\\/lembellissement-naturel-du-visage-a-propos-dun-modele\\\/\"]}]},{\"@type\":\"ImageObject\",\"inLanguage\":\"en-US\",\"@id\":\"https:\\\/\\\/looketmedecine.fr\\\/en\\\/lembellissement-naturel-du-visage-a-propos-dun-modele\\\/#primaryimage\",\"url\":\"https:\\\/\\\/looketmedecine.fr\\\/wp-content\\\/uploads\\\/2023\\\/05\\\/JPE-.png\",\"contentUrl\":\"https:\\\/\\\/looketmedecine.fr\\\/wp-content\\\/uploads\\\/2023\\\/05\\\/JPE-.png\",\"width\":247,\"height\":358},{\"@type\":\"BreadcrumbList\",\"@id\":\"https:\\\/\\\/looketmedecine.fr\\\/en\\\/lembellissement-naturel-du-visage-a-propos-dun-modele\\\/#breadcrumb\",\"itemListElement\":[{\"@type\":\"ListItem\",\"position\":1,\"name\":\"Accueil\",\"item\":\"https:\\\/\\\/looketmedecine.fr\\\/\"},{\"@type\":\"ListItem\",\"position\":2,\"name\":\"LM N\u00b01 \\\/ 2023. L&#8217;embellissement naturel du visage. \u00c0 propos d\u2019un mod\u00e8le. Jean-Pierre AMSELLEM\"}]},{\"@type\":\"WebSite\",\"@id\":\"https:\\\/\\\/looketmedecine.fr\\\/#website\",\"url\":\"https:\\\/\\\/looketmedecine.fr\\\/\",\"name\":\"Revue fran\u00e7aise N\u00b01 pour la recherche en sant\u00e9 esth\u00e9tique\",\"description\":\"La sant\u00e9 esth\u00e9tique fond\u00e9e sur des preuves scientifiques\",\"publisher\":{\"@id\":\"https:\\\/\\\/looketmedecine.fr\\\/#organization\"},\"potentialAction\":[{\"@type\":\"SearchAction\",\"target\":{\"@type\":\"EntryPoint\",\"urlTemplate\":\"https:\\\/\\\/looketmedecine.fr\\\/?s={search_term_string}\"},\"query-input\":{\"@type\":\"PropertyValueSpecification\",\"valueRequired\":true,\"valueName\":\"search_term_string\"}}],\"inLanguage\":\"en-US\"},{\"@type\":\"Organization\",\"@id\":\"https:\\\/\\\/looketmedecine.fr\\\/#organization\",\"name\":\"Looketmedecine\",\"url\":\"https:\\\/\\\/looketmedecine.fr\\\/\",\"logo\":{\"@type\":\"ImageObject\",\"inLanguage\":\"en-US\",\"@id\":\"https:\\\/\\\/looketmedecine.fr\\\/#\\\/schema\\\/logo\\\/image\\\/\",\"url\":\"https:\\\/\\\/looketmedecine.fr\\\/wp-content\\\/uploads\\\/2020\\\/11\\\/cropped-LookMedecine_Logo_Textuel_Noir.png\",\"contentUrl\":\"https:\\\/\\\/looketmedecine.fr\\\/wp-content\\\/uploads\\\/2020\\\/11\\\/cropped-LookMedecine_Logo_Textuel_Noir.png\",\"width\":1500,\"height\":145,\"caption\":\"Looketmedecine\"},\"image\":{\"@id\":\"https:\\\/\\\/looketmedecine.fr\\\/#\\\/schema\\\/logo\\\/image\\\/\"},\"sameAs\":[\"https:\\\/\\\/www.facebook.com\\\/looketmedecine.magazine\\\/\",\"https:\\\/\\\/www.instagram.com\\\/looketmedecine\\\/?hl=fr\"]},{\"@type\":\"Person\",\"@id\":\"https:\\\/\\\/looketmedecine.fr\\\/#\\\/schema\\\/person\\\/d674c704426e829b385c4dd691b8e3cc\",\"name\":\"Albert-Claude Benhamou\",\"image\":{\"@type\":\"ImageObject\",\"inLanguage\":\"en-US\",\"@id\":\"https:\\\/\\\/secure.gravatar.com\\\/avatar\\\/f4c13b834cf55e3822893169175e3671a59788fb9e2d84d3a223c96e83a8f09e?s=96&d=mm&r=g\",\"url\":\"https:\\\/\\\/secure.gravatar.com\\\/avatar\\\/f4c13b834cf55e3822893169175e3671a59788fb9e2d84d3a223c96e83a8f09e?s=96&d=mm&r=g\",\"contentUrl\":\"https:\\\/\\\/secure.gravatar.com\\\/avatar\\\/f4c13b834cf55e3822893169175e3671a59788fb9e2d84d3a223c96e83a8f09e?s=96&d=mm&r=g\",\"caption\":\"Albert-Claude Benhamou\"},\"url\":\"https:\\\/\\\/looketmedecine.fr\\\/en\"}]}<\/script>\n<!-- \/ Yoast SEO plugin. -->","yoast_head_json":{"title":"LM N\u00b01 \/ 2023. L'embellissement naturel du visage. \u00c0 propos d\u2019un mod\u00e8le. Jean-Pierre AMSELLEM - Revue fran\u00e7aise N\u00b01 pour la recherche en sant\u00e9 esth\u00e9tique","robots":{"index":"index","follow":"follow","max-snippet":"max-snippet:-1","max-image-preview":"max-image-preview:large","max-video-preview":"max-video-preview:-1"},"canonical":"https:\/\/looketmedecine.fr\/en\/wp-json\/wp\/v2\/posts\/15642","og_locale":"en_US","og_type":"article","og_title":"LM N\u00b01 \/ 2023. L'embellissement naturel du visage. \u00c0 propos d\u2019un mod\u00e8le. Jean-Pierre AMSELLEM - Revue fran\u00e7aise N\u00b01 pour la recherche en sant\u00e9 esth\u00e9tique","og_description":"Un autre regard sur la sant\u00e9 esth\u00e9tique du visage L\u2019embellissement naturel du visage. \u00c0 propos d\u2019un mod\u00e8le. Jean-Pierre AMSELLEM, MD Association fran\u00e7aise de m\u00e9decine esth\u00e9tique et anti-\u00e2ge INTRODUCTION Rajeunir bien s\u00fbr mais surtout embellir\u00a0: \u00e0 quoi servirait de rajeunir un visage qui n\u2019aurait jamais \u00e9t\u00e9 beau\u00a0auparavant ? Ce que veulent nos patientes c\u2019est surtout retrouver [&hellip;]","og_url":"https:\/\/looketmedecine.fr\/en\/lembellissement-naturel-du-visage-a-propos-dun-modele\/","og_site_name":"Revue fran\u00e7aise N\u00b01 pour la recherche en sant\u00e9 esth\u00e9tique","article_publisher":"https:\/\/www.facebook.com\/looketmedecine.magazine\/","article_published_time":"2023-05-10T21:50:45+00:00","article_modified_time":"2024-10-05T21:29:46+00:00","og_image":[{"width":247,"height":358,"url":"https:\/\/looketmedecine.fr\/wp-content\/uploads\/2023\/05\/JPE-.png","type":"image\/png"}],"author":"Albert-Claude Benhamou","twitter_card":"summary_large_image","twitter_misc":{"Written by":"Albert-Claude Benhamou","Est. reading time":"10 minutes"},"schema":{"@context":"https:\/\/schema.org","@graph":[{"@type":"Article","@id":"https:\/\/looketmedecine.fr\/en\/lembellissement-naturel-du-visage-a-propos-dun-modele\/#article","isPartOf":{"@id":"https:\/\/looketmedecine.fr\/en\/lembellissement-naturel-du-visage-a-propos-dun-modele\/"},"author":{"name":"Albert-Claude Benhamou","@id":"https:\/\/looketmedecine.fr\/#\/schema\/person\/d674c704426e829b385c4dd691b8e3cc"},"headline":"LM N\u00b01 \/ 2023. L&#8217;embellissement naturel du visage. \u00c0 propos d\u2019un mod\u00e8le. Jean-Pierre AMSELLEM","datePublished":"2023-05-10T21:50:45+00:00","dateModified":"2024-10-05T21:29:46+00:00","mainEntityOfPage":{"@id":"https:\/\/looketmedecine.fr\/en\/lembellissement-naturel-du-visage-a-propos-dun-modele\/"},"wordCount":1980,"publisher":{"@id":"https:\/\/looketmedecine.fr\/#organization"},"image":{"@id":"https:\/\/looketmedecine.fr\/en\/lembellissement-naturel-du-visage-a-propos-dun-modele\/#primaryimage"},"thumbnailUrl":"https:\/\/looketmedecine.fr\/wp-content\/uploads\/2023\/05\/JPE-.png","keywords":["Lm1 2023 th\u00e8me un autre regard","lm1 2023 tout ce que vous voulez savoir","Replay Lm1 2023"],"articleSection":["Proc\u00e9dures th\u00e9rapeutiques","Un autre regard"],"inLanguage":"en-US"},{"@type":"WebPage","@id":"https:\/\/looketmedecine.fr\/en\/lembellissement-naturel-du-visage-a-propos-dun-modele\/","url":"https:\/\/looketmedecine.fr\/en\/lembellissement-naturel-du-visage-a-propos-dun-modele\/","name":"LM N\u00b01 \/ 2023. L'embellissement naturel du visage. \u00c0 propos d\u2019un mod\u00e8le. Jean-Pierre AMSELLEM - Revue fran\u00e7aise N\u00b01 pour la recherche en sant\u00e9 esth\u00e9tique","isPartOf":{"@id":"https:\/\/looketmedecine.fr\/#website"},"primaryImageOfPage":{"@id":"https:\/\/looketmedecine.fr\/en\/lembellissement-naturel-du-visage-a-propos-dun-modele\/#primaryimage"},"image":{"@id":"https:\/\/looketmedecine.fr\/en\/lembellissement-naturel-du-visage-a-propos-dun-modele\/#primaryimage"},"thumbnailUrl":"https:\/\/looketmedecine.fr\/wp-content\/uploads\/2023\/05\/JPE-.png","datePublished":"2023-05-10T21:50:45+00:00","dateModified":"2024-10-05T21:29:46+00:00","breadcrumb":{"@id":"https:\/\/looketmedecine.fr\/en\/lembellissement-naturel-du-visage-a-propos-dun-modele\/#breadcrumb"},"inLanguage":"en-US","potentialAction":[{"@type":"ReadAction","target":["https:\/\/looketmedecine.fr\/en\/lembellissement-naturel-du-visage-a-propos-dun-modele\/"]}]},{"@type":"ImageObject","inLanguage":"en-US","@id":"https:\/\/looketmedecine.fr\/en\/lembellissement-naturel-du-visage-a-propos-dun-modele\/#primaryimage","url":"https:\/\/looketmedecine.fr\/wp-content\/uploads\/2023\/05\/JPE-.png","contentUrl":"https:\/\/looketmedecine.fr\/wp-content\/uploads\/2023\/05\/JPE-.png","width":247,"height":358},{"@type":"BreadcrumbList","@id":"https:\/\/looketmedecine.fr\/en\/lembellissement-naturel-du-visage-a-propos-dun-modele\/#breadcrumb","itemListElement":[{"@type":"ListItem","position":1,"name":"Accueil","item":"https:\/\/looketmedecine.fr\/"},{"@type":"ListItem","position":2,"name":"LM N\u00b01 \/ 2023. L&#8217;embellissement naturel du visage. \u00c0 propos d\u2019un mod\u00e8le. Jean-Pierre AMSELLEM"}]},{"@type":"WebSite","@id":"https:\/\/looketmedecine.fr\/#website","url":"https:\/\/looketmedecine.fr\/","name":"N\u00b01 French magazine for research in aesthetic health","description":"Aesthetic health based on scientific evidence","publisher":{"@id":"https:\/\/looketmedecine.fr\/#organization"},"potentialAction":[{"@type":"SearchAction","target":{"@type":"EntryPoint","urlTemplate":"https:\/\/looketmedecine.fr\/?s={search_term_string}"},"query-input":{"@type":"PropertyValueSpecification","valueRequired":true,"valueName":"search_term_string"}}],"inLanguage":"en-US"},{"@type":"Organization","@id":"https:\/\/looketmedecine.fr\/#organization","name":"Looketmedicine","url":"https:\/\/looketmedecine.fr\/","logo":{"@type":"ImageObject","inLanguage":"en-US","@id":"https:\/\/looketmedecine.fr\/#\/schema\/logo\/image\/","url":"https:\/\/looketmedecine.fr\/wp-content\/uploads\/2020\/11\/cropped-LookMedecine_Logo_Textuel_Noir.png","contentUrl":"https:\/\/looketmedecine.fr\/wp-content\/uploads\/2020\/11\/cropped-LookMedecine_Logo_Textuel_Noir.png","width":1500,"height":145,"caption":"Looketmedecine"},"image":{"@id":"https:\/\/looketmedecine.fr\/#\/schema\/logo\/image\/"},"sameAs":["https:\/\/www.facebook.com\/looketmedecine.magazine\/","https:\/\/www.instagram.com\/looketmedecine\/?hl=fr"]},{"@type":"Person","@id":"https:\/\/looketmedecine.fr\/#\/schema\/person\/d674c704426e829b385c4dd691b8e3cc","name":"Albert-Claude Benhamou","image":{"@type":"ImageObject","inLanguage":"en-US","@id":"https:\/\/secure.gravatar.com\/avatar\/f4c13b834cf55e3822893169175e3671a59788fb9e2d84d3a223c96e83a8f09e?s=96&d=mm&r=g","url":"https:\/\/secure.gravatar.com\/avatar\/f4c13b834cf55e3822893169175e3671a59788fb9e2d84d3a223c96e83a8f09e?s=96&d=mm&r=g","contentUrl":"https:\/\/secure.gravatar.com\/avatar\/f4c13b834cf55e3822893169175e3671a59788fb9e2d84d3a223c96e83a8f09e?s=96&d=mm&r=g","caption":"Albert-Claude Benhamou"},"url":"https:\/\/looketmedecine.fr\/en"}]}},"_links":{"self":[{"href":"https:\/\/looketmedecine.fr\/en\/wp-json\/wp\/v2\/posts\/15642","targetHints":{"allow":["GET"]}}],"collection":[{"href":"https:\/\/looketmedecine.fr\/en\/wp-json\/wp\/v2\/posts"}],"about":[{"href":"https:\/\/looketmedecine.fr\/en\/wp-json\/wp\/v2\/types\/post"}],"author":[{"embeddable":true,"href":"https:\/\/looketmedecine.fr\/en\/wp-json\/wp\/v2\/users\/2"}],"replies":[{"embeddable":true,"href":"https:\/\/looketmedecine.fr\/en\/wp-json\/wp\/v2\/comments?post=15642"}],"version-history":[{"count":120,"href":"https:\/\/looketmedecine.fr\/en\/wp-json\/wp\/v2\/posts\/15642\/revisions"}],"predecessor-version":[{"id":23818,"href":"https:\/\/looketmedecine.fr\/en\/wp-json\/wp\/v2\/posts\/15642\/revisions\/23818"}],"wp:featuredmedia":[{"embeddable":true,"href":"https:\/\/looketmedecine.fr\/en\/wp-json\/wp\/v2\/media\/15643"}],"wp:attachment":[{"href":"https:\/\/looketmedecine.fr\/en\/wp-json\/wp\/v2\/media?parent=15642"}],"wp:term":[{"taxonomy":"category","embeddable":true,"href":"https:\/\/looketmedecine.fr\/en\/wp-json\/wp\/v2\/categories?post=15642"},{"taxonomy":"post_tag","embeddable":true,"href":"https:\/\/looketmedecine.fr\/en\/wp-json\/wp\/v2\/tags?post=15642"},{"taxonomy":"auteur","embeddable":true,"href":"https:\/\/looketmedecine.fr\/en\/wp-json\/wp\/v2\/auteur?post=15642"},{"taxonomy":"mots-cles","embeddable":true,"href":"https:\/\/looketmedecine.fr\/en\/wp-json\/wp\/v2\/mots-cles?post=15642"}],"curies":[{"name":"wp","href":"https:\/\/api.w.org\/{rel}","templated":true}]}}