{"id":15360,"date":"2023-05-07T03:19:53","date_gmt":"2023-05-07T01:19:53","guid":{"rendered":"https:\/\/looketmedecine.fr\/?p=15360"},"modified":"2024-10-05T23:30:29","modified_gmt":"2024-10-05T21:30:29","slug":"aime-paris-23-la-journee-mondiale-de-la-creativite-et-de-linnovation","status":"publish","type":"post","link":"https:\/\/looketmedecine.fr\/en\/aime-paris-23-la-journee-mondiale-de-la-creativite-et-de-linnovation\/","title":{"rendered":"LM N\u00b01 \/ 2023. AIME PARIS 23: World Day of Creativity and Innovation! JP MENINGAUD"},"content":{"rendered":"<div data-elementor-type=\"wp-post\" data-elementor-id=\"15360\" class=\"elementor elementor-15360\" data-elementor-post-type=\"post\">\n\t\t\t\t\t\t<section class=\"elementor-section elementor-top-section elementor-element elementor-element-380ad54c elementor-section-boxed elementor-section-height-default elementor-section-height-default\" data-id=\"380ad54c\" data-element_type=\"section\" data-e-type=\"section\">\n\t\t\t\t\t\t<div class=\"elementor-container elementor-column-gap-default\">\n\t\t\t\t\t<div class=\"elementor-column elementor-col-100 elementor-top-column elementor-element elementor-element-3fdb6cda\" data-id=\"3fdb6cda\" data-element_type=\"column\" data-e-type=\"column\">\n\t\t\t<div class=\"elementor-widget-wrap elementor-element-populated\">\n\t\t\t\t\t\t<div class=\"elementor-element elementor-element-a9bc974 elementor-widget elementor-widget-heading\" data-id=\"a9bc974\" data-element_type=\"widget\" data-e-type=\"widget\" data-widget_type=\"heading.default\">\n\t\t\t\t<div class=\"elementor-widget-container\">\n\t\t\t\t\t<h1 class=\"elementor-heading-title elementor-size-default\">EDITORIAL<\/h1>\t\t\t\t<\/div>\n\t\t\t\t<\/div>\n\t\t\t\t<div class=\"elementor-element elementor-element-c6fa80c elementor-widget elementor-widget-text-editor\" data-id=\"c6fa80c\" data-element_type=\"widget\" data-e-type=\"widget\" data-widget_type=\"text-editor.default\">\n\t\t\t\t<div class=\"elementor-widget-container\">\n\t\t\t\t\t\t\t\t\t<p>AIME PARIS 23: World Creativity and Innovation Day! Prof. Jean-Paul Meningaud President of AIME Scientific Director of L&amp;M<\/p>\t\t\t\t\t\t\t\t<\/div>\n\t\t\t\t<\/div>\n\t\t\t\t<div class=\"elementor-element elementor-element-db8135b elementor-widget elementor-widget-image\" data-id=\"db8135b\" data-element_type=\"widget\" data-e-type=\"widget\" data-widget_type=\"image.default\">\n\t\t\t\t<div class=\"elementor-widget-container\">\n\t\t\t\t\t\t\t\t\t\t\t\t\t\t\t<img fetchpriority=\"high\" decoding=\"async\" width=\"366\" height=\"364\" src=\"https:\/\/looketmedecine.fr\/wp-content\/uploads\/2023\/04\/EDITO-4-JPM-.png\" class=\"attachment-large size-large wp-image-14919\" alt=\"\" srcset=\"https:\/\/looketmedecine.fr\/wp-content\/uploads\/2023\/04\/EDITO-4-JPM-.png 366w, https:\/\/looketmedecine.fr\/wp-content\/uploads\/2023\/04\/EDITO-4-JPM--300x298.png 300w, https:\/\/looketmedecine.fr\/wp-content\/uploads\/2023\/04\/EDITO-4-JPM--150x150.png 150w, https:\/\/looketmedecine.fr\/wp-content\/uploads\/2023\/04\/EDITO-4-JPM--12x12.png 12w\" sizes=\"(max-width: 366px) 100vw, 366px\" \/>\t\t\t\t\t\t\t\t\t\t\t\t\t\t\t<\/div>\n\t\t\t\t<\/div>\n\t\t\t\t<div class=\"elementor-element elementor-element-5bd22a2 elementor-widget elementor-widget-video\" data-id=\"5bd22a2\" data-element_type=\"widget\" data-e-type=\"widget\" data-settings=\"{&quot;video_type&quot;:&quot;hosted&quot;,&quot;controls&quot;:&quot;yes&quot;}\" data-widget_type=\"video.default\">\n\t\t\t\t<div class=\"elementor-widget-container\">\n\t\t\t\t\t\t\t<div class=\"e-hosted-video elementor-wrapper elementor-open-inline\">\n\t\t\t\t\t<video class=\"elementor-video\" src=\"https:\/\/looketmedecine.fr\/wp-content\/uploads\/2023\/05\/ITW-Pr.-MENINGAUD.mov\" controls=\"\" preload=\"metadata\" controlslist=\"nodownload\"><\/video>\n\t\t\t\t<\/div>\n\t\t\t\t\t\t<\/div>\n\t\t\t\t<\/div>\n\t\t\t\t<div class=\"elementor-element elementor-element-1035b23 elementor-widget elementor-widget-text-editor\" data-id=\"1035b23\" data-element_type=\"widget\" data-e-type=\"widget\" data-widget_type=\"text-editor.default\">\n\t\t\t\t<div class=\"elementor-widget-container\">\n\t\t\t\t\t\t\t\t\tDear friends and colleagues in aesthetic medicine, today is World Creativity and Innovation Day!\nOn this special day, we would like to celebrate our community's ability to innovate and be creative to improve the health and well-being of our patients.\nAesthetic medicine is a field that has seen spectacular advances in recent years, thanks to the creativity and innovation of our practitioners. From botulinum toxin to fillers, lasers and other advanced technologies, we've been able to deliver incredible results to improve our patients' confidence and well-being.\nWe're proud to be part of a community that's always looking to go the extra mile to improve our patients' quality of life through innovative and creative treatments. Today, we encourage our colleagues and partners to share their most innovative and creative ideas to continue to improve aesthetic medicine and meet the needs of our patients.\nOn World Creativity and Innovation Day, we celebrate the passion, innovation and creativity that make aesthetic medicine such an exciting and dynamic field. Thank you to all our colleagues for their dedication and contribution to our community!\nTo make sure you don't miss out on any of the industry's latest innovations, come along to AIME Paris 2023 on June 15 &amp; 16:\nwww.aime.paris\/programme\n#Journ\u00e9emondiale #Innovation #Cr\u00e9ativit\u00e9\n#MAestheticMedicine #CAestheticSurgery\n#congress #aimeparis2023\t\t\t\t\t\t\t\t<\/div>\n\t\t\t\t<\/div>\n\t\t\t\t<div class=\"elementor-element elementor-element-37cf936 elementor-widget elementor-widget-image\" data-id=\"37cf936\" data-element_type=\"widget\" data-e-type=\"widget\" data-widget_type=\"image.default\">\n\t\t\t\t<div class=\"elementor-widget-container\">\n\t\t\t\t\t\t\t\t\t\t\t\t\t\t\t<img decoding=\"async\" width=\"545\" height=\"545\" src=\"https:\/\/looketmedecine.fr\/wp-content\/uploads\/2023\/05\/Sans-titre.png\" class=\"attachment-large size-large wp-image-15374\" alt=\"\" srcset=\"https:\/\/looketmedecine.fr\/wp-content\/uploads\/2023\/05\/Sans-titre.png 545w, https:\/\/looketmedecine.fr\/wp-content\/uploads\/2023\/05\/Sans-titre-300x300.png 300w, https:\/\/looketmedecine.fr\/wp-content\/uploads\/2023\/05\/Sans-titre-150x150.png 150w, https:\/\/looketmedecine.fr\/wp-content\/uploads\/2023\/05\/Sans-titre-12x12.png 12w\" sizes=\"(max-width: 545px) 100vw, 545px\" \/>\t\t\t\t\t\t\t\t\t\t\t\t\t\t\t<\/div>\n\t\t\t\t<\/div>\n\t\t\t\t\t<\/div>\n\t\t<\/div>\n\t\t\t\t\t<\/div>\n\t\t<\/section>\n\t\t\t\t<\/div>","protected":false},"excerpt":{"rendered":"<p>EDITORIAL AIME PARIS 23 : La Journ\u00e9e mondiale de la cr\u00e9ativit\u00e9 et de l&rsquo;innovation ! Pr Jean-Paul Meningaud\u00a0Pr\u00e9sident de AIME\u00a0Directeur Scientifique de L&amp;M https:\/\/looketmedecine.fr\/wp-content\/uploads\/2023\/05\/ITW-Pr.-MENINGAUD.movChers amis et coll\u00e8gues de la m\u00e9decine esth\u00e9tique, aujourd&rsquo;hui est la Journ\u00e9e mondiale de la cr\u00e9ativit\u00e9 et de l&rsquo;innovation ! En cette journ\u00e9e sp\u00e9ciale, nous souhaitons c\u00e9l\u00e9brer la capacit\u00e9 de notre communaut\u00e9 [&hellip;]<\/p>\n","protected":false},"author":2,"featured_media":14919,"comment_status":"closed","ping_status":"closed","sticky":false,"template":"","format":"standard","meta":{"_acf_changed":false,"footnotes":""},"categories":[288],"tags":[318,309,307],"auteur":[387],"mots-cles":[],"class_list":["post-15360","post","type-post","status-publish","format-standard","has-post-thumbnail","hentry","category-actualites","tag-lm1-actualite-2023","tag-lm1-editorials-2023","tag-replay-lm1-2023","auteur-jean-paul-meningaud"],"acf":[],"yoast_head":"<!-- This site is optimized with the Yoast SEO plugin v27.5 - https:\/\/yoast.com\/product\/yoast-seo-wordpress\/ -->\n<title>LM N\u00b01 \/ 2023. AIME PARIS 23\u00a0: La Journ\u00e9e mondiale de la cr\u00e9ativit\u00e9 et de l&#039;innovation ! JP MENINGAUD - Revue fran\u00e7aise N\u00b01 pour la recherche en sant\u00e9 esth\u00e9tique<\/title>\n<meta name=\"description\" content=\"En cette journ\u00e9e sp\u00e9ciale, nous souhaitons c\u00e9l\u00e9brer la capacit\u00e9 de notre communaut\u00e9 \u00e0 innover et \u00e0 \u00eatre cr\u00e9atif pour am\u00e9liorer la sant\u00e9 et le bien-\u00eatre de nos patients.\" \/>\n<meta name=\"robots\" content=\"index, follow, max-snippet:-1, max-image-preview:large, max-video-preview:-1\" \/>\n<link rel=\"canonical\" href=\"https:\/\/looketmedecine.fr\/en\/wp-json\/wp\/v2\/posts\/15360\" \/>\n<meta property=\"og:locale\" content=\"en_US\" \/>\n<meta property=\"og:type\" content=\"article\" \/>\n<meta property=\"og:title\" content=\"LM N\u00b01 \/ 2023. AIME PARIS 23\u00a0: La Journ\u00e9e mondiale de la cr\u00e9ativit\u00e9 et de l&#039;innovation ! JP MENINGAUD - Revue fran\u00e7aise N\u00b01 pour la recherche en sant\u00e9 esth\u00e9tique\" \/>\n<meta property=\"og:description\" content=\"En cette journ\u00e9e sp\u00e9ciale, nous souhaitons c\u00e9l\u00e9brer la capacit\u00e9 de notre communaut\u00e9 \u00e0 innover et \u00e0 \u00eatre cr\u00e9atif pour am\u00e9liorer la sant\u00e9 et le bien-\u00eatre de nos patients.\" \/>\n<meta property=\"og:url\" content=\"https:\/\/looketmedecine.fr\/en\/aime-paris-23-la-journee-mondiale-de-la-creativite-et-de-linnovation\/\" \/>\n<meta property=\"og:site_name\" content=\"Revue fran\u00e7aise N\u00b01 pour la recherche en sant\u00e9 esth\u00e9tique\" \/>\n<meta property=\"article:publisher\" content=\"https:\/\/www.facebook.com\/looketmedecine.magazine\/\" \/>\n<meta property=\"article:published_time\" content=\"2023-05-07T01:19:53+00:00\" \/>\n<meta property=\"article:modified_time\" content=\"2024-10-05T21:30:29+00:00\" \/>\n<meta property=\"og:image\" content=\"https:\/\/looketmedecine.fr\/wp-content\/uploads\/2023\/04\/EDITO-4-JPM-.png\" \/>\n\t<meta property=\"og:image:width\" content=\"366\" \/>\n\t<meta property=\"og:image:height\" content=\"364\" \/>\n\t<meta property=\"og:image:type\" content=\"image\/png\" \/>\n<meta name=\"author\" content=\"Albert-Claude Benhamou\" \/>\n<meta name=\"twitter:card\" content=\"summary_large_image\" \/>\n<meta name=\"twitter:label1\" content=\"Written by\" \/>\n\t<meta name=\"twitter:data1\" content=\"Albert-Claude Benhamou\" \/>\n\t<meta name=\"twitter:label2\" content=\"Est. reading time\" \/>\n\t<meta name=\"twitter:data2\" content=\"2 minutes\" \/>\n<script type=\"application\/ld+json\" class=\"yoast-schema-graph\">{\"@context\":\"https:\\\/\\\/schema.org\",\"@graph\":[{\"@type\":\"Article\",\"@id\":\"https:\\\/\\\/looketmedecine.fr\\\/aime-paris-23-la-journee-mondiale-de-la-creativite-et-de-linnovation\\\/#article\",\"isPartOf\":{\"@id\":\"https:\\\/\\\/looketmedecine.fr\\\/aime-paris-23-la-journee-mondiale-de-la-creativite-et-de-linnovation\\\/\"},\"author\":{\"name\":\"Albert-Claude Benhamou\",\"@id\":\"https:\\\/\\\/looketmedecine.fr\\\/#\\\/schema\\\/person\\\/d674c704426e829b385c4dd691b8e3cc\"},\"headline\":\"LM N\u00b01 \\\/ 2023. AIME PARIS 23\u00a0: La Journ\u00e9e mondiale de la cr\u00e9ativit\u00e9 et de l&rsquo;innovation ! JP MENINGAUD\",\"datePublished\":\"2023-05-07T01:19:53+00:00\",\"dateModified\":\"2024-10-05T21:30:29+00:00\",\"mainEntityOfPage\":{\"@id\":\"https:\\\/\\\/looketmedecine.fr\\\/aime-paris-23-la-journee-mondiale-de-la-creativite-et-de-linnovation\\\/\"},\"wordCount\":335,\"publisher\":{\"@id\":\"https:\\\/\\\/looketmedecine.fr\\\/#organization\"},\"image\":{\"@id\":\"https:\\\/\\\/looketmedecine.fr\\\/aime-paris-23-la-journee-mondiale-de-la-creativite-et-de-linnovation\\\/#primaryimage\"},\"thumbnailUrl\":\"https:\\\/\\\/looketmedecine.fr\\\/wp-content\\\/uploads\\\/2023\\\/04\\\/EDITO-4-JPM-.png\",\"keywords\":[\"Lm1 2023 actualit\u00e9\",\"Lm1 2023 Editorials\",\"Replay Lm1 2023\"],\"articleSection\":[\"Actualit\u00e9s\"],\"inLanguage\":\"en-US\"},{\"@type\":\"WebPage\",\"@id\":\"https:\\\/\\\/looketmedecine.fr\\\/aime-paris-23-la-journee-mondiale-de-la-creativite-et-de-linnovation\\\/\",\"url\":\"https:\\\/\\\/looketmedecine.fr\\\/aime-paris-23-la-journee-mondiale-de-la-creativite-et-de-linnovation\\\/\",\"name\":\"LM N\u00b01 \\\/ 2023. AIME PARIS 23\u00a0: La Journ\u00e9e mondiale de la cr\u00e9ativit\u00e9 et de l'innovation ! JP MENINGAUD - Revue fran\u00e7aise N\u00b01 pour la recherche en sant\u00e9 esth\u00e9tique\",\"isPartOf\":{\"@id\":\"https:\\\/\\\/looketmedecine.fr\\\/#website\"},\"primaryImageOfPage\":{\"@id\":\"https:\\\/\\\/looketmedecine.fr\\\/aime-paris-23-la-journee-mondiale-de-la-creativite-et-de-linnovation\\\/#primaryimage\"},\"image\":{\"@id\":\"https:\\\/\\\/looketmedecine.fr\\\/aime-paris-23-la-journee-mondiale-de-la-creativite-et-de-linnovation\\\/#primaryimage\"},\"thumbnailUrl\":\"https:\\\/\\\/looketmedecine.fr\\\/wp-content\\\/uploads\\\/2023\\\/04\\\/EDITO-4-JPM-.png\",\"datePublished\":\"2023-05-07T01:19:53+00:00\",\"dateModified\":\"2024-10-05T21:30:29+00:00\",\"description\":\"En cette journ\u00e9e sp\u00e9ciale, nous souhaitons c\u00e9l\u00e9brer la capacit\u00e9 de notre communaut\u00e9 \u00e0 innover et \u00e0 \u00eatre cr\u00e9atif pour am\u00e9liorer la sant\u00e9 et le bien-\u00eatre de nos patients.\",\"breadcrumb\":{\"@id\":\"https:\\\/\\\/looketmedecine.fr\\\/aime-paris-23-la-journee-mondiale-de-la-creativite-et-de-linnovation\\\/#breadcrumb\"},\"inLanguage\":\"en-US\",\"potentialAction\":[{\"@type\":\"ReadAction\",\"target\":[\"https:\\\/\\\/looketmedecine.fr\\\/aime-paris-23-la-journee-mondiale-de-la-creativite-et-de-linnovation\\\/\"]}]},{\"@type\":\"ImageObject\",\"inLanguage\":\"en-US\",\"@id\":\"https:\\\/\\\/looketmedecine.fr\\\/aime-paris-23-la-journee-mondiale-de-la-creativite-et-de-linnovation\\\/#primaryimage\",\"url\":\"https:\\\/\\\/looketmedecine.fr\\\/wp-content\\\/uploads\\\/2023\\\/04\\\/EDITO-4-JPM-.png\",\"contentUrl\":\"https:\\\/\\\/looketmedecine.fr\\\/wp-content\\\/uploads\\\/2023\\\/04\\\/EDITO-4-JPM-.png\",\"width\":366,\"height\":364},{\"@type\":\"BreadcrumbList\",\"@id\":\"https:\\\/\\\/looketmedecine.fr\\\/aime-paris-23-la-journee-mondiale-de-la-creativite-et-de-linnovation\\\/#breadcrumb\",\"itemListElement\":[{\"@type\":\"ListItem\",\"position\":1,\"name\":\"Accueil\",\"item\":\"https:\\\/\\\/looketmedecine.fr\\\/\"},{\"@type\":\"ListItem\",\"position\":2,\"name\":\"LM N\u00b01 \\\/ 2023. AIME PARIS 23\u00a0: La Journ\u00e9e mondiale de la cr\u00e9ativit\u00e9 et de l&rsquo;innovation ! JP MENINGAUD\"}]},{\"@type\":\"WebSite\",\"@id\":\"https:\\\/\\\/looketmedecine.fr\\\/#website\",\"url\":\"https:\\\/\\\/looketmedecine.fr\\\/\",\"name\":\"Revue fran\u00e7aise N\u00b01 pour la recherche en sant\u00e9 esth\u00e9tique\",\"description\":\"La sant\u00e9 esth\u00e9tique fond\u00e9e sur des preuves scientifiques\",\"publisher\":{\"@id\":\"https:\\\/\\\/looketmedecine.fr\\\/#organization\"},\"potentialAction\":[{\"@type\":\"SearchAction\",\"target\":{\"@type\":\"EntryPoint\",\"urlTemplate\":\"https:\\\/\\\/looketmedecine.fr\\\/?s={search_term_string}\"},\"query-input\":{\"@type\":\"PropertyValueSpecification\",\"valueRequired\":true,\"valueName\":\"search_term_string\"}}],\"inLanguage\":\"en-US\"},{\"@type\":\"Organization\",\"@id\":\"https:\\\/\\\/looketmedecine.fr\\\/#organization\",\"name\":\"Looketmedecine\",\"url\":\"https:\\\/\\\/looketmedecine.fr\\\/\",\"logo\":{\"@type\":\"ImageObject\",\"inLanguage\":\"en-US\",\"@id\":\"https:\\\/\\\/looketmedecine.fr\\\/#\\\/schema\\\/logo\\\/image\\\/\",\"url\":\"https:\\\/\\\/looketmedecine.fr\\\/wp-content\\\/uploads\\\/2020\\\/11\\\/cropped-LookMedecine_Logo_Textuel_Noir.png\",\"contentUrl\":\"https:\\\/\\\/looketmedecine.fr\\\/wp-content\\\/uploads\\\/2020\\\/11\\\/cropped-LookMedecine_Logo_Textuel_Noir.png\",\"width\":1500,\"height\":145,\"caption\":\"Looketmedecine\"},\"image\":{\"@id\":\"https:\\\/\\\/looketmedecine.fr\\\/#\\\/schema\\\/logo\\\/image\\\/\"},\"sameAs\":[\"https:\\\/\\\/www.facebook.com\\\/looketmedecine.magazine\\\/\",\"https:\\\/\\\/www.instagram.com\\\/looketmedecine\\\/?hl=fr\"]},{\"@type\":\"Person\",\"@id\":\"https:\\\/\\\/looketmedecine.fr\\\/#\\\/schema\\\/person\\\/d674c704426e829b385c4dd691b8e3cc\",\"name\":\"Albert-Claude Benhamou\",\"image\":{\"@type\":\"ImageObject\",\"inLanguage\":\"en-US\",\"@id\":\"https:\\\/\\\/secure.gravatar.com\\\/avatar\\\/f4c13b834cf55e3822893169175e3671a59788fb9e2d84d3a223c96e83a8f09e?s=96&d=mm&r=g\",\"url\":\"https:\\\/\\\/secure.gravatar.com\\\/avatar\\\/f4c13b834cf55e3822893169175e3671a59788fb9e2d84d3a223c96e83a8f09e?s=96&d=mm&r=g\",\"contentUrl\":\"https:\\\/\\\/secure.gravatar.com\\\/avatar\\\/f4c13b834cf55e3822893169175e3671a59788fb9e2d84d3a223c96e83a8f09e?s=96&d=mm&r=g\",\"caption\":\"Albert-Claude Benhamou\"},\"url\":\"https:\\\/\\\/looketmedecine.fr\\\/en\"}]}<\/script>\n<!-- \/ Yoast SEO plugin. -->","yoast_head_json":{"title":"LM N\u00b01 \/ 2023. AIME PARIS 23\u00a0: La Journ\u00e9e mondiale de la cr\u00e9ativit\u00e9 et de l'innovation ! JP MENINGAUD - Revue fran\u00e7aise N\u00b01 pour la recherche en sant\u00e9 esth\u00e9tique","description":"On this special day, we'd like to celebrate our community's ability to innovate and be creative in improving the health and well-being of our patients.","robots":{"index":"index","follow":"follow","max-snippet":"max-snippet:-1","max-image-preview":"max-image-preview:large","max-video-preview":"max-video-preview:-1"},"canonical":"https:\/\/looketmedecine.fr\/en\/wp-json\/wp\/v2\/posts\/15360","og_locale":"en_US","og_type":"article","og_title":"LM N\u00b01 \/ 2023. AIME PARIS 23\u00a0: La Journ\u00e9e mondiale de la cr\u00e9ativit\u00e9 et de l'innovation ! JP MENINGAUD - Revue fran\u00e7aise N\u00b01 pour la recherche en sant\u00e9 esth\u00e9tique","og_description":"En cette journ\u00e9e sp\u00e9ciale, nous souhaitons c\u00e9l\u00e9brer la capacit\u00e9 de notre communaut\u00e9 \u00e0 innover et \u00e0 \u00eatre cr\u00e9atif pour am\u00e9liorer la sant\u00e9 et le bien-\u00eatre de nos patients.","og_url":"https:\/\/looketmedecine.fr\/en\/aime-paris-23-la-journee-mondiale-de-la-creativite-et-de-linnovation\/","og_site_name":"Revue fran\u00e7aise N\u00b01 pour la recherche en sant\u00e9 esth\u00e9tique","article_publisher":"https:\/\/www.facebook.com\/looketmedecine.magazine\/","article_published_time":"2023-05-07T01:19:53+00:00","article_modified_time":"2024-10-05T21:30:29+00:00","og_image":[{"width":366,"height":364,"url":"https:\/\/looketmedecine.fr\/wp-content\/uploads\/2023\/04\/EDITO-4-JPM-.png","type":"image\/png"}],"author":"Albert-Claude Benhamou","twitter_card":"summary_large_image","twitter_misc":{"Written by":"Albert-Claude Benhamou","Est. reading time":"2 minutes"},"schema":{"@context":"https:\/\/schema.org","@graph":[{"@type":"Article","@id":"https:\/\/looketmedecine.fr\/aime-paris-23-la-journee-mondiale-de-la-creativite-et-de-linnovation\/#article","isPartOf":{"@id":"https:\/\/looketmedecine.fr\/aime-paris-23-la-journee-mondiale-de-la-creativite-et-de-linnovation\/"},"author":{"name":"Albert-Claude Benhamou","@id":"https:\/\/looketmedecine.fr\/#\/schema\/person\/d674c704426e829b385c4dd691b8e3cc"},"headline":"LM N\u00b01 \/ 2023. AIME PARIS 23\u00a0: La Journ\u00e9e mondiale de la cr\u00e9ativit\u00e9 et de l&rsquo;innovation ! JP MENINGAUD","datePublished":"2023-05-07T01:19:53+00:00","dateModified":"2024-10-05T21:30:29+00:00","mainEntityOfPage":{"@id":"https:\/\/looketmedecine.fr\/aime-paris-23-la-journee-mondiale-de-la-creativite-et-de-linnovation\/"},"wordCount":335,"publisher":{"@id":"https:\/\/looketmedecine.fr\/#organization"},"image":{"@id":"https:\/\/looketmedecine.fr\/aime-paris-23-la-journee-mondiale-de-la-creativite-et-de-linnovation\/#primaryimage"},"thumbnailUrl":"https:\/\/looketmedecine.fr\/wp-content\/uploads\/2023\/04\/EDITO-4-JPM-.png","keywords":["Lm1 2023 actualit\u00e9","Lm1 2023 Editorials","Replay Lm1 2023"],"articleSection":["Actualit\u00e9s"],"inLanguage":"en-US"},{"@type":"WebPage","@id":"https:\/\/looketmedecine.fr\/aime-paris-23-la-journee-mondiale-de-la-creativite-et-de-linnovation\/","url":"https:\/\/looketmedecine.fr\/aime-paris-23-la-journee-mondiale-de-la-creativite-et-de-linnovation\/","name":"LM N\u00b01 \/ 2023. AIME PARIS 23\u00a0: La Journ\u00e9e mondiale de la cr\u00e9ativit\u00e9 et de l'innovation ! JP MENINGAUD - Revue fran\u00e7aise N\u00b01 pour la recherche en sant\u00e9 esth\u00e9tique","isPartOf":{"@id":"https:\/\/looketmedecine.fr\/#website"},"primaryImageOfPage":{"@id":"https:\/\/looketmedecine.fr\/aime-paris-23-la-journee-mondiale-de-la-creativite-et-de-linnovation\/#primaryimage"},"image":{"@id":"https:\/\/looketmedecine.fr\/aime-paris-23-la-journee-mondiale-de-la-creativite-et-de-linnovation\/#primaryimage"},"thumbnailUrl":"https:\/\/looketmedecine.fr\/wp-content\/uploads\/2023\/04\/EDITO-4-JPM-.png","datePublished":"2023-05-07T01:19:53+00:00","dateModified":"2024-10-05T21:30:29+00:00","description":"On this special day, we'd like to celebrate our community's ability to innovate and be creative in improving the health and well-being of our patients.","breadcrumb":{"@id":"https:\/\/looketmedecine.fr\/aime-paris-23-la-journee-mondiale-de-la-creativite-et-de-linnovation\/#breadcrumb"},"inLanguage":"en-US","potentialAction":[{"@type":"ReadAction","target":["https:\/\/looketmedecine.fr\/aime-paris-23-la-journee-mondiale-de-la-creativite-et-de-linnovation\/"]}]},{"@type":"ImageObject","inLanguage":"en-US","@id":"https:\/\/looketmedecine.fr\/aime-paris-23-la-journee-mondiale-de-la-creativite-et-de-linnovation\/#primaryimage","url":"https:\/\/looketmedecine.fr\/wp-content\/uploads\/2023\/04\/EDITO-4-JPM-.png","contentUrl":"https:\/\/looketmedecine.fr\/wp-content\/uploads\/2023\/04\/EDITO-4-JPM-.png","width":366,"height":364},{"@type":"BreadcrumbList","@id":"https:\/\/looketmedecine.fr\/aime-paris-23-la-journee-mondiale-de-la-creativite-et-de-linnovation\/#breadcrumb","itemListElement":[{"@type":"ListItem","position":1,"name":"Accueil","item":"https:\/\/looketmedecine.fr\/"},{"@type":"ListItem","position":2,"name":"LM N\u00b01 \/ 2023. AIME PARIS 23\u00a0: La Journ\u00e9e mondiale de la cr\u00e9ativit\u00e9 et de l&rsquo;innovation ! JP MENINGAUD"}]},{"@type":"WebSite","@id":"https:\/\/looketmedecine.fr\/#website","url":"https:\/\/looketmedecine.fr\/","name":"N\u00b01 French magazine for research in aesthetic health","description":"Aesthetic health based on scientific evidence","publisher":{"@id":"https:\/\/looketmedecine.fr\/#organization"},"potentialAction":[{"@type":"SearchAction","target":{"@type":"EntryPoint","urlTemplate":"https:\/\/looketmedecine.fr\/?s={search_term_string}"},"query-input":{"@type":"PropertyValueSpecification","valueRequired":true,"valueName":"search_term_string"}}],"inLanguage":"en-US"},{"@type":"Organization","@id":"https:\/\/looketmedecine.fr\/#organization","name":"Looketmedicine","url":"https:\/\/looketmedecine.fr\/","logo":{"@type":"ImageObject","inLanguage":"en-US","@id":"https:\/\/looketmedecine.fr\/#\/schema\/logo\/image\/","url":"https:\/\/looketmedecine.fr\/wp-content\/uploads\/2020\/11\/cropped-LookMedecine_Logo_Textuel_Noir.png","contentUrl":"https:\/\/looketmedecine.fr\/wp-content\/uploads\/2020\/11\/cropped-LookMedecine_Logo_Textuel_Noir.png","width":1500,"height":145,"caption":"Looketmedecine"},"image":{"@id":"https:\/\/looketmedecine.fr\/#\/schema\/logo\/image\/"},"sameAs":["https:\/\/www.facebook.com\/looketmedecine.magazine\/","https:\/\/www.instagram.com\/looketmedecine\/?hl=fr"]},{"@type":"Person","@id":"https:\/\/looketmedecine.fr\/#\/schema\/person\/d674c704426e829b385c4dd691b8e3cc","name":"Albert-Claude Benhamou","image":{"@type":"ImageObject","inLanguage":"en-US","@id":"https:\/\/secure.gravatar.com\/avatar\/f4c13b834cf55e3822893169175e3671a59788fb9e2d84d3a223c96e83a8f09e?s=96&d=mm&r=g","url":"https:\/\/secure.gravatar.com\/avatar\/f4c13b834cf55e3822893169175e3671a59788fb9e2d84d3a223c96e83a8f09e?s=96&d=mm&r=g","contentUrl":"https:\/\/secure.gravatar.com\/avatar\/f4c13b834cf55e3822893169175e3671a59788fb9e2d84d3a223c96e83a8f09e?s=96&d=mm&r=g","caption":"Albert-Claude Benhamou"},"url":"https:\/\/looketmedecine.fr\/en"}]}},"_links":{"self":[{"href":"https:\/\/looketmedecine.fr\/en\/wp-json\/wp\/v2\/posts\/15360","targetHints":{"allow":["GET"]}}],"collection":[{"href":"https:\/\/looketmedecine.fr\/en\/wp-json\/wp\/v2\/posts"}],"about":[{"href":"https:\/\/looketmedecine.fr\/en\/wp-json\/wp\/v2\/types\/post"}],"author":[{"embeddable":true,"href":"https:\/\/looketmedecine.fr\/en\/wp-json\/wp\/v2\/users\/2"}],"replies":[{"embeddable":true,"href":"https:\/\/looketmedecine.fr\/en\/wp-json\/wp\/v2\/comments?post=15360"}],"version-history":[{"count":49,"href":"https:\/\/looketmedecine.fr\/en\/wp-json\/wp\/v2\/posts\/15360\/revisions"}],"predecessor-version":[{"id":23821,"href":"https:\/\/looketmedecine.fr\/en\/wp-json\/wp\/v2\/posts\/15360\/revisions\/23821"}],"wp:featuredmedia":[{"embeddable":true,"href":"https:\/\/looketmedecine.fr\/en\/wp-json\/wp\/v2\/media\/14919"}],"wp:attachment":[{"href":"https:\/\/looketmedecine.fr\/en\/wp-json\/wp\/v2\/media?parent=15360"}],"wp:term":[{"taxonomy":"category","embeddable":true,"href":"https:\/\/looketmedecine.fr\/en\/wp-json\/wp\/v2\/categories?post=15360"},{"taxonomy":"post_tag","embeddable":true,"href":"https:\/\/looketmedecine.fr\/en\/wp-json\/wp\/v2\/tags?post=15360"},{"taxonomy":"auteur","embeddable":true,"href":"https:\/\/looketmedecine.fr\/en\/wp-json\/wp\/v2\/auteur?post=15360"},{"taxonomy":"mots-cles","embeddable":true,"href":"https:\/\/looketmedecine.fr\/en\/wp-json\/wp\/v2\/mots-cles?post=15360"}],"curies":[{"name":"wp","href":"https:\/\/api.w.org\/{rel}","templated":true}]}}