{"id":15262,"date":"2023-05-06T23:30:57","date_gmt":"2023-05-06T21:30:57","guid":{"rendered":"https:\/\/looketmedecine.fr\/?p=15262"},"modified":"2024-10-05T23:30:38","modified_gmt":"2024-10-05T21:30:38","slug":"editorial-pourquoi-lm-assistera-a-la-5eme-edition-de-aime","status":"publish","type":"post","link":"https:\/\/looketmedecine.fr\/en\/editorial-pourquoi-lm-assistera-a-la-5eme-edition-de-aime\/","title":{"rendered":"LM N\u00b01 \/ 2023. Why will \"L&amp;M\" be attending the 5th edition of \"AIME\"? AIME PARIS 2023. JP MENINGAUD"},"content":{"rendered":"<div data-elementor-type=\"wp-post\" data-elementor-id=\"15262\" class=\"elementor elementor-15262\" data-elementor-post-type=\"post\">\n\t\t\t\t\t\t<section class=\"elementor-section elementor-top-section elementor-element elementor-element-560075d3 elementor-section-boxed elementor-section-height-default elementor-section-height-default\" data-id=\"560075d3\" data-element_type=\"section\" data-e-type=\"section\">\n\t\t\t\t\t\t<div class=\"elementor-container elementor-column-gap-default\">\n\t\t\t\t\t<div class=\"elementor-column elementor-col-100 elementor-top-column elementor-element elementor-element-11e2fb04\" data-id=\"11e2fb04\" data-element_type=\"column\" data-e-type=\"column\">\n\t\t\t<div class=\"elementor-widget-wrap elementor-element-populated\">\n\t\t\t\t\t\t<div class=\"elementor-element elementor-element-dd3be27 elementor-widget elementor-widget-image\" data-id=\"dd3be27\" data-element_type=\"widget\" data-e-type=\"widget\" data-widget_type=\"image.default\">\n\t\t\t\t<div class=\"elementor-widget-container\">\n\t\t\t\t\t\t\t\t\t\t\t\t\t\t\t<img fetchpriority=\"high\" decoding=\"async\" width=\"897\" height=\"245\" src=\"https:\/\/looketmedecine.fr\/wp-content\/uploads\/2023\/05\/BANNIERE-TOTALE-.png\" class=\"attachment-2048x2048 size-2048x2048 wp-image-15284\" alt=\"\" srcset=\"https:\/\/looketmedecine.fr\/wp-content\/uploads\/2023\/05\/BANNIERE-TOTALE-.png 897w, https:\/\/looketmedecine.fr\/wp-content\/uploads\/2023\/05\/BANNIERE-TOTALE--300x82.png 300w, https:\/\/looketmedecine.fr\/wp-content\/uploads\/2023\/05\/BANNIERE-TOTALE--768x210.png 768w, https:\/\/looketmedecine.fr\/wp-content\/uploads\/2023\/05\/BANNIERE-TOTALE--18x5.png 18w\" sizes=\"(max-width: 897px) 100vw, 897px\" \/>\t\t\t\t\t\t\t\t\t\t\t\t\t\t\t<\/div>\n\t\t\t\t<\/div>\n\t\t\t\t<div class=\"elementor-element elementor-element-584b22b elementor-widget-divider--view-line elementor-widget elementor-widget-divider\" data-id=\"584b22b\" data-element_type=\"widget\" data-e-type=\"widget\" data-widget_type=\"divider.default\">\n\t\t\t\t<div class=\"elementor-widget-container\">\n\t\t\t\t\t\t\t<div class=\"elementor-divider\">\n\t\t\t<span class=\"elementor-divider-separator\">\n\t\t\t\t\t\t<\/span>\n\t\t<\/div>\n\t\t\t\t\t\t<\/div>\n\t\t\t\t<\/div>\n\t\t\t\t<div class=\"elementor-element elementor-element-d05cdc2 elementor-widget elementor-widget-video\" data-id=\"d05cdc2\" data-element_type=\"widget\" data-e-type=\"widget\" data-settings=\"{&quot;video_type&quot;:&quot;vimeo&quot;}\" data-widget_type=\"video.default\">\n\t\t\t\t<div class=\"elementor-widget-container\">\n\t\t\t\t\t\t\t<div class=\"elementor-wrapper elementor-open-inline\">\n\t\t\t<iframe class=\"elementor-video-iframe\" allowfullscreen allow=\"clipboard-write\" title=\"Lecteur vid\u00e9o vimeo\" src=\"https:\/\/player.vimeo.com\/video\/832608461?color&amp;autopause=0&amp;loop=0&amp;muted=0&amp;title=1&amp;portrait=1&amp;byline=1#t=\"><\/iframe>\t\t<\/div>\n\t\t\t\t\t\t<\/div>\n\t\t\t\t<\/div>\n\t\t\t\t<div class=\"elementor-element elementor-element-ac35ea9 elementor-widget__width-initial elementor-widget elementor-widget-text-editor\" data-id=\"ac35ea9\" data-element_type=\"widget\" data-e-type=\"widget\" data-widget_type=\"text-editor.default\">\n\t\t\t\t<div class=\"elementor-widget-container\">\n\t\t\t\t\t\t\t\t\t<p><\/p>\n<p><span style=\"color: #0000ff;\"><strong>\u00a0L&amp;M on 5<sup>\u00e8me<\/sup> AIME edition<\/strong><\/span><\/p>\n<p><span style=\"color: #0000ff;\"><strong>LOVES PARIS 2023\u00a0 <\/strong><\/span><\/p>\n<p><span style=\"color: #0000ff;\"><strong>Professor Jean-Paul MENINGAUD<\/strong><\/span><\/p>\n<p><\/p>\n<p><\/p>\t\t\t\t\t\t\t\t<\/div>\n\t\t\t\t<\/div>\n\t\t\t\t<div class=\"elementor-element elementor-element-5c53e4f elementor-widget elementor-widget-text-editor\" data-id=\"5c53e4f\" data-element_type=\"widget\" data-e-type=\"widget\" data-widget_type=\"text-editor.default\">\n\t\t\t\t<div class=\"elementor-widget-container\">\n\t\t\t\t\t\t\t\t\t<h5><span style=\"color: #800080;\"><strong>For its 5th edition<\/strong>In addition to the traditional focus on aesthetic medicine, anti-aging medicine and cosmetic surgery,\u00a0<strong>Aesthetic Medicine Innovation Conference<\/strong>\u00a0wanted to make <strong>a focus on active cosmetics.<\/strong>\u00a0<strong>A third amphitheatre<\/strong>\u00a0<strong>will be dedicated to medical cosmetics. <\/strong><\/span><\/h5>\n<h5><span style=\"color: #800080;\">Our patients frequently ask us for care routines that complement our treatments (lasers, injections, surgery). It's important to be able to give them relevant, effective answers.<\/span><\/h5>\n<h5><span style=\"color: #800080;\">Our partners' symposia will be held at the prestigious premises of\u00a0<strong>National Academy of Surgery.<\/strong><\/span><\/h5>\n<h5><span style=\"color: #800080;\"><strong>The Farabeuf amphitheatre\u00a0<\/strong>will host masterclasses in medicine and cosmetic surgery.<\/span><\/h5>\n<h5><span style=\"color: #800080;\"><strong>As every year, the congress will award the Innovation Trophy.<\/strong><\/span><\/h5>\n<ul>\n<li>\n<h5><span style=\"color: #800080;\">The jury is made up of young doctors who will be discreetly visiting the stands.<\/span><\/h5>\n<\/li>\n<li>\n<h5><span style=\"color: #800080;\"><strong>The innovation prize<\/strong> will be awarded at the closing ceremony held among the stands.\u00a0<\/span><\/h5>\n<\/li>\n<\/ul>\n<h5><span style=\"color: #800080;\"><strong>The gala evening<\/strong>\u00a0<strong>will take place on the Seine<\/strong> in the form of a wild dance cruise.<\/span><\/h5>\n<h5><span style=\"color: #800080;\">See you soon.<\/span><\/h5>\t\t\t\t\t\t\t\t<\/div>\n\t\t\t\t<\/div>\n\t\t\t\t<div class=\"elementor-element elementor-element-4797819 elementor-widget elementor-widget-video\" data-id=\"4797819\" data-element_type=\"widget\" data-e-type=\"widget\" data-settings=\"{&quot;video_type&quot;:&quot;vimeo&quot;}\" data-widget_type=\"video.default\">\n\t\t\t\t<div class=\"elementor-widget-container\">\n\t\t\t\t\t\t\t<div class=\"elementor-wrapper elementor-open-inline\">\n\t\t\t<iframe class=\"elementor-video-iframe\" allowfullscreen allow=\"clipboard-write\" title=\"Lecteur vid\u00e9o vimeo\" src=\"https:\/\/player.vimeo.com\/video\/762786063?color&amp;autopause=0&amp;loop=0&amp;muted=0&amp;title=1&amp;portrait=1&amp;byline=1#t=\"><\/iframe>\t\t<\/div>\n\t\t\t\t\t\t<\/div>\n\t\t\t\t<\/div>\n\t\t\t\t<div class=\"elementor-element elementor-element-8109cc0 elementor-widget elementor-widget-image\" data-id=\"8109cc0\" data-element_type=\"widget\" data-e-type=\"widget\" data-widget_type=\"image.default\">\n\t\t\t\t<div class=\"elementor-widget-container\">\n\t\t\t\t\t\t\t\t\t\t\t\t\t\t\t<img decoding=\"async\" width=\"800\" height=\"363\" src=\"https:\/\/looketmedecine.fr\/wp-content\/uploads\/2023\/04\/LOGO-AIME-PARIS-2023-2-1024x464.png\" class=\"attachment-large size-large wp-image-15025\" alt=\"\" srcset=\"https:\/\/looketmedecine.fr\/wp-content\/uploads\/2023\/04\/LOGO-AIME-PARIS-2023-2-1024x464.png 1024w, https:\/\/looketmedecine.fr\/wp-content\/uploads\/2023\/04\/LOGO-AIME-PARIS-2023-2-300x136.png 300w, https:\/\/looketmedecine.fr\/wp-content\/uploads\/2023\/04\/LOGO-AIME-PARIS-2023-2-768x348.png 768w, https:\/\/looketmedecine.fr\/wp-content\/uploads\/2023\/04\/LOGO-AIME-PARIS-2023-2-1536x696.png 1536w, https:\/\/looketmedecine.fr\/wp-content\/uploads\/2023\/04\/LOGO-AIME-PARIS-2023-2-18x8.png 18w, https:\/\/looketmedecine.fr\/wp-content\/uploads\/2023\/04\/LOGO-AIME-PARIS-2023-2.png 1748w\" sizes=\"(max-width: 800px) 100vw, 800px\" \/>\t\t\t\t\t\t\t\t\t\t\t\t\t\t\t<\/div>\n\t\t\t\t<\/div>\n\t\t\t\t\t<\/div>\n\t\t<\/div>\n\t\t\t\t\t<\/div>\n\t\t<\/section>\n\t\t\t\t<\/div>","protected":false},"excerpt":{"rendered":"<p>https:\/\/vimeo.com\/manage\/videos\/832608461 \u00a0L&amp;M \u00e0 la 5\u00e8me \u00e9dition de AIME AIME PARIS 2023\u00a0 Pr Jean-Paul MENINGAUD Pour sa 5\u00b0 \u00e9dition, en plus de l\u2019orientation traditionnelle sur la m\u00e9decine esth\u00e9tique, la m\u00e9decine anti-\u00e2ge et la chirurgie esth\u00e9tique,\u00a0les Assises pour l\u2019Innovation en M\u00e9decine Esth\u00e9tique\u00a0ont voulu faire un focus sur la cosm\u00e9tique active.\u00a0Ainsi un troisi\u00e8me amphith\u00e9\u00e2tre\u00a0sera d\u00e9di\u00e9 \u00e0 la cosm\u00e9tique [&hellip;]<\/p>\n","protected":false},"author":2,"featured_media":14970,"comment_status":"closed","ping_status":"closed","sticky":false,"template":"","format":"standard","meta":{"_acf_changed":false,"footnotes":""},"categories":[62],"tags":[309,307],"auteur":[387],"mots-cles":[],"class_list":["post-15262","post","type-post","status-publish","format-standard","has-post-thumbnail","hentry","category-editoriaux","tag-lm1-editorials-2023","tag-replay-lm1-2023","auteur-jean-paul-meningaud"],"acf":[],"yoast_head":"<!-- This site is optimized with the Yoast SEO plugin v27.5 - https:\/\/yoast.com\/product\/yoast-seo-wordpress\/ -->\n<title>LM N\u00b01 \/ 2023. Pourquoi \u00ab\u00a0L&amp;M\u00a0\u00bb assistera \u00e0 la 5\u00e8me \u00e9dition de \u00ab\u00a0AIME\u00a0\u00bb\u00a0? AIME PARIS 2023. JP MENINGAUD - Revue fran\u00e7aise N\u00b01 pour la recherche en sant\u00e9 esth\u00e9tique<\/title>\n<meta name=\"robots\" content=\"index, follow, max-snippet:-1, max-image-preview:large, max-video-preview:-1\" \/>\n<link rel=\"canonical\" href=\"https:\/\/looketmedecine.fr\/en\/wp-json\/wp\/v2\/posts\/15262\" \/>\n<meta property=\"og:locale\" content=\"en_US\" \/>\n<meta property=\"og:type\" content=\"article\" \/>\n<meta property=\"og:title\" content=\"LM N\u00b01 \/ 2023. Pourquoi \u00ab\u00a0L&amp;M\u00a0\u00bb assistera \u00e0 la 5\u00e8me \u00e9dition de \u00ab\u00a0AIME\u00a0\u00bb\u00a0? AIME PARIS 2023. JP MENINGAUD - Revue fran\u00e7aise N\u00b01 pour la recherche en sant\u00e9 esth\u00e9tique\" \/>\n<meta property=\"og:description\" content=\"https:\/\/vimeo.com\/manage\/videos\/832608461 \u00a0L&amp;M \u00e0 la 5\u00e8me \u00e9dition de AIME AIME PARIS 2023\u00a0 Pr Jean-Paul MENINGAUD Pour sa 5\u00b0 \u00e9dition, en plus de l\u2019orientation traditionnelle sur la m\u00e9decine esth\u00e9tique, la m\u00e9decine anti-\u00e2ge et la chirurgie esth\u00e9tique,\u00a0les Assises pour l\u2019Innovation en M\u00e9decine Esth\u00e9tique\u00a0ont voulu faire un focus sur la cosm\u00e9tique active.\u00a0Ainsi un troisi\u00e8me amphith\u00e9\u00e2tre\u00a0sera d\u00e9di\u00e9 \u00e0 la cosm\u00e9tique [&hellip;]\" \/>\n<meta property=\"og:url\" content=\"https:\/\/looketmedecine.fr\/en\/editorial-pourquoi-lm-assistera-a-la-5eme-edition-de-aime\/\" \/>\n<meta property=\"og:site_name\" content=\"Revue fran\u00e7aise N\u00b01 pour la recherche en sant\u00e9 esth\u00e9tique\" \/>\n<meta property=\"article:publisher\" content=\"https:\/\/www.facebook.com\/looketmedecine.magazine\/\" \/>\n<meta property=\"article:published_time\" content=\"2023-05-06T21:30:57+00:00\" \/>\n<meta property=\"article:modified_time\" content=\"2024-10-05T21:30:38+00:00\" \/>\n<meta property=\"og:image\" content=\"https:\/\/looketmedecine.fr\/wp-content\/uploads\/2023\/04\/Capture-decran-2023-04-30-a-16.11.02.png\" \/>\n\t<meta property=\"og:image:width\" content=\"1156\" \/>\n\t<meta property=\"og:image:height\" content=\"654\" \/>\n\t<meta property=\"og:image:type\" content=\"image\/png\" \/>\n<meta name=\"author\" content=\"Albert-Claude Benhamou\" \/>\n<meta name=\"twitter:card\" content=\"summary_large_image\" \/>\n<meta name=\"twitter:label1\" content=\"Written by\" \/>\n\t<meta name=\"twitter:data1\" content=\"Albert-Claude Benhamou\" \/>\n\t<meta name=\"twitter:label2\" content=\"Est. reading time\" \/>\n\t<meta name=\"twitter:data2\" content=\"1 minute\" \/>\n<script type=\"application\/ld+json\" class=\"yoast-schema-graph\">{\"@context\":\"https:\\\/\\\/schema.org\",\"@graph\":[{\"@type\":\"Article\",\"@id\":\"https:\\\/\\\/looketmedecine.fr\\\/editorial-pourquoi-lm-assistera-a-la-5eme-edition-de-aime\\\/#article\",\"isPartOf\":{\"@id\":\"https:\\\/\\\/looketmedecine.fr\\\/editorial-pourquoi-lm-assistera-a-la-5eme-edition-de-aime\\\/\"},\"author\":{\"name\":\"Albert-Claude Benhamou\",\"@id\":\"https:\\\/\\\/looketmedecine.fr\\\/#\\\/schema\\\/person\\\/d674c704426e829b385c4dd691b8e3cc\"},\"headline\":\"LM N\u00b01 \\\/ 2023. Pourquoi \u00ab\u00a0L&#038;M\u00a0\u00bb assistera \u00e0 la 5\u00e8me \u00e9dition de \u00ab\u00a0AIME\u00a0\u00bb\u00a0? AIME PARIS 2023. JP MENINGAUD\",\"datePublished\":\"2023-05-06T21:30:57+00:00\",\"dateModified\":\"2024-10-05T21:30:38+00:00\",\"mainEntityOfPage\":{\"@id\":\"https:\\\/\\\/looketmedecine.fr\\\/editorial-pourquoi-lm-assistera-a-la-5eme-edition-de-aime\\\/\"},\"wordCount\":241,\"publisher\":{\"@id\":\"https:\\\/\\\/looketmedecine.fr\\\/#organization\"},\"image\":{\"@id\":\"https:\\\/\\\/looketmedecine.fr\\\/editorial-pourquoi-lm-assistera-a-la-5eme-edition-de-aime\\\/#primaryimage\"},\"thumbnailUrl\":\"https:\\\/\\\/looketmedecine.fr\\\/wp-content\\\/uploads\\\/2023\\\/04\\\/Capture-decran-2023-04-30-a-16.11.02.png\",\"keywords\":[\"Lm1 2023 Editorials\",\"Replay Lm1 2023\"],\"articleSection\":[\"\u00c9ditoriaux\"],\"inLanguage\":\"en-US\"},{\"@type\":\"WebPage\",\"@id\":\"https:\\\/\\\/looketmedecine.fr\\\/editorial-pourquoi-lm-assistera-a-la-5eme-edition-de-aime\\\/\",\"url\":\"https:\\\/\\\/looketmedecine.fr\\\/editorial-pourquoi-lm-assistera-a-la-5eme-edition-de-aime\\\/\",\"name\":\"LM N\u00b01 \\\/ 2023. Pourquoi \u00ab\u00a0L&M\u00a0\u00bb assistera \u00e0 la 5\u00e8me \u00e9dition de \u00ab\u00a0AIME\u00a0\u00bb\u00a0? AIME PARIS 2023. JP MENINGAUD - Revue fran\u00e7aise N\u00b01 pour la recherche en sant\u00e9 esth\u00e9tique\",\"isPartOf\":{\"@id\":\"https:\\\/\\\/looketmedecine.fr\\\/#website\"},\"primaryImageOfPage\":{\"@id\":\"https:\\\/\\\/looketmedecine.fr\\\/editorial-pourquoi-lm-assistera-a-la-5eme-edition-de-aime\\\/#primaryimage\"},\"image\":{\"@id\":\"https:\\\/\\\/looketmedecine.fr\\\/editorial-pourquoi-lm-assistera-a-la-5eme-edition-de-aime\\\/#primaryimage\"},\"thumbnailUrl\":\"https:\\\/\\\/looketmedecine.fr\\\/wp-content\\\/uploads\\\/2023\\\/04\\\/Capture-decran-2023-04-30-a-16.11.02.png\",\"datePublished\":\"2023-05-06T21:30:57+00:00\",\"dateModified\":\"2024-10-05T21:30:38+00:00\",\"breadcrumb\":{\"@id\":\"https:\\\/\\\/looketmedecine.fr\\\/editorial-pourquoi-lm-assistera-a-la-5eme-edition-de-aime\\\/#breadcrumb\"},\"inLanguage\":\"en-US\",\"potentialAction\":[{\"@type\":\"ReadAction\",\"target\":[\"https:\\\/\\\/looketmedecine.fr\\\/editorial-pourquoi-lm-assistera-a-la-5eme-edition-de-aime\\\/\"]}]},{\"@type\":\"ImageObject\",\"inLanguage\":\"en-US\",\"@id\":\"https:\\\/\\\/looketmedecine.fr\\\/editorial-pourquoi-lm-assistera-a-la-5eme-edition-de-aime\\\/#primaryimage\",\"url\":\"https:\\\/\\\/looketmedecine.fr\\\/wp-content\\\/uploads\\\/2023\\\/04\\\/Capture-decran-2023-04-30-a-16.11.02.png\",\"contentUrl\":\"https:\\\/\\\/looketmedecine.fr\\\/wp-content\\\/uploads\\\/2023\\\/04\\\/Capture-decran-2023-04-30-a-16.11.02.png\",\"width\":1156,\"height\":654},{\"@type\":\"BreadcrumbList\",\"@id\":\"https:\\\/\\\/looketmedecine.fr\\\/editorial-pourquoi-lm-assistera-a-la-5eme-edition-de-aime\\\/#breadcrumb\",\"itemListElement\":[{\"@type\":\"ListItem\",\"position\":1,\"name\":\"Accueil\",\"item\":\"https:\\\/\\\/looketmedecine.fr\\\/\"},{\"@type\":\"ListItem\",\"position\":2,\"name\":\"LM N\u00b01 \\\/ 2023. Pourquoi \u00ab\u00a0L&#038;M\u00a0\u00bb assistera \u00e0 la 5\u00e8me \u00e9dition de \u00ab\u00a0AIME\u00a0\u00bb\u00a0? AIME PARIS 2023. JP MENINGAUD\"}]},{\"@type\":\"WebSite\",\"@id\":\"https:\\\/\\\/looketmedecine.fr\\\/#website\",\"url\":\"https:\\\/\\\/looketmedecine.fr\\\/\",\"name\":\"Revue fran\u00e7aise N\u00b01 pour la recherche en sant\u00e9 esth\u00e9tique\",\"description\":\"La sant\u00e9 esth\u00e9tique fond\u00e9e sur des preuves scientifiques\",\"publisher\":{\"@id\":\"https:\\\/\\\/looketmedecine.fr\\\/#organization\"},\"potentialAction\":[{\"@type\":\"SearchAction\",\"target\":{\"@type\":\"EntryPoint\",\"urlTemplate\":\"https:\\\/\\\/looketmedecine.fr\\\/?s={search_term_string}\"},\"query-input\":{\"@type\":\"PropertyValueSpecification\",\"valueRequired\":true,\"valueName\":\"search_term_string\"}}],\"inLanguage\":\"en-US\"},{\"@type\":\"Organization\",\"@id\":\"https:\\\/\\\/looketmedecine.fr\\\/#organization\",\"name\":\"Looketmedecine\",\"url\":\"https:\\\/\\\/looketmedecine.fr\\\/\",\"logo\":{\"@type\":\"ImageObject\",\"inLanguage\":\"en-US\",\"@id\":\"https:\\\/\\\/looketmedecine.fr\\\/#\\\/schema\\\/logo\\\/image\\\/\",\"url\":\"https:\\\/\\\/looketmedecine.fr\\\/wp-content\\\/uploads\\\/2020\\\/11\\\/cropped-LookMedecine_Logo_Textuel_Noir.png\",\"contentUrl\":\"https:\\\/\\\/looketmedecine.fr\\\/wp-content\\\/uploads\\\/2020\\\/11\\\/cropped-LookMedecine_Logo_Textuel_Noir.png\",\"width\":1500,\"height\":145,\"caption\":\"Looketmedecine\"},\"image\":{\"@id\":\"https:\\\/\\\/looketmedecine.fr\\\/#\\\/schema\\\/logo\\\/image\\\/\"},\"sameAs\":[\"https:\\\/\\\/www.facebook.com\\\/looketmedecine.magazine\\\/\",\"https:\\\/\\\/www.instagram.com\\\/looketmedecine\\\/?hl=fr\"]},{\"@type\":\"Person\",\"@id\":\"https:\\\/\\\/looketmedecine.fr\\\/#\\\/schema\\\/person\\\/d674c704426e829b385c4dd691b8e3cc\",\"name\":\"Albert-Claude Benhamou\",\"image\":{\"@type\":\"ImageObject\",\"inLanguage\":\"en-US\",\"@id\":\"https:\\\/\\\/secure.gravatar.com\\\/avatar\\\/f4c13b834cf55e3822893169175e3671a59788fb9e2d84d3a223c96e83a8f09e?s=96&d=mm&r=g\",\"url\":\"https:\\\/\\\/secure.gravatar.com\\\/avatar\\\/f4c13b834cf55e3822893169175e3671a59788fb9e2d84d3a223c96e83a8f09e?s=96&d=mm&r=g\",\"contentUrl\":\"https:\\\/\\\/secure.gravatar.com\\\/avatar\\\/f4c13b834cf55e3822893169175e3671a59788fb9e2d84d3a223c96e83a8f09e?s=96&d=mm&r=g\",\"caption\":\"Albert-Claude Benhamou\"},\"url\":\"https:\\\/\\\/looketmedecine.fr\\\/en\"}]}<\/script>\n<!-- \/ Yoast SEO plugin. -->","yoast_head_json":{"title":"LM N\u00b01 \/ 2023. Pourquoi \u00ab\u00a0L&M\u00a0\u00bb assistera \u00e0 la 5\u00e8me \u00e9dition de \u00ab\u00a0AIME\u00a0\u00bb\u00a0? AIME PARIS 2023. JP MENINGAUD - Revue fran\u00e7aise N\u00b01 pour la recherche en sant\u00e9 esth\u00e9tique","robots":{"index":"index","follow":"follow","max-snippet":"max-snippet:-1","max-image-preview":"max-image-preview:large","max-video-preview":"max-video-preview:-1"},"canonical":"https:\/\/looketmedecine.fr\/en\/wp-json\/wp\/v2\/posts\/15262","og_locale":"en_US","og_type":"article","og_title":"LM N\u00b01 \/ 2023. Pourquoi \u00ab\u00a0L&M\u00a0\u00bb assistera \u00e0 la 5\u00e8me \u00e9dition de \u00ab\u00a0AIME\u00a0\u00bb\u00a0? AIME PARIS 2023. JP MENINGAUD - Revue fran\u00e7aise N\u00b01 pour la recherche en sant\u00e9 esth\u00e9tique","og_description":"https:\/\/vimeo.com\/manage\/videos\/832608461 \u00a0L&amp;M \u00e0 la 5\u00e8me \u00e9dition de AIME AIME PARIS 2023\u00a0 Pr Jean-Paul MENINGAUD Pour sa 5\u00b0 \u00e9dition, en plus de l\u2019orientation traditionnelle sur la m\u00e9decine esth\u00e9tique, la m\u00e9decine anti-\u00e2ge et la chirurgie esth\u00e9tique,\u00a0les Assises pour l\u2019Innovation en M\u00e9decine Esth\u00e9tique\u00a0ont voulu faire un focus sur la cosm\u00e9tique active.\u00a0Ainsi un troisi\u00e8me amphith\u00e9\u00e2tre\u00a0sera d\u00e9di\u00e9 \u00e0 la cosm\u00e9tique [&hellip;]","og_url":"https:\/\/looketmedecine.fr\/en\/editorial-pourquoi-lm-assistera-a-la-5eme-edition-de-aime\/","og_site_name":"Revue fran\u00e7aise N\u00b01 pour la recherche en sant\u00e9 esth\u00e9tique","article_publisher":"https:\/\/www.facebook.com\/looketmedecine.magazine\/","article_published_time":"2023-05-06T21:30:57+00:00","article_modified_time":"2024-10-05T21:30:38+00:00","og_image":[{"width":1156,"height":654,"url":"https:\/\/looketmedecine.fr\/wp-content\/uploads\/2023\/04\/Capture-decran-2023-04-30-a-16.11.02.png","type":"image\/png"}],"author":"Albert-Claude Benhamou","twitter_card":"summary_large_image","twitter_misc":{"Written by":"Albert-Claude Benhamou","Est. reading time":"1 minute"},"schema":{"@context":"https:\/\/schema.org","@graph":[{"@type":"Article","@id":"https:\/\/looketmedecine.fr\/editorial-pourquoi-lm-assistera-a-la-5eme-edition-de-aime\/#article","isPartOf":{"@id":"https:\/\/looketmedecine.fr\/editorial-pourquoi-lm-assistera-a-la-5eme-edition-de-aime\/"},"author":{"name":"Albert-Claude Benhamou","@id":"https:\/\/looketmedecine.fr\/#\/schema\/person\/d674c704426e829b385c4dd691b8e3cc"},"headline":"LM N\u00b01 \/ 2023. Pourquoi \u00ab\u00a0L&#038;M\u00a0\u00bb assistera \u00e0 la 5\u00e8me \u00e9dition de \u00ab\u00a0AIME\u00a0\u00bb\u00a0? AIME PARIS 2023. JP MENINGAUD","datePublished":"2023-05-06T21:30:57+00:00","dateModified":"2024-10-05T21:30:38+00:00","mainEntityOfPage":{"@id":"https:\/\/looketmedecine.fr\/editorial-pourquoi-lm-assistera-a-la-5eme-edition-de-aime\/"},"wordCount":241,"publisher":{"@id":"https:\/\/looketmedecine.fr\/#organization"},"image":{"@id":"https:\/\/looketmedecine.fr\/editorial-pourquoi-lm-assistera-a-la-5eme-edition-de-aime\/#primaryimage"},"thumbnailUrl":"https:\/\/looketmedecine.fr\/wp-content\/uploads\/2023\/04\/Capture-decran-2023-04-30-a-16.11.02.png","keywords":["Lm1 2023 Editorials","Replay Lm1 2023"],"articleSection":["\u00c9ditoriaux"],"inLanguage":"en-US"},{"@type":"WebPage","@id":"https:\/\/looketmedecine.fr\/editorial-pourquoi-lm-assistera-a-la-5eme-edition-de-aime\/","url":"https:\/\/looketmedecine.fr\/editorial-pourquoi-lm-assistera-a-la-5eme-edition-de-aime\/","name":"LM N\u00b01 \/ 2023. Pourquoi \u00ab\u00a0L&M\u00a0\u00bb assistera \u00e0 la 5\u00e8me \u00e9dition de \u00ab\u00a0AIME\u00a0\u00bb\u00a0? AIME PARIS 2023. JP MENINGAUD - Revue fran\u00e7aise N\u00b01 pour la recherche en sant\u00e9 esth\u00e9tique","isPartOf":{"@id":"https:\/\/looketmedecine.fr\/#website"},"primaryImageOfPage":{"@id":"https:\/\/looketmedecine.fr\/editorial-pourquoi-lm-assistera-a-la-5eme-edition-de-aime\/#primaryimage"},"image":{"@id":"https:\/\/looketmedecine.fr\/editorial-pourquoi-lm-assistera-a-la-5eme-edition-de-aime\/#primaryimage"},"thumbnailUrl":"https:\/\/looketmedecine.fr\/wp-content\/uploads\/2023\/04\/Capture-decran-2023-04-30-a-16.11.02.png","datePublished":"2023-05-06T21:30:57+00:00","dateModified":"2024-10-05T21:30:38+00:00","breadcrumb":{"@id":"https:\/\/looketmedecine.fr\/editorial-pourquoi-lm-assistera-a-la-5eme-edition-de-aime\/#breadcrumb"},"inLanguage":"en-US","potentialAction":[{"@type":"ReadAction","target":["https:\/\/looketmedecine.fr\/editorial-pourquoi-lm-assistera-a-la-5eme-edition-de-aime\/"]}]},{"@type":"ImageObject","inLanguage":"en-US","@id":"https:\/\/looketmedecine.fr\/editorial-pourquoi-lm-assistera-a-la-5eme-edition-de-aime\/#primaryimage","url":"https:\/\/looketmedecine.fr\/wp-content\/uploads\/2023\/04\/Capture-decran-2023-04-30-a-16.11.02.png","contentUrl":"https:\/\/looketmedecine.fr\/wp-content\/uploads\/2023\/04\/Capture-decran-2023-04-30-a-16.11.02.png","width":1156,"height":654},{"@type":"BreadcrumbList","@id":"https:\/\/looketmedecine.fr\/editorial-pourquoi-lm-assistera-a-la-5eme-edition-de-aime\/#breadcrumb","itemListElement":[{"@type":"ListItem","position":1,"name":"Accueil","item":"https:\/\/looketmedecine.fr\/"},{"@type":"ListItem","position":2,"name":"LM N\u00b01 \/ 2023. Pourquoi \u00ab\u00a0L&#038;M\u00a0\u00bb assistera \u00e0 la 5\u00e8me \u00e9dition de \u00ab\u00a0AIME\u00a0\u00bb\u00a0? AIME PARIS 2023. JP MENINGAUD"}]},{"@type":"WebSite","@id":"https:\/\/looketmedecine.fr\/#website","url":"https:\/\/looketmedecine.fr\/","name":"N\u00b01 French magazine for research in aesthetic health","description":"Aesthetic health based on scientific evidence","publisher":{"@id":"https:\/\/looketmedecine.fr\/#organization"},"potentialAction":[{"@type":"SearchAction","target":{"@type":"EntryPoint","urlTemplate":"https:\/\/looketmedecine.fr\/?s={search_term_string}"},"query-input":{"@type":"PropertyValueSpecification","valueRequired":true,"valueName":"search_term_string"}}],"inLanguage":"en-US"},{"@type":"Organization","@id":"https:\/\/looketmedecine.fr\/#organization","name":"Looketmedicine","url":"https:\/\/looketmedecine.fr\/","logo":{"@type":"ImageObject","inLanguage":"en-US","@id":"https:\/\/looketmedecine.fr\/#\/schema\/logo\/image\/","url":"https:\/\/looketmedecine.fr\/wp-content\/uploads\/2020\/11\/cropped-LookMedecine_Logo_Textuel_Noir.png","contentUrl":"https:\/\/looketmedecine.fr\/wp-content\/uploads\/2020\/11\/cropped-LookMedecine_Logo_Textuel_Noir.png","width":1500,"height":145,"caption":"Looketmedecine"},"image":{"@id":"https:\/\/looketmedecine.fr\/#\/schema\/logo\/image\/"},"sameAs":["https:\/\/www.facebook.com\/looketmedecine.magazine\/","https:\/\/www.instagram.com\/looketmedecine\/?hl=fr"]},{"@type":"Person","@id":"https:\/\/looketmedecine.fr\/#\/schema\/person\/d674c704426e829b385c4dd691b8e3cc","name":"Albert-Claude Benhamou","image":{"@type":"ImageObject","inLanguage":"en-US","@id":"https:\/\/secure.gravatar.com\/avatar\/f4c13b834cf55e3822893169175e3671a59788fb9e2d84d3a223c96e83a8f09e?s=96&d=mm&r=g","url":"https:\/\/secure.gravatar.com\/avatar\/f4c13b834cf55e3822893169175e3671a59788fb9e2d84d3a223c96e83a8f09e?s=96&d=mm&r=g","contentUrl":"https:\/\/secure.gravatar.com\/avatar\/f4c13b834cf55e3822893169175e3671a59788fb9e2d84d3a223c96e83a8f09e?s=96&d=mm&r=g","caption":"Albert-Claude Benhamou"},"url":"https:\/\/looketmedecine.fr\/en"}]}},"_links":{"self":[{"href":"https:\/\/looketmedecine.fr\/en\/wp-json\/wp\/v2\/posts\/15262","targetHints":{"allow":["GET"]}}],"collection":[{"href":"https:\/\/looketmedecine.fr\/en\/wp-json\/wp\/v2\/posts"}],"about":[{"href":"https:\/\/looketmedecine.fr\/en\/wp-json\/wp\/v2\/types\/post"}],"author":[{"embeddable":true,"href":"https:\/\/looketmedecine.fr\/en\/wp-json\/wp\/v2\/users\/2"}],"replies":[{"embeddable":true,"href":"https:\/\/looketmedecine.fr\/en\/wp-json\/wp\/v2\/comments?post=15262"}],"version-history":[{"count":82,"href":"https:\/\/looketmedecine.fr\/en\/wp-json\/wp\/v2\/posts\/15262\/revisions"}],"predecessor-version":[{"id":23822,"href":"https:\/\/looketmedecine.fr\/en\/wp-json\/wp\/v2\/posts\/15262\/revisions\/23822"}],"wp:featuredmedia":[{"embeddable":true,"href":"https:\/\/looketmedecine.fr\/en\/wp-json\/wp\/v2\/media\/14970"}],"wp:attachment":[{"href":"https:\/\/looketmedecine.fr\/en\/wp-json\/wp\/v2\/media?parent=15262"}],"wp:term":[{"taxonomy":"category","embeddable":true,"href":"https:\/\/looketmedecine.fr\/en\/wp-json\/wp\/v2\/categories?post=15262"},{"taxonomy":"post_tag","embeddable":true,"href":"https:\/\/looketmedecine.fr\/en\/wp-json\/wp\/v2\/tags?post=15262"},{"taxonomy":"auteur","embeddable":true,"href":"https:\/\/looketmedecine.fr\/en\/wp-json\/wp\/v2\/auteur?post=15262"},{"taxonomy":"mots-cles","embeddable":true,"href":"https:\/\/looketmedecine.fr\/en\/wp-json\/wp\/v2\/mots-cles?post=15262"}],"curies":[{"name":"wp","href":"https:\/\/api.w.org\/{rel}","templated":true}]}}