{"id":14879,"date":"2023-04-27T23:06:01","date_gmt":"2023-04-27T21:06:01","guid":{"rendered":"https:\/\/looketmedecine.fr\/?p=14879"},"modified":"2024-10-05T23:31:33","modified_gmt":"2024-10-05T21:31:33","slug":"aime-paris-2023-la-force-de-notre-congres-pr-barbara-hersant","status":"publish","type":"post","link":"https:\/\/looketmedecine.fr\/en\/aime-paris-2023-la-force-de-notre-congres-pr-barbara-hersant\/","title":{"rendered":"LM N\u00b01 \/ 2023.  AIME PARIS 2023 : THE STRENGTH OF OUR CONGRESS Pr Barbara HERSANT"},"content":{"rendered":"<div data-elementor-type=\"wp-post\" data-elementor-id=\"14879\" class=\"elementor elementor-14879\" data-elementor-post-type=\"post\">\n\t\t\t\t<div class=\"elementor-element elementor-element-88c3ef1 e-flex e-con-boxed e-con e-parent\" data-id=\"88c3ef1\" data-element_type=\"container\" data-e-type=\"container\">\n\t\t\t\t\t<div class=\"e-con-inner\">\n\t\t\t\t<div class=\"elementor-element elementor-element-b25578f elementor-widget elementor-widget-heading\" data-id=\"b25578f\" data-element_type=\"widget\" data-e-type=\"widget\" data-widget_type=\"heading.default\">\n\t\t\t\t<div class=\"elementor-widget-container\">\n\t\t\t\t\t<h2 class=\"elementor-heading-title elementor-size-default\">Editorial <\/h2>\t\t\t\t<\/div>\n\t\t\t\t<\/div>\n\t\t\t\t<div class=\"elementor-element elementor-element-54337d4 elementor-widget elementor-widget-heading\" data-id=\"54337d4\" data-element_type=\"widget\" data-e-type=\"widget\" data-widget_type=\"heading.default\">\n\t\t\t\t<div class=\"elementor-widget-container\">\n\t\t\t\t\t<h2 class=\"elementor-heading-title elementor-size-default\">THE STRENGTH OF OUR CONGRESS <br> Pr Barbara HERSANT <br> \n<br> Scientific Director of the AIME Congress<br>LM Editorial Director<\/h2>\t\t\t\t<\/div>\n\t\t\t\t<\/div>\n\t\t\t\t<div class=\"elementor-element elementor-element-65b5672 elementor-widget elementor-widget-image\" data-id=\"65b5672\" data-element_type=\"widget\" data-e-type=\"widget\" data-widget_type=\"image.default\">\n\t\t\t\t<div class=\"elementor-widget-container\">\n\t\t\t\t\t\t\t\t\t\t\t\t\t\t\t<img fetchpriority=\"high\" decoding=\"async\" width=\"631\" height=\"635\" src=\"https:\/\/looketmedecine.fr\/wp-content\/uploads\/2023\/04\/Sans-titre.png\" class=\"attachment-large size-large wp-image-14896\" alt=\"BARBARA EDITO\" srcset=\"https:\/\/looketmedecine.fr\/wp-content\/uploads\/2023\/04\/Sans-titre.png 631w, https:\/\/looketmedecine.fr\/wp-content\/uploads\/2023\/04\/Sans-titre-298x300.png 298w, https:\/\/looketmedecine.fr\/wp-content\/uploads\/2023\/04\/Sans-titre-150x150.png 150w, https:\/\/looketmedecine.fr\/wp-content\/uploads\/2023\/04\/Sans-titre-12x12.png 12w\" sizes=\"(max-width: 631px) 100vw, 631px\" \/>\t\t\t\t\t\t\t\t\t\t\t\t\t\t\t<\/div>\n\t\t\t\t<\/div>\n\t\t\t\t<div class=\"elementor-element elementor-element-845ac8e elementor-widget elementor-widget-video\" data-id=\"845ac8e\" data-element_type=\"widget\" data-e-type=\"widget\" data-settings=\"{&quot;video_type&quot;:&quot;hosted&quot;,&quot;controls&quot;:&quot;yes&quot;}\" data-widget_type=\"video.default\">\n\t\t\t\t<div class=\"elementor-widget-container\">\n\t\t\t\t\t\t\t<div class=\"e-hosted-video elementor-wrapper elementor-open-inline\">\n\t\t\t\t\t<video class=\"elementor-video\" src=\"https:\/\/looketmedecine.fr\/wp-content\/uploads\/2023\/04\/ITW-Pr.-HERSANT.mov\" controls=\"\" preload=\"metadata\" controlslist=\"nodownload\"><\/video>\n\t\t\t\t<\/div>\n\t\t\t\t\t\t<\/div>\n\t\t\t\t<\/div>\n\t\t\t\t<div class=\"elementor-element elementor-element-1d10987 elementor-widget elementor-widget-text-editor\" data-id=\"1d10987\" data-element_type=\"widget\" data-e-type=\"widget\" data-widget_type=\"text-editor.default\">\n\t\t\t\t<div class=\"elementor-widget-container\">\n\t\t\t\t\t\t\t\t\t<ul><li><h5><strong>This year, AIME PARIS will be innovating with new subjects such as :<\/strong><\/h5><ul><li><h5><strong>The <\/strong><strong>active cosmetics<\/strong>\u00a0\"\u00a0<strong>in and out\",<\/strong><\/h5><\/li><li><h5><strong>Management of lipoedema,<\/strong><\/h5><\/li><li><h5><strong>The \"glow\" effect<\/strong> <strong>so much in demand by patients,<\/strong><\/h5><\/li><li><h5><strong>Rhinomodulation <\/strong><\/h5><\/li><li><h5><strong>Or systemic anti-aging medicine...<\/strong><\/h5><\/li><\/ul><\/li><\/ul><ul><li><h5><strong>We'll also be tackling societal issues. <\/strong><\/h5><\/li><li><h5><strong>We also cover the classic topics of aesthetic medicine and surgery for the figure and face.<\/strong><\/h5><\/li><\/ul><ul><li><h5><strong>The symposia will also be practical and relevant, helping us to<\/strong> \u00e0\u00a0<strong>our art.<\/strong><\/h5><\/li><\/ul><h5><strong>\u00a0 \u00a0<\/strong><\/h5><h5><strong>\u00a0 \u00a0 \u00a0 \u00a0 \u00a0 \u00a0 \u00a0 \u00a0 \u00a0 \u00a0 \u00a0 \u00a0 \u00a0 \u00a0 \u00a0 \u00a0 \u00a0 \u00a0 \u00a0 \u00a0 \u00a0 \u00a0We look forward to seeing you on June 15 and 16, 2023.<\/strong><\/h5><h5><strong>\u00a0<\/strong><\/h5>\t\t\t\t\t\t\t\t<\/div>\n\t\t\t\t<\/div>\n\t\t\t\t<div class=\"elementor-element elementor-element-70f86c5 elementor-widget elementor-widget-image\" data-id=\"70f86c5\" data-element_type=\"widget\" data-e-type=\"widget\" data-widget_type=\"image.default\">\n\t\t\t\t<div class=\"elementor-widget-container\">\n\t\t\t\t\t\t\t\t\t\t\t\t\t\t\t<img decoding=\"async\" width=\"300\" height=\"136\" src=\"https:\/\/looketmedecine.fr\/wp-content\/uploads\/2023\/04\/LOGO-AIME-PARIS-2023-2-300x136.png\" class=\"attachment-medium size-medium wp-image-15025\" alt=\"\" srcset=\"https:\/\/looketmedecine.fr\/wp-content\/uploads\/2023\/04\/LOGO-AIME-PARIS-2023-2-300x136.png 300w, https:\/\/looketmedecine.fr\/wp-content\/uploads\/2023\/04\/LOGO-AIME-PARIS-2023-2-1024x464.png 1024w, https:\/\/looketmedecine.fr\/wp-content\/uploads\/2023\/04\/LOGO-AIME-PARIS-2023-2-768x348.png 768w, https:\/\/looketmedecine.fr\/wp-content\/uploads\/2023\/04\/LOGO-AIME-PARIS-2023-2-1536x696.png 1536w, https:\/\/looketmedecine.fr\/wp-content\/uploads\/2023\/04\/LOGO-AIME-PARIS-2023-2-18x8.png 18w, https:\/\/looketmedecine.fr\/wp-content\/uploads\/2023\/04\/LOGO-AIME-PARIS-2023-2.png 1748w\" sizes=\"(max-width: 300px) 100vw, 300px\" \/>\t\t\t\t\t\t\t\t\t\t\t\t\t\t\t<\/div>\n\t\t\t\t<\/div>\n\t\t\t\t\t<\/div>\n\t\t\t\t<\/div>\n\t\t<div class=\"elementor-element elementor-element-511a08f e-flex e-con-boxed e-con e-parent\" data-id=\"511a08f\" data-element_type=\"container\" data-e-type=\"container\">\n\t\t\t\t\t<div class=\"e-con-inner\">\n\t\t\t\t\t<\/div>\n\t\t\t\t<\/div>\n\t\t\t\t<\/div>","protected":false},"excerpt":{"rendered":"<p>Editorial LA FORCE DE NOTRE CONGR\u00c8S Pr Barbara HERSANT Directrice scientifique du Congr\u00e8s AIME Directrice de la R\u00e9daction de LM https:\/\/looketmedecine.fr\/wp-content\/uploads\/2023\/04\/ITW-Pr.-HERSANT.mov Cette ann\u00e9e, \u00e0 AIME PARIS nous innoverons avec de nouveaux sujets comme\u00a0: La cosm\u00e9tique active\u00a0\u00ab\u00a0in and out\u00a0\u00bb, La prise en charge du lipoed\u00e8me, L\u2019effet \u00ab glow \u00bb tant demand\u00e9 par les patients, La rhinomodulation [&hellip;]<\/p>\n","protected":false},"author":4,"featured_media":10410,"comment_status":"closed","ping_status":"closed","sticky":false,"template":"","format":"standard","meta":{"_acf_changed":false,"footnotes":""},"categories":[62],"tags":[309,307],"auteur":[390],"mots-cles":[],"class_list":["post-14879","post","type-post","status-publish","format-standard","has-post-thumbnail","hentry","category-editoriaux","tag-lm1-editorials-2023","tag-replay-lm1-2023","auteur-barbara-hersant"],"acf":[],"yoast_head":"<!-- This site is optimized with the Yoast SEO plugin v27.5 - https:\/\/yoast.com\/product\/yoast-seo-wordpress\/ -->\n<title>LM N\u00b01 \/ 2023. AIME PARIS 2023 : LA FORCE DE NOTRE CONGR\u00c8S. Pr Barbara HERSANT - Revue fran\u00e7aise N\u00b01 pour la recherche en sant\u00e9 esth\u00e9tique<\/title>\n<meta name=\"description\" content=\"AIME PARIS 2023 : LA FORCE DE NOTRE CONGR\u00c8S Pr Barbara HERSANT\" \/>\n<meta name=\"robots\" content=\"index, follow, max-snippet:-1, max-image-preview:large, max-video-preview:-1\" \/>\n<link rel=\"canonical\" href=\"https:\/\/looketmedecine.fr\/en\/wp-json\/wp\/v2\/posts\/14879\" \/>\n<meta property=\"og:locale\" content=\"en_US\" \/>\n<meta property=\"og:type\" content=\"article\" \/>\n<meta property=\"og:title\" content=\"LM N\u00b01 \/ 2023. AIME PARIS 2023 : LA FORCE DE NOTRE CONGR\u00c8S. Pr Barbara HERSANT - Revue fran\u00e7aise N\u00b01 pour la recherche en sant\u00e9 esth\u00e9tique\" \/>\n<meta property=\"og:description\" content=\"AIME PARIS 2023 : LA FORCE DE NOTRE CONGR\u00c8S Pr Barbara HERSANT\" \/>\n<meta property=\"og:url\" content=\"https:\/\/looketmedecine.fr\/en\/aime-paris-2023-la-force-de-notre-congres-pr-barbara-hersant\/\" \/>\n<meta property=\"og:site_name\" content=\"Revue fran\u00e7aise N\u00b01 pour la recherche en sant\u00e9 esth\u00e9tique\" \/>\n<meta property=\"article:publisher\" content=\"https:\/\/www.facebook.com\/looketmedecine.magazine\/\" \/>\n<meta property=\"article:published_time\" content=\"2023-04-27T21:06:01+00:00\" \/>\n<meta property=\"article:modified_time\" content=\"2024-10-05T21:31:33+00:00\" \/>\n<meta property=\"og:image\" content=\"https:\/\/looketmedecine.fr\/wp-content\/uploads\/2021\/12\/Capture-de\u0301cran-2021-12-18-a\u0300-17.25.56.png\" \/>\n\t<meta property=\"og:image:width\" content=\"404\" \/>\n\t<meta property=\"og:image:height\" content=\"620\" \/>\n\t<meta property=\"og:image:type\" content=\"image\/png\" \/>\n<meta name=\"author\" content=\"yvan tenekeu\" \/>\n<meta name=\"twitter:card\" content=\"summary_large_image\" \/>\n<meta name=\"twitter:label1\" content=\"Written by\" \/>\n\t<meta name=\"twitter:data1\" content=\"yvan tenekeu\" \/>\n\t<meta name=\"twitter:label2\" content=\"Est. reading time\" \/>\n\t<meta name=\"twitter:data2\" content=\"1 minute\" \/>\n<script type=\"application\/ld+json\" class=\"yoast-schema-graph\">{\"@context\":\"https:\\\/\\\/schema.org\",\"@graph\":[{\"@type\":\"Article\",\"@id\":\"https:\\\/\\\/looketmedecine.fr\\\/en\\\/aime-paris-2023-la-force-de-notre-congres-pr-barbara-hersant\\\/#article\",\"isPartOf\":{\"@id\":\"https:\\\/\\\/looketmedecine.fr\\\/en\\\/aime-paris-2023-la-force-de-notre-congres-pr-barbara-hersant\\\/\"},\"author\":{\"name\":\"yvan tenekeu\",\"@id\":\"https:\\\/\\\/looketmedecine.fr\\\/#\\\/schema\\\/person\\\/cff93d1c228784d84da238666226f645\"},\"headline\":\"LM N\u00b01 \\\/ 2023. AIME PARIS 2023 : LA FORCE DE NOTRE CONGR\u00c8S. Pr Barbara HERSANT\",\"datePublished\":\"2023-04-27T21:06:01+00:00\",\"dateModified\":\"2024-10-05T21:31:33+00:00\",\"mainEntityOfPage\":{\"@id\":\"https:\\\/\\\/looketmedecine.fr\\\/en\\\/aime-paris-2023-la-force-de-notre-congres-pr-barbara-hersant\\\/\"},\"wordCount\":142,\"publisher\":{\"@id\":\"https:\\\/\\\/looketmedecine.fr\\\/#organization\"},\"image\":{\"@id\":\"https:\\\/\\\/looketmedecine.fr\\\/en\\\/aime-paris-2023-la-force-de-notre-congres-pr-barbara-hersant\\\/#primaryimage\"},\"thumbnailUrl\":\"https:\\\/\\\/looketmedecine.fr\\\/wp-content\\\/uploads\\\/2021\\\/12\\\/Capture-de\u0301cran-2021-12-18-a\u0300-17.25.56.png\",\"keywords\":[\"Lm1 2023 Editorials\",\"Replay Lm1 2023\"],\"articleSection\":[\"\u00c9ditoriaux\"],\"inLanguage\":\"en-US\"},{\"@type\":\"WebPage\",\"@id\":\"https:\\\/\\\/looketmedecine.fr\\\/en\\\/aime-paris-2023-la-force-de-notre-congres-pr-barbara-hersant\\\/\",\"url\":\"https:\\\/\\\/looketmedecine.fr\\\/en\\\/aime-paris-2023-la-force-de-notre-congres-pr-barbara-hersant\\\/\",\"name\":\"LM N\u00b01 \\\/ 2023. AIME PARIS 2023 : LA FORCE DE NOTRE CONGR\u00c8S. Pr Barbara HERSANT - Revue fran\u00e7aise N\u00b01 pour la recherche en sant\u00e9 esth\u00e9tique\",\"isPartOf\":{\"@id\":\"https:\\\/\\\/looketmedecine.fr\\\/#website\"},\"primaryImageOfPage\":{\"@id\":\"https:\\\/\\\/looketmedecine.fr\\\/en\\\/aime-paris-2023-la-force-de-notre-congres-pr-barbara-hersant\\\/#primaryimage\"},\"image\":{\"@id\":\"https:\\\/\\\/looketmedecine.fr\\\/en\\\/aime-paris-2023-la-force-de-notre-congres-pr-barbara-hersant\\\/#primaryimage\"},\"thumbnailUrl\":\"https:\\\/\\\/looketmedecine.fr\\\/wp-content\\\/uploads\\\/2021\\\/12\\\/Capture-de\u0301cran-2021-12-18-a\u0300-17.25.56.png\",\"datePublished\":\"2023-04-27T21:06:01+00:00\",\"dateModified\":\"2024-10-05T21:31:33+00:00\",\"description\":\"AIME PARIS 2023 : LA FORCE DE NOTRE CONGR\u00c8S Pr Barbara HERSANT\",\"breadcrumb\":{\"@id\":\"https:\\\/\\\/looketmedecine.fr\\\/en\\\/aime-paris-2023-la-force-de-notre-congres-pr-barbara-hersant\\\/#breadcrumb\"},\"inLanguage\":\"en-US\",\"potentialAction\":[{\"@type\":\"ReadAction\",\"target\":[\"https:\\\/\\\/looketmedecine.fr\\\/en\\\/aime-paris-2023-la-force-de-notre-congres-pr-barbara-hersant\\\/\"]}]},{\"@type\":\"ImageObject\",\"inLanguage\":\"en-US\",\"@id\":\"https:\\\/\\\/looketmedecine.fr\\\/en\\\/aime-paris-2023-la-force-de-notre-congres-pr-barbara-hersant\\\/#primaryimage\",\"url\":\"https:\\\/\\\/looketmedecine.fr\\\/wp-content\\\/uploads\\\/2021\\\/12\\\/Capture-de\u0301cran-2021-12-18-a\u0300-17.25.56.png\",\"contentUrl\":\"https:\\\/\\\/looketmedecine.fr\\\/wp-content\\\/uploads\\\/2021\\\/12\\\/Capture-de\u0301cran-2021-12-18-a\u0300-17.25.56.png\",\"width\":404,\"height\":620,\"caption\":\"Pr Barbara HERSANT\"},{\"@type\":\"BreadcrumbList\",\"@id\":\"https:\\\/\\\/looketmedecine.fr\\\/en\\\/aime-paris-2023-la-force-de-notre-congres-pr-barbara-hersant\\\/#breadcrumb\",\"itemListElement\":[{\"@type\":\"ListItem\",\"position\":1,\"name\":\"Accueil\",\"item\":\"https:\\\/\\\/looketmedecine.fr\\\/\"},{\"@type\":\"ListItem\",\"position\":2,\"name\":\"LM N\u00b01 \\\/ 2023. AIME PARIS 2023 : LA FORCE DE NOTRE CONGR\u00c8S. Pr Barbara HERSANT\"}]},{\"@type\":\"WebSite\",\"@id\":\"https:\\\/\\\/looketmedecine.fr\\\/#website\",\"url\":\"https:\\\/\\\/looketmedecine.fr\\\/\",\"name\":\"Revue fran\u00e7aise N\u00b01 pour la recherche en sant\u00e9 esth\u00e9tique\",\"description\":\"La sant\u00e9 esth\u00e9tique fond\u00e9e sur des preuves scientifiques\",\"publisher\":{\"@id\":\"https:\\\/\\\/looketmedecine.fr\\\/#organization\"},\"potentialAction\":[{\"@type\":\"SearchAction\",\"target\":{\"@type\":\"EntryPoint\",\"urlTemplate\":\"https:\\\/\\\/looketmedecine.fr\\\/?s={search_term_string}\"},\"query-input\":{\"@type\":\"PropertyValueSpecification\",\"valueRequired\":true,\"valueName\":\"search_term_string\"}}],\"inLanguage\":\"en-US\"},{\"@type\":\"Organization\",\"@id\":\"https:\\\/\\\/looketmedecine.fr\\\/#organization\",\"name\":\"Looketmedecine\",\"url\":\"https:\\\/\\\/looketmedecine.fr\\\/\",\"logo\":{\"@type\":\"ImageObject\",\"inLanguage\":\"en-US\",\"@id\":\"https:\\\/\\\/looketmedecine.fr\\\/#\\\/schema\\\/logo\\\/image\\\/\",\"url\":\"https:\\\/\\\/looketmedecine.fr\\\/wp-content\\\/uploads\\\/2020\\\/11\\\/cropped-LookMedecine_Logo_Textuel_Noir.png\",\"contentUrl\":\"https:\\\/\\\/looketmedecine.fr\\\/wp-content\\\/uploads\\\/2020\\\/11\\\/cropped-LookMedecine_Logo_Textuel_Noir.png\",\"width\":1500,\"height\":145,\"caption\":\"Looketmedecine\"},\"image\":{\"@id\":\"https:\\\/\\\/looketmedecine.fr\\\/#\\\/schema\\\/logo\\\/image\\\/\"},\"sameAs\":[\"https:\\\/\\\/www.facebook.com\\\/looketmedecine.magazine\\\/\",\"https:\\\/\\\/www.instagram.com\\\/looketmedecine\\\/?hl=fr\"]},{\"@type\":\"Person\",\"@id\":\"https:\\\/\\\/looketmedecine.fr\\\/#\\\/schema\\\/person\\\/cff93d1c228784d84da238666226f645\",\"name\":\"yvan tenekeu\",\"image\":{\"@type\":\"ImageObject\",\"inLanguage\":\"en-US\",\"@id\":\"https:\\\/\\\/secure.gravatar.com\\\/avatar\\\/17a85651882ec66941c0db6fd21d0ae5b76073b2467ba9cf60ecf5eacc8d3b94?s=96&d=mm&r=g\",\"url\":\"https:\\\/\\\/secure.gravatar.com\\\/avatar\\\/17a85651882ec66941c0db6fd21d0ae5b76073b2467ba9cf60ecf5eacc8d3b94?s=96&d=mm&r=g\",\"contentUrl\":\"https:\\\/\\\/secure.gravatar.com\\\/avatar\\\/17a85651882ec66941c0db6fd21d0ae5b76073b2467ba9cf60ecf5eacc8d3b94?s=96&d=mm&r=g\",\"caption\":\"yvan tenekeu\"},\"url\":\"https:\\\/\\\/looketmedecine.fr\\\/en\"}]}<\/script>\n<!-- \/ Yoast SEO plugin. -->","yoast_head_json":{"title":"LM N\u00b01 \/ 2023. AIME PARIS 2023 : LA FORCE DE NOTRE CONGR\u00c8S. Pr Barbara HERSANT - Revue fran\u00e7aise N\u00b01 pour la recherche en sant\u00e9 esth\u00e9tique","description":"AIME PARIS 2023 : THE STRENGTH OF OUR CONGRESS Pr Barbara HERSANT","robots":{"index":"index","follow":"follow","max-snippet":"max-snippet:-1","max-image-preview":"max-image-preview:large","max-video-preview":"max-video-preview:-1"},"canonical":"https:\/\/looketmedecine.fr\/en\/wp-json\/wp\/v2\/posts\/14879","og_locale":"en_US","og_type":"article","og_title":"LM N\u00b01 \/ 2023. AIME PARIS 2023 : LA FORCE DE NOTRE CONGR\u00c8S. Pr Barbara HERSANT - Revue fran\u00e7aise N\u00b01 pour la recherche en sant\u00e9 esth\u00e9tique","og_description":"AIME PARIS 2023 : LA FORCE DE NOTRE CONGR\u00c8S Pr Barbara HERSANT","og_url":"https:\/\/looketmedecine.fr\/en\/aime-paris-2023-la-force-de-notre-congres-pr-barbara-hersant\/","og_site_name":"Revue fran\u00e7aise N\u00b01 pour la recherche en sant\u00e9 esth\u00e9tique","article_publisher":"https:\/\/www.facebook.com\/looketmedecine.magazine\/","article_published_time":"2023-04-27T21:06:01+00:00","article_modified_time":"2024-10-05T21:31:33+00:00","og_image":[{"width":404,"height":620,"url":"https:\/\/looketmedecine.fr\/wp-content\/uploads\/2021\/12\/Capture-de\u0301cran-2021-12-18-a\u0300-17.25.56.png","type":"image\/png"}],"author":"yvan tenekeu","twitter_card":"summary_large_image","twitter_misc":{"Written by":"yvan tenekeu","Est. reading time":"1 minute"},"schema":{"@context":"https:\/\/schema.org","@graph":[{"@type":"Article","@id":"https:\/\/looketmedecine.fr\/en\/aime-paris-2023-la-force-de-notre-congres-pr-barbara-hersant\/#article","isPartOf":{"@id":"https:\/\/looketmedecine.fr\/en\/aime-paris-2023-la-force-de-notre-congres-pr-barbara-hersant\/"},"author":{"name":"yvan tenekeu","@id":"https:\/\/looketmedecine.fr\/#\/schema\/person\/cff93d1c228784d84da238666226f645"},"headline":"LM N\u00b01 \/ 2023. AIME PARIS 2023 : LA FORCE DE NOTRE CONGR\u00c8S. Pr Barbara HERSANT","datePublished":"2023-04-27T21:06:01+00:00","dateModified":"2024-10-05T21:31:33+00:00","mainEntityOfPage":{"@id":"https:\/\/looketmedecine.fr\/en\/aime-paris-2023-la-force-de-notre-congres-pr-barbara-hersant\/"},"wordCount":142,"publisher":{"@id":"https:\/\/looketmedecine.fr\/#organization"},"image":{"@id":"https:\/\/looketmedecine.fr\/en\/aime-paris-2023-la-force-de-notre-congres-pr-barbara-hersant\/#primaryimage"},"thumbnailUrl":"https:\/\/looketmedecine.fr\/wp-content\/uploads\/2021\/12\/Capture-de\u0301cran-2021-12-18-a\u0300-17.25.56.png","keywords":["Lm1 2023 Editorials","Replay Lm1 2023"],"articleSection":["\u00c9ditoriaux"],"inLanguage":"en-US"},{"@type":"WebPage","@id":"https:\/\/looketmedecine.fr\/en\/aime-paris-2023-la-force-de-notre-congres-pr-barbara-hersant\/","url":"https:\/\/looketmedecine.fr\/en\/aime-paris-2023-la-force-de-notre-congres-pr-barbara-hersant\/","name":"LM N\u00b01 \/ 2023. AIME PARIS 2023 : LA FORCE DE NOTRE CONGR\u00c8S. Pr Barbara HERSANT - Revue fran\u00e7aise N\u00b01 pour la recherche en sant\u00e9 esth\u00e9tique","isPartOf":{"@id":"https:\/\/looketmedecine.fr\/#website"},"primaryImageOfPage":{"@id":"https:\/\/looketmedecine.fr\/en\/aime-paris-2023-la-force-de-notre-congres-pr-barbara-hersant\/#primaryimage"},"image":{"@id":"https:\/\/looketmedecine.fr\/en\/aime-paris-2023-la-force-de-notre-congres-pr-barbara-hersant\/#primaryimage"},"thumbnailUrl":"https:\/\/looketmedecine.fr\/wp-content\/uploads\/2021\/12\/Capture-de\u0301cran-2021-12-18-a\u0300-17.25.56.png","datePublished":"2023-04-27T21:06:01+00:00","dateModified":"2024-10-05T21:31:33+00:00","description":"AIME PARIS 2023 : THE STRENGTH OF OUR CONGRESS Pr Barbara HERSANT","breadcrumb":{"@id":"https:\/\/looketmedecine.fr\/en\/aime-paris-2023-la-force-de-notre-congres-pr-barbara-hersant\/#breadcrumb"},"inLanguage":"en-US","potentialAction":[{"@type":"ReadAction","target":["https:\/\/looketmedecine.fr\/en\/aime-paris-2023-la-force-de-notre-congres-pr-barbara-hersant\/"]}]},{"@type":"ImageObject","inLanguage":"en-US","@id":"https:\/\/looketmedecine.fr\/en\/aime-paris-2023-la-force-de-notre-congres-pr-barbara-hersant\/#primaryimage","url":"https:\/\/looketmedecine.fr\/wp-content\/uploads\/2021\/12\/Capture-de\u0301cran-2021-12-18-a\u0300-17.25.56.png","contentUrl":"https:\/\/looketmedecine.fr\/wp-content\/uploads\/2021\/12\/Capture-de\u0301cran-2021-12-18-a\u0300-17.25.56.png","width":404,"height":620,"caption":"Pr Barbara HERSANT"},{"@type":"BreadcrumbList","@id":"https:\/\/looketmedecine.fr\/en\/aime-paris-2023-la-force-de-notre-congres-pr-barbara-hersant\/#breadcrumb","itemListElement":[{"@type":"ListItem","position":1,"name":"Accueil","item":"https:\/\/looketmedecine.fr\/"},{"@type":"ListItem","position":2,"name":"LM N\u00b01 \/ 2023. AIME PARIS 2023 : LA FORCE DE NOTRE CONGR\u00c8S. Pr Barbara HERSANT"}]},{"@type":"WebSite","@id":"https:\/\/looketmedecine.fr\/#website","url":"https:\/\/looketmedecine.fr\/","name":"N\u00b01 French magazine for research in aesthetic health","description":"Aesthetic health based on scientific evidence","publisher":{"@id":"https:\/\/looketmedecine.fr\/#organization"},"potentialAction":[{"@type":"SearchAction","target":{"@type":"EntryPoint","urlTemplate":"https:\/\/looketmedecine.fr\/?s={search_term_string}"},"query-input":{"@type":"PropertyValueSpecification","valueRequired":true,"valueName":"search_term_string"}}],"inLanguage":"en-US"},{"@type":"Organization","@id":"https:\/\/looketmedecine.fr\/#organization","name":"Looketmedicine","url":"https:\/\/looketmedecine.fr\/","logo":{"@type":"ImageObject","inLanguage":"en-US","@id":"https:\/\/looketmedecine.fr\/#\/schema\/logo\/image\/","url":"https:\/\/looketmedecine.fr\/wp-content\/uploads\/2020\/11\/cropped-LookMedecine_Logo_Textuel_Noir.png","contentUrl":"https:\/\/looketmedecine.fr\/wp-content\/uploads\/2020\/11\/cropped-LookMedecine_Logo_Textuel_Noir.png","width":1500,"height":145,"caption":"Looketmedecine"},"image":{"@id":"https:\/\/looketmedecine.fr\/#\/schema\/logo\/image\/"},"sameAs":["https:\/\/www.facebook.com\/looketmedecine.magazine\/","https:\/\/www.instagram.com\/looketmedecine\/?hl=fr"]},{"@type":"Person","@id":"https:\/\/looketmedecine.fr\/#\/schema\/person\/cff93d1c228784d84da238666226f645","name":"yvan tenekeu","image":{"@type":"ImageObject","inLanguage":"en-US","@id":"https:\/\/secure.gravatar.com\/avatar\/17a85651882ec66941c0db6fd21d0ae5b76073b2467ba9cf60ecf5eacc8d3b94?s=96&d=mm&r=g","url":"https:\/\/secure.gravatar.com\/avatar\/17a85651882ec66941c0db6fd21d0ae5b76073b2467ba9cf60ecf5eacc8d3b94?s=96&d=mm&r=g","contentUrl":"https:\/\/secure.gravatar.com\/avatar\/17a85651882ec66941c0db6fd21d0ae5b76073b2467ba9cf60ecf5eacc8d3b94?s=96&d=mm&r=g","caption":"yvan tenekeu"},"url":"https:\/\/looketmedecine.fr\/en"}]}},"_links":{"self":[{"href":"https:\/\/looketmedecine.fr\/en\/wp-json\/wp\/v2\/posts\/14879","targetHints":{"allow":["GET"]}}],"collection":[{"href":"https:\/\/looketmedecine.fr\/en\/wp-json\/wp\/v2\/posts"}],"about":[{"href":"https:\/\/looketmedecine.fr\/en\/wp-json\/wp\/v2\/types\/post"}],"author":[{"embeddable":true,"href":"https:\/\/looketmedecine.fr\/en\/wp-json\/wp\/v2\/users\/4"}],"replies":[{"embeddable":true,"href":"https:\/\/looketmedecine.fr\/en\/wp-json\/wp\/v2\/comments?post=14879"}],"version-history":[{"count":47,"href":"https:\/\/looketmedecine.fr\/en\/wp-json\/wp\/v2\/posts\/14879\/revisions"}],"predecessor-version":[{"id":23826,"href":"https:\/\/looketmedecine.fr\/en\/wp-json\/wp\/v2\/posts\/14879\/revisions\/23826"}],"wp:featuredmedia":[{"embeddable":true,"href":"https:\/\/looketmedecine.fr\/en\/wp-json\/wp\/v2\/media\/10410"}],"wp:attachment":[{"href":"https:\/\/looketmedecine.fr\/en\/wp-json\/wp\/v2\/media?parent=14879"}],"wp:term":[{"taxonomy":"category","embeddable":true,"href":"https:\/\/looketmedecine.fr\/en\/wp-json\/wp\/v2\/categories?post=14879"},{"taxonomy":"post_tag","embeddable":true,"href":"https:\/\/looketmedecine.fr\/en\/wp-json\/wp\/v2\/tags?post=14879"},{"taxonomy":"auteur","embeddable":true,"href":"https:\/\/looketmedecine.fr\/en\/wp-json\/wp\/v2\/auteur?post=14879"},{"taxonomy":"mots-cles","embeddable":true,"href":"https:\/\/looketmedecine.fr\/en\/wp-json\/wp\/v2\/mots-cles?post=14879"}],"curies":[{"name":"wp","href":"https:\/\/api.w.org\/{rel}","templated":true}]}}