{"id":14852,"date":"2023-04-27T22:00:10","date_gmt":"2023-04-27T20:00:10","guid":{"rendered":"https:\/\/looketmedecine.fr\/?p=14852"},"modified":"2024-10-05T23:31:49","modified_gmt":"2024-10-05T21:31:49","slug":"changer-de-regard-sur-la-sante-esthetique","status":"publish","type":"post","link":"https:\/\/looketmedecine.fr\/en\/changer-de-regard-sur-la-sante-esthetique\/","title":{"rendered":"LM N\u00b01 \/ 2023.  \"LOOK &amp; MEDECINE\/L&amp;M\" partner of the \"Assises pour l'Innovation en M\u00e9decine Esth\u00e9tique\/ AIME\". To change the way we look at the right to aesthetic health for all! AC BENHAMOU"},"content":{"rendered":"<div data-elementor-type=\"wp-post\" data-elementor-id=\"14852\" class=\"elementor elementor-14852\" data-elementor-post-type=\"post\">\n\t\t\t\t\t\t<section class=\"elementor-section elementor-top-section elementor-element elementor-element-3b0d16c6 elementor-section-boxed elementor-section-height-default elementor-section-height-default\" data-id=\"3b0d16c6\" data-element_type=\"section\" data-e-type=\"section\">\n\t\t\t\t\t\t<div class=\"elementor-container elementor-column-gap-default\">\n\t\t\t\t\t<div class=\"elementor-column elementor-col-100 elementor-top-column elementor-element elementor-element-2912f5db\" data-id=\"2912f5db\" data-element_type=\"column\" data-e-type=\"column\">\n\t\t\t<div class=\"elementor-widget-wrap elementor-element-populated\">\n\t\t\t\t\t\t<div class=\"elementor-element elementor-element-cf9f602 elementor-widget elementor-widget-heading\" data-id=\"cf9f602\" data-element_type=\"widget\" data-e-type=\"widget\" data-widget_type=\"heading.default\">\n\t\t\t\t<div class=\"elementor-widget-container\">\n\t\t\t\t\t<h2 class=\"elementor-heading-title elementor-size-default\">L&amp;M: CHANGING THE WAY WE LOOK AT AESTHETIC HEALTH<\/h2>\t\t\t\t<\/div>\n\t\t\t\t<\/div>\n\t\t\t\t<div class=\"elementor-element elementor-element-fa2caf1 elementor-widget elementor-widget-heading\" data-id=\"fa2caf1\" data-element_type=\"widget\" data-e-type=\"widget\" data-widget_type=\"heading.default\">\n\t\t\t\t<div class=\"elementor-widget-container\">\n\t\t\t\t\t<h2 class=\"elementor-heading-title elementor-size-default\"><br> \"LOOK &amp; MEDECINE: Partner of the Assises pour l'Innovation en M\u00e9decine Esth\u00e9tique (Aesthetic Medicine Innovation Conference) <br><\/h2>\t\t\t\t<\/div>\n\t\t\t\t<\/div>\n\t\t\t\t<div class=\"elementor-element elementor-element-92953fd elementor-widget elementor-widget-image\" data-id=\"92953fd\" data-element_type=\"widget\" data-e-type=\"widget\" data-widget_type=\"image.default\">\n\t\t\t\t<div class=\"elementor-widget-container\">\n\t\t\t\t\t\t\t\t\t\t\t\t\t\t\t<img fetchpriority=\"high\" decoding=\"async\" width=\"538\" height=\"502\" src=\"https:\/\/looketmedecine.fr\/wp-content\/uploads\/2022\/09\/Capture-d\u00e9cran-2021-11-15-\u00e0-12.15.29.png\" class=\"attachment-large size-large wp-image-11796\" alt=\"Prof. Albert Claude Benhamou\" srcset=\"https:\/\/looketmedecine.fr\/wp-content\/uploads\/2022\/09\/Capture-de\u0301cran-2021-11-15-a\u0300-12.15.29.png 538w, https:\/\/looketmedecine.fr\/wp-content\/uploads\/2022\/09\/Capture-de\u0301cran-2021-11-15-a\u0300-12.15.29-300x280.png 300w, https:\/\/looketmedecine.fr\/wp-content\/uploads\/2022\/09\/Capture-de\u0301cran-2021-11-15-a\u0300-12.15.29-13x12.png 13w\" sizes=\"(max-width: 538px) 100vw, 538px\" \/>\t\t\t\t\t\t\t\t\t\t\t\t\t\t\t<\/div>\n\t\t\t\t<\/div>\n\t\t\t\t<div class=\"elementor-element elementor-element-f854bff elementor-widget elementor-widget-heading\" data-id=\"f854bff\" data-element_type=\"widget\" data-e-type=\"widget\" data-widget_type=\"heading.default\">\n\t\t\t\t<div class=\"elementor-widget-container\">\n\t\t\t\t\t<h2 class=\"elementor-heading-title elementor-size-default\">Pr Albert-Claude BENHAMOU<br><br> President 2022 of the French National Academy of Surgery <br><br>Editor of \"LOOK &amp; MEDECINE<\/h2>\t\t\t\t<\/div>\n\t\t\t\t<\/div>\n\t\t\t\t<div class=\"elementor-element elementor-element-42444d3a elementor-widget elementor-widget-text-editor\" data-id=\"42444d3a\" data-element_type=\"widget\" data-e-type=\"widget\" data-widget_type=\"text-editor.default\">\n\t\t\t\t<div class=\"elementor-widget-container\">\n\t\t\t\t\t\t\t\t\t\n<p><\/p>\n\n\n\n<p><\/p>\n\n\n\n<p><\/p>\n\n\n\n<p><\/p>\n\t\t\t\t\t\t\t\t<\/div>\n\t\t\t\t<\/div>\n\t\t\t\t<div class=\"elementor-element elementor-element-e983373 elementor-widget elementor-widget-text-editor\" data-id=\"e983373\" data-element_type=\"widget\" data-e-type=\"widget\" data-widget_type=\"text-editor.default\">\n\t\t\t\t<div class=\"elementor-widget-container\">\n\t\t\t\t\t\t\t\t\t<div class=\"page\" title=\"Page 3\">\n<div class=\"layoutArea\">\n<div class=\"column\">\n<p>Dear readers and web surfers,<\/p>\n<p>We are delighted to share with you the editorial adventure of \"L&amp;M\", which began 3 years ago and continues with great enthusiasm.<\/p>\n<p>We are convinced of the value of creating a new information, distribution, training and innovation service for practitioners and manufacturers in the fields of aesthetic and anti-aging medicine and surgery, dedicated to all areas of aesthetic and anti-aging medicine and surgery. <span style=\"text-decoration: underline;\"><em><strong>\"aesthetic health<\/strong><\/em><\/span>These are constantly being innovated in France and around the world, and it's essential to know, evaluate, explain and apply them.<\/p>\n<p>This will enable us to provide the right response to the needs of our patients of all ages and both sexes, provided we can change the way we look at their new health right: \"the right to aesthetic health\".<\/p>\n<p>Patients must be able to benefit from this right, provided that the solutions proposed to them are based on a rigorous scientific approach, on evidence, on \"EVIDENCE BASED MEDICINE\" and on the effective, universal practice of uncompromising medical ethics.<\/p>\n<\/div>\n<\/div>\n<\/div>\t\t\t\t\t\t\t\t<\/div>\n\t\t\t\t<\/div>\n\t\t\t\t<div class=\"elementor-element elementor-element-65546a9 elementor-widget elementor-widget-image\" data-id=\"65546a9\" data-element_type=\"widget\" data-e-type=\"widget\" data-widget_type=\"image.default\">\n\t\t\t\t<div class=\"elementor-widget-container\">\n\t\t\t\t\t\t\t\t\t\t\t\t\t\t\t<img decoding=\"async\" width=\"768\" height=\"348\" src=\"https:\/\/looketmedecine.fr\/wp-content\/uploads\/2023\/04\/LOGO-AIME-PARIS-2023-2-768x348.png\" class=\"attachment-medium_large size-medium_large wp-image-15025\" alt=\"\" srcset=\"https:\/\/looketmedecine.fr\/wp-content\/uploads\/2023\/04\/LOGO-AIME-PARIS-2023-2-768x348.png 768w, https:\/\/looketmedecine.fr\/wp-content\/uploads\/2023\/04\/LOGO-AIME-PARIS-2023-2-300x136.png 300w, https:\/\/looketmedecine.fr\/wp-content\/uploads\/2023\/04\/LOGO-AIME-PARIS-2023-2-1024x464.png 1024w, https:\/\/looketmedecine.fr\/wp-content\/uploads\/2023\/04\/LOGO-AIME-PARIS-2023-2-1536x696.png 1536w, https:\/\/looketmedecine.fr\/wp-content\/uploads\/2023\/04\/LOGO-AIME-PARIS-2023-2-18x8.png 18w, https:\/\/looketmedecine.fr\/wp-content\/uploads\/2023\/04\/LOGO-AIME-PARIS-2023-2.png 1748w\" sizes=\"(max-width: 768px) 100vw, 768px\" \/>\t\t\t\t\t\t\t\t\t\t\t\t\t\t\t<\/div>\n\t\t\t\t<\/div>\n\t\t\t\t\t<\/div>\n\t\t<\/div>\n\t\t\t\t\t<\/div>\n\t\t<\/section>\n\t\t<div class=\"elementor-element elementor-element-ad0873f e-flex e-con-boxed e-con e-parent\" data-id=\"ad0873f\" data-element_type=\"container\" data-e-type=\"container\">\n\t\t\t\t\t<div class=\"e-con-inner\">\n\t\t\t\t<div class=\"elementor-element elementor-element-e147f24 elementor-drop-cap-yes elementor-drop-cap-view-default elementor-widget elementor-widget-text-editor\" data-id=\"e147f24\" data-element_type=\"widget\" data-e-type=\"widget\" data-settings=\"{&quot;drop_cap&quot;:&quot;yes&quot;}\" data-widget_type=\"text-editor.default\">\n\t\t\t\t<div class=\"elementor-widget-container\">\n\t\t\t\t\t\t\t\t\t<div class=\"page\" title=\"Page 4\">\n<div class=\"layoutArea\">\n<div class=\"column\">\n<p><b>To achieve these goals, \"L&amp;M\" found a strong point of convergence with the Plastic and Aesthetic Surgery team at Henri Mondor University Hospital, Paris Est Cr\u00e9teil University, led by the<span style=\"text-decoration: underline;\">rofessors Jean-Paul Meningaud and Barbara Hersant<\/span>who are members of the French National Academy of Surgery.<\/b><\/p>\n<p><strong>With \"L&amp;M\", they share the same view of their patients' aesthetic health as they do in their university hospital practice. <\/strong><\/p>\n<p><strong>\"L&amp;M is fortunate to benefit from their expertise in the fields of innovation and scientific and educational research in aesthetic medicine, which is expressed in particular in the following areas <span style=\"text-decoration: underline;\"><em>AIME PARIS\" and \"AIME MARRAKECH\" seats.<\/em><\/span><\/strong><\/p>\n<p><strong>And it is this synergy between \"L&amp;M\" and \"AIME\" that has led us to build a solid partnership together, which will be aimed at highlighting innovations in aesthetic and anti-aging medicine and surgery, both nationally and internationally.<\/strong><\/p>\n<p><strong>The two versions of \"L&amp;M\" - the print version in French and the web version in English, Spanish and French - are complementary, and this certainly explains the rapid popularity of \"L&amp;M\".<\/strong><\/p>\n<p><strong>The first three issues of \"LM\" (which could be produced during and after the COVID 19 period) were an extraordinary success.<\/strong><\/p>\n<p><span style=\"text-decoration: underline;\"><strong>Site portal traffic statistics <a href=\"https:\/\/looketmedecine.fr\/en\/\">www.looketmedecine.fr<\/a> are indeed eloquent:<\/strong><\/span><\/p>\n<p><span style=\"text-decoration: underline;\"><strong>- LM N\u00b0 1 2021, published in March 2021, recorded 1,282,176 page views over 120,000 sessions.<\/strong><\/span><\/p>\n<p><span style=\"text-decoration: underline;\"><strong>- LM N\u00b0 2 2021 in September 2021 recorded 1,368,739 page views in 136,415 sessions.<\/strong><\/span><\/p>\n<p><span style=\"text-decoration: underline;\"><strong>- LM N\u00b0 3 2022 in November 2022 recorded 531,749 page views in 20,507 sessions.<\/strong><\/span><\/p>\n<p><span style=\"text-decoration: underline;\"><strong>These excellent audience statistics confirm our editorial choices for 2023.<\/strong><\/span><\/p>\n<p><strong>The significant support of our friends at IMCAS is a further encouragement.<\/strong><\/p>\n<p><strong><span style=\"text-align: var(--text-align);\">Equally important is the renewed and strengthened partnership with renowned industrial laboratories.<\/span><\/strong><\/p>\n<p><strong>Thanks to VIVACY, REGEN LAB, VASER, A SWISS GROUP SA, who have contributed to the creation of this issue.<\/strong><\/p>\n<p><b>Welcome to LM: the platform for the future of aesthetic health.<\/b><\/p>\n<\/div>\n<\/div>\n<\/div>\t\t\t\t\t\t\t\t<\/div>\n\t\t\t\t<\/div>\n\t\t\t\t\t<\/div>\n\t\t\t\t<\/div>\n\t\t<div class=\"elementor-element elementor-element-2cc28f3 e-flex e-con-boxed e-con e-parent\" data-id=\"2cc28f3\" data-element_type=\"container\" data-e-type=\"container\">\n\t\t\t\t\t<div class=\"e-con-inner\">\n\t\t\t\t<div class=\"elementor-element elementor-element-030359f elementor-widget elementor-widget-image\" data-id=\"030359f\" data-element_type=\"widget\" data-e-type=\"widget\" data-widget_type=\"image.default\">\n\t\t\t\t<div class=\"elementor-widget-container\">\n\t\t\t\t\t\t\t\t\t\t\t\t\t\t\t<img decoding=\"async\" width=\"300\" height=\"279\" src=\"https:\/\/looketmedecine.fr\/wp-content\/uploads\/2022\/09\/Capture-de\u0301cran-2022-09-12-a\u0300-11.32.01-300x279.png\" class=\"attachment-medium size-medium wp-image-11948\" alt=\"\" srcset=\"https:\/\/looketmedecine.fr\/wp-content\/uploads\/2022\/09\/Capture-de\u0301cran-2022-09-12-a\u0300-11.32.01-300x279.png 300w, https:\/\/looketmedecine.fr\/wp-content\/uploads\/2022\/09\/Capture-de\u0301cran-2022-09-12-a\u0300-11.32.01-13x12.png 13w, https:\/\/looketmedecine.fr\/wp-content\/uploads\/2022\/09\/Capture-de\u0301cran-2022-09-12-a\u0300-11.32.01.png 546w\" sizes=\"(max-width: 300px) 100vw, 300px\" \/>\t\t\t\t\t\t\t\t\t\t\t\t\t\t\t<\/div>\n\t\t\t\t<\/div>\n\t\t\t\t\t<\/div>\n\t\t\t\t<\/div>\n\t\t\t\t<\/div>","protected":false},"excerpt":{"rendered":"<p>L&amp;M : POUR CHANGER DE REGARD SUR LA SANT\u00c9 ESTH\u00c9TIQUE \u00ab LOOK &amp; MEDECINE\u00bb : Partenaire des Assises pour l\u2019Innovation en M\u00e9decine Esth\u00e9tique Pr Albert-Claude BENHAMOU Pr\u00e9sident 2022 de l&rsquo;Acad\u00e9mie Nationale de Chirurgie \u00c9diteur de \u00ab\u00a0LOOK &amp; MEDECINE\u00a0\u00bb Chers lecteurs et chers internautes, Nous sommes tre\u0300s heureux de vous faire partager l\u2019aventure e\u0301ditoriale de \u00ab [&hellip;]<\/p>\n","protected":false},"author":2,"featured_media":11796,"comment_status":"closed","ping_status":"closed","sticky":false,"template":"","format":"standard","meta":{"_acf_changed":false,"footnotes":""},"categories":[62],"tags":[309,307],"auteur":[372],"mots-cles":[],"class_list":["post-14852","post","type-post","status-publish","format-standard","has-post-thumbnail","hentry","category-editoriaux","tag-lm1-editorials-2023","tag-replay-lm1-2023","auteur-benhamou-albert-claude"],"acf":[],"yoast_head":"<!-- This site is optimized with the Yoast SEO plugin v27.5 - https:\/\/yoast.com\/product\/yoast-seo-wordpress\/ -->\n<title>LM N\u00b01 \/ 2023. &quot;LOOK &amp; MEDECINE\/L&amp;M&quot; partenaire des &quot;Assises pour l\u2019Innovation en M\u00e9decine Esth\u00e9tique\/ AIME&quot; . Pour changer de regard sur le droit \u00e0 la sant\u00e9 esth\u00e9tique de tous ! AC BENHAMOU - Revue fran\u00e7aise N\u00b01 pour la recherche en sant\u00e9 esth\u00e9tique<\/title>\n<meta name=\"description\" content=\"Changer de regard sur la sant\u00e9 esth\u00e9tique\" \/>\n<meta name=\"robots\" content=\"index, follow, max-snippet:-1, max-image-preview:large, max-video-preview:-1\" \/>\n<link rel=\"canonical\" href=\"https:\/\/looketmedecine.fr\/en\/wp-json\/wp\/v2\/posts\/14852\" \/>\n<meta property=\"og:locale\" content=\"en_US\" \/>\n<meta property=\"og:type\" content=\"article\" \/>\n<meta property=\"og:title\" content=\"LM N\u00b01 \/ 2023. &quot;LOOK &amp; MEDECINE\/L&amp;M&quot; partenaire des &quot;Assises pour l\u2019Innovation en M\u00e9decine Esth\u00e9tique\/ AIME&quot; . Pour changer de regard sur le droit \u00e0 la sant\u00e9 esth\u00e9tique de tous ! AC BENHAMOU - Revue fran\u00e7aise N\u00b01 pour la recherche en sant\u00e9 esth\u00e9tique\" \/>\n<meta property=\"og:description\" content=\"Changer de regard sur la sant\u00e9 esth\u00e9tique\" \/>\n<meta property=\"og:url\" content=\"https:\/\/looketmedecine.fr\/en\/changer-de-regard-sur-la-sante-esthetique\/\" \/>\n<meta property=\"og:site_name\" content=\"Revue fran\u00e7aise N\u00b01 pour la recherche en sant\u00e9 esth\u00e9tique\" \/>\n<meta property=\"article:publisher\" content=\"https:\/\/www.facebook.com\/looketmedecine.magazine\/\" \/>\n<meta property=\"article:published_time\" content=\"2023-04-27T20:00:10+00:00\" \/>\n<meta property=\"article:modified_time\" content=\"2024-10-05T21:31:49+00:00\" \/>\n<meta property=\"og:image\" content=\"https:\/\/looketmedecine.fr\/wp-content\/uploads\/2022\/09\/Capture-de\u0301cran-2021-11-15-a\u0300-12.15.29.png\" \/>\n\t<meta property=\"og:image:width\" content=\"538\" \/>\n\t<meta property=\"og:image:height\" content=\"502\" \/>\n\t<meta property=\"og:image:type\" content=\"image\/png\" \/>\n<meta name=\"author\" content=\"Albert-Claude Benhamou\" \/>\n<meta name=\"twitter:card\" content=\"summary_large_image\" \/>\n<meta name=\"twitter:label1\" content=\"Written by\" \/>\n\t<meta name=\"twitter:data1\" content=\"Albert-Claude Benhamou\" \/>\n\t<meta name=\"twitter:label2\" content=\"Est. reading time\" \/>\n\t<meta name=\"twitter:data2\" content=\"3 minutes\" \/>\n<script type=\"application\/ld+json\" class=\"yoast-schema-graph\">{\"@context\":\"https:\\\/\\\/schema.org\",\"@graph\":[{\"@type\":\"Article\",\"@id\":\"https:\\\/\\\/looketmedecine.fr\\\/en\\\/changer-de-regard-sur-la-sante-esthetique\\\/#article\",\"isPartOf\":{\"@id\":\"https:\\\/\\\/looketmedecine.fr\\\/en\\\/changer-de-regard-sur-la-sante-esthetique\\\/\"},\"author\":{\"name\":\"Albert-Claude Benhamou\",\"@id\":\"https:\\\/\\\/looketmedecine.fr\\\/#\\\/schema\\\/person\\\/d674c704426e829b385c4dd691b8e3cc\"},\"headline\":\"LM N\u00b01 \\\/ 2023. \u00ab\u00a0LOOK &#038; MEDECINE\\\/L&#038;M\u00a0\u00bb partenaire des \u00ab\u00a0Assises pour l\u2019Innovation en M\u00e9decine Esth\u00e9tique\\\/ AIME\u00a0\u00bb . Pour changer de regard sur le droit \u00e0 la sant\u00e9 esth\u00e9tique de tous ! AC BENHAMOU\",\"datePublished\":\"2023-04-27T20:00:10+00:00\",\"dateModified\":\"2024-10-05T21:31:49+00:00\",\"mainEntityOfPage\":{\"@id\":\"https:\\\/\\\/looketmedecine.fr\\\/en\\\/changer-de-regard-sur-la-sante-esthetique\\\/\"},\"wordCount\":688,\"publisher\":{\"@id\":\"https:\\\/\\\/looketmedecine.fr\\\/#organization\"},\"image\":{\"@id\":\"https:\\\/\\\/looketmedecine.fr\\\/en\\\/changer-de-regard-sur-la-sante-esthetique\\\/#primaryimage\"},\"thumbnailUrl\":\"https:\\\/\\\/looketmedecine.fr\\\/wp-content\\\/uploads\\\/2022\\\/09\\\/Capture-de\u0301cran-2021-11-15-a\u0300-12.15.29.png\",\"keywords\":[\"Lm1 2023 Editorials\",\"Replay Lm1 2023\"],\"articleSection\":[\"\u00c9ditoriaux\"],\"inLanguage\":\"en-US\"},{\"@type\":\"WebPage\",\"@id\":\"https:\\\/\\\/looketmedecine.fr\\\/en\\\/changer-de-regard-sur-la-sante-esthetique\\\/\",\"url\":\"https:\\\/\\\/looketmedecine.fr\\\/en\\\/changer-de-regard-sur-la-sante-esthetique\\\/\",\"name\":\"LM N\u00b01 \\\/ 2023. \\\"LOOK & MEDECINE\\\/L&M\\\" partenaire des \\\"Assises pour l\u2019Innovation en M\u00e9decine Esth\u00e9tique\\\/ AIME\\\" . Pour changer de regard sur le droit \u00e0 la sant\u00e9 esth\u00e9tique de tous ! AC BENHAMOU - Revue fran\u00e7aise N\u00b01 pour la recherche en sant\u00e9 esth\u00e9tique\",\"isPartOf\":{\"@id\":\"https:\\\/\\\/looketmedecine.fr\\\/#website\"},\"primaryImageOfPage\":{\"@id\":\"https:\\\/\\\/looketmedecine.fr\\\/en\\\/changer-de-regard-sur-la-sante-esthetique\\\/#primaryimage\"},\"image\":{\"@id\":\"https:\\\/\\\/looketmedecine.fr\\\/en\\\/changer-de-regard-sur-la-sante-esthetique\\\/#primaryimage\"},\"thumbnailUrl\":\"https:\\\/\\\/looketmedecine.fr\\\/wp-content\\\/uploads\\\/2022\\\/09\\\/Capture-de\u0301cran-2021-11-15-a\u0300-12.15.29.png\",\"datePublished\":\"2023-04-27T20:00:10+00:00\",\"dateModified\":\"2024-10-05T21:31:49+00:00\",\"description\":\"Changer de regard sur la sant\u00e9 esth\u00e9tique\",\"breadcrumb\":{\"@id\":\"https:\\\/\\\/looketmedecine.fr\\\/en\\\/changer-de-regard-sur-la-sante-esthetique\\\/#breadcrumb\"},\"inLanguage\":\"en-US\",\"potentialAction\":[{\"@type\":\"ReadAction\",\"target\":[\"https:\\\/\\\/looketmedecine.fr\\\/en\\\/changer-de-regard-sur-la-sante-esthetique\\\/\"]}]},{\"@type\":\"ImageObject\",\"inLanguage\":\"en-US\",\"@id\":\"https:\\\/\\\/looketmedecine.fr\\\/en\\\/changer-de-regard-sur-la-sante-esthetique\\\/#primaryimage\",\"url\":\"https:\\\/\\\/looketmedecine.fr\\\/wp-content\\\/uploads\\\/2022\\\/09\\\/Capture-de\u0301cran-2021-11-15-a\u0300-12.15.29.png\",\"contentUrl\":\"https:\\\/\\\/looketmedecine.fr\\\/wp-content\\\/uploads\\\/2022\\\/09\\\/Capture-de\u0301cran-2021-11-15-a\u0300-12.15.29.png\",\"width\":538,\"height\":502,\"caption\":\"Pr Albert Claude Benhamou\"},{\"@type\":\"BreadcrumbList\",\"@id\":\"https:\\\/\\\/looketmedecine.fr\\\/en\\\/changer-de-regard-sur-la-sante-esthetique\\\/#breadcrumb\",\"itemListElement\":[{\"@type\":\"ListItem\",\"position\":1,\"name\":\"Accueil\",\"item\":\"https:\\\/\\\/looketmedecine.fr\\\/\"},{\"@type\":\"ListItem\",\"position\":2,\"name\":\"LM N\u00b01 \\\/ 2023. \u00ab\u00a0LOOK &#038; MEDECINE\\\/L&#038;M\u00a0\u00bb partenaire des \u00ab\u00a0Assises pour l\u2019Innovation en M\u00e9decine Esth\u00e9tique\\\/ AIME\u00a0\u00bb . Pour changer de regard sur le droit \u00e0 la sant\u00e9 esth\u00e9tique de tous ! AC BENHAMOU\"}]},{\"@type\":\"WebSite\",\"@id\":\"https:\\\/\\\/looketmedecine.fr\\\/#website\",\"url\":\"https:\\\/\\\/looketmedecine.fr\\\/\",\"name\":\"Revue fran\u00e7aise N\u00b01 pour la recherche en sant\u00e9 esth\u00e9tique\",\"description\":\"La sant\u00e9 esth\u00e9tique fond\u00e9e sur des preuves scientifiques\",\"publisher\":{\"@id\":\"https:\\\/\\\/looketmedecine.fr\\\/#organization\"},\"potentialAction\":[{\"@type\":\"SearchAction\",\"target\":{\"@type\":\"EntryPoint\",\"urlTemplate\":\"https:\\\/\\\/looketmedecine.fr\\\/?s={search_term_string}\"},\"query-input\":{\"@type\":\"PropertyValueSpecification\",\"valueRequired\":true,\"valueName\":\"search_term_string\"}}],\"inLanguage\":\"en-US\"},{\"@type\":\"Organization\",\"@id\":\"https:\\\/\\\/looketmedecine.fr\\\/#organization\",\"name\":\"Looketmedecine\",\"url\":\"https:\\\/\\\/looketmedecine.fr\\\/\",\"logo\":{\"@type\":\"ImageObject\",\"inLanguage\":\"en-US\",\"@id\":\"https:\\\/\\\/looketmedecine.fr\\\/#\\\/schema\\\/logo\\\/image\\\/\",\"url\":\"https:\\\/\\\/looketmedecine.fr\\\/wp-content\\\/uploads\\\/2020\\\/11\\\/cropped-LookMedecine_Logo_Textuel_Noir.png\",\"contentUrl\":\"https:\\\/\\\/looketmedecine.fr\\\/wp-content\\\/uploads\\\/2020\\\/11\\\/cropped-LookMedecine_Logo_Textuel_Noir.png\",\"width\":1500,\"height\":145,\"caption\":\"Looketmedecine\"},\"image\":{\"@id\":\"https:\\\/\\\/looketmedecine.fr\\\/#\\\/schema\\\/logo\\\/image\\\/\"},\"sameAs\":[\"https:\\\/\\\/www.facebook.com\\\/looketmedecine.magazine\\\/\",\"https:\\\/\\\/www.instagram.com\\\/looketmedecine\\\/?hl=fr\"]},{\"@type\":\"Person\",\"@id\":\"https:\\\/\\\/looketmedecine.fr\\\/#\\\/schema\\\/person\\\/d674c704426e829b385c4dd691b8e3cc\",\"name\":\"Albert-Claude Benhamou\",\"image\":{\"@type\":\"ImageObject\",\"inLanguage\":\"en-US\",\"@id\":\"https:\\\/\\\/secure.gravatar.com\\\/avatar\\\/f4c13b834cf55e3822893169175e3671a59788fb9e2d84d3a223c96e83a8f09e?s=96&d=mm&r=g\",\"url\":\"https:\\\/\\\/secure.gravatar.com\\\/avatar\\\/f4c13b834cf55e3822893169175e3671a59788fb9e2d84d3a223c96e83a8f09e?s=96&d=mm&r=g\",\"contentUrl\":\"https:\\\/\\\/secure.gravatar.com\\\/avatar\\\/f4c13b834cf55e3822893169175e3671a59788fb9e2d84d3a223c96e83a8f09e?s=96&d=mm&r=g\",\"caption\":\"Albert-Claude Benhamou\"},\"url\":\"https:\\\/\\\/looketmedecine.fr\\\/en\"}]}<\/script>\n<!-- \/ Yoast SEO plugin. -->","yoast_head_json":{"title":"LM N\u00b01 \/ 2023. \"LOOK & MEDECINE\/L&M\" partenaire des \"Assises pour l\u2019Innovation en M\u00e9decine Esth\u00e9tique\/ AIME\" . Pour changer de regard sur le droit \u00e0 la sant\u00e9 esth\u00e9tique de tous ! AC BENHAMOU - Revue fran\u00e7aise N\u00b01 pour la recherche en sant\u00e9 esth\u00e9tique","description":"Changing the way we look at aesthetic health","robots":{"index":"index","follow":"follow","max-snippet":"max-snippet:-1","max-image-preview":"max-image-preview:large","max-video-preview":"max-video-preview:-1"},"canonical":"https:\/\/looketmedecine.fr\/en\/wp-json\/wp\/v2\/posts\/14852","og_locale":"en_US","og_type":"article","og_title":"LM N\u00b01 \/ 2023. \"LOOK & MEDECINE\/L&M\" partenaire des \"Assises pour l\u2019Innovation en M\u00e9decine Esth\u00e9tique\/ AIME\" . Pour changer de regard sur le droit \u00e0 la sant\u00e9 esth\u00e9tique de tous ! AC BENHAMOU - Revue fran\u00e7aise N\u00b01 pour la recherche en sant\u00e9 esth\u00e9tique","og_description":"Changer de regard sur la sant\u00e9 esth\u00e9tique","og_url":"https:\/\/looketmedecine.fr\/en\/changer-de-regard-sur-la-sante-esthetique\/","og_site_name":"Revue fran\u00e7aise N\u00b01 pour la recherche en sant\u00e9 esth\u00e9tique","article_publisher":"https:\/\/www.facebook.com\/looketmedecine.magazine\/","article_published_time":"2023-04-27T20:00:10+00:00","article_modified_time":"2024-10-05T21:31:49+00:00","og_image":[{"width":538,"height":502,"url":"https:\/\/looketmedecine.fr\/wp-content\/uploads\/2022\/09\/Capture-de\u0301cran-2021-11-15-a\u0300-12.15.29.png","type":"image\/png"}],"author":"Albert-Claude Benhamou","twitter_card":"summary_large_image","twitter_misc":{"Written by":"Albert-Claude Benhamou","Est. reading time":"3 minutes"},"schema":{"@context":"https:\/\/schema.org","@graph":[{"@type":"Article","@id":"https:\/\/looketmedecine.fr\/en\/changer-de-regard-sur-la-sante-esthetique\/#article","isPartOf":{"@id":"https:\/\/looketmedecine.fr\/en\/changer-de-regard-sur-la-sante-esthetique\/"},"author":{"name":"Albert-Claude Benhamou","@id":"https:\/\/looketmedecine.fr\/#\/schema\/person\/d674c704426e829b385c4dd691b8e3cc"},"headline":"LM N\u00b01 \/ 2023. \u00ab\u00a0LOOK &#038; MEDECINE\/L&#038;M\u00a0\u00bb partenaire des \u00ab\u00a0Assises pour l\u2019Innovation en M\u00e9decine Esth\u00e9tique\/ AIME\u00a0\u00bb . Pour changer de regard sur le droit \u00e0 la sant\u00e9 esth\u00e9tique de tous ! AC BENHAMOU","datePublished":"2023-04-27T20:00:10+00:00","dateModified":"2024-10-05T21:31:49+00:00","mainEntityOfPage":{"@id":"https:\/\/looketmedecine.fr\/en\/changer-de-regard-sur-la-sante-esthetique\/"},"wordCount":688,"publisher":{"@id":"https:\/\/looketmedecine.fr\/#organization"},"image":{"@id":"https:\/\/looketmedecine.fr\/en\/changer-de-regard-sur-la-sante-esthetique\/#primaryimage"},"thumbnailUrl":"https:\/\/looketmedecine.fr\/wp-content\/uploads\/2022\/09\/Capture-de\u0301cran-2021-11-15-a\u0300-12.15.29.png","keywords":["Lm1 2023 Editorials","Replay Lm1 2023"],"articleSection":["\u00c9ditoriaux"],"inLanguage":"en-US"},{"@type":"WebPage","@id":"https:\/\/looketmedecine.fr\/en\/changer-de-regard-sur-la-sante-esthetique\/","url":"https:\/\/looketmedecine.fr\/en\/changer-de-regard-sur-la-sante-esthetique\/","name":"LM N\u00b01 \/ 2023. \"LOOK & MEDECINE\/L&M\" partenaire des \"Assises pour l\u2019Innovation en M\u00e9decine Esth\u00e9tique\/ AIME\" . Pour changer de regard sur le droit \u00e0 la sant\u00e9 esth\u00e9tique de tous ! AC BENHAMOU - Revue fran\u00e7aise N\u00b01 pour la recherche en sant\u00e9 esth\u00e9tique","isPartOf":{"@id":"https:\/\/looketmedecine.fr\/#website"},"primaryImageOfPage":{"@id":"https:\/\/looketmedecine.fr\/en\/changer-de-regard-sur-la-sante-esthetique\/#primaryimage"},"image":{"@id":"https:\/\/looketmedecine.fr\/en\/changer-de-regard-sur-la-sante-esthetique\/#primaryimage"},"thumbnailUrl":"https:\/\/looketmedecine.fr\/wp-content\/uploads\/2022\/09\/Capture-de\u0301cran-2021-11-15-a\u0300-12.15.29.png","datePublished":"2023-04-27T20:00:10+00:00","dateModified":"2024-10-05T21:31:49+00:00","description":"Changing the way we look at aesthetic health","breadcrumb":{"@id":"https:\/\/looketmedecine.fr\/en\/changer-de-regard-sur-la-sante-esthetique\/#breadcrumb"},"inLanguage":"en-US","potentialAction":[{"@type":"ReadAction","target":["https:\/\/looketmedecine.fr\/en\/changer-de-regard-sur-la-sante-esthetique\/"]}]},{"@type":"ImageObject","inLanguage":"en-US","@id":"https:\/\/looketmedecine.fr\/en\/changer-de-regard-sur-la-sante-esthetique\/#primaryimage","url":"https:\/\/looketmedecine.fr\/wp-content\/uploads\/2022\/09\/Capture-de\u0301cran-2021-11-15-a\u0300-12.15.29.png","contentUrl":"https:\/\/looketmedecine.fr\/wp-content\/uploads\/2022\/09\/Capture-de\u0301cran-2021-11-15-a\u0300-12.15.29.png","width":538,"height":502,"caption":"Pr Albert Claude Benhamou"},{"@type":"BreadcrumbList","@id":"https:\/\/looketmedecine.fr\/en\/changer-de-regard-sur-la-sante-esthetique\/#breadcrumb","itemListElement":[{"@type":"ListItem","position":1,"name":"Accueil","item":"https:\/\/looketmedecine.fr\/"},{"@type":"ListItem","position":2,"name":"LM N\u00b01 \/ 2023. \u00ab\u00a0LOOK &#038; MEDECINE\/L&#038;M\u00a0\u00bb partenaire des \u00ab\u00a0Assises pour l\u2019Innovation en M\u00e9decine Esth\u00e9tique\/ AIME\u00a0\u00bb . Pour changer de regard sur le droit \u00e0 la sant\u00e9 esth\u00e9tique de tous ! AC BENHAMOU"}]},{"@type":"WebSite","@id":"https:\/\/looketmedecine.fr\/#website","url":"https:\/\/looketmedecine.fr\/","name":"N\u00b01 French magazine for research in aesthetic health","description":"Aesthetic health based on scientific evidence","publisher":{"@id":"https:\/\/looketmedecine.fr\/#organization"},"potentialAction":[{"@type":"SearchAction","target":{"@type":"EntryPoint","urlTemplate":"https:\/\/looketmedecine.fr\/?s={search_term_string}"},"query-input":{"@type":"PropertyValueSpecification","valueRequired":true,"valueName":"search_term_string"}}],"inLanguage":"en-US"},{"@type":"Organization","@id":"https:\/\/looketmedecine.fr\/#organization","name":"Looketmedicine","url":"https:\/\/looketmedecine.fr\/","logo":{"@type":"ImageObject","inLanguage":"en-US","@id":"https:\/\/looketmedecine.fr\/#\/schema\/logo\/image\/","url":"https:\/\/looketmedecine.fr\/wp-content\/uploads\/2020\/11\/cropped-LookMedecine_Logo_Textuel_Noir.png","contentUrl":"https:\/\/looketmedecine.fr\/wp-content\/uploads\/2020\/11\/cropped-LookMedecine_Logo_Textuel_Noir.png","width":1500,"height":145,"caption":"Looketmedecine"},"image":{"@id":"https:\/\/looketmedecine.fr\/#\/schema\/logo\/image\/"},"sameAs":["https:\/\/www.facebook.com\/looketmedecine.magazine\/","https:\/\/www.instagram.com\/looketmedecine\/?hl=fr"]},{"@type":"Person","@id":"https:\/\/looketmedecine.fr\/#\/schema\/person\/d674c704426e829b385c4dd691b8e3cc","name":"Albert-Claude Benhamou","image":{"@type":"ImageObject","inLanguage":"en-US","@id":"https:\/\/secure.gravatar.com\/avatar\/f4c13b834cf55e3822893169175e3671a59788fb9e2d84d3a223c96e83a8f09e?s=96&d=mm&r=g","url":"https:\/\/secure.gravatar.com\/avatar\/f4c13b834cf55e3822893169175e3671a59788fb9e2d84d3a223c96e83a8f09e?s=96&d=mm&r=g","contentUrl":"https:\/\/secure.gravatar.com\/avatar\/f4c13b834cf55e3822893169175e3671a59788fb9e2d84d3a223c96e83a8f09e?s=96&d=mm&r=g","caption":"Albert-Claude Benhamou"},"url":"https:\/\/looketmedecine.fr\/en"}]}},"_links":{"self":[{"href":"https:\/\/looketmedecine.fr\/en\/wp-json\/wp\/v2\/posts\/14852","targetHints":{"allow":["GET"]}}],"collection":[{"href":"https:\/\/looketmedecine.fr\/en\/wp-json\/wp\/v2\/posts"}],"about":[{"href":"https:\/\/looketmedecine.fr\/en\/wp-json\/wp\/v2\/types\/post"}],"author":[{"embeddable":true,"href":"https:\/\/looketmedecine.fr\/en\/wp-json\/wp\/v2\/users\/2"}],"replies":[{"embeddable":true,"href":"https:\/\/looketmedecine.fr\/en\/wp-json\/wp\/v2\/comments?post=14852"}],"version-history":[{"count":67,"href":"https:\/\/looketmedecine.fr\/en\/wp-json\/wp\/v2\/posts\/14852\/revisions"}],"predecessor-version":[{"id":23827,"href":"https:\/\/looketmedecine.fr\/en\/wp-json\/wp\/v2\/posts\/14852\/revisions\/23827"}],"wp:featuredmedia":[{"embeddable":true,"href":"https:\/\/looketmedecine.fr\/en\/wp-json\/wp\/v2\/media\/11796"}],"wp:attachment":[{"href":"https:\/\/looketmedecine.fr\/en\/wp-json\/wp\/v2\/media?parent=14852"}],"wp:term":[{"taxonomy":"category","embeddable":true,"href":"https:\/\/looketmedecine.fr\/en\/wp-json\/wp\/v2\/categories?post=14852"},{"taxonomy":"post_tag","embeddable":true,"href":"https:\/\/looketmedecine.fr\/en\/wp-json\/wp\/v2\/tags?post=14852"},{"taxonomy":"auteur","embeddable":true,"href":"https:\/\/looketmedecine.fr\/en\/wp-json\/wp\/v2\/auteur?post=14852"},{"taxonomy":"mots-cles","embeddable":true,"href":"https:\/\/looketmedecine.fr\/en\/wp-json\/wp\/v2\/mots-cles?post=14852"}],"curies":[{"name":"wp","href":"https:\/\/api.w.org\/{rel}","templated":true}]}}