{"id":14847,"date":"2023-05-08T22:45:32","date_gmt":"2023-05-08T20:45:32","guid":{"rendered":"https:\/\/looketmedecine.fr\/?p=14847"},"modified":"2024-10-05T23:30:17","modified_gmt":"2024-10-05T21:30:17","slug":"la-revue-look-medecine-lm-est-devenue-le-partenaire-des-assises-pour-linnovation-en-medecine-esthetique-aime-pour-changer-de-regard-sur-le-droit-a-la-s","status":"publish","type":"post","link":"https:\/\/looketmedecine.fr\/en\/la-revue-look-medecine-lm-est-devenue-le-partenaire-des-assises-pour-linnovation-en-medecine-esthetique-aime-pour-changer-de-regard-sur-le-droit-a-la-s\/","title":{"rendered":"LM N\u00b01 \/ 2023. CHANGING THE WAY WE LOOK AT AESTHETIC HEALTH"},"content":{"rendered":"<div data-elementor-type=\"wp-post\" data-elementor-id=\"14847\" class=\"elementor elementor-14847\" data-elementor-post-type=\"post\">\n\t\t\t\t<div class=\"elementor-element elementor-element-78bc35c e-flex e-con-boxed e-con e-parent\" data-id=\"78bc35c\" data-element_type=\"container\" data-e-type=\"container\">\n\t\t\t\t\t<div class=\"e-con-inner\">\n\t\t\t\t<div class=\"elementor-element elementor-element-ffe8076 elementor-widget elementor-widget-heading\" data-id=\"ffe8076\" data-element_type=\"widget\" data-e-type=\"widget\" data-widget_type=\"heading.default\">\n\t\t\t\t<div class=\"elementor-widget-container\">\n\t\t\t\t\t<h2 class=\"elementor-heading-title elementor-size-default\">EDITORIAL <\/h2>\t\t\t\t<\/div>\n\t\t\t\t<\/div>\n\t\t\t\t<div class=\"elementor-element elementor-element-e3dbcfb elementor-widget elementor-widget-heading\" data-id=\"e3dbcfb\" data-element_type=\"widget\" data-e-type=\"widget\" data-widget_type=\"heading.default\">\n\t\t\t\t<div class=\"elementor-widget-container\">\n\t\t\t\t\t<h2 class=\"elementor-heading-title elementor-size-default\">L&amp;M : POUR CHANGER DE REGARD\n\nPr Albert-Claude BENHAMOU\n\n Pr\u00e9sident  de l\u2019Acad\u00e9mie Nationale de Chirurgie\n\n\u00c9diteur de LOOK &amp; MEDECINE\n\u200b<\/h2>\t\t\t\t<\/div>\n\t\t\t\t<\/div>\n\t\t\t\t<div class=\"elementor-element elementor-element-41d173c elementor-widget elementor-widget-image\" data-id=\"41d173c\" data-element_type=\"widget\" data-e-type=\"widget\" data-widget_type=\"image.default\">\n\t\t\t\t<div class=\"elementor-widget-container\">\n\t\t\t\t\t\t\t\t\t\t\t\t\t\t\t<img fetchpriority=\"high\" decoding=\"async\" width=\"452\" height=\"347\" src=\"https:\/\/looketmedecine.fr\/wp-content\/uploads\/2023\/05\/acb-.png\" class=\"attachment-large size-large wp-image-15547\" alt=\"\" srcset=\"https:\/\/looketmedecine.fr\/wp-content\/uploads\/2023\/05\/acb-.png 452w, https:\/\/looketmedecine.fr\/wp-content\/uploads\/2023\/05\/acb--300x230.png 300w, https:\/\/looketmedecine.fr\/wp-content\/uploads\/2023\/05\/acb--16x12.png 16w\" sizes=\"(max-width: 452px) 100vw, 452px\" \/>\t\t\t\t\t\t\t\t\t\t\t\t\t\t\t<\/div>\n\t\t\t\t<\/div>\n\t\t\t\t<div class=\"elementor-element elementor-element-404db4e elementor-widget elementor-widget-text-editor\" data-id=\"404db4e\" data-element_type=\"widget\" data-e-type=\"widget\" data-widget_type=\"text-editor.default\">\n\t\t\t\t<div class=\"elementor-widget-container\">\n\t\t\t\t\t\t\t\t\tLOOK &amp; MEDECINE\/L&amp;M\" magazine has become a partner of the \"Assises pour l'Innovation en M\u00e9decine Esth\u00e9tiqueAIME\" to change the way we look at the right to aesthetic health for all!\t\t\t\t\t\t\t\t<\/div>\n\t\t\t\t<\/div>\n\t\t\t\t<div class=\"elementor-element elementor-element-0f1da09 elementor-widget elementor-widget-text-editor\" data-id=\"0f1da09\" data-element_type=\"widget\" data-e-type=\"widget\" data-widget_type=\"text-editor.default\">\n\t\t\t\t<div class=\"elementor-widget-container\">\n\t\t\t\t\t\t\t\t\t<h5><strong>Dear readers and web surfers,<\/strong><\/h5><h5><strong>We are delighted to share with you the editorial adventure of \"L&amp;M\", which began 3 years ago and continues with great enthusiasm.<\/strong><\/h5><h5><strong>We are convinced of the importance of creating a new information, dissemination, training and innovation service for practitioners and manufacturers of aesthetic and anti-aging medicine and surgery, dedicated to all areas of \"aesthetic health\", which are constantly the focus of numerous innovations both in France and worldwide, and which it is essential to know, evaluate, explain and apply.<\/strong><\/h5><h5><strong>This will enable us to provide the right response to the needs of our patients of all ages and both sexes, provided we can change the way we look at their new health right: \"the right to aesthetic health\".<\/strong><\/h5><h5><strong>Patients must be able to benefit from this right, provided that the solutions proposed to them are based on a rigorous scientific approach, on evidence, on \"EVIDENCE BASED MEDICINE\" and on the effective, universal practice of uncompromising medical ethics.<\/strong><\/h5>\t\t\t\t\t\t\t\t<\/div>\n\t\t\t\t<\/div>\n\t\t\t\t<div class=\"elementor-element elementor-element-c7dd9f5 elementor-widget elementor-widget-image\" data-id=\"c7dd9f5\" data-element_type=\"widget\" data-e-type=\"widget\" data-widget_type=\"image.default\">\n\t\t\t\t<div class=\"elementor-widget-container\">\n\t\t\t\t\t\t\t\t\t\t\t\t\t\t\t<img decoding=\"async\" width=\"689\" height=\"245\" src=\"https:\/\/looketmedecine.fr\/wp-content\/uploads\/2023\/05\/Sans-titre-2.png\" class=\"attachment-large size-large wp-image-15551\" alt=\"\" srcset=\"https:\/\/looketmedecine.fr\/wp-content\/uploads\/2023\/05\/Sans-titre-2.png 689w, https:\/\/looketmedecine.fr\/wp-content\/uploads\/2023\/05\/Sans-titre-2-300x107.png 300w, https:\/\/looketmedecine.fr\/wp-content\/uploads\/2023\/05\/Sans-titre-2-18x6.png 18w\" sizes=\"(max-width: 689px) 100vw, 689px\" \/>\t\t\t\t\t\t\t\t\t\t\t\t\t\t\t<\/div>\n\t\t\t\t<\/div>\n\t\t\t\t<div class=\"elementor-element elementor-element-f28d6ee elementor-widget elementor-widget-text-editor\" data-id=\"f28d6ee\" data-element_type=\"widget\" data-e-type=\"widget\" data-widget_type=\"text-editor.default\">\n\t\t\t\t<div class=\"elementor-widget-container\">\n\t\t\t\t\t\t\t\t\t<h5><strong>To achieve these goals, \"L&amp;M\" has found a strong point of convergence with the plastic and aesthetic surgery team at Henri Mondor University Hospital, Paris Est Cr\u00e9teil University, led by Drs.\u00a0<em>Professors Jean-Paul Meningaud and Barbara Hersant, who are members of the Acad\u00e9mie Nationale de Chirurgie.\u00a0<\/em><\/strong><\/h5><h5><strong>They share with \"L&amp;M\" the same outlook on the aesthetic health of their patients in their hospital-university practice. \"L&amp;M is fortunate to benefit from their expertise in the fields of innovation and scientific and educational research in aesthetic medicine, which is particularly evident in the Assises.\u00a0<em>\"AIME PARIS\" and \"AIME MARRAKECH\".<\/em><\/strong><\/h5><h5><strong><em>And it's this synergy between \"L&amp;M\" and \"AIME\" that makes it all possible.<\/em>\u00a0which has led us to build a solid partnership that will showcase innovations in aesthetic and anti-aging medicine and surgery, both nationally and internationally.<\/strong><\/h5><h5><strong>The two versions of \"L&amp;M\" - the print version in French and the web version in English, Spanish and French - are complementary, and this certainly explains the rapid popularity of \"L&amp;M\".<\/strong><\/h5><h5><strong>L<\/strong><strong>he first three issues of \"LM\" (which could be produced during and after the COVID 19 period) were an extraordinary success.<\/strong><\/h5><h5><em><strong>Site portal traffic statistics\u00a0<\/strong><a href=\"https:\/\/looketmedecine.fr\/en\/\" target=\"_blank\" rel=\"noopener noreferrer nofollow\"><strong>www.looketmedecine.fr<\/strong><\/a><strong>\u00a0 speak for themselves:<\/strong><\/em><\/h5><ul><li><h5><em><strong>LM N\u00b0 1 2021, published in March 2021, recorded 1,282,176 page views over 120,000 sessions.<\/strong><\/em><\/h5><\/li><li><h5><em><strong>LM N\u00b0 2 2021 in September 2021 recorded 1,368,739 page views in 136,415 sessions.<\/strong><\/em><\/h5><\/li><li><h5><em><strong>LM N\u00b0 3 2022 in November 2022 recorded 531,749 page views over 20,507 sessions.<\/strong><strong>.<\/strong><\/em><\/h5><\/li><\/ul><h5><strong>These excellent audience statistics confirm our editorial choices for 2023.\u00a0<\/strong><\/h5><h5><strong>Significant support from our friends at\u00a0<em>IMCAS<\/em>\u00a0is a further encouragement.<\/strong><\/h5><h5><em><strong>Equally important is the renewed and strengthened partnership with renowned industrial laboratories.\u00a0\u00a0<\/strong><strong>Thanks to VIVACY, REGENLAB,\u00a0<\/strong><strong>VASER, LOREAL,<\/strong><strong>\u00a0A SWISS GROUP SA, who contributed to the creation of L&amp;M.\u00a0\u00a0<\/strong><\/em><\/h5><h5><strong>We hope you enjoy this N\u00b01 issue of 2023.<\/strong><\/h5><h5><strong>\u00a0<\/strong><\/h5>\t\t\t\t\t\t\t\t<\/div>\n\t\t\t\t<\/div>\n\t\t\t\t<div class=\"elementor-element elementor-element-d979360 elementor-widget elementor-widget-image\" data-id=\"d979360\" data-element_type=\"widget\" data-e-type=\"widget\" data-widget_type=\"image.default\">\n\t\t\t\t<div class=\"elementor-widget-container\">\n\t\t\t\t\t\t\t\t\t\t\t\t\t\t\t<img decoding=\"async\" width=\"800\" height=\"1024\" src=\"https:\/\/looketmedecine.fr\/wp-content\/uploads\/2023\/05\/IMG-5667-2-800x1024.jpg\" class=\"attachment-large size-large wp-image-16947\" alt=\"\" srcset=\"https:\/\/looketmedecine.fr\/wp-content\/uploads\/2023\/05\/IMG-5667-2-800x1024.jpg 800w, https:\/\/looketmedecine.fr\/wp-content\/uploads\/2023\/05\/IMG-5667-2-234x300.jpg 234w, https:\/\/looketmedecine.fr\/wp-content\/uploads\/2023\/05\/IMG-5667-2-768x983.jpg 768w, https:\/\/looketmedecine.fr\/wp-content\/uploads\/2023\/05\/IMG-5667-2-1200x1536.jpg 1200w, https:\/\/looketmedecine.fr\/wp-content\/uploads\/2023\/05\/IMG-5667-2-1600x2048.jpg 1600w, https:\/\/looketmedecine.fr\/wp-content\/uploads\/2023\/05\/IMG-5667-2-9x12.jpg 9w, https:\/\/looketmedecine.fr\/wp-content\/uploads\/2023\/05\/IMG-5667-2-scaled.jpg 1500w\" sizes=\"(max-width: 800px) 100vw, 800px\" \/>\t\t\t\t\t\t\t\t\t\t\t\t\t\t\t<\/div>\n\t\t\t\t<\/div>\n\t\t\t\t\t<\/div>\n\t\t\t\t<\/div>\n\t\t\t\t<\/div>","protected":false},"excerpt":{"rendered":"<p>\u00c9DITORIAL L&#038;M : POUR CHANGER DE REGARD Pr Albert-Claude BENHAMOU Pr\u00e9sident de l\u2019Acad\u00e9mie Nationale de Chirurgie \u00c9diteur de LOOK &#038; MEDECINE \u200b La revue \u00ab\u00a0LOOK &amp; MEDECINE\/L&amp;M \u00bb est devenue le partenaire des\u00a0\u00ab\u00a0Assises pour l\u2019Innovation en M\u00e9decine Esth\u00e9tiqueAIME \u00bb pour changer de regard sur le droit \u00e0 la sant\u00e9 esth\u00e9tique de tous ! Chers lecteurs [&hellip;]<\/p>\n","protected":false},"author":2,"featured_media":13964,"comment_status":"closed","ping_status":"closed","sticky":false,"template":"","format":"standard","meta":{"_acf_changed":false,"footnotes":""},"categories":[288,62],"tags":[318,309,307],"auteur":[372],"mots-cles":[],"class_list":["post-14847","post","type-post","status-publish","format-standard","has-post-thumbnail","hentry","category-actualites","category-editoriaux","tag-lm1-actualite-2023","tag-lm1-editorials-2023","tag-replay-lm1-2023","auteur-benhamou-albert-claude"],"acf":[],"yoast_head":"<!-- This site is optimized with the Yoast SEO plugin v27.5 - https:\/\/yoast.com\/product\/yoast-seo-wordpress\/ -->\n<title>LM N\u00b01 \/ 2023. CHANGER DE REGARD SUR LA SANT\u00c9 ESTH\u00c9TIQUE - Revue fran\u00e7aise N\u00b01 pour la recherche en sant\u00e9 esth\u00e9tique<\/title>\n<meta name=\"description\" content=\"La revue \u00ab LOOK &amp; MEDECINE\/L&amp;M \u00bb est devenue le partenaire des \u00ab Assises pour l\u2019Innovation en M\u00e9decine Esth\u00e9tique\/ AIME \u00bb Pour changer de regard sur le droit \u00e0 la sant\u00e9 esth\u00e9tique de tous !\" \/>\n<meta name=\"robots\" content=\"index, follow, max-snippet:-1, max-image-preview:large, max-video-preview:-1\" \/>\n<link rel=\"canonical\" href=\"https:\/\/looketmedecine.fr\/en\/wp-json\/wp\/v2\/posts\/14847\" \/>\n<meta property=\"og:locale\" content=\"en_US\" \/>\n<meta property=\"og:type\" content=\"article\" \/>\n<meta property=\"og:title\" content=\"LM N\u00b01 \/ 2023. CHANGER DE REGARD SUR LA SANT\u00c9 ESTH\u00c9TIQUE - Revue fran\u00e7aise N\u00b01 pour la recherche en sant\u00e9 esth\u00e9tique\" \/>\n<meta property=\"og:description\" content=\"La revue \u00ab LOOK &amp; MEDECINE\/L&amp;M \u00bb est devenue le partenaire des \u00ab Assises pour l\u2019Innovation en M\u00e9decine Esth\u00e9tique\/ AIME \u00bb Pour changer de regard sur le droit \u00e0 la sant\u00e9 esth\u00e9tique de tous !\" \/>\n<meta property=\"og:url\" content=\"https:\/\/looketmedecine.fr\/en\/la-revue-look-medecine-lm-est-devenue-le-partenaire-des-assises-pour-linnovation-en-medecine-esthetique-aime-pour-changer-de-regard-sur-le-droit-a-la-s\/\" \/>\n<meta property=\"og:site_name\" content=\"Revue fran\u00e7aise N\u00b01 pour la recherche en sant\u00e9 esth\u00e9tique\" \/>\n<meta property=\"article:publisher\" content=\"https:\/\/www.facebook.com\/looketmedecine.magazine\/\" \/>\n<meta property=\"article:published_time\" content=\"2023-05-08T20:45:32+00:00\" \/>\n<meta property=\"article:modified_time\" content=\"2024-10-05T21:30:17+00:00\" \/>\n<meta property=\"og:image\" content=\"https:\/\/looketmedecine.fr\/wp-content\/uploads\/2022\/11\/Capture-decran-2022-11-07-a-21.13.41.png\" \/>\n\t<meta property=\"og:image:width\" content=\"1518\" \/>\n\t<meta property=\"og:image:height\" content=\"1910\" \/>\n\t<meta property=\"og:image:type\" content=\"image\/png\" \/>\n<meta name=\"author\" content=\"Albert-Claude Benhamou\" \/>\n<meta name=\"twitter:card\" content=\"summary_large_image\" \/>\n<meta name=\"twitter:label1\" content=\"Written by\" \/>\n\t<meta name=\"twitter:data1\" content=\"Albert-Claude Benhamou\" \/>\n\t<meta name=\"twitter:label2\" content=\"Est. reading time\" \/>\n\t<meta name=\"twitter:data2\" content=\"3 minutes\" \/>\n<script type=\"application\/ld+json\" class=\"yoast-schema-graph\">{\"@context\":\"https:\\\/\\\/schema.org\",\"@graph\":[{\"@type\":\"Article\",\"@id\":\"https:\\\/\\\/looketmedecine.fr\\\/en\\\/la-revue-look-medecine-lm-est-devenue-le-partenaire-des-assises-pour-linnovation-en-medecine-esthetique-aime-pour-changer-de-regard-sur-le-droit-a-la-s\\\/#article\",\"isPartOf\":{\"@id\":\"https:\\\/\\\/looketmedecine.fr\\\/en\\\/la-revue-look-medecine-lm-est-devenue-le-partenaire-des-assises-pour-linnovation-en-medecine-esthetique-aime-pour-changer-de-regard-sur-le-droit-a-la-s\\\/\"},\"author\":{\"name\":\"Albert-Claude Benhamou\",\"@id\":\"https:\\\/\\\/looketmedecine.fr\\\/#\\\/schema\\\/person\\\/d674c704426e829b385c4dd691b8e3cc\"},\"headline\":\"LM N\u00b01 \\\/ 2023. CHANGER DE REGARD SUR LA SANT\u00c9 ESTH\u00c9TIQUE\",\"datePublished\":\"2023-05-08T20:45:32+00:00\",\"dateModified\":\"2024-10-05T21:30:17+00:00\",\"mainEntityOfPage\":{\"@id\":\"https:\\\/\\\/looketmedecine.fr\\\/en\\\/la-revue-look-medecine-lm-est-devenue-le-partenaire-des-assises-pour-linnovation-en-medecine-esthetique-aime-pour-changer-de-regard-sur-le-droit-a-la-s\\\/\"},\"wordCount\":656,\"publisher\":{\"@id\":\"https:\\\/\\\/looketmedecine.fr\\\/#organization\"},\"image\":{\"@id\":\"https:\\\/\\\/looketmedecine.fr\\\/en\\\/la-revue-look-medecine-lm-est-devenue-le-partenaire-des-assises-pour-linnovation-en-medecine-esthetique-aime-pour-changer-de-regard-sur-le-droit-a-la-s\\\/#primaryimage\"},\"thumbnailUrl\":\"https:\\\/\\\/looketmedecine.fr\\\/wp-content\\\/uploads\\\/2022\\\/11\\\/Capture-decran-2022-11-07-a-21.13.41.png\",\"keywords\":[\"Lm1 2023 actualit\u00e9\",\"Lm1 2023 Editorials\",\"Replay Lm1 2023\"],\"articleSection\":[\"Actualit\u00e9s\",\"\u00c9ditoriaux\"],\"inLanguage\":\"en-US\"},{\"@type\":\"WebPage\",\"@id\":\"https:\\\/\\\/looketmedecine.fr\\\/en\\\/la-revue-look-medecine-lm-est-devenue-le-partenaire-des-assises-pour-linnovation-en-medecine-esthetique-aime-pour-changer-de-regard-sur-le-droit-a-la-s\\\/\",\"url\":\"https:\\\/\\\/looketmedecine.fr\\\/en\\\/la-revue-look-medecine-lm-est-devenue-le-partenaire-des-assises-pour-linnovation-en-medecine-esthetique-aime-pour-changer-de-regard-sur-le-droit-a-la-s\\\/\",\"name\":\"LM N\u00b01 \\\/ 2023. CHANGER DE REGARD SUR LA SANT\u00c9 ESTH\u00c9TIQUE - Revue fran\u00e7aise N\u00b01 pour la recherche en sant\u00e9 esth\u00e9tique\",\"isPartOf\":{\"@id\":\"https:\\\/\\\/looketmedecine.fr\\\/#website\"},\"primaryImageOfPage\":{\"@id\":\"https:\\\/\\\/looketmedecine.fr\\\/en\\\/la-revue-look-medecine-lm-est-devenue-le-partenaire-des-assises-pour-linnovation-en-medecine-esthetique-aime-pour-changer-de-regard-sur-le-droit-a-la-s\\\/#primaryimage\"},\"image\":{\"@id\":\"https:\\\/\\\/looketmedecine.fr\\\/en\\\/la-revue-look-medecine-lm-est-devenue-le-partenaire-des-assises-pour-linnovation-en-medecine-esthetique-aime-pour-changer-de-regard-sur-le-droit-a-la-s\\\/#primaryimage\"},\"thumbnailUrl\":\"https:\\\/\\\/looketmedecine.fr\\\/wp-content\\\/uploads\\\/2022\\\/11\\\/Capture-decran-2022-11-07-a-21.13.41.png\",\"datePublished\":\"2023-05-08T20:45:32+00:00\",\"dateModified\":\"2024-10-05T21:30:17+00:00\",\"description\":\"La revue \u00ab LOOK & MEDECINE\\\/L&M \u00bb est devenue le partenaire des \u00ab Assises pour l\u2019Innovation en M\u00e9decine Esth\u00e9tique\\\/ AIME \u00bb Pour changer de regard sur le droit \u00e0 la sant\u00e9 esth\u00e9tique de tous !\",\"breadcrumb\":{\"@id\":\"https:\\\/\\\/looketmedecine.fr\\\/en\\\/la-revue-look-medecine-lm-est-devenue-le-partenaire-des-assises-pour-linnovation-en-medecine-esthetique-aime-pour-changer-de-regard-sur-le-droit-a-la-s\\\/#breadcrumb\"},\"inLanguage\":\"en-US\",\"potentialAction\":[{\"@type\":\"ReadAction\",\"target\":[\"https:\\\/\\\/looketmedecine.fr\\\/en\\\/la-revue-look-medecine-lm-est-devenue-le-partenaire-des-assises-pour-linnovation-en-medecine-esthetique-aime-pour-changer-de-regard-sur-le-droit-a-la-s\\\/\"]}]},{\"@type\":\"ImageObject\",\"inLanguage\":\"en-US\",\"@id\":\"https:\\\/\\\/looketmedecine.fr\\\/en\\\/la-revue-look-medecine-lm-est-devenue-le-partenaire-des-assises-pour-linnovation-en-medecine-esthetique-aime-pour-changer-de-regard-sur-le-droit-a-la-s\\\/#primaryimage\",\"url\":\"https:\\\/\\\/looketmedecine.fr\\\/wp-content\\\/uploads\\\/2022\\\/11\\\/Capture-decran-2022-11-07-a-21.13.41.png\",\"contentUrl\":\"https:\\\/\\\/looketmedecine.fr\\\/wp-content\\\/uploads\\\/2022\\\/11\\\/Capture-decran-2022-11-07-a-21.13.41.png\",\"width\":1518,\"height\":1910},{\"@type\":\"BreadcrumbList\",\"@id\":\"https:\\\/\\\/looketmedecine.fr\\\/en\\\/la-revue-look-medecine-lm-est-devenue-le-partenaire-des-assises-pour-linnovation-en-medecine-esthetique-aime-pour-changer-de-regard-sur-le-droit-a-la-s\\\/#breadcrumb\",\"itemListElement\":[{\"@type\":\"ListItem\",\"position\":1,\"name\":\"Accueil\",\"item\":\"https:\\\/\\\/looketmedecine.fr\\\/\"},{\"@type\":\"ListItem\",\"position\":2,\"name\":\"LM N\u00b01 \\\/ 2023. CHANGER DE REGARD SUR LA SANT\u00c9 ESTH\u00c9TIQUE\"}]},{\"@type\":\"WebSite\",\"@id\":\"https:\\\/\\\/looketmedecine.fr\\\/#website\",\"url\":\"https:\\\/\\\/looketmedecine.fr\\\/\",\"name\":\"Revue fran\u00e7aise N\u00b01 pour la recherche en sant\u00e9 esth\u00e9tique\",\"description\":\"La sant\u00e9 esth\u00e9tique fond\u00e9e sur des preuves scientifiques\",\"publisher\":{\"@id\":\"https:\\\/\\\/looketmedecine.fr\\\/#organization\"},\"potentialAction\":[{\"@type\":\"SearchAction\",\"target\":{\"@type\":\"EntryPoint\",\"urlTemplate\":\"https:\\\/\\\/looketmedecine.fr\\\/?s={search_term_string}\"},\"query-input\":{\"@type\":\"PropertyValueSpecification\",\"valueRequired\":true,\"valueName\":\"search_term_string\"}}],\"inLanguage\":\"en-US\"},{\"@type\":\"Organization\",\"@id\":\"https:\\\/\\\/looketmedecine.fr\\\/#organization\",\"name\":\"Looketmedecine\",\"url\":\"https:\\\/\\\/looketmedecine.fr\\\/\",\"logo\":{\"@type\":\"ImageObject\",\"inLanguage\":\"en-US\",\"@id\":\"https:\\\/\\\/looketmedecine.fr\\\/#\\\/schema\\\/logo\\\/image\\\/\",\"url\":\"https:\\\/\\\/looketmedecine.fr\\\/wp-content\\\/uploads\\\/2020\\\/11\\\/cropped-LookMedecine_Logo_Textuel_Noir.png\",\"contentUrl\":\"https:\\\/\\\/looketmedecine.fr\\\/wp-content\\\/uploads\\\/2020\\\/11\\\/cropped-LookMedecine_Logo_Textuel_Noir.png\",\"width\":1500,\"height\":145,\"caption\":\"Looketmedecine\"},\"image\":{\"@id\":\"https:\\\/\\\/looketmedecine.fr\\\/#\\\/schema\\\/logo\\\/image\\\/\"},\"sameAs\":[\"https:\\\/\\\/www.facebook.com\\\/looketmedecine.magazine\\\/\",\"https:\\\/\\\/www.instagram.com\\\/looketmedecine\\\/?hl=fr\"]},{\"@type\":\"Person\",\"@id\":\"https:\\\/\\\/looketmedecine.fr\\\/#\\\/schema\\\/person\\\/d674c704426e829b385c4dd691b8e3cc\",\"name\":\"Albert-Claude Benhamou\",\"image\":{\"@type\":\"ImageObject\",\"inLanguage\":\"en-US\",\"@id\":\"https:\\\/\\\/secure.gravatar.com\\\/avatar\\\/f4c13b834cf55e3822893169175e3671a59788fb9e2d84d3a223c96e83a8f09e?s=96&d=mm&r=g\",\"url\":\"https:\\\/\\\/secure.gravatar.com\\\/avatar\\\/f4c13b834cf55e3822893169175e3671a59788fb9e2d84d3a223c96e83a8f09e?s=96&d=mm&r=g\",\"contentUrl\":\"https:\\\/\\\/secure.gravatar.com\\\/avatar\\\/f4c13b834cf55e3822893169175e3671a59788fb9e2d84d3a223c96e83a8f09e?s=96&d=mm&r=g\",\"caption\":\"Albert-Claude Benhamou\"},\"url\":\"https:\\\/\\\/looketmedecine.fr\\\/en\"}]}<\/script>\n<!-- \/ Yoast SEO plugin. -->","yoast_head_json":{"title":"LM N\u00b01 \/ 2023. CHANGER DE REGARD SUR LA SANT\u00c9 ESTH\u00c9TIQUE - Revue fran\u00e7aise N\u00b01 pour la recherche en sant\u00e9 esth\u00e9tique","description":"LOOK &amp; MEDECINE\/L&amp;M\" magazine has become a partner of the \"Assises pour l'Innovation en M\u00e9decine Esth\u00e9tique\/ AIME\" (Conferences for Innovation in Aesthetic Medicine) to change the way we look at the right to aesthetic health for all!","robots":{"index":"index","follow":"follow","max-snippet":"max-snippet:-1","max-image-preview":"max-image-preview:large","max-video-preview":"max-video-preview:-1"},"canonical":"https:\/\/looketmedecine.fr\/en\/wp-json\/wp\/v2\/posts\/14847","og_locale":"en_US","og_type":"article","og_title":"LM N\u00b01 \/ 2023. CHANGER DE REGARD SUR LA SANT\u00c9 ESTH\u00c9TIQUE - Revue fran\u00e7aise N\u00b01 pour la recherche en sant\u00e9 esth\u00e9tique","og_description":"La revue \u00ab LOOK & MEDECINE\/L&M \u00bb est devenue le partenaire des \u00ab Assises pour l\u2019Innovation en M\u00e9decine Esth\u00e9tique\/ AIME \u00bb Pour changer de regard sur le droit \u00e0 la sant\u00e9 esth\u00e9tique de tous !","og_url":"https:\/\/looketmedecine.fr\/en\/la-revue-look-medecine-lm-est-devenue-le-partenaire-des-assises-pour-linnovation-en-medecine-esthetique-aime-pour-changer-de-regard-sur-le-droit-a-la-s\/","og_site_name":"Revue fran\u00e7aise N\u00b01 pour la recherche en sant\u00e9 esth\u00e9tique","article_publisher":"https:\/\/www.facebook.com\/looketmedecine.magazine\/","article_published_time":"2023-05-08T20:45:32+00:00","article_modified_time":"2024-10-05T21:30:17+00:00","og_image":[{"width":1518,"height":1910,"url":"https:\/\/looketmedecine.fr\/wp-content\/uploads\/2022\/11\/Capture-decran-2022-11-07-a-21.13.41.png","type":"image\/png"}],"author":"Albert-Claude Benhamou","twitter_card":"summary_large_image","twitter_misc":{"Written by":"Albert-Claude Benhamou","Est. reading time":"3 minutes"},"schema":{"@context":"https:\/\/schema.org","@graph":[{"@type":"Article","@id":"https:\/\/looketmedecine.fr\/en\/la-revue-look-medecine-lm-est-devenue-le-partenaire-des-assises-pour-linnovation-en-medecine-esthetique-aime-pour-changer-de-regard-sur-le-droit-a-la-s\/#article","isPartOf":{"@id":"https:\/\/looketmedecine.fr\/en\/la-revue-look-medecine-lm-est-devenue-le-partenaire-des-assises-pour-linnovation-en-medecine-esthetique-aime-pour-changer-de-regard-sur-le-droit-a-la-s\/"},"author":{"name":"Albert-Claude Benhamou","@id":"https:\/\/looketmedecine.fr\/#\/schema\/person\/d674c704426e829b385c4dd691b8e3cc"},"headline":"LM N\u00b01 \/ 2023. CHANGER DE REGARD SUR LA SANT\u00c9 ESTH\u00c9TIQUE","datePublished":"2023-05-08T20:45:32+00:00","dateModified":"2024-10-05T21:30:17+00:00","mainEntityOfPage":{"@id":"https:\/\/looketmedecine.fr\/en\/la-revue-look-medecine-lm-est-devenue-le-partenaire-des-assises-pour-linnovation-en-medecine-esthetique-aime-pour-changer-de-regard-sur-le-droit-a-la-s\/"},"wordCount":656,"publisher":{"@id":"https:\/\/looketmedecine.fr\/#organization"},"image":{"@id":"https:\/\/looketmedecine.fr\/en\/la-revue-look-medecine-lm-est-devenue-le-partenaire-des-assises-pour-linnovation-en-medecine-esthetique-aime-pour-changer-de-regard-sur-le-droit-a-la-s\/#primaryimage"},"thumbnailUrl":"https:\/\/looketmedecine.fr\/wp-content\/uploads\/2022\/11\/Capture-decran-2022-11-07-a-21.13.41.png","keywords":["Lm1 2023 actualit\u00e9","Lm1 2023 Editorials","Replay Lm1 2023"],"articleSection":["Actualit\u00e9s","\u00c9ditoriaux"],"inLanguage":"en-US"},{"@type":"WebPage","@id":"https:\/\/looketmedecine.fr\/en\/la-revue-look-medecine-lm-est-devenue-le-partenaire-des-assises-pour-linnovation-en-medecine-esthetique-aime-pour-changer-de-regard-sur-le-droit-a-la-s\/","url":"https:\/\/looketmedecine.fr\/en\/la-revue-look-medecine-lm-est-devenue-le-partenaire-des-assises-pour-linnovation-en-medecine-esthetique-aime-pour-changer-de-regard-sur-le-droit-a-la-s\/","name":"LM N\u00b01 \/ 2023. CHANGER DE REGARD SUR LA SANT\u00c9 ESTH\u00c9TIQUE - Revue fran\u00e7aise N\u00b01 pour la recherche en sant\u00e9 esth\u00e9tique","isPartOf":{"@id":"https:\/\/looketmedecine.fr\/#website"},"primaryImageOfPage":{"@id":"https:\/\/looketmedecine.fr\/en\/la-revue-look-medecine-lm-est-devenue-le-partenaire-des-assises-pour-linnovation-en-medecine-esthetique-aime-pour-changer-de-regard-sur-le-droit-a-la-s\/#primaryimage"},"image":{"@id":"https:\/\/looketmedecine.fr\/en\/la-revue-look-medecine-lm-est-devenue-le-partenaire-des-assises-pour-linnovation-en-medecine-esthetique-aime-pour-changer-de-regard-sur-le-droit-a-la-s\/#primaryimage"},"thumbnailUrl":"https:\/\/looketmedecine.fr\/wp-content\/uploads\/2022\/11\/Capture-decran-2022-11-07-a-21.13.41.png","datePublished":"2023-05-08T20:45:32+00:00","dateModified":"2024-10-05T21:30:17+00:00","description":"LOOK &amp; MEDECINE\/L&amp;M\" magazine has become a partner of the \"Assises pour l'Innovation en M\u00e9decine Esth\u00e9tique\/ AIME\" (Conferences for Innovation in Aesthetic Medicine) to change the way we look at the right to aesthetic health for all!","breadcrumb":{"@id":"https:\/\/looketmedecine.fr\/en\/la-revue-look-medecine-lm-est-devenue-le-partenaire-des-assises-pour-linnovation-en-medecine-esthetique-aime-pour-changer-de-regard-sur-le-droit-a-la-s\/#breadcrumb"},"inLanguage":"en-US","potentialAction":[{"@type":"ReadAction","target":["https:\/\/looketmedecine.fr\/en\/la-revue-look-medecine-lm-est-devenue-le-partenaire-des-assises-pour-linnovation-en-medecine-esthetique-aime-pour-changer-de-regard-sur-le-droit-a-la-s\/"]}]},{"@type":"ImageObject","inLanguage":"en-US","@id":"https:\/\/looketmedecine.fr\/en\/la-revue-look-medecine-lm-est-devenue-le-partenaire-des-assises-pour-linnovation-en-medecine-esthetique-aime-pour-changer-de-regard-sur-le-droit-a-la-s\/#primaryimage","url":"https:\/\/looketmedecine.fr\/wp-content\/uploads\/2022\/11\/Capture-decran-2022-11-07-a-21.13.41.png","contentUrl":"https:\/\/looketmedecine.fr\/wp-content\/uploads\/2022\/11\/Capture-decran-2022-11-07-a-21.13.41.png","width":1518,"height":1910},{"@type":"BreadcrumbList","@id":"https:\/\/looketmedecine.fr\/en\/la-revue-look-medecine-lm-est-devenue-le-partenaire-des-assises-pour-linnovation-en-medecine-esthetique-aime-pour-changer-de-regard-sur-le-droit-a-la-s\/#breadcrumb","itemListElement":[{"@type":"ListItem","position":1,"name":"Accueil","item":"https:\/\/looketmedecine.fr\/"},{"@type":"ListItem","position":2,"name":"LM N\u00b01 \/ 2023. CHANGER DE REGARD SUR LA SANT\u00c9 ESTH\u00c9TIQUE"}]},{"@type":"WebSite","@id":"https:\/\/looketmedecine.fr\/#website","url":"https:\/\/looketmedecine.fr\/","name":"N\u00b01 French magazine for research in aesthetic health","description":"Aesthetic health based on scientific evidence","publisher":{"@id":"https:\/\/looketmedecine.fr\/#organization"},"potentialAction":[{"@type":"SearchAction","target":{"@type":"EntryPoint","urlTemplate":"https:\/\/looketmedecine.fr\/?s={search_term_string}"},"query-input":{"@type":"PropertyValueSpecification","valueRequired":true,"valueName":"search_term_string"}}],"inLanguage":"en-US"},{"@type":"Organization","@id":"https:\/\/looketmedecine.fr\/#organization","name":"Looketmedicine","url":"https:\/\/looketmedecine.fr\/","logo":{"@type":"ImageObject","inLanguage":"en-US","@id":"https:\/\/looketmedecine.fr\/#\/schema\/logo\/image\/","url":"https:\/\/looketmedecine.fr\/wp-content\/uploads\/2020\/11\/cropped-LookMedecine_Logo_Textuel_Noir.png","contentUrl":"https:\/\/looketmedecine.fr\/wp-content\/uploads\/2020\/11\/cropped-LookMedecine_Logo_Textuel_Noir.png","width":1500,"height":145,"caption":"Looketmedecine"},"image":{"@id":"https:\/\/looketmedecine.fr\/#\/schema\/logo\/image\/"},"sameAs":["https:\/\/www.facebook.com\/looketmedecine.magazine\/","https:\/\/www.instagram.com\/looketmedecine\/?hl=fr"]},{"@type":"Person","@id":"https:\/\/looketmedecine.fr\/#\/schema\/person\/d674c704426e829b385c4dd691b8e3cc","name":"Albert-Claude Benhamou","image":{"@type":"ImageObject","inLanguage":"en-US","@id":"https:\/\/secure.gravatar.com\/avatar\/f4c13b834cf55e3822893169175e3671a59788fb9e2d84d3a223c96e83a8f09e?s=96&d=mm&r=g","url":"https:\/\/secure.gravatar.com\/avatar\/f4c13b834cf55e3822893169175e3671a59788fb9e2d84d3a223c96e83a8f09e?s=96&d=mm&r=g","contentUrl":"https:\/\/secure.gravatar.com\/avatar\/f4c13b834cf55e3822893169175e3671a59788fb9e2d84d3a223c96e83a8f09e?s=96&d=mm&r=g","caption":"Albert-Claude Benhamou"},"url":"https:\/\/looketmedecine.fr\/en"}]}},"_links":{"self":[{"href":"https:\/\/looketmedecine.fr\/en\/wp-json\/wp\/v2\/posts\/14847","targetHints":{"allow":["GET"]}}],"collection":[{"href":"https:\/\/looketmedecine.fr\/en\/wp-json\/wp\/v2\/posts"}],"about":[{"href":"https:\/\/looketmedecine.fr\/en\/wp-json\/wp\/v2\/types\/post"}],"author":[{"embeddable":true,"href":"https:\/\/looketmedecine.fr\/en\/wp-json\/wp\/v2\/users\/2"}],"replies":[{"embeddable":true,"href":"https:\/\/looketmedecine.fr\/en\/wp-json\/wp\/v2\/comments?post=14847"}],"version-history":[{"count":46,"href":"https:\/\/looketmedecine.fr\/en\/wp-json\/wp\/v2\/posts\/14847\/revisions"}],"predecessor-version":[{"id":23820,"href":"https:\/\/looketmedecine.fr\/en\/wp-json\/wp\/v2\/posts\/14847\/revisions\/23820"}],"wp:featuredmedia":[{"embeddable":true,"href":"https:\/\/looketmedecine.fr\/en\/wp-json\/wp\/v2\/media\/13964"}],"wp:attachment":[{"href":"https:\/\/looketmedecine.fr\/en\/wp-json\/wp\/v2\/media?parent=14847"}],"wp:term":[{"taxonomy":"category","embeddable":true,"href":"https:\/\/looketmedecine.fr\/en\/wp-json\/wp\/v2\/categories?post=14847"},{"taxonomy":"post_tag","embeddable":true,"href":"https:\/\/looketmedecine.fr\/en\/wp-json\/wp\/v2\/tags?post=14847"},{"taxonomy":"auteur","embeddable":true,"href":"https:\/\/looketmedecine.fr\/en\/wp-json\/wp\/v2\/auteur?post=14847"},{"taxonomy":"mots-cles","embeddable":true,"href":"https:\/\/looketmedecine.fr\/en\/wp-json\/wp\/v2\/mots-cles?post=14847"}],"curies":[{"name":"wp","href":"https:\/\/api.w.org\/{rel}","templated":true}]}}