{"id":13334,"date":"2022-11-08T22:05:43","date_gmt":"2022-11-08T21:05:43","guid":{"rendered":"https:\/\/looketmedecine.fr\/?p=13334"},"modified":"2024-10-05T00:42:05","modified_gmt":"2024-10-04T22:42:05","slug":"lm3-un-autre-regard-editorial-la-medecine-regenerative-ou-lavenir-de-la-medecine-pr-barbara-hersant","status":"publish","type":"post","link":"https:\/\/looketmedecine.fr\/en\/lm3-un-autre-regard-editorial-la-medecine-regenerative-ou-lavenir-de-la-medecine-pr-barbara-hersant\/","title":{"rendered":"LM N\u00b0 3\/ 2022. Another look. Editorial. Regenerative medicine or the future of medicine. Pr Barbara HERSANT"},"content":{"rendered":"<div data-elementor-type=\"wp-post\" data-elementor-id=\"13334\" class=\"elementor elementor-13334\" data-elementor-post-type=\"post\">\n\t\t\t\t\t\t<section class=\"elementor-section elementor-top-section elementor-element elementor-element-ce6ee1d elementor-section-boxed elementor-section-height-default elementor-section-height-default\" data-id=\"ce6ee1d\" data-element_type=\"section\" data-e-type=\"section\">\n\t\t\t\t\t\t<div class=\"elementor-container elementor-column-gap-default\">\n\t\t\t\t\t<div class=\"elementor-column elementor-col-100 elementor-top-column elementor-element elementor-element-617749f\" data-id=\"617749f\" data-element_type=\"column\" data-e-type=\"column\">\n\t\t\t<div class=\"elementor-widget-wrap elementor-element-populated\">\n\t\t\t\t\t\t<div class=\"elementor-element elementor-element-a7df832 elementor-widget elementor-widget-text-editor\" data-id=\"a7df832\" data-element_type=\"widget\" data-e-type=\"widget\" data-widget_type=\"text-editor.default\">\n\t\t\t\t<div class=\"elementor-widget-container\">\n\t\t\t\t\t\t\t\t\tAnother look\t\t\t\t\t\t\t\t<\/div>\n\t\t\t\t<\/div>\n\t\t\t\t<div class=\"elementor-element elementor-element-cbe76c2 elementor-drop-cap-yes elementor-drop-cap-view-default elementor-widget elementor-widget-text-editor\" data-id=\"cbe76c2\" data-element_type=\"widget\" data-e-type=\"widget\" data-settings=\"{&quot;drop_cap&quot;:&quot;yes&quot;}\" data-widget_type=\"text-editor.default\">\n\t\t\t\t<div class=\"elementor-widget-container\">\n\t\t\t\t\t\t\t\t\tEditorial\t\t\t\t\t\t\t\t<\/div>\n\t\t\t\t<\/div>\n\t\t\t\t<div class=\"elementor-element elementor-element-a4404be elementor-widget elementor-widget-text-editor\" data-id=\"a4404be\" data-element_type=\"widget\" data-e-type=\"widget\" data-widget_type=\"text-editor.default\">\n\t\t\t\t<div class=\"elementor-widget-container\">\n\t\t\t\t\t\t\t\t\tRegenerative medicine, the future of medicine.\t\t\t\t\t\t\t\t<\/div>\n\t\t\t\t<\/div>\n\t\t\t\t<div class=\"elementor-element elementor-element-6197e9d elementor-widget elementor-widget-text-editor\" data-id=\"6197e9d\" data-element_type=\"widget\" data-e-type=\"widget\" data-widget_type=\"text-editor.default\">\n\t\t\t\t<div class=\"elementor-widget-container\">\n\t\t\t\t\t\t\t\t\t<h2 style=\"text-align: center;\"><span style=\"color: #ff0000;\"><strong>Pr Barbara Hersant <\/strong>MD PhD<\/span><\/h2><h5 style=\"text-align: center;\"><span style=\"color: #000000;\">Plastic and maxillofacial surgery department. Breast center. Henri Mondor Hospital. Cr\u00e9teil 94010, France<\/span><br \/><span style=\"color: #0000ff;\"><a style=\"color: #0000ff;\" href=\"mailto:Barbara.hersant@aphp.fr\">Barbara.hersant@aphp.fr<\/a><\/span><\/h5>\t\t\t\t\t\t\t\t<\/div>\n\t\t\t\t<\/div>\n\t\t\t\t<div class=\"elementor-element elementor-element-d4c263f elementor-widget elementor-widget-image\" data-id=\"d4c263f\" data-element_type=\"widget\" data-e-type=\"widget\" data-widget_type=\"image.default\">\n\t\t\t\t<div class=\"elementor-widget-container\">\n\t\t\t\t\t\t\t\t\t\t\t\t\t\t\t<img fetchpriority=\"high\" decoding=\"async\" width=\"800\" height=\"1015\" src=\"https:\/\/looketmedecine.fr\/wp-content\/uploads\/2022\/10\/Capture-de\u0301cran-2022-10-09-a\u0300-22.21.41-807x1024.png\" class=\"attachment-large size-large wp-image-13354\" alt=\"Pr Barbara Hersant\" srcset=\"https:\/\/looketmedecine.fr\/wp-content\/uploads\/2022\/10\/Capture-de\u0301cran-2022-10-09-a\u0300-22.21.41-807x1024.png 807w, https:\/\/looketmedecine.fr\/wp-content\/uploads\/2022\/10\/Capture-de\u0301cran-2022-10-09-a\u0300-22.21.41-236x300.png 236w, https:\/\/looketmedecine.fr\/wp-content\/uploads\/2022\/10\/Capture-de\u0301cran-2022-10-09-a\u0300-22.21.41-768x975.png 768w, https:\/\/looketmedecine.fr\/wp-content\/uploads\/2022\/10\/Capture-de\u0301cran-2022-10-09-a\u0300-22.21.41-9x12.png 9w, https:\/\/looketmedecine.fr\/wp-content\/uploads\/2022\/10\/Capture-de\u0301cran-2022-10-09-a\u0300-22.21.41.png 846w\" sizes=\"(max-width: 800px) 100vw, 800px\" \/>\t\t\t\t\t\t\t\t\t\t\t\t\t\t\t<\/div>\n\t\t\t\t<\/div>\n\t\t\t\t<div class=\"elementor-element elementor-element-8f97197 elementor-widget-divider--view-line elementor-widget elementor-widget-divider\" data-id=\"8f97197\" data-element_type=\"widget\" data-e-type=\"widget\" data-widget_type=\"divider.default\">\n\t\t\t\t<div class=\"elementor-widget-container\">\n\t\t\t\t\t\t\t<div class=\"elementor-divider\">\n\t\t\t<span class=\"elementor-divider-separator\">\n\t\t\t\t\t\t<\/span>\n\t\t<\/div>\n\t\t\t\t\t\t<\/div>\n\t\t\t\t<\/div>\n\t\t\t\t<div class=\"elementor-element elementor-element-97f2a2b elementor-widget elementor-widget-text-editor\" data-id=\"97f2a2b\" data-element_type=\"widget\" data-e-type=\"widget\" data-widget_type=\"text-editor.default\">\n\t\t\t\t<div class=\"elementor-widget-container\">\n\t\t\t\t\t\t\t\t\t<h4><em><span style=\"color: #0000ff;\">Tissue regeneration has been defined as the reactivation of developmental processes to restore missing or suffering tissue.<\/span><\/em><\/h4><h4><span style=\"color: #000000;\">Regenerative medicine has emerged from a variety of disciplines, such as surgery, organ transplantation, biomaterials science, engineering and stem cell biology.<\/span><\/h4><h4><span style=\"color: #000000;\">It allows the replacement or regeneration of human cells, tissues or organs to restore or re-establish normal function.<\/span><\/h4><h4><em><span style=\"color: #0000ff;\">Research in regenerative medicine is increasingly integrating the relationships between tissues, organs and systems, and even the body as a whole.\u00a0<\/span><\/em><\/h4><h4><span style=\"color: #000000;\">This systems approach leads to therapeutic strategies designed to have multi-level effects.<\/span><\/h4><h4><span style=\"color: #000000;\">It is complementary to the molecular approach designed to identify and target single genes or proteins.<\/span><\/h4><h4><em><span style=\"color: #0000ff;\">There are many approaches to regenerative medicine, ranging from the application of a single molecule or peptide to the engineering of entire organs.<\/span><\/em><\/h4><h4><span style=\"color: #000000;\">In this issue, we will discuss different strategies of skin regenerative medicine.<\/span><\/h4>\t\t\t\t\t\t\t\t<\/div>\n\t\t\t\t<\/div>\n\t\t\t\t<div class=\"elementor-element elementor-element-84a0305 elementor-widget elementor-widget-image\" data-id=\"84a0305\" data-element_type=\"widget\" data-e-type=\"widget\" data-widget_type=\"image.default\">\n\t\t\t\t<div class=\"elementor-widget-container\">\n\t\t\t\t\t\t\t\t\t\t\t\t\t\t\t<img decoding=\"async\" src=\"https:\/\/looketmedecine.fr\/wp-content\/uploads\/2022\/10\/Capture-de\u0301cran-2022-10-09-a\u0300-21.09.54.png\" title=\"\" alt=\"\" loading=\"lazy\" \/>\t\t\t\t\t\t\t\t\t\t\t\t\t\t\t<\/div>\n\t\t\t\t<\/div>\n\t\t\t\t\t<\/div>\n\t\t<\/div>\n\t\t\t\t\t<\/div>\n\t\t<\/section>\n\t\t\t\t<section class=\"elementor-section elementor-top-section elementor-element elementor-element-ad560e0 elementor-section-boxed elementor-section-height-default elementor-section-height-default\" data-id=\"ad560e0\" data-element_type=\"section\" data-e-type=\"section\">\n\t\t\t\t\t\t<div class=\"elementor-container elementor-column-gap-default\">\n\t\t\t\t\t<div class=\"elementor-column elementor-col-100 elementor-top-column elementor-element elementor-element-319f880\" data-id=\"319f880\" data-element_type=\"column\" data-e-type=\"column\">\n\t\t\t<div class=\"elementor-widget-wrap elementor-element-populated\">\n\t\t\t\t\t\t<div class=\"elementor-element elementor-element-72017ab elementor-widget elementor-widget-video\" data-id=\"72017ab\" data-element_type=\"widget\" data-e-type=\"widget\" data-settings=\"{&quot;video_type&quot;:&quot;vimeo&quot;}\" data-widget_type=\"video.default\">\n\t\t\t\t<div class=\"elementor-widget-container\">\n\t\t\t\t\t\t\t<div class=\"elementor-wrapper elementor-open-inline\">\n\t\t\t<iframe class=\"elementor-video-iframe\" allowfullscreen allow=\"clipboard-write\" title=\"vimeo Video Player\" src=\"https:\/\/player.vimeo.com\/video\/758616976?color&amp;autopause=0&amp;loop=0&amp;muted=0&amp;title=1&amp;portrait=1&amp;byline=1&amp;h=privacy#t=\" data-no-translation-title=\"\"><\/iframe>\t\t<\/div>\n\t\t\t\t\t\t<\/div>\n\t\t\t\t<\/div>\n\t\t\t\t\t<\/div>\n\t\t<\/div>\n\t\t\t\t\t<\/div>\n\t\t<\/section>\n\t\t\t\t<\/div>","protected":false},"excerpt":{"rendered":"<p>Un autre regard\u00c9ditorialLa m\u00e9decine r\u00e9g\u00e9n\u00e9rative, l\u2019avenir de la m\u00e9decine. Pr Barbara Hersant MD PhD Sce de chirurgie plastique et maxillo-faciale. Centre sein. H\u00f4pital Henri Mondor. Cr\u00e9teil 94010, France Barbara.hersant@aphp.fr La r\u00e9g\u00e9n\u00e9ration tissulaire a \u00e9t\u00e9 d\u00e9finie comme la r\u00e9activation des processus de d\u00e9veloppement pour restaurer les tissus manquants ou en souffrance. La m\u00e9decine r\u00e9g\u00e9n\u00e9rative a \u00e9merg\u00e9 [&hellip;]<\/p>\n","protected":false},"author":2,"featured_media":13354,"comment_status":"closed","ping_status":"closed","sticky":false,"template":"","format":"standard","meta":{"_acf_changed":false,"footnotes":""},"categories":[62,152],"tags":[302,299,290],"auteur":[390],"mots-cles":[],"class_list":["post-13334","post","type-post","status-publish","format-standard","has-post-thumbnail","hentry","category-editoriaux","category-un-autre-regards","tag-lm3-editorial","tag-lm3-un-autre-regard","tag-replay-lm3","auteur-barbara-hersant"],"acf":[],"yoast_head":"<!-- This site is optimized with the Yoast SEO plugin v27.5 - https:\/\/yoast.com\/product\/yoast-seo-wordpress\/ -->\n<title>LM N\u00b0 3\/ 2022. Un autre regard. \u00c9ditorial. La m\u00e9decine r\u00e9g\u00e9n\u00e9rative ou l\u2019avenir de la m\u00e9decine. Pr Barbara HERSANT - Revue fran\u00e7aise N\u00b01 pour la recherche en sant\u00e9 esth\u00e9tique<\/title>\n<meta name=\"robots\" content=\"index, follow, max-snippet:-1, max-image-preview:large, max-video-preview:-1\" \/>\n<link rel=\"canonical\" href=\"https:\/\/looketmedecine.fr\/en\/wp-json\/wp\/v2\/posts\/13334\" \/>\n<meta property=\"og:locale\" content=\"en_US\" \/>\n<meta property=\"og:type\" content=\"article\" \/>\n<meta property=\"og:title\" content=\"LM N\u00b0 3\/ 2022. Un autre regard. \u00c9ditorial. La m\u00e9decine r\u00e9g\u00e9n\u00e9rative ou l\u2019avenir de la m\u00e9decine. Pr Barbara HERSANT - Revue fran\u00e7aise N\u00b01 pour la recherche en sant\u00e9 esth\u00e9tique\" \/>\n<meta property=\"og:description\" content=\"Un autre regard\u00c9ditorialLa m\u00e9decine r\u00e9g\u00e9n\u00e9rative, l\u2019avenir de la m\u00e9decine. Pr Barbara Hersant MD PhD Sce de chirurgie plastique et maxillo-faciale. Centre sein. H\u00f4pital Henri Mondor. Cr\u00e9teil 94010, France Barbara.hersant@aphp.fr La r\u00e9g\u00e9n\u00e9ration tissulaire a \u00e9t\u00e9 d\u00e9finie comme la r\u00e9activation des processus de d\u00e9veloppement pour restaurer les tissus manquants ou en souffrance. La m\u00e9decine r\u00e9g\u00e9n\u00e9rative a \u00e9merg\u00e9 [&hellip;]\" \/>\n<meta property=\"og:url\" content=\"https:\/\/looketmedecine.fr\/en\/lm3-un-autre-regard-editorial-la-medecine-regenerative-ou-lavenir-de-la-medecine-pr-barbara-hersant\/\" \/>\n<meta property=\"og:site_name\" content=\"Revue fran\u00e7aise N\u00b01 pour la recherche en sant\u00e9 esth\u00e9tique\" \/>\n<meta property=\"article:publisher\" content=\"https:\/\/www.facebook.com\/looketmedecine.magazine\/\" \/>\n<meta property=\"article:published_time\" content=\"2022-11-08T21:05:43+00:00\" \/>\n<meta property=\"article:modified_time\" content=\"2024-10-04T22:42:05+00:00\" \/>\n<meta property=\"og:image\" content=\"https:\/\/looketmedecine.fr\/wp-content\/uploads\/2022\/10\/Capture-de\u0301cran-2022-10-09-a\u0300-22.21.41.png\" \/>\n\t<meta property=\"og:image:width\" content=\"846\" \/>\n\t<meta property=\"og:image:height\" content=\"1074\" \/>\n\t<meta property=\"og:image:type\" content=\"image\/png\" \/>\n<meta name=\"author\" content=\"Albert-Claude Benhamou\" \/>\n<meta name=\"twitter:card\" content=\"summary_large_image\" \/>\n<meta name=\"twitter:label1\" content=\"Written by\" \/>\n\t<meta name=\"twitter:data1\" content=\"Albert-Claude Benhamou\" \/>\n\t<meta name=\"twitter:label2\" content=\"Est. reading time\" \/>\n\t<meta name=\"twitter:data2\" content=\"1 minute\" \/>\n<script type=\"application\/ld+json\" class=\"yoast-schema-graph\">{\"@context\":\"https:\\\/\\\/schema.org\",\"@graph\":[{\"@type\":\"Article\",\"@id\":\"https:\\\/\\\/looketmedecine.fr\\\/lm3-un-autre-regard-editorial-la-medecine-regenerative-ou-lavenir-de-la-medecine-pr-barbara-hersant\\\/#article\",\"isPartOf\":{\"@id\":\"https:\\\/\\\/looketmedecine.fr\\\/lm3-un-autre-regard-editorial-la-medecine-regenerative-ou-lavenir-de-la-medecine-pr-barbara-hersant\\\/\"},\"author\":{\"name\":\"Albert-Claude Benhamou\",\"@id\":\"https:\\\/\\\/looketmedecine.fr\\\/#\\\/schema\\\/person\\\/d674c704426e829b385c4dd691b8e3cc\"},\"headline\":\"LM N\u00b0 3\\\/ 2022. Un autre regard. \u00c9ditorial. La m\u00e9decine r\u00e9g\u00e9n\u00e9rative ou l\u2019avenir de la m\u00e9decine. Pr Barbara HERSANT\",\"datePublished\":\"2022-11-08T21:05:43+00:00\",\"dateModified\":\"2024-10-04T22:42:05+00:00\",\"mainEntityOfPage\":{\"@id\":\"https:\\\/\\\/looketmedecine.fr\\\/lm3-un-autre-regard-editorial-la-medecine-regenerative-ou-lavenir-de-la-medecine-pr-barbara-hersant\\\/\"},\"wordCount\":282,\"publisher\":{\"@id\":\"https:\\\/\\\/looketmedecine.fr\\\/#organization\"},\"image\":{\"@id\":\"https:\\\/\\\/looketmedecine.fr\\\/lm3-un-autre-regard-editorial-la-medecine-regenerative-ou-lavenir-de-la-medecine-pr-barbara-hersant\\\/#primaryimage\"},\"thumbnailUrl\":\"https:\\\/\\\/looketmedecine.fr\\\/wp-content\\\/uploads\\\/2022\\\/10\\\/Capture-de\u0301cran-2022-10-09-a\u0300-22.21.41.png\",\"keywords\":[\"Lm3 \u00c9ditorial.\",\"Lm3 un autre regard\",\"Replay lm3\"],\"articleSection\":[\"\u00c9ditoriaux\",\"Un autre regard\"],\"inLanguage\":\"en-US\"},{\"@type\":\"WebPage\",\"@id\":\"https:\\\/\\\/looketmedecine.fr\\\/lm3-un-autre-regard-editorial-la-medecine-regenerative-ou-lavenir-de-la-medecine-pr-barbara-hersant\\\/\",\"url\":\"https:\\\/\\\/looketmedecine.fr\\\/lm3-un-autre-regard-editorial-la-medecine-regenerative-ou-lavenir-de-la-medecine-pr-barbara-hersant\\\/\",\"name\":\"LM N\u00b0 3\\\/ 2022. Un autre regard. \u00c9ditorial. La m\u00e9decine r\u00e9g\u00e9n\u00e9rative ou l\u2019avenir de la m\u00e9decine. Pr Barbara HERSANT - Revue fran\u00e7aise N\u00b01 pour la recherche en sant\u00e9 esth\u00e9tique\",\"isPartOf\":{\"@id\":\"https:\\\/\\\/looketmedecine.fr\\\/#website\"},\"primaryImageOfPage\":{\"@id\":\"https:\\\/\\\/looketmedecine.fr\\\/lm3-un-autre-regard-editorial-la-medecine-regenerative-ou-lavenir-de-la-medecine-pr-barbara-hersant\\\/#primaryimage\"},\"image\":{\"@id\":\"https:\\\/\\\/looketmedecine.fr\\\/lm3-un-autre-regard-editorial-la-medecine-regenerative-ou-lavenir-de-la-medecine-pr-barbara-hersant\\\/#primaryimage\"},\"thumbnailUrl\":\"https:\\\/\\\/looketmedecine.fr\\\/wp-content\\\/uploads\\\/2022\\\/10\\\/Capture-de\u0301cran-2022-10-09-a\u0300-22.21.41.png\",\"datePublished\":\"2022-11-08T21:05:43+00:00\",\"dateModified\":\"2024-10-04T22:42:05+00:00\",\"breadcrumb\":{\"@id\":\"https:\\\/\\\/looketmedecine.fr\\\/lm3-un-autre-regard-editorial-la-medecine-regenerative-ou-lavenir-de-la-medecine-pr-barbara-hersant\\\/#breadcrumb\"},\"inLanguage\":\"en-US\",\"potentialAction\":[{\"@type\":\"ReadAction\",\"target\":[\"https:\\\/\\\/looketmedecine.fr\\\/lm3-un-autre-regard-editorial-la-medecine-regenerative-ou-lavenir-de-la-medecine-pr-barbara-hersant\\\/\"]}]},{\"@type\":\"ImageObject\",\"inLanguage\":\"en-US\",\"@id\":\"https:\\\/\\\/looketmedecine.fr\\\/lm3-un-autre-regard-editorial-la-medecine-regenerative-ou-lavenir-de-la-medecine-pr-barbara-hersant\\\/#primaryimage\",\"url\":\"https:\\\/\\\/looketmedecine.fr\\\/wp-content\\\/uploads\\\/2022\\\/10\\\/Capture-de\u0301cran-2022-10-09-a\u0300-22.21.41.png\",\"contentUrl\":\"https:\\\/\\\/looketmedecine.fr\\\/wp-content\\\/uploads\\\/2022\\\/10\\\/Capture-de\u0301cran-2022-10-09-a\u0300-22.21.41.png\",\"width\":846,\"height\":1074,\"caption\":\"Pr Barbara Hersant\"},{\"@type\":\"BreadcrumbList\",\"@id\":\"https:\\\/\\\/looketmedecine.fr\\\/lm3-un-autre-regard-editorial-la-medecine-regenerative-ou-lavenir-de-la-medecine-pr-barbara-hersant\\\/#breadcrumb\",\"itemListElement\":[{\"@type\":\"ListItem\",\"position\":1,\"name\":\"Accueil\",\"item\":\"https:\\\/\\\/looketmedecine.fr\\\/\"},{\"@type\":\"ListItem\",\"position\":2,\"name\":\"LM N\u00b0 3\\\/ 2022. Un autre regard. \u00c9ditorial. La m\u00e9decine r\u00e9g\u00e9n\u00e9rative ou l\u2019avenir de la m\u00e9decine. Pr Barbara HERSANT\"}]},{\"@type\":\"WebSite\",\"@id\":\"https:\\\/\\\/looketmedecine.fr\\\/#website\",\"url\":\"https:\\\/\\\/looketmedecine.fr\\\/\",\"name\":\"Revue fran\u00e7aise N\u00b01 pour la recherche en sant\u00e9 esth\u00e9tique\",\"description\":\"La sant\u00e9 esth\u00e9tique fond\u00e9e sur des preuves scientifiques\",\"publisher\":{\"@id\":\"https:\\\/\\\/looketmedecine.fr\\\/#organization\"},\"potentialAction\":[{\"@type\":\"SearchAction\",\"target\":{\"@type\":\"EntryPoint\",\"urlTemplate\":\"https:\\\/\\\/looketmedecine.fr\\\/?s={search_term_string}\"},\"query-input\":{\"@type\":\"PropertyValueSpecification\",\"valueRequired\":true,\"valueName\":\"search_term_string\"}}],\"inLanguage\":\"en-US\"},{\"@type\":\"Organization\",\"@id\":\"https:\\\/\\\/looketmedecine.fr\\\/#organization\",\"name\":\"Looketmedecine\",\"url\":\"https:\\\/\\\/looketmedecine.fr\\\/\",\"logo\":{\"@type\":\"ImageObject\",\"inLanguage\":\"en-US\",\"@id\":\"https:\\\/\\\/looketmedecine.fr\\\/#\\\/schema\\\/logo\\\/image\\\/\",\"url\":\"https:\\\/\\\/looketmedecine.fr\\\/wp-content\\\/uploads\\\/2020\\\/11\\\/cropped-LookMedecine_Logo_Textuel_Noir.png\",\"contentUrl\":\"https:\\\/\\\/looketmedecine.fr\\\/wp-content\\\/uploads\\\/2020\\\/11\\\/cropped-LookMedecine_Logo_Textuel_Noir.png\",\"width\":1500,\"height\":145,\"caption\":\"Looketmedecine\"},\"image\":{\"@id\":\"https:\\\/\\\/looketmedecine.fr\\\/#\\\/schema\\\/logo\\\/image\\\/\"},\"sameAs\":[\"https:\\\/\\\/www.facebook.com\\\/looketmedecine.magazine\\\/\",\"https:\\\/\\\/www.instagram.com\\\/looketmedecine\\\/?hl=fr\"]},{\"@type\":\"Person\",\"@id\":\"https:\\\/\\\/looketmedecine.fr\\\/#\\\/schema\\\/person\\\/d674c704426e829b385c4dd691b8e3cc\",\"name\":\"Albert-Claude Benhamou\",\"image\":{\"@type\":\"ImageObject\",\"inLanguage\":\"en-US\",\"@id\":\"https:\\\/\\\/secure.gravatar.com\\\/avatar\\\/f4c13b834cf55e3822893169175e3671a59788fb9e2d84d3a223c96e83a8f09e?s=96&d=mm&r=g\",\"url\":\"https:\\\/\\\/secure.gravatar.com\\\/avatar\\\/f4c13b834cf55e3822893169175e3671a59788fb9e2d84d3a223c96e83a8f09e?s=96&d=mm&r=g\",\"contentUrl\":\"https:\\\/\\\/secure.gravatar.com\\\/avatar\\\/f4c13b834cf55e3822893169175e3671a59788fb9e2d84d3a223c96e83a8f09e?s=96&d=mm&r=g\",\"caption\":\"Albert-Claude Benhamou\"},\"url\":\"https:\\\/\\\/looketmedecine.fr\\\/en\"}]}<\/script>\n<!-- \/ Yoast SEO plugin. -->","yoast_head_json":{"title":"LM N\u00b0 3\/ 2022. Un autre regard. \u00c9ditorial. La m\u00e9decine r\u00e9g\u00e9n\u00e9rative ou l\u2019avenir de la m\u00e9decine. Pr Barbara HERSANT - Revue fran\u00e7aise N\u00b01 pour la recherche en sant\u00e9 esth\u00e9tique","robots":{"index":"index","follow":"follow","max-snippet":"max-snippet:-1","max-image-preview":"max-image-preview:large","max-video-preview":"max-video-preview:-1"},"canonical":"https:\/\/looketmedecine.fr\/en\/wp-json\/wp\/v2\/posts\/13334","og_locale":"en_US","og_type":"article","og_title":"LM N\u00b0 3\/ 2022. Un autre regard. \u00c9ditorial. La m\u00e9decine r\u00e9g\u00e9n\u00e9rative ou l\u2019avenir de la m\u00e9decine. Pr Barbara HERSANT - Revue fran\u00e7aise N\u00b01 pour la recherche en sant\u00e9 esth\u00e9tique","og_description":"Un autre regard\u00c9ditorialLa m\u00e9decine r\u00e9g\u00e9n\u00e9rative, l\u2019avenir de la m\u00e9decine. Pr Barbara Hersant MD PhD Sce de chirurgie plastique et maxillo-faciale. Centre sein. H\u00f4pital Henri Mondor. Cr\u00e9teil 94010, France Barbara.hersant@aphp.fr La r\u00e9g\u00e9n\u00e9ration tissulaire a \u00e9t\u00e9 d\u00e9finie comme la r\u00e9activation des processus de d\u00e9veloppement pour restaurer les tissus manquants ou en souffrance. La m\u00e9decine r\u00e9g\u00e9n\u00e9rative a \u00e9merg\u00e9 [&hellip;]","og_url":"https:\/\/looketmedecine.fr\/en\/lm3-un-autre-regard-editorial-la-medecine-regenerative-ou-lavenir-de-la-medecine-pr-barbara-hersant\/","og_site_name":"Revue fran\u00e7aise N\u00b01 pour la recherche en sant\u00e9 esth\u00e9tique","article_publisher":"https:\/\/www.facebook.com\/looketmedecine.magazine\/","article_published_time":"2022-11-08T21:05:43+00:00","article_modified_time":"2024-10-04T22:42:05+00:00","og_image":[{"width":846,"height":1074,"url":"https:\/\/looketmedecine.fr\/wp-content\/uploads\/2022\/10\/Capture-de\u0301cran-2022-10-09-a\u0300-22.21.41.png","type":"image\/png"}],"author":"Albert-Claude Benhamou","twitter_card":"summary_large_image","twitter_misc":{"Written by":"Albert-Claude Benhamou","Est. reading time":"1 minute"},"schema":{"@context":"https:\/\/schema.org","@graph":[{"@type":"Article","@id":"https:\/\/looketmedecine.fr\/lm3-un-autre-regard-editorial-la-medecine-regenerative-ou-lavenir-de-la-medecine-pr-barbara-hersant\/#article","isPartOf":{"@id":"https:\/\/looketmedecine.fr\/lm3-un-autre-regard-editorial-la-medecine-regenerative-ou-lavenir-de-la-medecine-pr-barbara-hersant\/"},"author":{"name":"Albert-Claude Benhamou","@id":"https:\/\/looketmedecine.fr\/#\/schema\/person\/d674c704426e829b385c4dd691b8e3cc"},"headline":"LM N\u00b0 3\/ 2022. Un autre regard. \u00c9ditorial. La m\u00e9decine r\u00e9g\u00e9n\u00e9rative ou l\u2019avenir de la m\u00e9decine. Pr Barbara HERSANT","datePublished":"2022-11-08T21:05:43+00:00","dateModified":"2024-10-04T22:42:05+00:00","mainEntityOfPage":{"@id":"https:\/\/looketmedecine.fr\/lm3-un-autre-regard-editorial-la-medecine-regenerative-ou-lavenir-de-la-medecine-pr-barbara-hersant\/"},"wordCount":282,"publisher":{"@id":"https:\/\/looketmedecine.fr\/#organization"},"image":{"@id":"https:\/\/looketmedecine.fr\/lm3-un-autre-regard-editorial-la-medecine-regenerative-ou-lavenir-de-la-medecine-pr-barbara-hersant\/#primaryimage"},"thumbnailUrl":"https:\/\/looketmedecine.fr\/wp-content\/uploads\/2022\/10\/Capture-de\u0301cran-2022-10-09-a\u0300-22.21.41.png","keywords":["Lm3 \u00c9ditorial.","Lm3 un autre regard","Replay lm3"],"articleSection":["\u00c9ditoriaux","Un autre regard"],"inLanguage":"en-US"},{"@type":"WebPage","@id":"https:\/\/looketmedecine.fr\/lm3-un-autre-regard-editorial-la-medecine-regenerative-ou-lavenir-de-la-medecine-pr-barbara-hersant\/","url":"https:\/\/looketmedecine.fr\/lm3-un-autre-regard-editorial-la-medecine-regenerative-ou-lavenir-de-la-medecine-pr-barbara-hersant\/","name":"LM N\u00b0 3\/ 2022. Un autre regard. \u00c9ditorial. La m\u00e9decine r\u00e9g\u00e9n\u00e9rative ou l\u2019avenir de la m\u00e9decine. Pr Barbara HERSANT - Revue fran\u00e7aise N\u00b01 pour la recherche en sant\u00e9 esth\u00e9tique","isPartOf":{"@id":"https:\/\/looketmedecine.fr\/#website"},"primaryImageOfPage":{"@id":"https:\/\/looketmedecine.fr\/lm3-un-autre-regard-editorial-la-medecine-regenerative-ou-lavenir-de-la-medecine-pr-barbara-hersant\/#primaryimage"},"image":{"@id":"https:\/\/looketmedecine.fr\/lm3-un-autre-regard-editorial-la-medecine-regenerative-ou-lavenir-de-la-medecine-pr-barbara-hersant\/#primaryimage"},"thumbnailUrl":"https:\/\/looketmedecine.fr\/wp-content\/uploads\/2022\/10\/Capture-de\u0301cran-2022-10-09-a\u0300-22.21.41.png","datePublished":"2022-11-08T21:05:43+00:00","dateModified":"2024-10-04T22:42:05+00:00","breadcrumb":{"@id":"https:\/\/looketmedecine.fr\/lm3-un-autre-regard-editorial-la-medecine-regenerative-ou-lavenir-de-la-medecine-pr-barbara-hersant\/#breadcrumb"},"inLanguage":"en-US","potentialAction":[{"@type":"ReadAction","target":["https:\/\/looketmedecine.fr\/lm3-un-autre-regard-editorial-la-medecine-regenerative-ou-lavenir-de-la-medecine-pr-barbara-hersant\/"]}]},{"@type":"ImageObject","inLanguage":"en-US","@id":"https:\/\/looketmedecine.fr\/lm3-un-autre-regard-editorial-la-medecine-regenerative-ou-lavenir-de-la-medecine-pr-barbara-hersant\/#primaryimage","url":"https:\/\/looketmedecine.fr\/wp-content\/uploads\/2022\/10\/Capture-de\u0301cran-2022-10-09-a\u0300-22.21.41.png","contentUrl":"https:\/\/looketmedecine.fr\/wp-content\/uploads\/2022\/10\/Capture-de\u0301cran-2022-10-09-a\u0300-22.21.41.png","width":846,"height":1074,"caption":"Pr Barbara Hersant"},{"@type":"BreadcrumbList","@id":"https:\/\/looketmedecine.fr\/lm3-un-autre-regard-editorial-la-medecine-regenerative-ou-lavenir-de-la-medecine-pr-barbara-hersant\/#breadcrumb","itemListElement":[{"@type":"ListItem","position":1,"name":"Accueil","item":"https:\/\/looketmedecine.fr\/"},{"@type":"ListItem","position":2,"name":"LM N\u00b0 3\/ 2022. Un autre regard. \u00c9ditorial. La m\u00e9decine r\u00e9g\u00e9n\u00e9rative ou l\u2019avenir de la m\u00e9decine. Pr Barbara HERSANT"}]},{"@type":"WebSite","@id":"https:\/\/looketmedecine.fr\/#website","url":"https:\/\/looketmedecine.fr\/","name":"N\u00b01 French magazine for research in aesthetic health","description":"Aesthetic health based on scientific evidence","publisher":{"@id":"https:\/\/looketmedecine.fr\/#organization"},"potentialAction":[{"@type":"SearchAction","target":{"@type":"EntryPoint","urlTemplate":"https:\/\/looketmedecine.fr\/?s={search_term_string}"},"query-input":{"@type":"PropertyValueSpecification","valueRequired":true,"valueName":"search_term_string"}}],"inLanguage":"en-US"},{"@type":"Organization","@id":"https:\/\/looketmedecine.fr\/#organization","name":"Looketmedicine","url":"https:\/\/looketmedecine.fr\/","logo":{"@type":"ImageObject","inLanguage":"en-US","@id":"https:\/\/looketmedecine.fr\/#\/schema\/logo\/image\/","url":"https:\/\/looketmedecine.fr\/wp-content\/uploads\/2020\/11\/cropped-LookMedecine_Logo_Textuel_Noir.png","contentUrl":"https:\/\/looketmedecine.fr\/wp-content\/uploads\/2020\/11\/cropped-LookMedecine_Logo_Textuel_Noir.png","width":1500,"height":145,"caption":"Looketmedecine"},"image":{"@id":"https:\/\/looketmedecine.fr\/#\/schema\/logo\/image\/"},"sameAs":["https:\/\/www.facebook.com\/looketmedecine.magazine\/","https:\/\/www.instagram.com\/looketmedecine\/?hl=fr"]},{"@type":"Person","@id":"https:\/\/looketmedecine.fr\/#\/schema\/person\/d674c704426e829b385c4dd691b8e3cc","name":"Albert-Claude Benhamou","image":{"@type":"ImageObject","inLanguage":"en-US","@id":"https:\/\/secure.gravatar.com\/avatar\/f4c13b834cf55e3822893169175e3671a59788fb9e2d84d3a223c96e83a8f09e?s=96&d=mm&r=g","url":"https:\/\/secure.gravatar.com\/avatar\/f4c13b834cf55e3822893169175e3671a59788fb9e2d84d3a223c96e83a8f09e?s=96&d=mm&r=g","contentUrl":"https:\/\/secure.gravatar.com\/avatar\/f4c13b834cf55e3822893169175e3671a59788fb9e2d84d3a223c96e83a8f09e?s=96&d=mm&r=g","caption":"Albert-Claude Benhamou"},"url":"https:\/\/looketmedecine.fr\/en"}]}},"_links":{"self":[{"href":"https:\/\/looketmedecine.fr\/en\/wp-json\/wp\/v2\/posts\/13334","targetHints":{"allow":["GET"]}}],"collection":[{"href":"https:\/\/looketmedecine.fr\/en\/wp-json\/wp\/v2\/posts"}],"about":[{"href":"https:\/\/looketmedecine.fr\/en\/wp-json\/wp\/v2\/types\/post"}],"author":[{"embeddable":true,"href":"https:\/\/looketmedecine.fr\/en\/wp-json\/wp\/v2\/users\/2"}],"replies":[{"embeddable":true,"href":"https:\/\/looketmedecine.fr\/en\/wp-json\/wp\/v2\/comments?post=13334"}],"version-history":[{"count":34,"href":"https:\/\/looketmedecine.fr\/en\/wp-json\/wp\/v2\/posts\/13334\/revisions"}],"predecessor-version":[{"id":23830,"href":"https:\/\/looketmedecine.fr\/en\/wp-json\/wp\/v2\/posts\/13334\/revisions\/23830"}],"wp:featuredmedia":[{"embeddable":true,"href":"https:\/\/looketmedecine.fr\/en\/wp-json\/wp\/v2\/media\/13354"}],"wp:attachment":[{"href":"https:\/\/looketmedecine.fr\/en\/wp-json\/wp\/v2\/media?parent=13334"}],"wp:term":[{"taxonomy":"category","embeddable":true,"href":"https:\/\/looketmedecine.fr\/en\/wp-json\/wp\/v2\/categories?post=13334"},{"taxonomy":"post_tag","embeddable":true,"href":"https:\/\/looketmedecine.fr\/en\/wp-json\/wp\/v2\/tags?post=13334"},{"taxonomy":"auteur","embeddable":true,"href":"https:\/\/looketmedecine.fr\/en\/wp-json\/wp\/v2\/auteur?post=13334"},{"taxonomy":"mots-cles","embeddable":true,"href":"https:\/\/looketmedecine.fr\/en\/wp-json\/wp\/v2\/mots-cles?post=13334"}],"curies":[{"name":"wp","href":"https:\/\/api.w.org\/{rel}","templated":true}]}}