{"id":11465,"date":"2022-02-26T19:36:55","date_gmt":"2022-02-26T18:36:55","guid":{"rendered":"https:\/\/looketmedecine.fr\/?p=11465"},"modified":"2024-10-05T23:24:36","modified_gmt":"2024-10-05T21:24:36","slug":"lm-2-actualites-traitement-medical-du-lipoedeme-post-sur-facebook-du-pr-barbara-hersant","status":"publish","type":"post","link":"https:\/\/looketmedecine.fr\/en\/lm-2-actualites-traitement-medical-du-lipoedeme-post-sur-facebook-du-pr-barbara-hersant\/","title":{"rendered":"LM N\u00b0 1\/ 2022. News. Medical treatment of lipoedema. Facebook post by Pr Barbara Hersant"},"content":{"rendered":"\t\t<div data-elementor-type=\"wp-post\" data-elementor-id=\"11465\" class=\"elementor elementor-11465\" data-elementor-post-type=\"post\">\n\t\t\t\t\t\t<section class=\"elementor-section elementor-top-section elementor-element elementor-element-0388e56 elementor-section-boxed elementor-section-height-default elementor-section-height-default\" data-id=\"0388e56\" data-element_type=\"section\" data-e-type=\"section\">\n\t\t\t\t\t\t<div class=\"elementor-container elementor-column-gap-default\">\n\t\t\t\t\t<div class=\"elementor-column elementor-col-100 elementor-top-column elementor-element elementor-element-70545c4\" data-id=\"70545c4\" data-element_type=\"column\" data-e-type=\"column\">\n\t\t\t<div class=\"elementor-widget-wrap elementor-element-populated\">\n\t\t\t\t\t\t<div class=\"elementor-element elementor-element-6c10503 elementor-widget elementor-widget-image\" data-id=\"6c10503\" data-element_type=\"widget\" data-e-type=\"widget\" data-widget_type=\"image.default\">\n\t\t\t\t<div class=\"elementor-widget-container\">\n\t\t\t\t\t\t\t\t\t\t\t\t\t\t\t\t<a href=\"\">\n\t\t\t\t\t\t\t<img fetchpriority=\"high\" decoding=\"async\" width=\"800\" height=\"789\" src=\"https:\/\/looketmedecine.fr\/wp-content\/uploads\/2022\/02\/Capture-de\u0301cran-2022-02-26-a\u0300-19.32.37.png\" class=\"attachment-large size-large wp-image-11468\" alt=\"\" srcset=\"https:\/\/looketmedecine.fr\/wp-content\/uploads\/2022\/02\/Capture-de\u0301cran-2022-02-26-a\u0300-19.32.37.png 1010w, https:\/\/looketmedecine.fr\/wp-content\/uploads\/2022\/02\/Capture-de\u0301cran-2022-02-26-a\u0300-19.32.37-300x296.png 300w, https:\/\/looketmedecine.fr\/wp-content\/uploads\/2022\/02\/Capture-de\u0301cran-2022-02-26-a\u0300-19.32.37-768x757.png 768w, https:\/\/looketmedecine.fr\/wp-content\/uploads\/2022\/02\/Capture-de\u0301cran-2022-02-26-a\u0300-19.32.37-12x12.png 12w\" sizes=\"(max-width: 800px) 100vw, 800px\" \/>\t\t\t\t\t\t\t\t<\/a>\n\t\t\t\t\t\t\t\t\t\t\t\t\t\t\t<\/div>\n\t\t\t\t<\/div>\n\t\t\t\t<div class=\"elementor-element elementor-element-34fb6a0 elementor-widget elementor-widget-text-editor\" data-id=\"34fb6a0\" data-element_type=\"widget\" data-e-type=\"widget\" data-widget_type=\"text-editor.default\">\n\t\t\t\t<div class=\"elementor-widget-container\">\n\t\t\t\t\t\t\t\t\t<div class=\"dati1w0a hv4rvrfc osnr6wyh\">\n<div class=\"btwxx1t3 j83agx80 cwj9ozl2\">\n<div class=\"j83agx80 cbu4d94t ew0dbk1b irj2b8pg\">\n<div class=\"qzhwtbm6 knvmm38d\">\n<h3 class=\"gmql0nx0 l94mrbxd p1ri9a11 lzcic4wl aahdfvyu hzawbc8m\"><span class=\"nc684nl6\"><a class=\"oajrlxb2 g5ia77u1 qu0x051f esr5mh6w e9989ue4 r7d6kgcz rq0escxv nhd2j8a9 nc684nl6 p7hjln8o kvgmc6g5 cxmmr5t8 oygrvhab hcukyx3x jb3vyjys rz4wbd8a qt6c0cv9 a8nywdso i1ao9s8h esuyzwwr f1sip0of lzcic4wl gpro0wi8 oo9gr5id lrazzd5p\" tabindex=\"0\" role=\"link\" href=\"https:\/\/www.facebook.com\/professeur.hersant.barbara\/?__cft__[0]=AZXS0EZSlhAImuEdBRZ1lqqKlcvtS53rqwHaYZtX0UepU38l8wOlS3u1Jt1_NjoFx6gmMnDAy4oxKlH6gX3mjgYA6cir2FfSAnMrLFsxUqhP6gND8LG5X-vIpC90F9qWD06clty4KjN25cxQBu12alk6EqN6t91zPGdT7iCM7yLhUA&amp;__tn__=-UC%2CP-y-R\" target=\"_blank\" rel=\"noopener noreferrer nofollow\"><strong>Pr Barbara Hersant &#8211; Chirurgie Plastique &amp; Esth\u00e9tique<\/strong><\/a><\/span><\/h3>\n<\/div>\n<div class=\"qzhwtbm6 knvmm38d\"><span class=\"d2edcug0 hpfvmrgz qv66sw1b c1et5uql oi732d6d ik7dh3pa ht8s03o8 a8c37x1j fe6kdd0r mau55g9w c8b282yb keod5gw0 nxhoafnm aigsh9s9 d9wwppkn mdeji52x e9vueds3 j5wam9gi b1v8xokw m9osqain hzawbc8m\" dir=\"auto\"><span class=\"tojvnm2t a6sixzi8 abs2jz4q a8s20v7p t1p8iaqh k5wvi7nf q3lfd5jv pk4s997a bipmatt0 cebpdrjk qowsmv63 owwhemhu dp1hu0rb dhp61c6y iyyx5f41\"><a class=\"oajrlxb2 g5ia77u1 qu0x051f esr5mh6w e9989ue4 r7d6kgcz rq0escxv nhd2j8a9 nc684nl6 p7hjln8o kvgmc6g5 cxmmr5t8 oygrvhab hcukyx3x jb3vyjys rz4wbd8a qt6c0cv9 a8nywdso i1ao9s8h esuyzwwr f1sip0of lzcic4wl gmql0nx0 gpro0wi8 b1v8xokw\" tabindex=\"0\" role=\"link\" href=\"https:\/\/www.facebook.com\/professeur.hersant.barbara\/posts\/931284050904662?__cft__[0]=AZXS0EZSlhAImuEdBRZ1lqqKlcvtS53rqwHaYZtX0UepU38l8wOlS3u1Jt1_NjoFx6gmMnDAy4oxKlH6gX3mjgYA6cir2FfSAnMrLFsxUqhP6gND8LG5X-vIpC90F9qWD06clty4KjN25cxQBu12alk6EqN6t91zPGdT7iCM7yLhUA&amp;__tn__=%2CO%2CP-y-R\" aria-label=\"5 h\" target=\"_blank\" rel=\"noopener noreferrer nofollow\"><span class=\"j1lvzwm4 stjgntxs ni8dbmo4 q9uorilb gpro0wi8\"><span class=\"t5a262vz nc684nl6 ihxqhq3m l94mrbxd aenfhxwr l9j0dhe7 sdhka5h4\"><span class=\"ihxqhq3m myohyog2 l9j0dhe7 sdhka5h4 qrhKlDmQ qdEW\">t<\/span><span class=\"t5a262vz nc684nl6 ihxqhq3m l94mrbxd aenfhxwr l9j0dhe7 sdhka5h4 qrhKlDmQ qdEW\">0<\/span><span class=\"nc684nl6 l94mrbxd l9j0dhe7 sdhka5h4 qrhKlDmQ qdEW\">S<\/span><span class=\"myohyog2 l9j0dhe7 sdhka5h4 qrhKlDmQ qdEW\">o<\/span><span class=\"b6zbclly l9j0dhe7 sdhka5h4 qrhKlDmQ qdEW\">n<\/span><span class=\"l94mrbxd aenfhxwr myohyog2 b6zbclly l9j0dhe7 sdhka5h4\">5<\/span><span class=\"t5a262vz aenfhxwr b6zbclly l9j0dhe7 sdhka5h4 qrhKlDmQ qdEW\">1<\/span><span class=\"myohyog2 l9j0dhe7 sdhka5h4 qrhKlDmQ qdEW\">g<\/span><span class=\"t5a262vz l94mrbxd myohyog2 l9j0dhe7 sdhka5h4 qrhKlDmQ qdEW\">2<\/span>&nbsp;<span class=\"nc684nl6 l94mrbxd l9j0dhe7 sdhka5h4 qrhKlDmQ qdEW\">s<\/span><span class=\"t5a262vz aenfhxwr b6zbclly l9j0dhe7 sdhka5h4 qrhKlDmQ qdEW\">9<\/span>h<span class=\"b6zbclly l9j0dhe7 sdhka5h4 qrhKlDmQ qdEW\">6<\/span><span class=\"ihxqhq3m myohyog2 l9j0dhe7 sdhka5h4 qrhKlDmQ qdEW\">4<\/span><span class=\"l94mrbxd aenfhxwr myohyog2 b6zbclly l9j0dhe7 sdhka5h4 qrhKlDmQ qdEW\">m<\/span><span class=\"nc684nl6 l94mrbxd l9j0dhe7 sdhka5h4 qrhKlDmQ qdEW\">3<\/span><span class=\"t5a262vz nc684nl6 ihxqhq3m l94mrbxd aenfhxwr l9j0dhe7 sdhka5h4 qrhKlDmQ qdEW\">0<\/span><span class=\"t5a262vz aenfhxwr b6zbclly l9j0dhe7 sdhka5h4 qrhKlDmQ qdEW\">1<\/span><span class=\"ihxqhq3m myohyog2 l9j0dhe7 sdhka5h4 qrhKlDmQ qdEW\">d<\/span><\/span><\/span><\/a><\/span><span class=\"jpp8pzdo\"><span class=\"rfua0xdk pmk7jnqg stjgntxs ni8dbmo4 ay7djpcl q45zohi1\">&nbsp;<\/span><span aria-hidden=\"true\"> (cliquer pour aller sur le post sur Facebook)<\/span><\/span><\/span><\/div>\n<div>&nbsp;<\/div>\n<\/div>\n<\/div>\n<\/div>\n<div class=\"\" dir=\"auto\">\n<div class=\"\" dir=\"auto\">\n<div class=\"ecm0bbzt hv4rvrfc ihqw7lf3 dati1w0a\" data-ad-comet-preview=\"message\" data-ad-preview=\"message\">\n<div class=\"j83agx80 cbu4d94t ew0dbk1b irj2b8pg\">\n<div class=\"qzhwtbm6 knvmm38d\">\n<div class=\"kvgmc6g5 cxmmr5t8 oygrvhab hcukyx3x c1et5uql ii04i59q\">\n<div dir=\"auto\" style=\"text-align: center;\"><strong>LA TH\u00c9RAPIE CONSERVATRICE M\u00c9DICALE DANS LE LIP\u0152D\u00c8ME<\/strong><\/div>\n<div dir=\"auto\">&nbsp;<\/div>\n<\/div>\n<div class=\"cxmmr5t8 oygrvhab hcukyx3x c1et5uql o9v6fnle ii04i59q\">\n<div dir=\"auto\" style=\"text-align: left;\">Le lipoed\u00e8me \u00e9tant une maladie incurable, la prise en charge th\u00e9rapeutique m\u00e9dicale n\u2019a pas pour but une gu\u00e9rison d\u00e9finitive.<\/div>\n<div dir=\"auto\">&nbsp;<\/div>\n<div dir=\"auto\" style=\"text-align: left;\"><strong>Elle vise en revanche \u00e0 :<\/strong><\/div>\n<\/div>\n<div class=\"cxmmr5t8 oygrvhab hcukyx3x c1et5uql o9v6fnle ii04i59q\" style=\"text-align: left;\">\n<div dir=\"auto\"><strong>&gt;Soulager les sympt\u00f4mes.<\/strong><\/div>\n<\/div>\n<div class=\"cxmmr5t8 oygrvhab hcukyx3x c1et5uql o9v6fnle ii04i59q\" style=\"text-align: left;\">\n<div dir=\"auto\"><strong>&gt;Ralentir la progression de la maladie<\/strong><\/div>\n<\/div>\n<div class=\"cxmmr5t8 oygrvhab hcukyx3x c1et5uql o9v6fnle ii04i59q\" style=\"text-align: left;\">\n<div dir=\"auto\">&nbsp;<\/div>\n<div dir=\"auto\">Il existe plusieurs cat\u00e9gories de mesures, compatibles, et qui sont \u00e0 adapter \u00e0 la patiente et \u00e0 ses besoins particuliers.<\/div>\n<div dir=\"auto\">Combin\u00e9es, elles permettent souvent une am\u00e9lioration tr\u00e8s significative des sympt\u00f4mes et de la qualit\u00e9 de vie de la patiente.<\/div>\n<div dir=\"auto\">&nbsp;<\/div>\n<\/div>\n<div class=\"cxmmr5t8 oygrvhab hcukyx3x c1et5uql o9v6fnle ii04i59q\" style=\"text-align: left;\">\n<div dir=\"auto\"><strong>Th\u00e9rapie conservatrice.<\/strong><\/div>\n<\/div>\n<div class=\"cxmmr5t8 oygrvhab hcukyx3x c1et5uql o9v6fnle ii04i59q\" style=\"text-align: left;\">\n<div dir=\"auto\">&nbsp;<\/div>\n<div dir=\"auto\">Ce que l\u2019on regroupe sous le terme de th\u00e9rapie conservatrice sont les mesures non invasives, pratiqu\u00e9es soit au quotidien soit tr\u00e8s r\u00e9guli\u00e8rement pour avoir un effet durable.<\/div>\n<\/div>\n<div class=\"cxmmr5t8 oygrvhab hcukyx3x c1et5uql o9v6fnle ii04i59q\" style=\"text-align: left;\">\n<div dir=\"auto\">&nbsp;<\/div>\n<div dir=\"auto\">Si elles ne peuvent pas r\u00e9duire le volume des tissus graisseux atteints de lipoed\u00e8me, elles peuvent dans une certaine mesure soulager les sympt\u00f4mes.<\/div>\n<\/div>\n<div class=\"cxmmr5t8 oygrvhab hcukyx3x c1et5uql o9v6fnle ii04i59q\" style=\"text-align: left;\">\n<div dir=\"auto\">&nbsp;<\/div>\n<div dir=\"auto\">La contention sp\u00e9cialis\u00e9e, le drainage lymphatique, des r\u00e8gles hygi\u00e9no-di\u00e9t\u00e9tiques et enfin l\u2019activit\u00e9 sportive notamment en d\u00e9charge (sport aquatique) repr\u00e9sentent la combinaison gagnante pour un traitement m\u00e9dical&#8230;<\/div>\n<div dir=\"auto\">&nbsp;<\/div>\n<\/div>\n<div class=\"cxmmr5t8 oygrvhab hcukyx3x c1et5uql o9v6fnle ii04i59q\">\n<div dir=\"auto\" style=\"text-align: left;\"><a class=\"oajrlxb2 g5ia77u1 qu0x051f esr5mh6w e9989ue4 r7d6kgcz rq0escxv nhd2j8a9 nc684nl6 p7hjln8o kvgmc6g5 cxmmr5t8 oygrvhab hcukyx3x jb3vyjys rz4wbd8a qt6c0cv9 a8nywdso i1ao9s8h esuyzwwr f1sip0of lzcic4wl gpro0wi8 py34i1dx\" tabindex=\"0\" role=\"link\" href=\"https:\/\/l.facebook.com\/l.php?u=https%3A%2F%2Fwww.dr-hersant.fr%2F%3Ffbclid%3DIwAR0Mqnof6NZDxMTpcm4XUJL3oYyjsI3VF5GThds6t2W5OuogutgfflwWeVg&amp;h=AT2-78PNuoihde5qr8kx4voT3kc39uJl03TNNWMtK5SG_finA0ncCotG0j4Mo4yiU41ON_g4o6k_N2lC8qFMCh_JAK49CNCQM5_hxs3PkjX8Lb_Q30i2e6XvLZhRwOckTmLk-rcnMSo6gEPiWBs1pVSJ7Q&amp;__tn__=-UK-y-R&amp;c[0]=AT0KEoSdVAkf5KD3l7gHvn5cD1D1JGyWs5IAOeRd6epSnrG2lrTfuRZAziTSVWQg5anpduk9IzYPMUa3cijSzVlj7yLGvpCEXX73DbLol_Y-2xqZsfQZJ3oz0qftQ_rfDGK_WAuSuOsOzZqccI9nGUQphTMV1GCyvYKBab6a5OBsuOoZ3Czp5XR6pnUKOJPryakLHcQ\" target=\"_blank\" rel=\"nofollow noopener\">https:\/\/www.dr-hersant.fr\/<\/a><\/div><div dir=\"auto\" style=\"text-align: left;\"><strong style=\"text-align: center; color: rgb(0, 0, 255);\"><br><\/strong><\/div><div dir=\"auto\" style=\"text-align: left;\"><strong style=\"text-align: center; color: rgb(0, 0, 255);\">Pour en savoir plus consulter:<\/strong><\/div><\/div>\n<div dir=\"auto\">&nbsp;<\/div>\n<div dir=\"auto\"><span style=\"text-decoration: underline;\"><span style=\"color: #0000ff;\"><strong>https:\/\/www.dr-hersant.fr\/chirurgie-esthetique-de-la-silhouette\/le-lipoedeme-une-pathologie-peu-connue\/<\/strong><\/span><\/span><\/div>\n<div dir=\"auto\">&nbsp;<\/div>\n<\/div>\n<\/div>\n<\/div>\n<\/div>\n<\/div>\t\t\t\t\t\t\t\t<\/div>\n\t\t\t\t<\/div>\n\t\t\t\t\t<\/div>\n\t\t<\/div>\n\t\t\t\t\t<\/div>\n\t\t<\/section>\n\t\t\t\t<\/div>\n\t\t","protected":false},"excerpt":{"rendered":"<p>Pr Barbara Hersant &#8211; Chirurgie Plastique &amp; Esth\u00e9tique t0Son51g2&nbsp;s9h64m301d&nbsp; (cliquer pour aller sur le post sur Facebook) &nbsp; LA TH\u00c9RAPIE CONSERVATRICE M\u00c9DICALE DANS LE LIP\u0152D\u00c8ME &nbsp; Le lipoed\u00e8me \u00e9tant une maladie incurable, la prise en charge th\u00e9rapeutique m\u00e9dicale n\u2019a pas pour but une gu\u00e9rison d\u00e9finitive. &nbsp; Elle vise en revanche \u00e0 : &gt;Soulager les sympt\u00f4mes. [&hellip;]<\/p>\n","protected":false},"author":2,"featured_media":10900,"comment_status":"closed","ping_status":"closed","sticky":false,"template":"","format":"standard","meta":{"_acf_changed":false,"footnotes":""},"categories":[288],"tags":[289],"auteur":[390],"mots-cles":[],"class_list":["post-11465","post","type-post","status-publish","format-standard","has-post-thumbnail","hentry","category-actualites","tag-lm2-actualites","auteur-barbara-hersant"],"acf":[],"yoast_head":"<!-- This site is optimized with the Yoast SEO plugin v27.5 - https:\/\/yoast.com\/product\/yoast-seo-wordpress\/ -->\n<title>LM N\u00b0 1\/ 2022. Actualit\u00e9s. Traitement m\u00e9dical du lipoed\u00e8me. Post sur Facebook du Pr Barbara Hersant - Revue fran\u00e7aise N\u00b01 pour la recherche en sant\u00e9 esth\u00e9tique<\/title>\n<meta name=\"robots\" content=\"index, follow, max-snippet:-1, max-image-preview:large, max-video-preview:-1\" \/>\n<link rel=\"canonical\" href=\"https:\/\/looketmedecine.fr\/en\/wp-json\/wp\/v2\/posts\/11465\" \/>\n<meta property=\"og:locale\" content=\"en_US\" \/>\n<meta property=\"og:type\" content=\"article\" \/>\n<meta property=\"og:title\" content=\"LM N\u00b0 1\/ 2022. Actualit\u00e9s. Traitement m\u00e9dical du lipoed\u00e8me. Post sur Facebook du Pr Barbara Hersant - Revue fran\u00e7aise N\u00b01 pour la recherche en sant\u00e9 esth\u00e9tique\" \/>\n<meta property=\"og:description\" content=\"Pr Barbara Hersant &#8211; Chirurgie Plastique &amp; Esth\u00e9tique t0Son51g2&nbsp;s9h64m301d&nbsp; (cliquer pour aller sur le post sur Facebook) &nbsp; LA TH\u00c9RAPIE CONSERVATRICE M\u00c9DICALE DANS LE LIP\u0152D\u00c8ME &nbsp; Le lipoed\u00e8me \u00e9tant une maladie incurable, la prise en charge th\u00e9rapeutique m\u00e9dicale n\u2019a pas pour but une gu\u00e9rison d\u00e9finitive. &nbsp; Elle vise en revanche \u00e0 : &gt;Soulager les sympt\u00f4mes. [&hellip;]\" \/>\n<meta property=\"og:url\" content=\"https:\/\/looketmedecine.fr\/en\/lm-2-actualites-traitement-medical-du-lipoedeme-post-sur-facebook-du-pr-barbara-hersant\/\" \/>\n<meta property=\"og:site_name\" content=\"Revue fran\u00e7aise N\u00b01 pour la recherche en sant\u00e9 esth\u00e9tique\" \/>\n<meta property=\"article:publisher\" content=\"https:\/\/www.facebook.com\/looketmedecine.magazine\/\" \/>\n<meta property=\"article:published_time\" content=\"2022-02-26T18:36:55+00:00\" \/>\n<meta property=\"article:modified_time\" content=\"2024-10-05T21:24:36+00:00\" \/>\n<meta property=\"og:image\" content=\"https:\/\/looketmedecine.fr\/wp-content\/uploads\/2022\/01\/Capture-de\u0301cran-2022-01-18-a\u0300-22.29.40-1.png\" \/>\n\t<meta property=\"og:image:width\" content=\"394\" \/>\n\t<meta property=\"og:image:height\" content=\"344\" \/>\n\t<meta property=\"og:image:type\" content=\"image\/png\" \/>\n<meta name=\"author\" content=\"Albert-Claude Benhamou\" \/>\n<meta name=\"twitter:card\" content=\"summary_large_image\" \/>\n<meta name=\"twitter:label1\" content=\"Written by\" \/>\n\t<meta name=\"twitter:data1\" content=\"Albert-Claude Benhamou\" \/>\n\t<meta name=\"twitter:label2\" content=\"Est. reading time\" \/>\n\t<meta name=\"twitter:data2\" content=\"2 minutes\" \/>\n<script type=\"application\/ld+json\" class=\"yoast-schema-graph\">{\"@context\":\"https:\\\/\\\/schema.org\",\"@graph\":[{\"@type\":\"Article\",\"@id\":\"https:\\\/\\\/looketmedecine.fr\\\/en\\\/lm-2-actualites-traitement-medical-du-lipoedeme-post-sur-facebook-du-pr-barbara-hersant\\\/#article\",\"isPartOf\":{\"@id\":\"https:\\\/\\\/looketmedecine.fr\\\/en\\\/lm-2-actualites-traitement-medical-du-lipoedeme-post-sur-facebook-du-pr-barbara-hersant\\\/\"},\"author\":{\"name\":\"Albert-Claude Benhamou\",\"@id\":\"https:\\\/\\\/looketmedecine.fr\\\/#\\\/schema\\\/person\\\/d674c704426e829b385c4dd691b8e3cc\"},\"headline\":\"LM N\u00b0 1\\\/ 2022. Actualit\u00e9s. Traitement m\u00e9dical du lipoed\u00e8me. Post sur Facebook du Pr Barbara Hersant\",\"datePublished\":\"2022-02-26T18:36:55+00:00\",\"dateModified\":\"2024-10-05T21:24:36+00:00\",\"mainEntityOfPage\":{\"@id\":\"https:\\\/\\\/looketmedecine.fr\\\/en\\\/lm-2-actualites-traitement-medical-du-lipoedeme-post-sur-facebook-du-pr-barbara-hersant\\\/\"},\"wordCount\":260,\"publisher\":{\"@id\":\"https:\\\/\\\/looketmedecine.fr\\\/#organization\"},\"image\":{\"@id\":\"https:\\\/\\\/looketmedecine.fr\\\/en\\\/lm-2-actualites-traitement-medical-du-lipoedeme-post-sur-facebook-du-pr-barbara-hersant\\\/#primaryimage\"},\"thumbnailUrl\":\"https:\\\/\\\/looketmedecine.fr\\\/wp-content\\\/uploads\\\/2022\\\/01\\\/Capture-de\u0301cran-2022-01-18-a\u0300-22.29.40-1.png\",\"keywords\":[\"LM2 actualit\u00e9s\"],\"articleSection\":[\"Actualit\u00e9s\"],\"inLanguage\":\"en-US\"},{\"@type\":\"WebPage\",\"@id\":\"https:\\\/\\\/looketmedecine.fr\\\/en\\\/lm-2-actualites-traitement-medical-du-lipoedeme-post-sur-facebook-du-pr-barbara-hersant\\\/\",\"url\":\"https:\\\/\\\/looketmedecine.fr\\\/en\\\/lm-2-actualites-traitement-medical-du-lipoedeme-post-sur-facebook-du-pr-barbara-hersant\\\/\",\"name\":\"LM N\u00b0 1\\\/ 2022. Actualit\u00e9s. Traitement m\u00e9dical du lipoed\u00e8me. Post sur Facebook du Pr Barbara Hersant - Revue fran\u00e7aise N\u00b01 pour la recherche en sant\u00e9 esth\u00e9tique\",\"isPartOf\":{\"@id\":\"https:\\\/\\\/looketmedecine.fr\\\/#website\"},\"primaryImageOfPage\":{\"@id\":\"https:\\\/\\\/looketmedecine.fr\\\/en\\\/lm-2-actualites-traitement-medical-du-lipoedeme-post-sur-facebook-du-pr-barbara-hersant\\\/#primaryimage\"},\"image\":{\"@id\":\"https:\\\/\\\/looketmedecine.fr\\\/en\\\/lm-2-actualites-traitement-medical-du-lipoedeme-post-sur-facebook-du-pr-barbara-hersant\\\/#primaryimage\"},\"thumbnailUrl\":\"https:\\\/\\\/looketmedecine.fr\\\/wp-content\\\/uploads\\\/2022\\\/01\\\/Capture-de\u0301cran-2022-01-18-a\u0300-22.29.40-1.png\",\"datePublished\":\"2022-02-26T18:36:55+00:00\",\"dateModified\":\"2024-10-05T21:24:36+00:00\",\"breadcrumb\":{\"@id\":\"https:\\\/\\\/looketmedecine.fr\\\/en\\\/lm-2-actualites-traitement-medical-du-lipoedeme-post-sur-facebook-du-pr-barbara-hersant\\\/#breadcrumb\"},\"inLanguage\":\"en-US\",\"potentialAction\":[{\"@type\":\"ReadAction\",\"target\":[\"https:\\\/\\\/looketmedecine.fr\\\/en\\\/lm-2-actualites-traitement-medical-du-lipoedeme-post-sur-facebook-du-pr-barbara-hersant\\\/\"]}]},{\"@type\":\"ImageObject\",\"inLanguage\":\"en-US\",\"@id\":\"https:\\\/\\\/looketmedecine.fr\\\/en\\\/lm-2-actualites-traitement-medical-du-lipoedeme-post-sur-facebook-du-pr-barbara-hersant\\\/#primaryimage\",\"url\":\"https:\\\/\\\/looketmedecine.fr\\\/wp-content\\\/uploads\\\/2022\\\/01\\\/Capture-de\u0301cran-2022-01-18-a\u0300-22.29.40-1.png\",\"contentUrl\":\"https:\\\/\\\/looketmedecine.fr\\\/wp-content\\\/uploads\\\/2022\\\/01\\\/Capture-de\u0301cran-2022-01-18-a\u0300-22.29.40-1.png\",\"width\":394,\"height\":344,\"caption\":\"Pr Barbara Hersant\"},{\"@type\":\"BreadcrumbList\",\"@id\":\"https:\\\/\\\/looketmedecine.fr\\\/en\\\/lm-2-actualites-traitement-medical-du-lipoedeme-post-sur-facebook-du-pr-barbara-hersant\\\/#breadcrumb\",\"itemListElement\":[{\"@type\":\"ListItem\",\"position\":1,\"name\":\"Accueil\",\"item\":\"https:\\\/\\\/looketmedecine.fr\\\/\"},{\"@type\":\"ListItem\",\"position\":2,\"name\":\"LM N\u00b0 1\\\/ 2022. Actualit\u00e9s. Traitement m\u00e9dical du lipoed\u00e8me. Post sur Facebook du Pr Barbara Hersant\"}]},{\"@type\":\"WebSite\",\"@id\":\"https:\\\/\\\/looketmedecine.fr\\\/#website\",\"url\":\"https:\\\/\\\/looketmedecine.fr\\\/\",\"name\":\"Revue fran\u00e7aise N\u00b01 pour la recherche en sant\u00e9 esth\u00e9tique\",\"description\":\"La sant\u00e9 esth\u00e9tique fond\u00e9e sur des preuves scientifiques\",\"publisher\":{\"@id\":\"https:\\\/\\\/looketmedecine.fr\\\/#organization\"},\"potentialAction\":[{\"@type\":\"SearchAction\",\"target\":{\"@type\":\"EntryPoint\",\"urlTemplate\":\"https:\\\/\\\/looketmedecine.fr\\\/?s={search_term_string}\"},\"query-input\":{\"@type\":\"PropertyValueSpecification\",\"valueRequired\":true,\"valueName\":\"search_term_string\"}}],\"inLanguage\":\"en-US\"},{\"@type\":\"Organization\",\"@id\":\"https:\\\/\\\/looketmedecine.fr\\\/#organization\",\"name\":\"Looketmedecine\",\"url\":\"https:\\\/\\\/looketmedecine.fr\\\/\",\"logo\":{\"@type\":\"ImageObject\",\"inLanguage\":\"en-US\",\"@id\":\"https:\\\/\\\/looketmedecine.fr\\\/#\\\/schema\\\/logo\\\/image\\\/\",\"url\":\"https:\\\/\\\/looketmedecine.fr\\\/wp-content\\\/uploads\\\/2020\\\/11\\\/cropped-LookMedecine_Logo_Textuel_Noir.png\",\"contentUrl\":\"https:\\\/\\\/looketmedecine.fr\\\/wp-content\\\/uploads\\\/2020\\\/11\\\/cropped-LookMedecine_Logo_Textuel_Noir.png\",\"width\":1500,\"height\":145,\"caption\":\"Looketmedecine\"},\"image\":{\"@id\":\"https:\\\/\\\/looketmedecine.fr\\\/#\\\/schema\\\/logo\\\/image\\\/\"},\"sameAs\":[\"https:\\\/\\\/www.facebook.com\\\/looketmedecine.magazine\\\/\",\"https:\\\/\\\/www.instagram.com\\\/looketmedecine\\\/?hl=fr\"]},{\"@type\":\"Person\",\"@id\":\"https:\\\/\\\/looketmedecine.fr\\\/#\\\/schema\\\/person\\\/d674c704426e829b385c4dd691b8e3cc\",\"name\":\"Albert-Claude Benhamou\",\"image\":{\"@type\":\"ImageObject\",\"inLanguage\":\"en-US\",\"@id\":\"https:\\\/\\\/secure.gravatar.com\\\/avatar\\\/f4c13b834cf55e3822893169175e3671a59788fb9e2d84d3a223c96e83a8f09e?s=96&d=mm&r=g\",\"url\":\"https:\\\/\\\/secure.gravatar.com\\\/avatar\\\/f4c13b834cf55e3822893169175e3671a59788fb9e2d84d3a223c96e83a8f09e?s=96&d=mm&r=g\",\"contentUrl\":\"https:\\\/\\\/secure.gravatar.com\\\/avatar\\\/f4c13b834cf55e3822893169175e3671a59788fb9e2d84d3a223c96e83a8f09e?s=96&d=mm&r=g\",\"caption\":\"Albert-Claude Benhamou\"},\"url\":\"https:\\\/\\\/looketmedecine.fr\\\/en\"}]}<\/script>\n<!-- \/ Yoast SEO plugin. -->","yoast_head_json":{"title":"LM N\u00b0 1\/ 2022. Actualit\u00e9s. Traitement m\u00e9dical du lipoed\u00e8me. Post sur Facebook du Pr Barbara Hersant - Revue fran\u00e7aise N\u00b01 pour la recherche en sant\u00e9 esth\u00e9tique","robots":{"index":"index","follow":"follow","max-snippet":"max-snippet:-1","max-image-preview":"max-image-preview:large","max-video-preview":"max-video-preview:-1"},"canonical":"https:\/\/looketmedecine.fr\/en\/wp-json\/wp\/v2\/posts\/11465","og_locale":"en_US","og_type":"article","og_title":"LM N\u00b0 1\/ 2022. Actualit\u00e9s. Traitement m\u00e9dical du lipoed\u00e8me. Post sur Facebook du Pr Barbara Hersant - Revue fran\u00e7aise N\u00b01 pour la recherche en sant\u00e9 esth\u00e9tique","og_description":"Pr Barbara Hersant &#8211; Chirurgie Plastique &amp; Esth\u00e9tique t0Son51g2&nbsp;s9h64m301d&nbsp; (cliquer pour aller sur le post sur Facebook) &nbsp; LA TH\u00c9RAPIE CONSERVATRICE M\u00c9DICALE DANS LE LIP\u0152D\u00c8ME &nbsp; Le lipoed\u00e8me \u00e9tant une maladie incurable, la prise en charge th\u00e9rapeutique m\u00e9dicale n\u2019a pas pour but une gu\u00e9rison d\u00e9finitive. &nbsp; Elle vise en revanche \u00e0 : &gt;Soulager les sympt\u00f4mes. [&hellip;]","og_url":"https:\/\/looketmedecine.fr\/en\/lm-2-actualites-traitement-medical-du-lipoedeme-post-sur-facebook-du-pr-barbara-hersant\/","og_site_name":"Revue fran\u00e7aise N\u00b01 pour la recherche en sant\u00e9 esth\u00e9tique","article_publisher":"https:\/\/www.facebook.com\/looketmedecine.magazine\/","article_published_time":"2022-02-26T18:36:55+00:00","article_modified_time":"2024-10-05T21:24:36+00:00","og_image":[{"width":394,"height":344,"url":"https:\/\/looketmedecine.fr\/wp-content\/uploads\/2022\/01\/Capture-de\u0301cran-2022-01-18-a\u0300-22.29.40-1.png","type":"image\/png"}],"author":"Albert-Claude Benhamou","twitter_card":"summary_large_image","twitter_misc":{"Written by":"Albert-Claude Benhamou","Est. reading time":"2 minutes"},"schema":{"@context":"https:\/\/schema.org","@graph":[{"@type":"Article","@id":"https:\/\/looketmedecine.fr\/en\/lm-2-actualites-traitement-medical-du-lipoedeme-post-sur-facebook-du-pr-barbara-hersant\/#article","isPartOf":{"@id":"https:\/\/looketmedecine.fr\/en\/lm-2-actualites-traitement-medical-du-lipoedeme-post-sur-facebook-du-pr-barbara-hersant\/"},"author":{"name":"Albert-Claude Benhamou","@id":"https:\/\/looketmedecine.fr\/#\/schema\/person\/d674c704426e829b385c4dd691b8e3cc"},"headline":"LM N\u00b0 1\/ 2022. Actualit\u00e9s. Traitement m\u00e9dical du lipoed\u00e8me. Post sur Facebook du Pr Barbara Hersant","datePublished":"2022-02-26T18:36:55+00:00","dateModified":"2024-10-05T21:24:36+00:00","mainEntityOfPage":{"@id":"https:\/\/looketmedecine.fr\/en\/lm-2-actualites-traitement-medical-du-lipoedeme-post-sur-facebook-du-pr-barbara-hersant\/"},"wordCount":260,"publisher":{"@id":"https:\/\/looketmedecine.fr\/#organization"},"image":{"@id":"https:\/\/looketmedecine.fr\/en\/lm-2-actualites-traitement-medical-du-lipoedeme-post-sur-facebook-du-pr-barbara-hersant\/#primaryimage"},"thumbnailUrl":"https:\/\/looketmedecine.fr\/wp-content\/uploads\/2022\/01\/Capture-de\u0301cran-2022-01-18-a\u0300-22.29.40-1.png","keywords":["LM2 actualit\u00e9s"],"articleSection":["Actualit\u00e9s"],"inLanguage":"en-US"},{"@type":"WebPage","@id":"https:\/\/looketmedecine.fr\/en\/lm-2-actualites-traitement-medical-du-lipoedeme-post-sur-facebook-du-pr-barbara-hersant\/","url":"https:\/\/looketmedecine.fr\/en\/lm-2-actualites-traitement-medical-du-lipoedeme-post-sur-facebook-du-pr-barbara-hersant\/","name":"LM N\u00b0 1\/ 2022. Actualit\u00e9s. Traitement m\u00e9dical du lipoed\u00e8me. Post sur Facebook du Pr Barbara Hersant - Revue fran\u00e7aise N\u00b01 pour la recherche en sant\u00e9 esth\u00e9tique","isPartOf":{"@id":"https:\/\/looketmedecine.fr\/#website"},"primaryImageOfPage":{"@id":"https:\/\/looketmedecine.fr\/en\/lm-2-actualites-traitement-medical-du-lipoedeme-post-sur-facebook-du-pr-barbara-hersant\/#primaryimage"},"image":{"@id":"https:\/\/looketmedecine.fr\/en\/lm-2-actualites-traitement-medical-du-lipoedeme-post-sur-facebook-du-pr-barbara-hersant\/#primaryimage"},"thumbnailUrl":"https:\/\/looketmedecine.fr\/wp-content\/uploads\/2022\/01\/Capture-de\u0301cran-2022-01-18-a\u0300-22.29.40-1.png","datePublished":"2022-02-26T18:36:55+00:00","dateModified":"2024-10-05T21:24:36+00:00","breadcrumb":{"@id":"https:\/\/looketmedecine.fr\/en\/lm-2-actualites-traitement-medical-du-lipoedeme-post-sur-facebook-du-pr-barbara-hersant\/#breadcrumb"},"inLanguage":"en-US","potentialAction":[{"@type":"ReadAction","target":["https:\/\/looketmedecine.fr\/en\/lm-2-actualites-traitement-medical-du-lipoedeme-post-sur-facebook-du-pr-barbara-hersant\/"]}]},{"@type":"ImageObject","inLanguage":"en-US","@id":"https:\/\/looketmedecine.fr\/en\/lm-2-actualites-traitement-medical-du-lipoedeme-post-sur-facebook-du-pr-barbara-hersant\/#primaryimage","url":"https:\/\/looketmedecine.fr\/wp-content\/uploads\/2022\/01\/Capture-de\u0301cran-2022-01-18-a\u0300-22.29.40-1.png","contentUrl":"https:\/\/looketmedecine.fr\/wp-content\/uploads\/2022\/01\/Capture-de\u0301cran-2022-01-18-a\u0300-22.29.40-1.png","width":394,"height":344,"caption":"Pr Barbara Hersant"},{"@type":"BreadcrumbList","@id":"https:\/\/looketmedecine.fr\/en\/lm-2-actualites-traitement-medical-du-lipoedeme-post-sur-facebook-du-pr-barbara-hersant\/#breadcrumb","itemListElement":[{"@type":"ListItem","position":1,"name":"Accueil","item":"https:\/\/looketmedecine.fr\/"},{"@type":"ListItem","position":2,"name":"LM N\u00b0 1\/ 2022. Actualit\u00e9s. Traitement m\u00e9dical du lipoed\u00e8me. Post sur Facebook du Pr Barbara Hersant"}]},{"@type":"WebSite","@id":"https:\/\/looketmedecine.fr\/#website","url":"https:\/\/looketmedecine.fr\/","name":"N\u00b01 French magazine for research in aesthetic health","description":"Aesthetic health based on scientific evidence","publisher":{"@id":"https:\/\/looketmedecine.fr\/#organization"},"potentialAction":[{"@type":"SearchAction","target":{"@type":"EntryPoint","urlTemplate":"https:\/\/looketmedecine.fr\/?s={search_term_string}"},"query-input":{"@type":"PropertyValueSpecification","valueRequired":true,"valueName":"search_term_string"}}],"inLanguage":"en-US"},{"@type":"Organization","@id":"https:\/\/looketmedecine.fr\/#organization","name":"Looketmedicine","url":"https:\/\/looketmedecine.fr\/","logo":{"@type":"ImageObject","inLanguage":"en-US","@id":"https:\/\/looketmedecine.fr\/#\/schema\/logo\/image\/","url":"https:\/\/looketmedecine.fr\/wp-content\/uploads\/2020\/11\/cropped-LookMedecine_Logo_Textuel_Noir.png","contentUrl":"https:\/\/looketmedecine.fr\/wp-content\/uploads\/2020\/11\/cropped-LookMedecine_Logo_Textuel_Noir.png","width":1500,"height":145,"caption":"Looketmedecine"},"image":{"@id":"https:\/\/looketmedecine.fr\/#\/schema\/logo\/image\/"},"sameAs":["https:\/\/www.facebook.com\/looketmedecine.magazine\/","https:\/\/www.instagram.com\/looketmedecine\/?hl=fr"]},{"@type":"Person","@id":"https:\/\/looketmedecine.fr\/#\/schema\/person\/d674c704426e829b385c4dd691b8e3cc","name":"Albert-Claude Benhamou","image":{"@type":"ImageObject","inLanguage":"en-US","@id":"https:\/\/secure.gravatar.com\/avatar\/f4c13b834cf55e3822893169175e3671a59788fb9e2d84d3a223c96e83a8f09e?s=96&d=mm&r=g","url":"https:\/\/secure.gravatar.com\/avatar\/f4c13b834cf55e3822893169175e3671a59788fb9e2d84d3a223c96e83a8f09e?s=96&d=mm&r=g","contentUrl":"https:\/\/secure.gravatar.com\/avatar\/f4c13b834cf55e3822893169175e3671a59788fb9e2d84d3a223c96e83a8f09e?s=96&d=mm&r=g","caption":"Albert-Claude Benhamou"},"url":"https:\/\/looketmedecine.fr\/en"}]}},"_links":{"self":[{"href":"https:\/\/looketmedecine.fr\/en\/wp-json\/wp\/v2\/posts\/11465","targetHints":{"allow":["GET"]}}],"collection":[{"href":"https:\/\/looketmedecine.fr\/en\/wp-json\/wp\/v2\/posts"}],"about":[{"href":"https:\/\/looketmedecine.fr\/en\/wp-json\/wp\/v2\/types\/post"}],"author":[{"embeddable":true,"href":"https:\/\/looketmedecine.fr\/en\/wp-json\/wp\/v2\/users\/2"}],"replies":[{"embeddable":true,"href":"https:\/\/looketmedecine.fr\/en\/wp-json\/wp\/v2\/comments?post=11465"}],"version-history":[{"count":25,"href":"https:\/\/looketmedecine.fr\/en\/wp-json\/wp\/v2\/posts\/11465\/revisions"}],"predecessor-version":[{"id":23890,"href":"https:\/\/looketmedecine.fr\/en\/wp-json\/wp\/v2\/posts\/11465\/revisions\/23890"}],"wp:featuredmedia":[{"embeddable":true,"href":"https:\/\/looketmedecine.fr\/en\/wp-json\/wp\/v2\/media\/10900"}],"wp:attachment":[{"href":"https:\/\/looketmedecine.fr\/en\/wp-json\/wp\/v2\/media?parent=11465"}],"wp:term":[{"taxonomy":"category","embeddable":true,"href":"https:\/\/looketmedecine.fr\/en\/wp-json\/wp\/v2\/categories?post=11465"},{"taxonomy":"post_tag","embeddable":true,"href":"https:\/\/looketmedecine.fr\/en\/wp-json\/wp\/v2\/tags?post=11465"},{"taxonomy":"auteur","embeddable":true,"href":"https:\/\/looketmedecine.fr\/en\/wp-json\/wp\/v2\/auteur?post=11465"},{"taxonomy":"mots-cles","embeddable":true,"href":"https:\/\/looketmedecine.fr\/en\/wp-json\/wp\/v2\/mots-cles?post=11465"}],"curies":[{"name":"wp","href":"https:\/\/api.w.org\/{rel}","templated":true}]}}